{"id":4782,"date":"2014-11-01T19:33:16","date_gmt":"2014-11-01T17:33:16","guid":{"rendered":"http:\/\/www.manquepierda.com\/futbolandia\/?p=4782"},"modified":"2015-07-09T09:01:19","modified_gmt":"2015-07-09T07:01:19","slug":"reverdecer-viejos-laureles","status":"publish","type":"post","link":"https:\/\/www.manquepierda.com\/futbolandia\/reverdecer-viejos-laureles\/","title":{"rendered":"Reverdecer viejos laureles"},"content":{"rendered":"<figure id=\"attachment_4783\" aria-describedby=\"caption-attachment-4783\" style=\"width: 383px\" class=\"wp-caption alignleft\"><a href=\"https:\/\/i0.wp.com\/www.manquepierda.com\/futbolandia\/files\/2014\/11\/Lyon.-Yoann-Gourcuff.jpg\"><img data-recalc-dims=\"1\" loading=\"lazy\" decoding=\"async\" data-attachment-id=\"4783\" data-permalink=\"https:\/\/www.manquepierda.com\/futbolandia\/reverdecer-viejos-laureles\/lyon-yoann-gourcuff\/\" data-orig-file=\"https:\/\/i0.wp.com\/www.manquepierda.com\/futbolandia\/files\/2014\/11\/Lyon.-Yoann-Gourcuff.jpg?fit=4920%2C3280&amp;ssl=1\" data-orig-size=\"4920,3280\" data-comments-opened=\"1\" data-image-meta=\"{&quot;aperture&quot;:&quot;0&quot;,&quot;credit&quot;:&quot;&quot;,&quot;camera&quot;:&quot;&quot;,&quot;caption&quot;:&quot;&quot;,&quot;created_timestamp&quot;:&quot;0&quot;,&quot;copyright&quot;:&quot;&quot;,&quot;focal_length&quot;:&quot;0&quot;,&quot;iso&quot;:&quot;0&quot;,&quot;shutter_speed&quot;:&quot;0&quot;,&quot;title&quot;:&quot;&quot;,&quot;orientation&quot;:&quot;0&quot;}\" data-image-title=\"Lyon. Yoann Gourcuff\" data-image-description=\"\" data-image-caption=\"&lt;p&gt;Foto: rtl.fr&lt;\/p&gt;\n\" data-large-file=\"https:\/\/i0.wp.com\/www.manquepierda.com\/futbolandia\/files\/2014\/11\/Lyon.-Yoann-Gourcuff.jpg?fit=1024%2C682&amp;ssl=1\" class=\"wp-image-4783\" src=\"https:\/\/i0.wp.com\/www.manquepierda.com\/futbolandia\/files\/2014\/11\/Lyon.-Yoann-Gourcuff.jpg?resize=383%2C255\" alt=\"Foto: rtl.fr\" width=\"383\" height=\"255\" srcset=\"https:\/\/i0.wp.com\/www.manquepierda.com\/futbolandia\/files\/2014\/11\/Lyon.-Yoann-Gourcuff.jpg?w=4920&amp;ssl=1 4920w, https:\/\/i0.wp.com\/www.manquepierda.com\/futbolandia\/files\/2014\/11\/Lyon.-Yoann-Gourcuff.jpg?resize=300%2C200&amp;ssl=1 300w, https:\/\/i0.wp.com\/www.manquepierda.com\/futbolandia\/files\/2014\/11\/Lyon.-Yoann-Gourcuff.jpg?resize=1024%2C682&amp;ssl=1 1024w, https:\/\/i0.wp.com\/www.manquepierda.com\/futbolandia\/files\/2014\/11\/Lyon.-Yoann-Gourcuff.jpg?w=2580 2580w, https:\/\/i0.wp.com\/www.manquepierda.com\/futbolandia\/files\/2014\/11\/Lyon.-Yoann-Gourcuff.jpg?w=3870 3870w\" sizes=\"auto, (max-width: 383px) 100vw, 383px\" \/><\/a><figcaption id=\"caption-attachment-4783\" class=\"wp-caption-text\">Foto: rtl.fr<\/figcaption><\/figure>\n<p>Tras once jornadas disputadas se pueden empezar a prever los roles de cada equipo en esta campa\u00f1a, sobre todo en la parte alta de la clasificaci\u00f3n donde ya se sit\u00faan los tres equipos m\u00e1s fuertes del campeonato nacional franc\u00e9s: Marsella, PSG y Lyon.<\/p>\n<p>Con la victoria el pasado fin de semana del equipo lion\u00e9s sobre los marselleses, la distancia que ten\u00edan los de Bielsa se ha recortado a cuatro puntos sobre los parisinos y a cinco sobre ellos mismos, quienes se han reenganchado al tren de la lucha por la liga. Un triunfo an\u00edmico por un tanto a cero que frena la racha de ocho victorias seguidas del Marsella y permite al Lyon creer en sus posibilidades de acabar saliendo campe\u00f3n al t\u00e9rmino de la campa\u00f1a.<\/p>\n<p>Los hombres dirigidos por Hubert Fournier demuestran gran capacidad para generar ocasiones jugando a la contra, con hombres como Lacazette, Fekir, Gourcuff y compa\u00f1\u00eda, que hacen disfrutar cada semana a sus aficionados en Gerland, donde han obtenido seis victorias y una derrota hasta la fecha. El problema del equipo y al que se debe encontrar remedio pronto si se quiere luchar por todo es su p\u00e9simo bagaje a domicilio, donde a\u00fan no conoce la victoria y s\u00f3lo ha sumado dos puntos de doce posibles. Curiosamente uno de los puntos que consigui\u00f3 fue en el Parque de los Pr\u00edncipes ante todo un PSG repleto de estrellas, un empate que si se mantuviera en la pelea hasta el final podr\u00eda ser importante en caso de empate a puntos.<\/p>\n<p>El Olympique quiere volver a ser temido en Francia y quiere conseguirlo con una plantilla joven, sobre todo en la parte ofensiva, que contrasta con la veteran\u00eda de la zaga, donde se encuentran la mayor\u00eda de los hombres experimentados de la plantilla.<\/p>\n<p>Desde 2008 no gana el campeonato franc\u00e9s, fecha hasta la que consigui\u00f3 siete t\u00edtulos consecutivos. Ahora las cosas han cambiado en la liga francesa, una liga que parece dar un salto cualitativo con numerosos equipos con un buen capital para fichar. Este a\u00f1o la liga cuenta con un PSG, que a priori podr\u00eda ser el rival batir, centrado en hacer un buen papel en Champions, con la renovaci\u00f3n del Marsella con Bielsa, que ha vuelto al escaparate del f\u00fatbol actual. Tampoco hay que olvidar al Girondins de Burdeos, que ha estado en el liderato unas semanas y que puede dar guerra a los grandes, no a nivel de colarse a\u00fan en Champions, pero s\u00ed a la hora de los enfrentamientos particulares contra ellos. Con todo esto \u00a0los lioneses pueden optar a la conquista del t\u00edtulo si consiguen ser regulares y marcar los mismos n\u00fameros que parisinos y marselleses. Un triunfo sin duda que devolver\u00e1 al Lyon a la vieja gloria.<\/p>\n","protected":false},"excerpt":{"rendered":"<p>Tras once jornadas disputadas se pueden empezar a prever los roles de cada equipo en esta campa\u00f1a, sobre todo en la parte alta de la clasificaci\u00f3n donde ya se sit\u00faan los tres equipos m\u00e1s fuertes del campeonato nacional franc\u00e9s: Marsella, PSG y Lyon. Con la victoria el pasado fin de semana del equipo lion\u00e9s sobre&#8230;<\/p>\n","protected":false},"author":430,"featured_media":4783,"comment_status":"open","ping_status":"open","sticky":false,"template":"","format":"standard","meta":{"_kad_post_transparent":"","_kad_post_title":"","_kad_post_layout":"","_kad_post_sidebar_id":"","_kad_post_content_style":"","_kad_post_vertical_padding":"","_kad_post_feature":"","_kad_post_feature_position":"","_kad_post_header":false,"_kad_post_footer":false,"_kad_post_classname":"","_jetpack_memberships_contains_paid_content":false,"footnotes":"","jetpack_publicize_message":"","jetpack_publicize_feature_enabled":true,"jetpack_social_post_already_shared":true,"jetpack_social_options":{"image_generator_settings":{"template":"highway","default_image_id":0,"font":"","enabled":false},"version":2}},"categories":[1368,1392,10],"tags":[1710,420,1709,1708,663,102,227,1467,665,44],"class_list":["post-4782","post","type-post","status-publish","format-standard","has-post-thumbnail","hentry","category-ligas-mundo","category-otras-ligas","category-portada","tag-fekir","tag-francia","tag-gerland","tag-gourcuff","tag-lacazette","tag-ligue-1","tag-lyon","tag-marsella","tag-olympique","tag-psg"],"yoast_head":"<!-- This site is optimized with the Yoast SEO plugin v27.5 - https:\/\/yoast.com\/product\/yoast-seo-wordpress\/ -->\n<title>Reverdecer viejos laureles &#8211; Futbolandia<\/title>\n<meta name=\"robots\" content=\"index, follow, max-snippet:-1, max-image-preview:large, max-video-preview:-1\" \/>\n<link rel=\"canonical\" href=\"https:\/\/www.manquepierda.com\/futbolandia\/reverdecer-viejos-laureles\/\" \/>\n<meta property=\"og:locale\" content=\"es_ES\" \/>\n<meta property=\"og:type\" content=\"article\" \/>\n<meta property=\"og:title\" content=\"Reverdecer viejos laureles &#8211; Futbolandia\" \/>\n<meta property=\"og:description\" content=\"Tras once jornadas disputadas se pueden empezar a prever los roles de cada equipo en esta campa\u00f1a, sobre todo en la parte alta de la clasificaci\u00f3n donde ya se sit\u00faan los tres equipos m\u00e1s fuertes del campeonato nacional franc\u00e9s: Marsella, PSG y Lyon. Con la victoria el pasado fin de semana del equipo lion\u00e9s sobre...\" \/>\n<meta property=\"og:url\" content=\"https:\/\/www.manquepierda.com\/futbolandia\/reverdecer-viejos-laureles\/\" \/>\n<meta property=\"og:site_name\" content=\"Futbolandia\" \/>\n<meta property=\"article:published_time\" content=\"2014-11-01T17:33:16+00:00\" \/>\n<meta property=\"article:modified_time\" content=\"2015-07-09T07:01:19+00:00\" \/>\n<meta property=\"og:image\" content=\"https:\/\/www.manquepierda.com\/futbolandia\/files\/2014\/11\/Lyon.-Yoann-Gourcuff-1024x682.jpg\" \/>\n\t<meta property=\"og:image:width\" content=\"1024\" \/>\n\t<meta property=\"og:image:height\" content=\"682\" \/>\n\t<meta property=\"og:image:type\" content=\"image\/jpeg\" \/>\n<meta name=\"author\" content=\"Alejandro M\u00e9rida Fern\u00e1ndez\" \/>\n<meta name=\"twitter:label1\" content=\"Escrito por\" \/>\n\t<meta name=\"twitter:data1\" content=\"Alejandro M\u00e9rida Fern\u00e1ndez\" \/>\n\t<meta name=\"twitter:label2\" content=\"Tiempo de lectura\" \/>\n\t<meta name=\"twitter:data2\" content=\"2 minutos\" \/>\n<script type=\"application\/ld+json\" class=\"yoast-schema-graph\">{\"@context\":\"https:\\\/\\\/schema.org\",\"@graph\":[{\"@type\":\"Article\",\"@id\":\"https:\\\/\\\/www.manquepierda.com\\\/futbolandia\\\/reverdecer-viejos-laureles\\\/#article\",\"isPartOf\":{\"@id\":\"https:\\\/\\\/www.manquepierda.com\\\/futbolandia\\\/reverdecer-viejos-laureles\\\/\"},\"author\":{\"name\":\"Alejandro M\u00e9rida Fern\u00e1ndez\",\"@id\":\"https:\\\/\\\/www.manquepierda.com\\\/futbolandia\\\/#\\\/schema\\\/person\\\/dc27cb5dd6ac5baefec693d659720377\"},\"headline\":\"Reverdecer viejos laureles\",\"datePublished\":\"2014-11-01T17:33:16+00:00\",\"dateModified\":\"2015-07-09T07:01:19+00:00\",\"mainEntityOfPage\":{\"@id\":\"https:\\\/\\\/www.manquepierda.com\\\/futbolandia\\\/reverdecer-viejos-laureles\\\/\"},\"wordCount\":494,\"commentCount\":0,\"image\":{\"@id\":\"https:\\\/\\\/www.manquepierda.com\\\/futbolandia\\\/reverdecer-viejos-laureles\\\/#primaryimage\"},\"thumbnailUrl\":\"https:\\\/\\\/i0.wp.com\\\/www.manquepierda.com\\\/futbolandia\\\/files\\\/2014\\\/11\\\/Lyon.-Yoann-Gourcuff.jpg?fit=4920%2C3280&ssl=1\",\"keywords\":[\"Fekir\",\"Francia\",\"Gerland\",\"Gourcuff\",\"lacazette\",\"Ligue 1\",\"lyon\",\"marsella\",\"olympique\",\"PSG\"],\"articleSection\":[\"Ligas del Mundo\",\"Otras ligas\",\"Portada\"],\"inLanguage\":\"es\",\"potentialAction\":[{\"@type\":\"CommentAction\",\"name\":\"Comment\",\"target\":[\"https:\\\/\\\/www.manquepierda.com\\\/futbolandia\\\/reverdecer-viejos-laureles\\\/#respond\"]}]},{\"@type\":\"WebPage\",\"@id\":\"https:\\\/\\\/www.manquepierda.com\\\/futbolandia\\\/reverdecer-viejos-laureles\\\/\",\"url\":\"https:\\\/\\\/www.manquepierda.com\\\/futbolandia\\\/reverdecer-viejos-laureles\\\/\",\"name\":\"Reverdecer viejos laureles &#8211; Futbolandia\",\"isPartOf\":{\"@id\":\"https:\\\/\\\/www.manquepierda.com\\\/futbolandia\\\/#website\"},\"primaryImageOfPage\":{\"@id\":\"https:\\\/\\\/www.manquepierda.com\\\/futbolandia\\\/reverdecer-viejos-laureles\\\/#primaryimage\"},\"image\":{\"@id\":\"https:\\\/\\\/www.manquepierda.com\\\/futbolandia\\\/reverdecer-viejos-laureles\\\/#primaryimage\"},\"thumbnailUrl\":\"https:\\\/\\\/i0.wp.com\\\/www.manquepierda.com\\\/futbolandia\\\/files\\\/2014\\\/11\\\/Lyon.-Yoann-Gourcuff.jpg?fit=4920%2C3280&ssl=1\",\"datePublished\":\"2014-11-01T17:33:16+00:00\",\"dateModified\":\"2015-07-09T07:01:19+00:00\",\"author\":{\"@id\":\"https:\\\/\\\/www.manquepierda.com\\\/futbolandia\\\/#\\\/schema\\\/person\\\/dc27cb5dd6ac5baefec693d659720377\"},\"breadcrumb\":{\"@id\":\"https:\\\/\\\/www.manquepierda.com\\\/futbolandia\\\/reverdecer-viejos-laureles\\\/#breadcrumb\"},\"inLanguage\":\"es\",\"potentialAction\":[{\"@type\":\"ReadAction\",\"target\":[\"https:\\\/\\\/www.manquepierda.com\\\/futbolandia\\\/reverdecer-viejos-laureles\\\/\"]}]},{\"@type\":\"ImageObject\",\"inLanguage\":\"es\",\"@id\":\"https:\\\/\\\/www.manquepierda.com\\\/futbolandia\\\/reverdecer-viejos-laureles\\\/#primaryimage\",\"url\":\"https:\\\/\\\/i0.wp.com\\\/www.manquepierda.com\\\/futbolandia\\\/files\\\/2014\\\/11\\\/Lyon.-Yoann-Gourcuff.jpg?fit=4920%2C3280&ssl=1\",\"contentUrl\":\"https:\\\/\\\/i0.wp.com\\\/www.manquepierda.com\\\/futbolandia\\\/files\\\/2014\\\/11\\\/Lyon.-Yoann-Gourcuff.jpg?fit=4920%2C3280&ssl=1\",\"width\":4920,\"height\":3280,\"caption\":\"Foto: rtl.fr\"},{\"@type\":\"BreadcrumbList\",\"@id\":\"https:\\\/\\\/www.manquepierda.com\\\/futbolandia\\\/reverdecer-viejos-laureles\\\/#breadcrumb\",\"itemListElement\":[{\"@type\":\"ListItem\",\"position\":1,\"name\":\"Portada\",\"item\":\"https:\\\/\\\/www.manquepierda.com\\\/futbolandia\\\/\"},{\"@type\":\"ListItem\",\"position\":2,\"name\":\"Reverdecer viejos laureles\"}]},{\"@type\":\"WebSite\",\"@id\":\"https:\\\/\\\/www.manquepierda.com\\\/futbolandia\\\/#website\",\"url\":\"https:\\\/\\\/www.manquepierda.com\\\/futbolandia\\\/\",\"name\":\"Futbolandia\",\"description\":\"Reportajes e informaci\u00f3n sobre f\u00fatbol mundial y j\u00f3venes promesas\",\"potentialAction\":[{\"@type\":\"SearchAction\",\"target\":{\"@type\":\"EntryPoint\",\"urlTemplate\":\"https:\\\/\\\/www.manquepierda.com\\\/futbolandia\\\/?s={search_term_string}\"},\"query-input\":{\"@type\":\"PropertyValueSpecification\",\"valueRequired\":true,\"valueName\":\"search_term_string\"}}],\"inLanguage\":\"es\"},{\"@type\":\"Person\",\"@id\":\"https:\\\/\\\/www.manquepierda.com\\\/futbolandia\\\/#\\\/schema\\\/person\\\/dc27cb5dd6ac5baefec693d659720377\",\"name\":\"Alejandro M\u00e9rida Fern\u00e1ndez\",\"image\":{\"@type\":\"ImageObject\",\"inLanguage\":\"es\",\"@id\":\"https:\\\/\\\/secure.gravatar.com\\\/avatar\\\/e7ad59319dbe32283700c2c59a60641c534d308a03af9206579d35fdf5e96cb4?s=96&d=mm&r=g\",\"url\":\"https:\\\/\\\/secure.gravatar.com\\\/avatar\\\/e7ad59319dbe32283700c2c59a60641c534d308a03af9206579d35fdf5e96cb4?s=96&d=mm&r=g\",\"contentUrl\":\"https:\\\/\\\/secure.gravatar.com\\\/avatar\\\/e7ad59319dbe32283700c2c59a60641c534d308a03af9206579d35fdf5e96cb4?s=96&d=mm&r=g\",\"caption\":\"Alejandro M\u00e9rida Fern\u00e1ndez\"},\"url\":\"https:\\\/\\\/www.manquepierda.com\\\/futbolandia\\\/author\\\/alexmerida26\\\/\"}]}<\/script>\n<!-- \/ Yoast SEO plugin. -->","yoast_head_json":{"title":"Reverdecer viejos laureles &#8211; Futbolandia","robots":{"index":"index","follow":"follow","max-snippet":"max-snippet:-1","max-image-preview":"max-image-preview:large","max-video-preview":"max-video-preview:-1"},"canonical":"https:\/\/www.manquepierda.com\/futbolandia\/reverdecer-viejos-laureles\/","og_locale":"es_ES","og_type":"article","og_title":"Reverdecer viejos laureles &#8211; Futbolandia","og_description":"Tras once jornadas disputadas se pueden empezar a prever los roles de cada equipo en esta campa\u00f1a, sobre todo en la parte alta de la clasificaci\u00f3n donde ya se sit\u00faan los tres equipos m\u00e1s fuertes del campeonato nacional franc\u00e9s: Marsella, PSG y Lyon. Con la victoria el pasado fin de semana del equipo lion\u00e9s sobre...","og_url":"https:\/\/www.manquepierda.com\/futbolandia\/reverdecer-viejos-laureles\/","og_site_name":"Futbolandia","article_published_time":"2014-11-01T17:33:16+00:00","article_modified_time":"2015-07-09T07:01:19+00:00","og_image":[{"width":1024,"height":682,"url":"https:\/\/www.manquepierda.com\/futbolandia\/files\/2014\/11\/Lyon.-Yoann-Gourcuff-1024x682.jpg","type":"image\/jpeg"}],"author":"Alejandro M\u00e9rida Fern\u00e1ndez","twitter_misc":{"Escrito por":"Alejandro M\u00e9rida Fern\u00e1ndez","Tiempo de lectura":"2 minutos"},"schema":{"@context":"https:\/\/schema.org","@graph":[{"@type":"Article","@id":"https:\/\/www.manquepierda.com\/futbolandia\/reverdecer-viejos-laureles\/#article","isPartOf":{"@id":"https:\/\/www.manquepierda.com\/futbolandia\/reverdecer-viejos-laureles\/"},"author":{"name":"Alejandro M\u00e9rida Fern\u00e1ndez","@id":"https:\/\/www.manquepierda.com\/futbolandia\/#\/schema\/person\/dc27cb5dd6ac5baefec693d659720377"},"headline":"Reverdecer viejos laureles","datePublished":"2014-11-01T17:33:16+00:00","dateModified":"2015-07-09T07:01:19+00:00","mainEntityOfPage":{"@id":"https:\/\/www.manquepierda.com\/futbolandia\/reverdecer-viejos-laureles\/"},"wordCount":494,"commentCount":0,"image":{"@id":"https:\/\/www.manquepierda.com\/futbolandia\/reverdecer-viejos-laureles\/#primaryimage"},"thumbnailUrl":"https:\/\/i0.wp.com\/www.manquepierda.com\/futbolandia\/files\/2014\/11\/Lyon.-Yoann-Gourcuff.jpg?fit=4920%2C3280&ssl=1","keywords":["Fekir","Francia","Gerland","Gourcuff","lacazette","Ligue 1","lyon","marsella","olympique","PSG"],"articleSection":["Ligas del Mundo","Otras ligas","Portada"],"inLanguage":"es","potentialAction":[{"@type":"CommentAction","name":"Comment","target":["https:\/\/www.manquepierda.com\/futbolandia\/reverdecer-viejos-laureles\/#respond"]}]},{"@type":"WebPage","@id":"https:\/\/www.manquepierda.com\/futbolandia\/reverdecer-viejos-laureles\/","url":"https:\/\/www.manquepierda.com\/futbolandia\/reverdecer-viejos-laureles\/","name":"Reverdecer viejos laureles &#8211; Futbolandia","isPartOf":{"@id":"https:\/\/www.manquepierda.com\/futbolandia\/#website"},"primaryImageOfPage":{"@id":"https:\/\/www.manquepierda.com\/futbolandia\/reverdecer-viejos-laureles\/#primaryimage"},"image":{"@id":"https:\/\/www.manquepierda.com\/futbolandia\/reverdecer-viejos-laureles\/#primaryimage"},"thumbnailUrl":"https:\/\/i0.wp.com\/www.manquepierda.com\/futbolandia\/files\/2014\/11\/Lyon.-Yoann-Gourcuff.jpg?fit=4920%2C3280&ssl=1","datePublished":"2014-11-01T17:33:16+00:00","dateModified":"2015-07-09T07:01:19+00:00","author":{"@id":"https:\/\/www.manquepierda.com\/futbolandia\/#\/schema\/person\/dc27cb5dd6ac5baefec693d659720377"},"breadcrumb":{"@id":"https:\/\/www.manquepierda.com\/futbolandia\/reverdecer-viejos-laureles\/#breadcrumb"},"inLanguage":"es","potentialAction":[{"@type":"ReadAction","target":["https:\/\/www.manquepierda.com\/futbolandia\/reverdecer-viejos-laureles\/"]}]},{"@type":"ImageObject","inLanguage":"es","@id":"https:\/\/www.manquepierda.com\/futbolandia\/reverdecer-viejos-laureles\/#primaryimage","url":"https:\/\/i0.wp.com\/www.manquepierda.com\/futbolandia\/files\/2014\/11\/Lyon.-Yoann-Gourcuff.jpg?fit=4920%2C3280&ssl=1","contentUrl":"https:\/\/i0.wp.com\/www.manquepierda.com\/futbolandia\/files\/2014\/11\/Lyon.-Yoann-Gourcuff.jpg?fit=4920%2C3280&ssl=1","width":4920,"height":3280,"caption":"Foto: rtl.fr"},{"@type":"BreadcrumbList","@id":"https:\/\/www.manquepierda.com\/futbolandia\/reverdecer-viejos-laureles\/#breadcrumb","itemListElement":[{"@type":"ListItem","position":1,"name":"Portada","item":"https:\/\/www.manquepierda.com\/futbolandia\/"},{"@type":"ListItem","position":2,"name":"Reverdecer viejos laureles"}]},{"@type":"WebSite","@id":"https:\/\/www.manquepierda.com\/futbolandia\/#website","url":"https:\/\/www.manquepierda.com\/futbolandia\/","name":"Futbolandia","description":"Reportajes e informaci\u00f3n sobre f\u00fatbol mundial y j\u00f3venes promesas","potentialAction":[{"@type":"SearchAction","target":{"@type":"EntryPoint","urlTemplate":"https:\/\/www.manquepierda.com\/futbolandia\/?s={search_term_string}"},"query-input":{"@type":"PropertyValueSpecification","valueRequired":true,"valueName":"search_term_string"}}],"inLanguage":"es"},{"@type":"Person","@id":"https:\/\/www.manquepierda.com\/futbolandia\/#\/schema\/person\/dc27cb5dd6ac5baefec693d659720377","name":"Alejandro M\u00e9rida Fern\u00e1ndez","image":{"@type":"ImageObject","inLanguage":"es","@id":"https:\/\/secure.gravatar.com\/avatar\/e7ad59319dbe32283700c2c59a60641c534d308a03af9206579d35fdf5e96cb4?s=96&d=mm&r=g","url":"https:\/\/secure.gravatar.com\/avatar\/e7ad59319dbe32283700c2c59a60641c534d308a03af9206579d35fdf5e96cb4?s=96&d=mm&r=g","contentUrl":"https:\/\/secure.gravatar.com\/avatar\/e7ad59319dbe32283700c2c59a60641c534d308a03af9206579d35fdf5e96cb4?s=96&d=mm&r=g","caption":"Alejandro M\u00e9rida Fern\u00e1ndez"},"url":"https:\/\/www.manquepierda.com\/futbolandia\/author\/alexmerida26\/"}]}},"jetpack_publicize_connections":[],"jetpack_featured_media_url":"https:\/\/i0.wp.com\/www.manquepierda.com\/futbolandia\/files\/2014\/11\/Lyon.-Yoann-Gourcuff.jpg?fit=4920%2C3280&ssl=1","jetpack_shortlink":"https:\/\/wp.me\/p1THIg-1f8","jetpack_sharing_enabled":true,"_links":{"self":[{"href":"https:\/\/www.manquepierda.com\/futbolandia\/wp-json\/wp\/v2\/posts\/4782","targetHints":{"allow":["GET"]}}],"collection":[{"href":"https:\/\/www.manquepierda.com\/futbolandia\/wp-json\/wp\/v2\/posts"}],"about":[{"href":"https:\/\/www.manquepierda.com\/futbolandia\/wp-json\/wp\/v2\/types\/post"}],"author":[{"embeddable":true,"href":"https:\/\/www.manquepierda.com\/futbolandia\/wp-json\/wp\/v2\/users\/430"}],"replies":[{"embeddable":true,"href":"https:\/\/www.manquepierda.com\/futbolandia\/wp-json\/wp\/v2\/comments?post=4782"}],"version-history":[{"count":0,"href":"https:\/\/www.manquepierda.com\/futbolandia\/wp-json\/wp\/v2\/posts\/4782\/revisions"}],"wp:featuredmedia":[{"embeddable":true,"href":"https:\/\/www.manquepierda.com\/futbolandia\/wp-json\/wp\/v2\/media\/4783"}],"wp:attachment":[{"href":"https:\/\/www.manquepierda.com\/futbolandia\/wp-json\/wp\/v2\/media?parent=4782"}],"wp:term":[{"taxonomy":"category","embeddable":true,"href":"https:\/\/www.manquepierda.com\/futbolandia\/wp-json\/wp\/v2\/categories?post=4782"},{"taxonomy":"post_tag","embeddable":true,"href":"https:\/\/www.manquepierda.com\/futbolandia\/wp-json\/wp\/v2\/tags?post=4782"}],"curies":[{"name":"wp","href":"https:\/\/api.w.org\/{rel}","templated":true}]}}