{"id":4792,"date":"2014-11-05T12:12:49","date_gmt":"2014-11-05T10:12:49","guid":{"rendered":"http:\/\/www.manquepierda.com\/futbolandia\/?p=4792"},"modified":"2014-11-05T12:12:49","modified_gmt":"2014-11-05T10:12:49","slug":"el-cambio-de-dibujo-sonrie-al-cadiz","status":"publish","type":"post","link":"https:\/\/www.manquepierda.com\/futbolandia\/el-cambio-de-dibujo-sonrie-al-cadiz\/","title":{"rendered":"El cambio de dibujo sonr\u00ede al C\u00e1diz"},"content":{"rendered":"<figure id=\"attachment_4793\" aria-describedby=\"caption-attachment-4793\" style=\"width: 300px\" class=\"wp-caption alignleft\"><a href=\"https:\/\/i0.wp.com\/www.manquepierda.com\/futbolandia\/files\/2014\/11\/espinosa_rp_24092014.jpg\"><img data-recalc-dims=\"1\" loading=\"lazy\" decoding=\"async\" data-attachment-id=\"4793\" data-permalink=\"https:\/\/www.manquepierda.com\/futbolandia\/el-cambio-de-dibujo-sonrie-al-cadiz\/espinosa_rp_24092014\/\" data-orig-file=\"https:\/\/i0.wp.com\/www.manquepierda.com\/futbolandia\/files\/2014\/11\/espinosa_rp_24092014.jpg?fit=600%2C400&amp;ssl=1\" data-orig-size=\"600,400\" data-comments-opened=\"1\" data-image-meta=\"{&quot;aperture&quot;:&quot;0&quot;,&quot;credit&quot;:&quot;&quot;,&quot;camera&quot;:&quot;&quot;,&quot;caption&quot;:&quot;&quot;,&quot;created_timestamp&quot;:&quot;0&quot;,&quot;copyright&quot;:&quot;&quot;,&quot;focal_length&quot;:&quot;0&quot;,&quot;iso&quot;:&quot;0&quot;,&quot;shutter_speed&quot;:&quot;0&quot;,&quot;title&quot;:&quot;&quot;,&quot;orientation&quot;:&quot;0&quot;}\" data-image-title=\"espinosa_rp_24092014\" data-image-description=\"\" data-image-caption=\"&lt;p&gt;Espinosa dirige el juego amarillo (Foto: PortalCadista.com)&lt;\/p&gt;\n\" data-large-file=\"https:\/\/i0.wp.com\/www.manquepierda.com\/futbolandia\/files\/2014\/11\/espinosa_rp_24092014.jpg?fit=600%2C400&amp;ssl=1\" class=\"size-medium wp-image-4793\" src=\"https:\/\/i0.wp.com\/www.manquepierda.com\/futbolandia\/files\/2014\/11\/espinosa_rp_24092014.jpg?resize=300%2C200\" alt=\"Espinosa dirige el juego amarillo (Foto: PortalCadista.com)\" width=\"300\" height=\"200\" srcset=\"https:\/\/i0.wp.com\/www.manquepierda.com\/futbolandia\/files\/2014\/11\/espinosa_rp_24092014.jpg?resize=300%2C200&amp;ssl=1 300w, https:\/\/i0.wp.com\/www.manquepierda.com\/futbolandia\/files\/2014\/11\/espinosa_rp_24092014.jpg?w=600&amp;ssl=1 600w\" sizes=\"auto, (max-width: 300px) 100vw, 300px\" \/><\/a><figcaption id=\"caption-attachment-4793\" class=\"wp-caption-text\">Espinosa dirige el juego amarillo (Foto: PortalCadista.com)<\/figcaption><\/figure>\n<p>En el f\u00fatbol ya se sabe que las cosas cambian con demasiada rapidez. Un simple rebote o el sencillo hecho de que la pelota comience a entrar cuando antes no lo hac\u00eda puede decidir el futuro de entrenador y jugadores, pero la principal beneficiada siempre ser\u00e1 la afici\u00f3n.<\/p>\n<p>Esta temporada lo saben bien en C\u00e1diz, lugar -en los \u00faltimos a\u00f1os- de continuas <em>desgracias <\/em>futbol\u00edsticas. Desde descender fallando un penalti en la \u00faltima jugada del \u00faltimo partido a que te remonten una eliminatoria en el descuento de la misma, pasando por marcar dos penaltis de una tanda de cinco. Pero este a\u00f1o en <em>La tacita de plata <\/em>el f\u00fatbol, al menos de momento, alegra a su gente.<\/p>\n<p>Y el comienzo no fue bueno a pesar de que Manuel Vizca\u00edno, ex vicepresidente del Sevilla y mano derecha del recluso Del Nido, adquiri\u00f3 las acciones (no sin dificultades a\u00f1adidas por los anteriores due\u00f1os de la entidad), conform\u00f3 un plantel de garant\u00edas y renov\u00f3 al entrenador que hab\u00eda protagonizado una remontada milagrosa la temporada anterior (quedaban ocho partidos cuando Antonio Calder\u00f3n aterriz\u00f3 en el banquillo amarillo: seis victorias y dos empates).<\/p>\n<p>No hab\u00eda impedimentos a la vista para ser l\u00edderes desde muy pronto: todos los jugadores llegados en esta campa\u00f1a al Carranza vienen de Segunda Divisi\u00f3n (Mantec\u00f3n de Primera -Elche-), plantilla al 90% a principios de agosto, afici\u00f3n volcada por la causa y empleados al d\u00eda de cobros.<\/p>\n<p>Pero esto es f\u00fatbol y, cuando algo no funciona, la mala suerte llega sola. <strong>El C\u00e1diz ha llegado a finales de octubre sin haber ganado dos partidos consecutivos en Liga<\/strong>. Por aquel entonces, Jona (ex del Ja\u00e9n) y Airam Cabrera compart\u00edan delantera.<\/p>\n<p>El 15 de octubre es la fecha clave en el cambio de un equipo mediocre a un conjunto que sabe a qu\u00e9 juega y qu\u00e9 persigue esta temporada. Es el d\u00eda de la tercera ronda de la Copa del Rey y los amarillos se enfrentan a la Balomp\u00e9dica Linense en un derbi provincial. Los balonos lideran la clasificaci\u00f3n del Grupo IV y el t\u00e9cnico gaditano decide que los dos atacantes de lujo del equipo no van a compartir minutos, sino que ser\u00e1 el canario el titular. Resultado: 1-2.<\/p>\n<p>Antes de ese choque, cuatro victorias en diez partidos (cinco empates y una derrota). Despu\u00e9s de jugar en La L\u00ednea de la Concepci\u00f3n, cuatro encuentros seguidos ganando (y cada vez convenciendo m\u00e1s: 1-2, 2-1, 1-3 y 4-0).<\/p>\n<p>El cambio de dibujo (quitar a un delantero para a\u00f1adir un jugador en el centro del campo) sonr\u00ede al C\u00e1diz, que baila al son que marca Juanma Espinosa (ex Ja\u00e9n). El &#8216;8&#8217; amarillo tiene la calidad suficiente para distribuir a bandas cuando hay que abrir el campo, buscar a Fran Machado o conectar con Kike M\u00e1rquez y Villar. Desde el cambio t\u00e1ctico el C\u00e1diz s\u00f3lo conoce la victoria. Por eso sonr\u00ede a los amarillos. <strong>Por eso sonr\u00ede la afici\u00f3n.<\/strong><\/p>\n","protected":false},"excerpt":{"rendered":"<p>En el f\u00fatbol ya se sabe que las cosas cambian con demasiada rapidez. Un simple rebote o el sencillo hecho de que la pelota comience a entrar cuando antes no lo hac\u00eda puede decidir el futuro de entrenador y jugadores, pero la principal beneficiada siempre ser\u00e1 la afici\u00f3n. Esta temporada lo saben bien en C\u00e1diz,&#8230;<\/p>\n","protected":false},"author":101,"featured_media":4793,"comment_status":"open","ping_status":"open","sticky":false,"template":"","format":"standard","meta":{"_kad_post_transparent":"","_kad_post_title":"","_kad_post_layout":"","_kad_post_sidebar_id":"","_kad_post_content_style":"","_kad_post_vertical_padding":"","_kad_post_feature":"","_kad_post_feature_position":"","_kad_post_header":false,"_kad_post_footer":false,"_kad_post_classname":"","_jetpack_memberships_contains_paid_content":false,"footnotes":"","jetpack_publicize_message":"","jetpack_publicize_feature_enabled":true,"jetpack_social_post_already_shared":true,"jetpack_social_options":{"image_generator_settings":{"template":"highway","default_image_id":0,"font":"","enabled":false},"version":2}},"categories":[1368,1392,10],"tags":[1715,409,427,1714,1105],"class_list":["post-4792","post","type-post","status-publish","format-standard","has-post-thumbnail","hentry","category-ligas-mundo","category-otras-ligas","category-portada","tag-antonio-calderon","tag-cadiz","tag-futbol","tag-juanma-espinosa","tag-segunda-b"],"yoast_head":"<!-- This site is optimized with the Yoast SEO plugin v27.5 - https:\/\/yoast.com\/product\/yoast-seo-wordpress\/ -->\n<title>El cambio de dibujo sonr\u00ede al C\u00e1diz &#8211; Futbolandia<\/title>\n<meta name=\"robots\" content=\"index, follow, max-snippet:-1, max-image-preview:large, max-video-preview:-1\" \/>\n<link rel=\"canonical\" href=\"https:\/\/www.manquepierda.com\/futbolandia\/el-cambio-de-dibujo-sonrie-al-cadiz\/\" \/>\n<meta property=\"og:locale\" content=\"es_ES\" \/>\n<meta property=\"og:type\" content=\"article\" \/>\n<meta property=\"og:title\" content=\"El cambio de dibujo sonr\u00ede al C\u00e1diz &#8211; Futbolandia\" \/>\n<meta property=\"og:description\" content=\"En el f\u00fatbol ya se sabe que las cosas cambian con demasiada rapidez. Un simple rebote o el sencillo hecho de que la pelota comience a entrar cuando antes no lo hac\u00eda puede decidir el futuro de entrenador y jugadores, pero la principal beneficiada siempre ser\u00e1 la afici\u00f3n. Esta temporada lo saben bien en C\u00e1diz,...\" \/>\n<meta property=\"og:url\" content=\"https:\/\/www.manquepierda.com\/futbolandia\/el-cambio-de-dibujo-sonrie-al-cadiz\/\" \/>\n<meta property=\"og:site_name\" content=\"Futbolandia\" \/>\n<meta property=\"article:published_time\" content=\"2014-11-05T10:12:49+00:00\" \/>\n<meta property=\"og:image\" content=\"https:\/\/i0.wp.com\/www.manquepierda.com\/futbolandia\/files\/2014\/11\/espinosa_rp_24092014.jpg?fit=600%2C400&ssl=1\" \/>\n\t<meta property=\"og:image:width\" content=\"600\" \/>\n\t<meta property=\"og:image:height\" content=\"400\" \/>\n\t<meta property=\"og:image:type\" content=\"image\/jpeg\" \/>\n<meta name=\"author\" content=\"Jes\u00fas Navarro Mayone\" \/>\n<meta name=\"twitter:label1\" content=\"Escrito por\" \/>\n\t<meta name=\"twitter:data1\" content=\"Jes\u00fas Navarro Mayone\" \/>\n\t<meta name=\"twitter:label2\" content=\"Tiempo de lectura\" \/>\n\t<meta name=\"twitter:data2\" content=\"3 minutos\" \/>\n<script type=\"application\/ld+json\" class=\"yoast-schema-graph\">{\"@context\":\"https:\\\/\\\/schema.org\",\"@graph\":[{\"@type\":\"Article\",\"@id\":\"https:\\\/\\\/www.manquepierda.com\\\/futbolandia\\\/el-cambio-de-dibujo-sonrie-al-cadiz\\\/#article\",\"isPartOf\":{\"@id\":\"https:\\\/\\\/www.manquepierda.com\\\/futbolandia\\\/el-cambio-de-dibujo-sonrie-al-cadiz\\\/\"},\"author\":{\"name\":\"Jes\u00fas Navarro Mayone\",\"@id\":\"https:\\\/\\\/www.manquepierda.com\\\/futbolandia\\\/#\\\/schema\\\/person\\\/7510ca26e398816c7d1853015c168c9a\"},\"headline\":\"El cambio de dibujo sonr\u00ede al C\u00e1diz\",\"datePublished\":\"2014-11-05T10:12:49+00:00\",\"mainEntityOfPage\":{\"@id\":\"https:\\\/\\\/www.manquepierda.com\\\/futbolandia\\\/el-cambio-de-dibujo-sonrie-al-cadiz\\\/\"},\"wordCount\":545,\"commentCount\":0,\"image\":{\"@id\":\"https:\\\/\\\/www.manquepierda.com\\\/futbolandia\\\/el-cambio-de-dibujo-sonrie-al-cadiz\\\/#primaryimage\"},\"thumbnailUrl\":\"https:\\\/\\\/i0.wp.com\\\/www.manquepierda.com\\\/futbolandia\\\/files\\\/2014\\\/11\\\/espinosa_rp_24092014.jpg?fit=600%2C400&ssl=1\",\"keywords\":[\"Antonio Calder\u00f3n\",\"cadiz\",\"futbol\",\"Juanma Espinosa\",\"Segunda B\"],\"articleSection\":[\"Ligas del Mundo\",\"Otras ligas\",\"Portada\"],\"inLanguage\":\"es\",\"potentialAction\":[{\"@type\":\"CommentAction\",\"name\":\"Comment\",\"target\":[\"https:\\\/\\\/www.manquepierda.com\\\/futbolandia\\\/el-cambio-de-dibujo-sonrie-al-cadiz\\\/#respond\"]}]},{\"@type\":\"WebPage\",\"@id\":\"https:\\\/\\\/www.manquepierda.com\\\/futbolandia\\\/el-cambio-de-dibujo-sonrie-al-cadiz\\\/\",\"url\":\"https:\\\/\\\/www.manquepierda.com\\\/futbolandia\\\/el-cambio-de-dibujo-sonrie-al-cadiz\\\/\",\"name\":\"El cambio de dibujo sonr\u00ede al C\u00e1diz &#8211; Futbolandia\",\"isPartOf\":{\"@id\":\"https:\\\/\\\/www.manquepierda.com\\\/futbolandia\\\/#website\"},\"primaryImageOfPage\":{\"@id\":\"https:\\\/\\\/www.manquepierda.com\\\/futbolandia\\\/el-cambio-de-dibujo-sonrie-al-cadiz\\\/#primaryimage\"},\"image\":{\"@id\":\"https:\\\/\\\/www.manquepierda.com\\\/futbolandia\\\/el-cambio-de-dibujo-sonrie-al-cadiz\\\/#primaryimage\"},\"thumbnailUrl\":\"https:\\\/\\\/i0.wp.com\\\/www.manquepierda.com\\\/futbolandia\\\/files\\\/2014\\\/11\\\/espinosa_rp_24092014.jpg?fit=600%2C400&ssl=1\",\"datePublished\":\"2014-11-05T10:12:49+00:00\",\"author\":{\"@id\":\"https:\\\/\\\/www.manquepierda.com\\\/futbolandia\\\/#\\\/schema\\\/person\\\/7510ca26e398816c7d1853015c168c9a\"},\"breadcrumb\":{\"@id\":\"https:\\\/\\\/www.manquepierda.com\\\/futbolandia\\\/el-cambio-de-dibujo-sonrie-al-cadiz\\\/#breadcrumb\"},\"inLanguage\":\"es\",\"potentialAction\":[{\"@type\":\"ReadAction\",\"target\":[\"https:\\\/\\\/www.manquepierda.com\\\/futbolandia\\\/el-cambio-de-dibujo-sonrie-al-cadiz\\\/\"]}]},{\"@type\":\"ImageObject\",\"inLanguage\":\"es\",\"@id\":\"https:\\\/\\\/www.manquepierda.com\\\/futbolandia\\\/el-cambio-de-dibujo-sonrie-al-cadiz\\\/#primaryimage\",\"url\":\"https:\\\/\\\/i0.wp.com\\\/www.manquepierda.com\\\/futbolandia\\\/files\\\/2014\\\/11\\\/espinosa_rp_24092014.jpg?fit=600%2C400&ssl=1\",\"contentUrl\":\"https:\\\/\\\/i0.wp.com\\\/www.manquepierda.com\\\/futbolandia\\\/files\\\/2014\\\/11\\\/espinosa_rp_24092014.jpg?fit=600%2C400&ssl=1\",\"width\":600,\"height\":400,\"caption\":\"Espinosa dirige el juego amarillo (Foto: PortalCadista.com)\"},{\"@type\":\"BreadcrumbList\",\"@id\":\"https:\\\/\\\/www.manquepierda.com\\\/futbolandia\\\/el-cambio-de-dibujo-sonrie-al-cadiz\\\/#breadcrumb\",\"itemListElement\":[{\"@type\":\"ListItem\",\"position\":1,\"name\":\"Portada\",\"item\":\"https:\\\/\\\/www.manquepierda.com\\\/futbolandia\\\/\"},{\"@type\":\"ListItem\",\"position\":2,\"name\":\"El cambio de dibujo sonr\u00ede al C\u00e1diz\"}]},{\"@type\":\"WebSite\",\"@id\":\"https:\\\/\\\/www.manquepierda.com\\\/futbolandia\\\/#website\",\"url\":\"https:\\\/\\\/www.manquepierda.com\\\/futbolandia\\\/\",\"name\":\"Futbolandia\",\"description\":\"Reportajes e informaci\u00f3n sobre f\u00fatbol mundial y j\u00f3venes promesas\",\"potentialAction\":[{\"@type\":\"SearchAction\",\"target\":{\"@type\":\"EntryPoint\",\"urlTemplate\":\"https:\\\/\\\/www.manquepierda.com\\\/futbolandia\\\/?s={search_term_string}\"},\"query-input\":{\"@type\":\"PropertyValueSpecification\",\"valueRequired\":true,\"valueName\":\"search_term_string\"}}],\"inLanguage\":\"es\"},{\"@type\":\"Person\",\"@id\":\"https:\\\/\\\/www.manquepierda.com\\\/futbolandia\\\/#\\\/schema\\\/person\\\/7510ca26e398816c7d1853015c168c9a\",\"name\":\"Jes\u00fas Navarro Mayone\",\"image\":{\"@type\":\"ImageObject\",\"inLanguage\":\"es\",\"@id\":\"https:\\\/\\\/secure.gravatar.com\\\/avatar\\\/1708b900c76cc7d38e7c29a416e482a7727846442c1adb21713059b50a33f63b?s=96&d=mm&r=g\",\"url\":\"https:\\\/\\\/secure.gravatar.com\\\/avatar\\\/1708b900c76cc7d38e7c29a416e482a7727846442c1adb21713059b50a33f63b?s=96&d=mm&r=g\",\"contentUrl\":\"https:\\\/\\\/secure.gravatar.com\\\/avatar\\\/1708b900c76cc7d38e7c29a416e482a7727846442c1adb21713059b50a33f63b?s=96&d=mm&r=g\",\"caption\":\"Jes\u00fas Navarro Mayone\"},\"description\":\"Crec\u00ed viendo a Inzaghi hacer goles. A Nesta cortando balones y a Mak\u00e9l\u00e9l\u00e9 barrer jugadas. A Caf\u00fa subiendo la banda y a Palermo rematando. Ahora intento escribir todo eso. Tambi\u00e9n en Twitter: @JesusNavarroM.\",\"url\":\"https:\\\/\\\/www.manquepierda.com\\\/futbolandia\\\/author\\\/jesusnavarro\\\/\"}]}<\/script>\n<!-- \/ Yoast SEO plugin. -->","yoast_head_json":{"title":"El cambio de dibujo sonr\u00ede al C\u00e1diz &#8211; Futbolandia","robots":{"index":"index","follow":"follow","max-snippet":"max-snippet:-1","max-image-preview":"max-image-preview:large","max-video-preview":"max-video-preview:-1"},"canonical":"https:\/\/www.manquepierda.com\/futbolandia\/el-cambio-de-dibujo-sonrie-al-cadiz\/","og_locale":"es_ES","og_type":"article","og_title":"El cambio de dibujo sonr\u00ede al C\u00e1diz &#8211; Futbolandia","og_description":"En el f\u00fatbol ya se sabe que las cosas cambian con demasiada rapidez. Un simple rebote o el sencillo hecho de que la pelota comience a entrar cuando antes no lo hac\u00eda puede decidir el futuro de entrenador y jugadores, pero la principal beneficiada siempre ser\u00e1 la afici\u00f3n. Esta temporada lo saben bien en C\u00e1diz,...","og_url":"https:\/\/www.manquepierda.com\/futbolandia\/el-cambio-de-dibujo-sonrie-al-cadiz\/","og_site_name":"Futbolandia","article_published_time":"2014-11-05T10:12:49+00:00","og_image":[{"width":600,"height":400,"url":"https:\/\/i0.wp.com\/www.manquepierda.com\/futbolandia\/files\/2014\/11\/espinosa_rp_24092014.jpg?fit=600%2C400&ssl=1","type":"image\/jpeg"}],"author":"Jes\u00fas Navarro Mayone","twitter_misc":{"Escrito por":"Jes\u00fas Navarro Mayone","Tiempo de lectura":"3 minutos"},"schema":{"@context":"https:\/\/schema.org","@graph":[{"@type":"Article","@id":"https:\/\/www.manquepierda.com\/futbolandia\/el-cambio-de-dibujo-sonrie-al-cadiz\/#article","isPartOf":{"@id":"https:\/\/www.manquepierda.com\/futbolandia\/el-cambio-de-dibujo-sonrie-al-cadiz\/"},"author":{"name":"Jes\u00fas Navarro Mayone","@id":"https:\/\/www.manquepierda.com\/futbolandia\/#\/schema\/person\/7510ca26e398816c7d1853015c168c9a"},"headline":"El cambio de dibujo sonr\u00ede al C\u00e1diz","datePublished":"2014-11-05T10:12:49+00:00","mainEntityOfPage":{"@id":"https:\/\/www.manquepierda.com\/futbolandia\/el-cambio-de-dibujo-sonrie-al-cadiz\/"},"wordCount":545,"commentCount":0,"image":{"@id":"https:\/\/www.manquepierda.com\/futbolandia\/el-cambio-de-dibujo-sonrie-al-cadiz\/#primaryimage"},"thumbnailUrl":"https:\/\/i0.wp.com\/www.manquepierda.com\/futbolandia\/files\/2014\/11\/espinosa_rp_24092014.jpg?fit=600%2C400&ssl=1","keywords":["Antonio Calder\u00f3n","cadiz","futbol","Juanma Espinosa","Segunda B"],"articleSection":["Ligas del Mundo","Otras ligas","Portada"],"inLanguage":"es","potentialAction":[{"@type":"CommentAction","name":"Comment","target":["https:\/\/www.manquepierda.com\/futbolandia\/el-cambio-de-dibujo-sonrie-al-cadiz\/#respond"]}]},{"@type":"WebPage","@id":"https:\/\/www.manquepierda.com\/futbolandia\/el-cambio-de-dibujo-sonrie-al-cadiz\/","url":"https:\/\/www.manquepierda.com\/futbolandia\/el-cambio-de-dibujo-sonrie-al-cadiz\/","name":"El cambio de dibujo sonr\u00ede al C\u00e1diz &#8211; Futbolandia","isPartOf":{"@id":"https:\/\/www.manquepierda.com\/futbolandia\/#website"},"primaryImageOfPage":{"@id":"https:\/\/www.manquepierda.com\/futbolandia\/el-cambio-de-dibujo-sonrie-al-cadiz\/#primaryimage"},"image":{"@id":"https:\/\/www.manquepierda.com\/futbolandia\/el-cambio-de-dibujo-sonrie-al-cadiz\/#primaryimage"},"thumbnailUrl":"https:\/\/i0.wp.com\/www.manquepierda.com\/futbolandia\/files\/2014\/11\/espinosa_rp_24092014.jpg?fit=600%2C400&ssl=1","datePublished":"2014-11-05T10:12:49+00:00","author":{"@id":"https:\/\/www.manquepierda.com\/futbolandia\/#\/schema\/person\/7510ca26e398816c7d1853015c168c9a"},"breadcrumb":{"@id":"https:\/\/www.manquepierda.com\/futbolandia\/el-cambio-de-dibujo-sonrie-al-cadiz\/#breadcrumb"},"inLanguage":"es","potentialAction":[{"@type":"ReadAction","target":["https:\/\/www.manquepierda.com\/futbolandia\/el-cambio-de-dibujo-sonrie-al-cadiz\/"]}]},{"@type":"ImageObject","inLanguage":"es","@id":"https:\/\/www.manquepierda.com\/futbolandia\/el-cambio-de-dibujo-sonrie-al-cadiz\/#primaryimage","url":"https:\/\/i0.wp.com\/www.manquepierda.com\/futbolandia\/files\/2014\/11\/espinosa_rp_24092014.jpg?fit=600%2C400&ssl=1","contentUrl":"https:\/\/i0.wp.com\/www.manquepierda.com\/futbolandia\/files\/2014\/11\/espinosa_rp_24092014.jpg?fit=600%2C400&ssl=1","width":600,"height":400,"caption":"Espinosa dirige el juego amarillo (Foto: PortalCadista.com)"},{"@type":"BreadcrumbList","@id":"https:\/\/www.manquepierda.com\/futbolandia\/el-cambio-de-dibujo-sonrie-al-cadiz\/#breadcrumb","itemListElement":[{"@type":"ListItem","position":1,"name":"Portada","item":"https:\/\/www.manquepierda.com\/futbolandia\/"},{"@type":"ListItem","position":2,"name":"El cambio de dibujo sonr\u00ede al C\u00e1diz"}]},{"@type":"WebSite","@id":"https:\/\/www.manquepierda.com\/futbolandia\/#website","url":"https:\/\/www.manquepierda.com\/futbolandia\/","name":"Futbolandia","description":"Reportajes e informaci\u00f3n sobre f\u00fatbol mundial y j\u00f3venes promesas","potentialAction":[{"@type":"SearchAction","target":{"@type":"EntryPoint","urlTemplate":"https:\/\/www.manquepierda.com\/futbolandia\/?s={search_term_string}"},"query-input":{"@type":"PropertyValueSpecification","valueRequired":true,"valueName":"search_term_string"}}],"inLanguage":"es"},{"@type":"Person","@id":"https:\/\/www.manquepierda.com\/futbolandia\/#\/schema\/person\/7510ca26e398816c7d1853015c168c9a","name":"Jes\u00fas Navarro Mayone","image":{"@type":"ImageObject","inLanguage":"es","@id":"https:\/\/secure.gravatar.com\/avatar\/1708b900c76cc7d38e7c29a416e482a7727846442c1adb21713059b50a33f63b?s=96&d=mm&r=g","url":"https:\/\/secure.gravatar.com\/avatar\/1708b900c76cc7d38e7c29a416e482a7727846442c1adb21713059b50a33f63b?s=96&d=mm&r=g","contentUrl":"https:\/\/secure.gravatar.com\/avatar\/1708b900c76cc7d38e7c29a416e482a7727846442c1adb21713059b50a33f63b?s=96&d=mm&r=g","caption":"Jes\u00fas Navarro Mayone"},"description":"Crec\u00ed viendo a Inzaghi hacer goles. A Nesta cortando balones y a Mak\u00e9l\u00e9l\u00e9 barrer jugadas. A Caf\u00fa subiendo la banda y a Palermo rematando. Ahora intento escribir todo eso. Tambi\u00e9n en Twitter: @JesusNavarroM.","url":"https:\/\/www.manquepierda.com\/futbolandia\/author\/jesusnavarro\/"}]}},"jetpack_publicize_connections":[],"jetpack_featured_media_url":"https:\/\/i0.wp.com\/www.manquepierda.com\/futbolandia\/files\/2014\/11\/espinosa_rp_24092014.jpg?fit=600%2C400&ssl=1","jetpack_shortlink":"https:\/\/wp.me\/p1THIg-1fi","jetpack_sharing_enabled":true,"_links":{"self":[{"href":"https:\/\/www.manquepierda.com\/futbolandia\/wp-json\/wp\/v2\/posts\/4792","targetHints":{"allow":["GET"]}}],"collection":[{"href":"https:\/\/www.manquepierda.com\/futbolandia\/wp-json\/wp\/v2\/posts"}],"about":[{"href":"https:\/\/www.manquepierda.com\/futbolandia\/wp-json\/wp\/v2\/types\/post"}],"author":[{"embeddable":true,"href":"https:\/\/www.manquepierda.com\/futbolandia\/wp-json\/wp\/v2\/users\/101"}],"replies":[{"embeddable":true,"href":"https:\/\/www.manquepierda.com\/futbolandia\/wp-json\/wp\/v2\/comments?post=4792"}],"version-history":[{"count":0,"href":"https:\/\/www.manquepierda.com\/futbolandia\/wp-json\/wp\/v2\/posts\/4792\/revisions"}],"wp:featuredmedia":[{"embeddable":true,"href":"https:\/\/www.manquepierda.com\/futbolandia\/wp-json\/wp\/v2\/media\/4793"}],"wp:attachment":[{"href":"https:\/\/www.manquepierda.com\/futbolandia\/wp-json\/wp\/v2\/media?parent=4792"}],"wp:term":[{"taxonomy":"category","embeddable":true,"href":"https:\/\/www.manquepierda.com\/futbolandia\/wp-json\/wp\/v2\/categories?post=4792"},{"taxonomy":"post_tag","embeddable":true,"href":"https:\/\/www.manquepierda.com\/futbolandia\/wp-json\/wp\/v2\/tags?post=4792"}],"curies":[{"name":"wp","href":"https:\/\/api.w.org\/{rel}","templated":true}]}}