{"id":4834,"date":"2014-11-10T13:02:00","date_gmt":"2014-11-10T11:02:00","guid":{"rendered":"http:\/\/www.manquepierda.com\/futbolandia\/?p=4834"},"modified":"2014-11-10T13:03:12","modified_gmt":"2014-11-10T11:03:12","slug":"andrej-kramaric-la-gran-sensacion-croata","status":"publish","type":"post","link":"https:\/\/www.manquepierda.com\/futbolandia\/andrej-kramaric-la-gran-sensacion-croata\/","title":{"rendered":"Andrej Kramaric, la gran sensaci\u00f3n croata"},"content":{"rendered":"<figure id=\"attachment_4835\" aria-describedby=\"caption-attachment-4835\" style=\"width: 427px\" class=\"wp-caption alignleft\"><a href=\"https:\/\/i0.wp.com\/www.manquepierda.com\/futbolandia\/files\/2014\/11\/kramaric.jpg\"><img data-recalc-dims=\"1\" loading=\"lazy\" decoding=\"async\" data-attachment-id=\"4835\" data-permalink=\"https:\/\/www.manquepierda.com\/futbolandia\/andrej-kramaric-la-gran-sensacion-croata\/kramaric\/\" data-orig-file=\"https:\/\/i0.wp.com\/www.manquepierda.com\/futbolandia\/files\/2014\/11\/kramaric.jpg?fit=630%2C420&amp;ssl=1\" data-orig-size=\"630,420\" data-comments-opened=\"1\" data-image-meta=\"{&quot;aperture&quot;:&quot;0&quot;,&quot;credit&quot;:&quot;&quot;,&quot;camera&quot;:&quot;&quot;,&quot;caption&quot;:&quot;&quot;,&quot;created_timestamp&quot;:&quot;0&quot;,&quot;copyright&quot;:&quot;&quot;,&quot;focal_length&quot;:&quot;0&quot;,&quot;iso&quot;:&quot;0&quot;,&quot;shutter_speed&quot;:&quot;0&quot;,&quot;title&quot;:&quot;&quot;,&quot;orientation&quot;:&quot;0&quot;}\" data-image-title=\"kramaric\" data-image-description=\"\" data-image-caption=\"&lt;p&gt;Foto: http:\/\/bleacherreport.com\/&lt;\/p&gt;\n\" data-large-file=\"https:\/\/i0.wp.com\/www.manquepierda.com\/futbolandia\/files\/2014\/11\/kramaric.jpg?fit=630%2C420&amp;ssl=1\" class=\" wp-image-4835\" src=\"https:\/\/i0.wp.com\/www.manquepierda.com\/futbolandia\/files\/2014\/11\/kramaric.jpg?resize=427%2C285\" alt=\"Foto: http:\/\/bleacherreport.com\/\" width=\"427\" height=\"285\" srcset=\"https:\/\/i0.wp.com\/www.manquepierda.com\/futbolandia\/files\/2014\/11\/kramaric.jpg?w=630&amp;ssl=1 630w, https:\/\/i0.wp.com\/www.manquepierda.com\/futbolandia\/files\/2014\/11\/kramaric.jpg?resize=300%2C200&amp;ssl=1 300w\" sizes=\"auto, (max-width: 427px) 100vw, 427px\" \/><\/a><figcaption id=\"caption-attachment-4835\" class=\"wp-caption-text\">Foto: http:\/\/bleacherreport.com\/<\/figcaption><\/figure>\n<p>Que pensar\u00e1n aquellos jugadores que compiten por el t\u00edtulo de m\u00e1ximo goleador en la\u00a01. HNL (liga croata), como Duje Cop o Soudani, m\u00e1ximos realizadores del l\u00edder, el Dinamo de Zagreb, cuando ven que el gran anotador este a\u00f1o en liga, <strong>Andrej Kramaric les lleva m\u00e1s de diez goles de ventaja en la jornada 15.<\/strong><\/p>\n<p>Pero si ya de por s\u00ed, el hecho de <strong>haber metido 21 goles en esas primeras quince jornadas es un dato muy a tener en cuenta<\/strong>, no solo nos vamos a quedar en los n\u00fameros, porque Kramaric est\u00e1 siendo una de las sensaciones de la temporada en Europa. Es uno de los jugadores de moda en su pa\u00eds y su rendimiento ya ha tenido recompensa con la convocatoria de la selecci\u00f3n nacional. Ya hab\u00eda sido internacional en categor\u00edas inferiores con la Sub&#8217;19, Sub&#8217;20 y Sub&#8217;21, pero este a\u00f1o <strong>ha empezado a contar seriamente para Niko Kovac en la absoluta y ya ha disputado\u00a0tres partidos con la selecci\u00f3n.<\/strong><\/p>\n<p>Debut\u00f3 ante Chipre en un amistoso el cuatro de septiembre de este mismo a\u00f1o, y solo unos d\u00edas despu\u00e9s lo hizo en partido oficial (encuentro clasificatorio para la Eurocopa de Francia 2016) disputando 23&#8242; ante Malta y marcando su primer gol. El mes pasado, octubre, repiti\u00f3 convocatoria con la selecci\u00f3n, de nuevo en partido oficial y marc\u00f3 un nuevo gol en la goleada de su selecci\u00f3n a Azerbaiy\u00e1n.<\/p>\n<p><strong>Andrej Kramaric es un delantero centro con un don para posicionarse en el \u00e1rea. A sus 23 a\u00f1os se posiciona en zona atacante como todo un veterano y su definici\u00f3n es muy buena.<\/strong> Al acabar la temporada pasada, el HNK Rijeka sufri\u00f3 una profunda renovaci\u00f3n en muchas posiciones, entre ellas la delantera tras la marcha de su goleador, Leon Benko, que se fue a China en busca de nuevas experiencias. Un prometedor y joven Kramaric, que ya el a\u00f1o pasado anot\u00f3 16 goles en 22 partidos de liga y once goles en seis partidos de copa, decidi\u00f3 aprovechar la oportunidad, y lo cierto es que de momento no baja el ritmo. Este mismo fin de semana anot\u00f3 cinco goles en la goleada (6-0) que su equipo endos\u00f3 al Lokomotiva Zagreb.<\/p>\n<p>En liga ya son 21 goles en 13 partidos, con la selecci\u00f3n en partido oficial ha anotado dos goles en 99&#8242; (sumando los minutos disputados en ambos encuentros), mientras que en Europa League ya lleva seis goles en diez encuentros. <strong>En total y para no abrumar con tantos n\u00fameros, 29 goles en 26 partidos que son unos n\u00fameros realmente buenos para este joven futbolista. Contando la \u00faltima temporada son 60 goles en 63 partidos.<\/strong><\/p>\n<p>El joven goleador quiere seguir rindiendo al mismo nivel y ya <strong>est\u00e1 llamando la atenci\u00f3n de equipos como Borussia Dortmund, Atl\u00e9tico de Madrid o Deportivo de la Coru\u00f1a que podr\u00edan lanzar la ofensiva incluso en el mercado de invierno,<\/strong> antes de que su cotizaci\u00f3n ascienda m\u00e1s. Lo que si parece seguro, es que su estandia en la 1. HNL tiene los d\u00edas contados, veremos si mantiene su olfato al cambiar de pa\u00eds, aunque todo hace indicar que s\u00ed.<\/p>\n","protected":false},"excerpt":{"rendered":"<p>Que pensar\u00e1n aquellos jugadores que compiten por el t\u00edtulo de m\u00e1ximo goleador en la\u00a01. HNL (liga croata), como Duje Cop o Soudani, m\u00e1ximos realizadores del l\u00edder, el Dinamo de Zagreb, cuando ven que el gran anotador este a\u00f1o en liga, Andrej Kramaric les lleva m\u00e1s de diez goles de ventaja en la jornada 15. Pero&#8230;<\/p>\n","protected":false},"author":93,"featured_media":4835,"comment_status":"open","ping_status":"open","sticky":false,"template":"","format":"standard","meta":{"_kad_post_transparent":"","_kad_post_title":"","_kad_post_layout":"","_kad_post_sidebar_id":"","_kad_post_content_style":"","_kad_post_vertical_padding":"","_kad_post_feature":"","_kad_post_feature_position":"","_kad_post_header":false,"_kad_post_footer":false,"_kad_post_classname":"","_jetpack_memberships_contains_paid_content":false,"footnotes":"","jetpack_publicize_message":"","jetpack_publicize_feature_enabled":true,"jetpack_social_post_already_shared":true,"jetpack_social_options":{"image_generator_settings":{"template":"highway","default_image_id":0,"font":"","enabled":false},"version":2}},"categories":[1395,4,1392,10],"tags":[1737,931,697,427,1154,1740,1738,335,1739],"class_list":["post-4834","post","type-post","status-publish","format-standard","has-post-thumbnail","hentry","category-europa-league-2014-2015","category-jovenes-valores","category-otras-ligas","category-portada","tag-andrej","tag-croacia","tag-delantero","tag-futbol","tag-goleador","tag-hnl","tag-kramaric","tag-promesa","tag-rijeka"],"yoast_head":"<!-- This site is optimized with the Yoast SEO plugin v27.5 - https:\/\/yoast.com\/product\/yoast-seo-wordpress\/ -->\n<title>Andrej Kramaric, la gran sensaci\u00f3n croata &#8211; Futbolandia<\/title>\n<meta name=\"robots\" content=\"index, follow, max-snippet:-1, max-image-preview:large, max-video-preview:-1\" \/>\n<link rel=\"canonical\" href=\"https:\/\/www.manquepierda.com\/futbolandia\/andrej-kramaric-la-gran-sensacion-croata\/\" \/>\n<meta property=\"og:locale\" content=\"es_ES\" \/>\n<meta property=\"og:type\" content=\"article\" \/>\n<meta property=\"og:title\" content=\"Andrej Kramaric, la gran sensaci\u00f3n croata &#8211; Futbolandia\" \/>\n<meta property=\"og:description\" content=\"Que pensar\u00e1n aquellos jugadores que compiten por el t\u00edtulo de m\u00e1ximo goleador en la\u00a01. HNL (liga croata), como Duje Cop o Soudani, m\u00e1ximos realizadores del l\u00edder, el Dinamo de Zagreb, cuando ven que el gran anotador este a\u00f1o en liga, Andrej Kramaric les lleva m\u00e1s de diez goles de ventaja en la jornada 15. Pero...\" \/>\n<meta property=\"og:url\" content=\"https:\/\/www.manquepierda.com\/futbolandia\/andrej-kramaric-la-gran-sensacion-croata\/\" \/>\n<meta property=\"og:site_name\" content=\"Futbolandia\" \/>\n<meta property=\"article:published_time\" content=\"2014-11-10T11:02:00+00:00\" \/>\n<meta property=\"article:modified_time\" content=\"2014-11-10T11:03:12+00:00\" \/>\n<meta property=\"og:image\" content=\"https:\/\/i1.wp.com\/www.manquepierda.com\/futbolandia\/files\/2014\/11\/kramaric.jpg?fit=630%2C420&ssl=1\" \/>\n\t<meta property=\"og:image:width\" content=\"630\" \/>\n\t<meta property=\"og:image:height\" content=\"420\" \/>\n\t<meta property=\"og:image:type\" content=\"image\/jpeg\" \/>\n<meta name=\"author\" content=\"Jorge M. Gonz\u00e1lez\" \/>\n<meta name=\"twitter:label1\" content=\"Escrito por\" \/>\n\t<meta name=\"twitter:data1\" content=\"Jorge M. Gonz\u00e1lez\" \/>\n\t<meta name=\"twitter:label2\" content=\"Tiempo de lectura\" \/>\n\t<meta name=\"twitter:data2\" content=\"3 minutos\" \/>\n<script type=\"application\/ld+json\" class=\"yoast-schema-graph\">{\"@context\":\"https:\\\/\\\/schema.org\",\"@graph\":[{\"@type\":\"Article\",\"@id\":\"https:\\\/\\\/www.manquepierda.com\\\/futbolandia\\\/andrej-kramaric-la-gran-sensacion-croata\\\/#article\",\"isPartOf\":{\"@id\":\"https:\\\/\\\/www.manquepierda.com\\\/futbolandia\\\/andrej-kramaric-la-gran-sensacion-croata\\\/\"},\"author\":{\"name\":\"Jorge M. Gonz\u00e1lez\",\"@id\":\"https:\\\/\\\/www.manquepierda.com\\\/futbolandia\\\/#\\\/schema\\\/person\\\/fdb4eabc3c2e0e717a790a4ce10cd2b3\"},\"headline\":\"Andrej Kramaric, la gran sensaci\u00f3n croata\",\"datePublished\":\"2014-11-10T11:02:00+00:00\",\"dateModified\":\"2014-11-10T11:03:12+00:00\",\"mainEntityOfPage\":{\"@id\":\"https:\\\/\\\/www.manquepierda.com\\\/futbolandia\\\/andrej-kramaric-la-gran-sensacion-croata\\\/\"},\"wordCount\":550,\"commentCount\":0,\"image\":{\"@id\":\"https:\\\/\\\/www.manquepierda.com\\\/futbolandia\\\/andrej-kramaric-la-gran-sensacion-croata\\\/#primaryimage\"},\"thumbnailUrl\":\"https:\\\/\\\/i0.wp.com\\\/www.manquepierda.com\\\/futbolandia\\\/files\\\/2014\\\/11\\\/kramaric.jpg?fit=630%2C420&ssl=1\",\"keywords\":[\"andrej\",\"Croacia\",\"delantero\",\"futbol\",\"goleador\",\"hnl\",\"kramaric\",\"Promesa\",\"rijeka\"],\"articleSection\":[\"Europa League 2014\\\/15\",\"J\u00f3venes Valores\",\"Otras ligas\",\"Portada\"],\"inLanguage\":\"es\",\"potentialAction\":[{\"@type\":\"CommentAction\",\"name\":\"Comment\",\"target\":[\"https:\\\/\\\/www.manquepierda.com\\\/futbolandia\\\/andrej-kramaric-la-gran-sensacion-croata\\\/#respond\"]}]},{\"@type\":\"WebPage\",\"@id\":\"https:\\\/\\\/www.manquepierda.com\\\/futbolandia\\\/andrej-kramaric-la-gran-sensacion-croata\\\/\",\"url\":\"https:\\\/\\\/www.manquepierda.com\\\/futbolandia\\\/andrej-kramaric-la-gran-sensacion-croata\\\/\",\"name\":\"Andrej Kramaric, la gran sensaci\u00f3n croata &#8211; Futbolandia\",\"isPartOf\":{\"@id\":\"https:\\\/\\\/www.manquepierda.com\\\/futbolandia\\\/#website\"},\"primaryImageOfPage\":{\"@id\":\"https:\\\/\\\/www.manquepierda.com\\\/futbolandia\\\/andrej-kramaric-la-gran-sensacion-croata\\\/#primaryimage\"},\"image\":{\"@id\":\"https:\\\/\\\/www.manquepierda.com\\\/futbolandia\\\/andrej-kramaric-la-gran-sensacion-croata\\\/#primaryimage\"},\"thumbnailUrl\":\"https:\\\/\\\/i0.wp.com\\\/www.manquepierda.com\\\/futbolandia\\\/files\\\/2014\\\/11\\\/kramaric.jpg?fit=630%2C420&ssl=1\",\"datePublished\":\"2014-11-10T11:02:00+00:00\",\"dateModified\":\"2014-11-10T11:03:12+00:00\",\"author\":{\"@id\":\"https:\\\/\\\/www.manquepierda.com\\\/futbolandia\\\/#\\\/schema\\\/person\\\/fdb4eabc3c2e0e717a790a4ce10cd2b3\"},\"breadcrumb\":{\"@id\":\"https:\\\/\\\/www.manquepierda.com\\\/futbolandia\\\/andrej-kramaric-la-gran-sensacion-croata\\\/#breadcrumb\"},\"inLanguage\":\"es\",\"potentialAction\":[{\"@type\":\"ReadAction\",\"target\":[\"https:\\\/\\\/www.manquepierda.com\\\/futbolandia\\\/andrej-kramaric-la-gran-sensacion-croata\\\/\"]}]},{\"@type\":\"ImageObject\",\"inLanguage\":\"es\",\"@id\":\"https:\\\/\\\/www.manquepierda.com\\\/futbolandia\\\/andrej-kramaric-la-gran-sensacion-croata\\\/#primaryimage\",\"url\":\"https:\\\/\\\/i0.wp.com\\\/www.manquepierda.com\\\/futbolandia\\\/files\\\/2014\\\/11\\\/kramaric.jpg?fit=630%2C420&ssl=1\",\"contentUrl\":\"https:\\\/\\\/i0.wp.com\\\/www.manquepierda.com\\\/futbolandia\\\/files\\\/2014\\\/11\\\/kramaric.jpg?fit=630%2C420&ssl=1\",\"width\":630,\"height\":420,\"caption\":\"Foto: http:\\\/\\\/bleacherreport.com\\\/\"},{\"@type\":\"BreadcrumbList\",\"@id\":\"https:\\\/\\\/www.manquepierda.com\\\/futbolandia\\\/andrej-kramaric-la-gran-sensacion-croata\\\/#breadcrumb\",\"itemListElement\":[{\"@type\":\"ListItem\",\"position\":1,\"name\":\"Portada\",\"item\":\"https:\\\/\\\/www.manquepierda.com\\\/futbolandia\\\/\"},{\"@type\":\"ListItem\",\"position\":2,\"name\":\"Andrej Kramaric, la gran sensaci\u00f3n croata\"}]},{\"@type\":\"WebSite\",\"@id\":\"https:\\\/\\\/www.manquepierda.com\\\/futbolandia\\\/#website\",\"url\":\"https:\\\/\\\/www.manquepierda.com\\\/futbolandia\\\/\",\"name\":\"Futbolandia\",\"description\":\"Reportajes e informaci\u00f3n sobre f\u00fatbol mundial y j\u00f3venes promesas\",\"potentialAction\":[{\"@type\":\"SearchAction\",\"target\":{\"@type\":\"EntryPoint\",\"urlTemplate\":\"https:\\\/\\\/www.manquepierda.com\\\/futbolandia\\\/?s={search_term_string}\"},\"query-input\":{\"@type\":\"PropertyValueSpecification\",\"valueRequired\":true,\"valueName\":\"search_term_string\"}}],\"inLanguage\":\"es\"},{\"@type\":\"Person\",\"@id\":\"https:\\\/\\\/www.manquepierda.com\\\/futbolandia\\\/#\\\/schema\\\/person\\\/fdb4eabc3c2e0e717a790a4ce10cd2b3\",\"name\":\"Jorge M. Gonz\u00e1lez\",\"image\":{\"@type\":\"ImageObject\",\"inLanguage\":\"es\",\"@id\":\"https:\\\/\\\/secure.gravatar.com\\\/avatar\\\/40fe62083e523c4134f75fb1d06ea73b4503d9162f3c6e89800e90f1bbd7f262?s=96&d=mm&r=g\",\"url\":\"https:\\\/\\\/secure.gravatar.com\\\/avatar\\\/40fe62083e523c4134f75fb1d06ea73b4503d9162f3c6e89800e90f1bbd7f262?s=96&d=mm&r=g\",\"contentUrl\":\"https:\\\/\\\/secure.gravatar.com\\\/avatar\\\/40fe62083e523c4134f75fb1d06ea73b4503d9162f3c6e89800e90f1bbd7f262?s=96&d=mm&r=g\",\"caption\":\"Jorge M. Gonz\u00e1lez\"},\"description\":\"Apasionado del f\u00fatbol internacional y Social Media Manager. Me gusta seguir ligas extranjeras y a las j\u00f3venes promesas de todo el mundo. S\u00edgueme en twitter para compartir afici\u00f3n: @jorgegonex\",\"sameAs\":[\"http:\\\/\\\/manquepierda.com\\\/\",\"https:\\\/\\\/x.com\\\/https:\\\/\\\/twitter.com\\\/jorgegonex\",\"https:\\\/\\\/www.youtube.com\\\/user\\\/FutbolandiaMQP\"],\"url\":\"https:\\\/\\\/www.manquepierda.com\\\/futbolandia\\\/author\\\/jorgegonzalez\\\/\"}]}<\/script>\n<!-- \/ Yoast SEO plugin. -->","yoast_head_json":{"title":"Andrej Kramaric, la gran sensaci\u00f3n croata &#8211; Futbolandia","robots":{"index":"index","follow":"follow","max-snippet":"max-snippet:-1","max-image-preview":"max-image-preview:large","max-video-preview":"max-video-preview:-1"},"canonical":"https:\/\/www.manquepierda.com\/futbolandia\/andrej-kramaric-la-gran-sensacion-croata\/","og_locale":"es_ES","og_type":"article","og_title":"Andrej Kramaric, la gran sensaci\u00f3n croata &#8211; Futbolandia","og_description":"Que pensar\u00e1n aquellos jugadores que compiten por el t\u00edtulo de m\u00e1ximo goleador en la\u00a01. HNL (liga croata), como Duje Cop o Soudani, m\u00e1ximos realizadores del l\u00edder, el Dinamo de Zagreb, cuando ven que el gran anotador este a\u00f1o en liga, Andrej Kramaric les lleva m\u00e1s de diez goles de ventaja en la jornada 15. Pero...","og_url":"https:\/\/www.manquepierda.com\/futbolandia\/andrej-kramaric-la-gran-sensacion-croata\/","og_site_name":"Futbolandia","article_published_time":"2014-11-10T11:02:00+00:00","article_modified_time":"2014-11-10T11:03:12+00:00","og_image":[{"width":630,"height":420,"url":"https:\/\/i1.wp.com\/www.manquepierda.com\/futbolandia\/files\/2014\/11\/kramaric.jpg?fit=630%2C420&ssl=1","type":"image\/jpeg"}],"author":"Jorge M. Gonz\u00e1lez","twitter_misc":{"Escrito por":"Jorge M. Gonz\u00e1lez","Tiempo de lectura":"3 minutos"},"schema":{"@context":"https:\/\/schema.org","@graph":[{"@type":"Article","@id":"https:\/\/www.manquepierda.com\/futbolandia\/andrej-kramaric-la-gran-sensacion-croata\/#article","isPartOf":{"@id":"https:\/\/www.manquepierda.com\/futbolandia\/andrej-kramaric-la-gran-sensacion-croata\/"},"author":{"name":"Jorge M. Gonz\u00e1lez","@id":"https:\/\/www.manquepierda.com\/futbolandia\/#\/schema\/person\/fdb4eabc3c2e0e717a790a4ce10cd2b3"},"headline":"Andrej Kramaric, la gran sensaci\u00f3n croata","datePublished":"2014-11-10T11:02:00+00:00","dateModified":"2014-11-10T11:03:12+00:00","mainEntityOfPage":{"@id":"https:\/\/www.manquepierda.com\/futbolandia\/andrej-kramaric-la-gran-sensacion-croata\/"},"wordCount":550,"commentCount":0,"image":{"@id":"https:\/\/www.manquepierda.com\/futbolandia\/andrej-kramaric-la-gran-sensacion-croata\/#primaryimage"},"thumbnailUrl":"https:\/\/i0.wp.com\/www.manquepierda.com\/futbolandia\/files\/2014\/11\/kramaric.jpg?fit=630%2C420&ssl=1","keywords":["andrej","Croacia","delantero","futbol","goleador","hnl","kramaric","Promesa","rijeka"],"articleSection":["Europa League 2014\/15","J\u00f3venes Valores","Otras ligas","Portada"],"inLanguage":"es","potentialAction":[{"@type":"CommentAction","name":"Comment","target":["https:\/\/www.manquepierda.com\/futbolandia\/andrej-kramaric-la-gran-sensacion-croata\/#respond"]}]},{"@type":"WebPage","@id":"https:\/\/www.manquepierda.com\/futbolandia\/andrej-kramaric-la-gran-sensacion-croata\/","url":"https:\/\/www.manquepierda.com\/futbolandia\/andrej-kramaric-la-gran-sensacion-croata\/","name":"Andrej Kramaric, la gran sensaci\u00f3n croata &#8211; Futbolandia","isPartOf":{"@id":"https:\/\/www.manquepierda.com\/futbolandia\/#website"},"primaryImageOfPage":{"@id":"https:\/\/www.manquepierda.com\/futbolandia\/andrej-kramaric-la-gran-sensacion-croata\/#primaryimage"},"image":{"@id":"https:\/\/www.manquepierda.com\/futbolandia\/andrej-kramaric-la-gran-sensacion-croata\/#primaryimage"},"thumbnailUrl":"https:\/\/i0.wp.com\/www.manquepierda.com\/futbolandia\/files\/2014\/11\/kramaric.jpg?fit=630%2C420&ssl=1","datePublished":"2014-11-10T11:02:00+00:00","dateModified":"2014-11-10T11:03:12+00:00","author":{"@id":"https:\/\/www.manquepierda.com\/futbolandia\/#\/schema\/person\/fdb4eabc3c2e0e717a790a4ce10cd2b3"},"breadcrumb":{"@id":"https:\/\/www.manquepierda.com\/futbolandia\/andrej-kramaric-la-gran-sensacion-croata\/#breadcrumb"},"inLanguage":"es","potentialAction":[{"@type":"ReadAction","target":["https:\/\/www.manquepierda.com\/futbolandia\/andrej-kramaric-la-gran-sensacion-croata\/"]}]},{"@type":"ImageObject","inLanguage":"es","@id":"https:\/\/www.manquepierda.com\/futbolandia\/andrej-kramaric-la-gran-sensacion-croata\/#primaryimage","url":"https:\/\/i0.wp.com\/www.manquepierda.com\/futbolandia\/files\/2014\/11\/kramaric.jpg?fit=630%2C420&ssl=1","contentUrl":"https:\/\/i0.wp.com\/www.manquepierda.com\/futbolandia\/files\/2014\/11\/kramaric.jpg?fit=630%2C420&ssl=1","width":630,"height":420,"caption":"Foto: http:\/\/bleacherreport.com\/"},{"@type":"BreadcrumbList","@id":"https:\/\/www.manquepierda.com\/futbolandia\/andrej-kramaric-la-gran-sensacion-croata\/#breadcrumb","itemListElement":[{"@type":"ListItem","position":1,"name":"Portada","item":"https:\/\/www.manquepierda.com\/futbolandia\/"},{"@type":"ListItem","position":2,"name":"Andrej Kramaric, la gran sensaci\u00f3n croata"}]},{"@type":"WebSite","@id":"https:\/\/www.manquepierda.com\/futbolandia\/#website","url":"https:\/\/www.manquepierda.com\/futbolandia\/","name":"Futbolandia","description":"Reportajes e informaci\u00f3n sobre f\u00fatbol mundial y j\u00f3venes promesas","potentialAction":[{"@type":"SearchAction","target":{"@type":"EntryPoint","urlTemplate":"https:\/\/www.manquepierda.com\/futbolandia\/?s={search_term_string}"},"query-input":{"@type":"PropertyValueSpecification","valueRequired":true,"valueName":"search_term_string"}}],"inLanguage":"es"},{"@type":"Person","@id":"https:\/\/www.manquepierda.com\/futbolandia\/#\/schema\/person\/fdb4eabc3c2e0e717a790a4ce10cd2b3","name":"Jorge M. Gonz\u00e1lez","image":{"@type":"ImageObject","inLanguage":"es","@id":"https:\/\/secure.gravatar.com\/avatar\/40fe62083e523c4134f75fb1d06ea73b4503d9162f3c6e89800e90f1bbd7f262?s=96&d=mm&r=g","url":"https:\/\/secure.gravatar.com\/avatar\/40fe62083e523c4134f75fb1d06ea73b4503d9162f3c6e89800e90f1bbd7f262?s=96&d=mm&r=g","contentUrl":"https:\/\/secure.gravatar.com\/avatar\/40fe62083e523c4134f75fb1d06ea73b4503d9162f3c6e89800e90f1bbd7f262?s=96&d=mm&r=g","caption":"Jorge M. Gonz\u00e1lez"},"description":"Apasionado del f\u00fatbol internacional y Social Media Manager. Me gusta seguir ligas extranjeras y a las j\u00f3venes promesas de todo el mundo. S\u00edgueme en twitter para compartir afici\u00f3n: @jorgegonex","sameAs":["http:\/\/manquepierda.com\/","https:\/\/x.com\/https:\/\/twitter.com\/jorgegonex","https:\/\/www.youtube.com\/user\/FutbolandiaMQP"],"url":"https:\/\/www.manquepierda.com\/futbolandia\/author\/jorgegonzalez\/"}]}},"jetpack_publicize_connections":[],"jetpack_featured_media_url":"https:\/\/i0.wp.com\/www.manquepierda.com\/futbolandia\/files\/2014\/11\/kramaric.jpg?fit=630%2C420&ssl=1","jetpack_shortlink":"https:\/\/wp.me\/p1THIg-1fY","jetpack_sharing_enabled":true,"_links":{"self":[{"href":"https:\/\/www.manquepierda.com\/futbolandia\/wp-json\/wp\/v2\/posts\/4834","targetHints":{"allow":["GET"]}}],"collection":[{"href":"https:\/\/www.manquepierda.com\/futbolandia\/wp-json\/wp\/v2\/posts"}],"about":[{"href":"https:\/\/www.manquepierda.com\/futbolandia\/wp-json\/wp\/v2\/types\/post"}],"author":[{"embeddable":true,"href":"https:\/\/www.manquepierda.com\/futbolandia\/wp-json\/wp\/v2\/users\/93"}],"replies":[{"embeddable":true,"href":"https:\/\/www.manquepierda.com\/futbolandia\/wp-json\/wp\/v2\/comments?post=4834"}],"version-history":[{"count":0,"href":"https:\/\/www.manquepierda.com\/futbolandia\/wp-json\/wp\/v2\/posts\/4834\/revisions"}],"wp:featuredmedia":[{"embeddable":true,"href":"https:\/\/www.manquepierda.com\/futbolandia\/wp-json\/wp\/v2\/media\/4835"}],"wp:attachment":[{"href":"https:\/\/www.manquepierda.com\/futbolandia\/wp-json\/wp\/v2\/media?parent=4834"}],"wp:term":[{"taxonomy":"category","embeddable":true,"href":"https:\/\/www.manquepierda.com\/futbolandia\/wp-json\/wp\/v2\/categories?post=4834"},{"taxonomy":"post_tag","embeddable":true,"href":"https:\/\/www.manquepierda.com\/futbolandia\/wp-json\/wp\/v2\/tags?post=4834"}],"curies":[{"name":"wp","href":"https:\/\/api.w.org\/{rel}","templated":true}]}}