{"id":4970,"date":"2015-01-13T21:32:29","date_gmt":"2015-01-13T19:32:29","guid":{"rendered":"http:\/\/www.manquepierda.com\/futbolandia\/?p=4970"},"modified":"2015-07-09T09:00:16","modified_gmt":"2015-07-09T07:00:16","slug":"asi-sera-el-nuevo-campeonato-argentino","status":"publish","type":"post","link":"https:\/\/www.manquepierda.com\/futbolandia\/asi-sera-el-nuevo-campeonato-argentino\/","title":{"rendered":"As\u00ed ser\u00e1 el nuevo campeonato argentino."},"content":{"rendered":"<p><a href=\"https:\/\/i0.wp.com\/www.manquepierda.com\/futbolandia\/files\/2015\/01\/descarga.jpg\"><img data-recalc-dims=\"1\" loading=\"lazy\" decoding=\"async\" data-attachment-id=\"4972\" data-permalink=\"https:\/\/www.manquepierda.com\/futbolandia\/asi-sera-el-nuevo-campeonato-argentino\/descarga-4\/\" data-orig-file=\"https:\/\/i0.wp.com\/www.manquepierda.com\/futbolandia\/files\/2015\/01\/descarga.jpg?fit=298%2C169&amp;ssl=1\" data-orig-size=\"298,169\" data-comments-opened=\"1\" data-image-meta=\"{&quot;aperture&quot;:&quot;0&quot;,&quot;credit&quot;:&quot;&quot;,&quot;camera&quot;:&quot;&quot;,&quot;caption&quot;:&quot;&quot;,&quot;created_timestamp&quot;:&quot;0&quot;,&quot;copyright&quot;:&quot;&quot;,&quot;focal_length&quot;:&quot;0&quot;,&quot;iso&quot;:&quot;0&quot;,&quot;shutter_speed&quot;:&quot;0&quot;,&quot;title&quot;:&quot;&quot;,&quot;orientation&quot;:&quot;0&quot;}\" data-image-title=\"Julio Grondona ide\u00f3logo del torneo. (Foto: mundod.lavoz)\" data-image-description=\"\" data-image-caption=\"\" data-large-file=\"https:\/\/i0.wp.com\/www.manquepierda.com\/futbolandia\/files\/2015\/01\/descarga.jpg?fit=298%2C169&amp;ssl=1\" class=\"alignright wp-image-4972 \" src=\"https:\/\/i0.wp.com\/www.manquepierda.com\/futbolandia\/files\/2015\/01\/descarga.jpg?resize=321%2C182\" alt=\"Julio Grondona ide\u00f3logo del torneo. (Foto: mundod.lavoz)\" width=\"321\" height=\"182\" \/><\/a><\/p>\n<p>Cada vez falta menos para que el nuevo torneo argentino comience y se ponga fin a los campeonatos semestrales. 15 de Febrero es el d\u00eda marcado en el calendario. Un torneo presentado por la AFA y que ha sido muy discutido y criticado por todos; estar\u00e1 formado por <strong>30 equipos<\/strong> con 10 reci\u00e9n ascendidos de la B Nacional. Se volver\u00e1 a la modalidad de torneo largo -desde Febrero hasta Diciembre- cuyo \u00faltimo antecedente es el campeonato del a\u00f1o 1966 por lo que s\u00f3lo habr\u00e1 un campe\u00f3n de liga. <strong>Se disputar\u00e1 a una vuelta<\/strong> en un todos contra todos con la excepci\u00f3n de que<strong> los &#8216;cl\u00e1sicos&#8217; s\u00ed se disputar\u00e1n tanto a ida como a vuelta<\/strong>, conformando as\u00ed cada equipo un total de 30 partidos a final de temporada.<\/p>\n<p>En el caso de los descensos \u00a0se producir\u00e1n utilizando<strong> los promedios<\/strong>, pero a diferencia de estos \u00faltimos a\u00f1os <strong>se fijar\u00e1n los de las \u00faltimas cuatro temporadas<\/strong>, y no de las tres anteriores como era habitual. Los campeonatos v\u00e1lidos para utilizar los promedios ser\u00e1n: 2012\/13, 2013\/14, el torneo de transici\u00f3n reci\u00e9n finalizado y el actual. Al final del mismo descender\u00e1n a la B Nacional dos equipos. <strong>Ascender\u00e1n<\/strong> la misma cantidad que de descensos se producir\u00e1n,<strong> dos tambi\u00e9n<\/strong>.<\/p>\n<p>Desde la zona A los ascendidos a la \u00e9lite del f\u00fatbol argentino han sido: Col\u00f3n, San Mart\u00edn (SJ), Argentinos Juniors, Nueva Chicago y Aldovisi. Por otro lado, en la zona B lo han logrado: Uni\u00f3n, Crucero del Norte, Temperley, Sarmiento y Hurac\u00e1n.<\/p>\n<p>Una improvisaci\u00f3n m\u00e1s desde la AFA llega <strong>en la jornada 24, cuando el 13 de Septiembre se ha decidido que todos los cl\u00e1sicos se disputar\u00e1n en la misma fecha<\/strong>. Un absoluto caos a nivel de seguridad.<\/p>\n<p>Y por si fuera poco todo esto, en <strong>2016 se jugar\u00e1 un torneo corto de transici\u00f3n<\/strong> -otro m\u00e1s- con el <strong>fin de disminuir los equipos<\/strong> de la primera divisi\u00f3n progresivamente hasta conseguir un total de 22 participantes. Probablemente se dividir\u00e1n en dos grupos de 15 equipos que jugar\u00e1n desde Febrero hasta Junio donde se producir\u00e1n tres descensos y tan s\u00f3lo subir\u00e1 desde la B Nacional un equipo. As\u00ed, el torneo de 2016 con 28 equipos comenzar\u00eda a mediados de a\u00f1o, a partir de Agosto.<\/p>\n<p>En el \u00e1mbito de competiciones internacionales, por ejemplo Copa Libertadores, Argentina contar\u00e1 con 5 participaciones: 1. Campe\u00f3n del torneo. 2. Subcampe\u00f3n del torneo. 3. Campe\u00f3n de la Copa Argentina 2014\/15. 4. El ganador de la liguilla pre-Libertadores(*). 5. El equipo argentino mejor clasificado en la Copa Sudamericana 2015.<\/p>\n<p>*La liguilla pre-Libertadores ser\u00e1 un torneo corto a eliminaci\u00f3n directa que disputar\u00e1n los equipos que queden posicionados entre el 3er y 6\u00ba puesto a final de temporada en liga. La final s\u00ed se disputar\u00e1 tanto a ida como a vuelta.<\/p>\n<p>Por otro lado, para clasificar a Copa Sudamericana Argentina contar\u00e1 con una participaci\u00f3n m\u00e1s, en este caso 6: 1. Campe\u00f3n de la Supercopa Argentina. 2. Subcampe\u00f3n de la liguilla pre-Libertadores. 3. \u00a0Primera plaza de liguilla pre-Sudamericana(*). 4. Segunda plaza de liguilla pre-Sudamericana. 5. Tercera\u00a0plaza de liguilla pre-Sudamericana. 6. Cuarta\u00a0plaza de liguilla pre-Sudamericana.<\/p>\n<p>*La liguilla pre-Sudamericana ser\u00e1 al igual que la liguilla pre-Libertadores un torneo breve a eliminaci\u00f3n directa y en este caso lo disputar\u00e1n seg\u00fan la clasificaci\u00f3n en liga: <strong>7\u00ba vs 18\u00ba, 8\u00ba vs 17\u00ba, 9\u00ba vs 16\u00ba, 10\u00ba vs 15\u00ba, 11\u00ba vs 14\u00ba y 12\u00ba vs 13\u00ba.<\/strong> Los seis ganadores pasar\u00e1n a una ronda final donde quedar\u00e1n encuadrados con los dos perdedores de la liguilla pre-Libertadores y se ordenar\u00e1n seg\u00fan hayan quedado clasificados en el torneo regular; jugando 1 vs 8, 2 vs 7, 3 vs 6 y por \u00faltimo 4 vs 5. Los cuatro vencedores clasificar\u00e1n a la segunda competici\u00f3n continental m\u00e1s prestigiosa.<\/p>\n<p>Un modelo complicado de entender, sin lugar a dudas. Ante todos ustedes, el invento de Grondona.<\/p>\n","protected":false},"excerpt":{"rendered":"<p>Cada vez falta menos para que el nuevo torneo argentino comience y se ponga fin a los campeonatos semestrales. 15 de Febrero es el d\u00eda marcado en el calendario. Un torneo presentado por la AFA y que ha sido muy discutido y criticado por todos; estar\u00e1 formado por 30 equipos con 10 reci\u00e9n ascendidos de&#8230;<\/p>\n","protected":false},"author":431,"featured_media":4971,"comment_status":"open","ping_status":"open","sticky":false,"template":"","format":"standard","meta":{"_kad_post_transparent":"","_kad_post_title":"","_kad_post_layout":"","_kad_post_sidebar_id":"","_kad_post_content_style":"","_kad_post_vertical_padding":"","_kad_post_feature":"","_kad_post_feature_position":"","_kad_post_header":false,"_kad_post_footer":false,"_kad_post_classname":"","_jetpack_memberships_contains_paid_content":false,"footnotes":"","jetpack_publicize_message":"","jetpack_publicize_feature_enabled":true,"jetpack_social_post_already_shared":true,"jetpack_social_options":{"image_generator_settings":{"template":"highway","default_image_id":0,"font":"","enabled":false},"version":2}},"categories":[1519,10],"tags":[427,1798,1797,1796],"class_list":["post-4970","post","type-post","status-publish","format-standard","has-post-thumbnail","hentry","category-cruzando-charco","category-portada","tag-futbol","tag-grondona","tag-nuevo","tag-torneo-argentino"],"yoast_head":"<!-- This site is optimized with the Yoast SEO plugin v27.5 - https:\/\/yoast.com\/product\/yoast-seo-wordpress\/ -->\n<title>As\u00ed ser\u00e1 el nuevo campeonato argentino. &#8211; Futbolandia<\/title>\n<meta name=\"robots\" content=\"index, follow, max-snippet:-1, max-image-preview:large, max-video-preview:-1\" \/>\n<link rel=\"canonical\" href=\"https:\/\/www.manquepierda.com\/futbolandia\/asi-sera-el-nuevo-campeonato-argentino\/\" \/>\n<meta property=\"og:locale\" content=\"es_ES\" \/>\n<meta property=\"og:type\" content=\"article\" \/>\n<meta property=\"og:title\" content=\"As\u00ed ser\u00e1 el nuevo campeonato argentino. &#8211; Futbolandia\" \/>\n<meta property=\"og:description\" content=\"Cada vez falta menos para que el nuevo torneo argentino comience y se ponga fin a los campeonatos semestrales. 15 de Febrero es el d\u00eda marcado en el calendario. Un torneo presentado por la AFA y que ha sido muy discutido y criticado por todos; estar\u00e1 formado por 30 equipos con 10 reci\u00e9n ascendidos de...\" \/>\n<meta property=\"og:url\" content=\"https:\/\/www.manquepierda.com\/futbolandia\/asi-sera-el-nuevo-campeonato-argentino\/\" \/>\n<meta property=\"og:site_name\" content=\"Futbolandia\" \/>\n<meta property=\"article:published_time\" content=\"2015-01-13T19:32:29+00:00\" \/>\n<meta property=\"article:modified_time\" content=\"2015-07-09T07:00:16+00:00\" \/>\n<meta property=\"og:image\" content=\"https:\/\/i0.wp.com\/www.manquepierda.com\/futbolandia\/files\/2015\/01\/Fachada-AFA-negocian-Futbol-financiar_CLAIMA20141022_0026_27.jpg?fit=600%2C338&ssl=1\" \/>\n\t<meta property=\"og:image:width\" content=\"600\" \/>\n\t<meta property=\"og:image:height\" content=\"338\" \/>\n\t<meta property=\"og:image:type\" content=\"image\/jpeg\" \/>\n<meta name=\"author\" content=\"\u00c1lvaro Carmona\" \/>\n<meta name=\"twitter:label1\" content=\"Escrito por\" \/>\n\t<meta name=\"twitter:data1\" content=\"\u00c1lvaro Carmona\" \/>\n\t<meta name=\"twitter:label2\" content=\"Tiempo de lectura\" \/>\n\t<meta name=\"twitter:data2\" content=\"3 minutos\" \/>\n<script type=\"application\/ld+json\" class=\"yoast-schema-graph\">{\"@context\":\"https:\\\/\\\/schema.org\",\"@graph\":[{\"@type\":\"Article\",\"@id\":\"https:\\\/\\\/www.manquepierda.com\\\/futbolandia\\\/asi-sera-el-nuevo-campeonato-argentino\\\/#article\",\"isPartOf\":{\"@id\":\"https:\\\/\\\/www.manquepierda.com\\\/futbolandia\\\/asi-sera-el-nuevo-campeonato-argentino\\\/\"},\"author\":{\"name\":\"\u00c1lvaro Carmona\",\"@id\":\"https:\\\/\\\/www.manquepierda.com\\\/futbolandia\\\/#\\\/schema\\\/person\\\/478668c0ee61018918af1a99a079b7e4\"},\"headline\":\"As\u00ed ser\u00e1 el nuevo campeonato argentino.\",\"datePublished\":\"2015-01-13T19:32:29+00:00\",\"dateModified\":\"2015-07-09T07:00:16+00:00\",\"mainEntityOfPage\":{\"@id\":\"https:\\\/\\\/www.manquepierda.com\\\/futbolandia\\\/asi-sera-el-nuevo-campeonato-argentino\\\/\"},\"wordCount\":639,\"commentCount\":0,\"image\":{\"@id\":\"https:\\\/\\\/www.manquepierda.com\\\/futbolandia\\\/asi-sera-el-nuevo-campeonato-argentino\\\/#primaryimage\"},\"thumbnailUrl\":\"https:\\\/\\\/i0.wp.com\\\/www.manquepierda.com\\\/futbolandia\\\/files\\\/2015\\\/01\\\/Fachada-AFA-negocian-Futbol-financiar_CLAIMA20141022_0026_27.jpg?fit=600%2C338&ssl=1\",\"keywords\":[\"futbol\",\"Grondona\",\"nuevo\",\"torneo argentino\"],\"articleSection\":[\"Cruzando el charco - F\u00fatbol sudamericano y CONCACAF\",\"Portada\"],\"inLanguage\":\"es\",\"potentialAction\":[{\"@type\":\"CommentAction\",\"name\":\"Comment\",\"target\":[\"https:\\\/\\\/www.manquepierda.com\\\/futbolandia\\\/asi-sera-el-nuevo-campeonato-argentino\\\/#respond\"]}]},{\"@type\":\"WebPage\",\"@id\":\"https:\\\/\\\/www.manquepierda.com\\\/futbolandia\\\/asi-sera-el-nuevo-campeonato-argentino\\\/\",\"url\":\"https:\\\/\\\/www.manquepierda.com\\\/futbolandia\\\/asi-sera-el-nuevo-campeonato-argentino\\\/\",\"name\":\"As\u00ed ser\u00e1 el nuevo campeonato argentino. &#8211; Futbolandia\",\"isPartOf\":{\"@id\":\"https:\\\/\\\/www.manquepierda.com\\\/futbolandia\\\/#website\"},\"primaryImageOfPage\":{\"@id\":\"https:\\\/\\\/www.manquepierda.com\\\/futbolandia\\\/asi-sera-el-nuevo-campeonato-argentino\\\/#primaryimage\"},\"image\":{\"@id\":\"https:\\\/\\\/www.manquepierda.com\\\/futbolandia\\\/asi-sera-el-nuevo-campeonato-argentino\\\/#primaryimage\"},\"thumbnailUrl\":\"https:\\\/\\\/i0.wp.com\\\/www.manquepierda.com\\\/futbolandia\\\/files\\\/2015\\\/01\\\/Fachada-AFA-negocian-Futbol-financiar_CLAIMA20141022_0026_27.jpg?fit=600%2C338&ssl=1\",\"datePublished\":\"2015-01-13T19:32:29+00:00\",\"dateModified\":\"2015-07-09T07:00:16+00:00\",\"author\":{\"@id\":\"https:\\\/\\\/www.manquepierda.com\\\/futbolandia\\\/#\\\/schema\\\/person\\\/478668c0ee61018918af1a99a079b7e4\"},\"breadcrumb\":{\"@id\":\"https:\\\/\\\/www.manquepierda.com\\\/futbolandia\\\/asi-sera-el-nuevo-campeonato-argentino\\\/#breadcrumb\"},\"inLanguage\":\"es\",\"potentialAction\":[{\"@type\":\"ReadAction\",\"target\":[\"https:\\\/\\\/www.manquepierda.com\\\/futbolandia\\\/asi-sera-el-nuevo-campeonato-argentino\\\/\"]}]},{\"@type\":\"ImageObject\",\"inLanguage\":\"es\",\"@id\":\"https:\\\/\\\/www.manquepierda.com\\\/futbolandia\\\/asi-sera-el-nuevo-campeonato-argentino\\\/#primaryimage\",\"url\":\"https:\\\/\\\/i0.wp.com\\\/www.manquepierda.com\\\/futbolandia\\\/files\\\/2015\\\/01\\\/Fachada-AFA-negocian-Futbol-financiar_CLAIMA20141022_0026_27.jpg?fit=600%2C338&ssl=1\",\"contentUrl\":\"https:\\\/\\\/i0.wp.com\\\/www.manquepierda.com\\\/futbolandia\\\/files\\\/2015\\\/01\\\/Fachada-AFA-negocian-Futbol-financiar_CLAIMA20141022_0026_27.jpg?fit=600%2C338&ssl=1\",\"width\":600,\"height\":338},{\"@type\":\"BreadcrumbList\",\"@id\":\"https:\\\/\\\/www.manquepierda.com\\\/futbolandia\\\/asi-sera-el-nuevo-campeonato-argentino\\\/#breadcrumb\",\"itemListElement\":[{\"@type\":\"ListItem\",\"position\":1,\"name\":\"Portada\",\"item\":\"https:\\\/\\\/www.manquepierda.com\\\/futbolandia\\\/\"},{\"@type\":\"ListItem\",\"position\":2,\"name\":\"As\u00ed ser\u00e1 el nuevo campeonato argentino.\"}]},{\"@type\":\"WebSite\",\"@id\":\"https:\\\/\\\/www.manquepierda.com\\\/futbolandia\\\/#website\",\"url\":\"https:\\\/\\\/www.manquepierda.com\\\/futbolandia\\\/\",\"name\":\"Futbolandia\",\"description\":\"Reportajes e informaci\u00f3n sobre f\u00fatbol mundial y j\u00f3venes promesas\",\"potentialAction\":[{\"@type\":\"SearchAction\",\"target\":{\"@type\":\"EntryPoint\",\"urlTemplate\":\"https:\\\/\\\/www.manquepierda.com\\\/futbolandia\\\/?s={search_term_string}\"},\"query-input\":{\"@type\":\"PropertyValueSpecification\",\"valueRequired\":true,\"valueName\":\"search_term_string\"}}],\"inLanguage\":\"es\"},{\"@type\":\"Person\",\"@id\":\"https:\\\/\\\/www.manquepierda.com\\\/futbolandia\\\/#\\\/schema\\\/person\\\/478668c0ee61018918af1a99a079b7e4\",\"name\":\"\u00c1lvaro Carmona\",\"image\":{\"@type\":\"ImageObject\",\"inLanguage\":\"es\",\"@id\":\"https:\\\/\\\/secure.gravatar.com\\\/avatar\\\/2470a0c442f1df3f66bb7954a782875d0d96b50dbe33917d568238cc881b9c7b?s=96&d=mm&r=g\",\"url\":\"https:\\\/\\\/secure.gravatar.com\\\/avatar\\\/2470a0c442f1df3f66bb7954a782875d0d96b50dbe33917d568238cc881b9c7b?s=96&d=mm&r=g\",\"contentUrl\":\"https:\\\/\\\/secure.gravatar.com\\\/avatar\\\/2470a0c442f1df3f66bb7954a782875d0d96b50dbe33917d568238cc881b9c7b?s=96&d=mm&r=g\",\"caption\":\"\u00c1lvaro Carmona\"},\"description\":\"Apasionado del f\u00fatbol internacional, en especial de la liga argentina y de sus m\u00e1s j\u00f3venes promesas, que no son pocas. Entusiasmado del f\u00fatbol t\u00e1ctico; el sistema 5-3-2 no me parece defensivo, sino el m\u00e1s completo. Puedes seguirme en Twitter en @carmonadebarril para debatir sobre todo tipo de f\u00fatbol. B\u00e9tico.\",\"sameAs\":[\"http:\\\/\\\/twitter.com\\\/carmonadebarril\"],\"url\":\"https:\\\/\\\/www.manquepierda.com\\\/futbolandia\\\/author\\\/carmonadebarril\\\/\"}]}<\/script>\n<!-- \/ Yoast SEO plugin. -->","yoast_head_json":{"title":"As\u00ed ser\u00e1 el nuevo campeonato argentino. &#8211; Futbolandia","robots":{"index":"index","follow":"follow","max-snippet":"max-snippet:-1","max-image-preview":"max-image-preview:large","max-video-preview":"max-video-preview:-1"},"canonical":"https:\/\/www.manquepierda.com\/futbolandia\/asi-sera-el-nuevo-campeonato-argentino\/","og_locale":"es_ES","og_type":"article","og_title":"As\u00ed ser\u00e1 el nuevo campeonato argentino. &#8211; Futbolandia","og_description":"Cada vez falta menos para que el nuevo torneo argentino comience y se ponga fin a los campeonatos semestrales. 15 de Febrero es el d\u00eda marcado en el calendario. Un torneo presentado por la AFA y que ha sido muy discutido y criticado por todos; estar\u00e1 formado por 30 equipos con 10 reci\u00e9n ascendidos de...","og_url":"https:\/\/www.manquepierda.com\/futbolandia\/asi-sera-el-nuevo-campeonato-argentino\/","og_site_name":"Futbolandia","article_published_time":"2015-01-13T19:32:29+00:00","article_modified_time":"2015-07-09T07:00:16+00:00","og_image":[{"width":600,"height":338,"url":"https:\/\/i0.wp.com\/www.manquepierda.com\/futbolandia\/files\/2015\/01\/Fachada-AFA-negocian-Futbol-financiar_CLAIMA20141022_0026_27.jpg?fit=600%2C338&ssl=1","type":"image\/jpeg"}],"author":"\u00c1lvaro Carmona","twitter_misc":{"Escrito por":"\u00c1lvaro Carmona","Tiempo de lectura":"3 minutos"},"schema":{"@context":"https:\/\/schema.org","@graph":[{"@type":"Article","@id":"https:\/\/www.manquepierda.com\/futbolandia\/asi-sera-el-nuevo-campeonato-argentino\/#article","isPartOf":{"@id":"https:\/\/www.manquepierda.com\/futbolandia\/asi-sera-el-nuevo-campeonato-argentino\/"},"author":{"name":"\u00c1lvaro Carmona","@id":"https:\/\/www.manquepierda.com\/futbolandia\/#\/schema\/person\/478668c0ee61018918af1a99a079b7e4"},"headline":"As\u00ed ser\u00e1 el nuevo campeonato argentino.","datePublished":"2015-01-13T19:32:29+00:00","dateModified":"2015-07-09T07:00:16+00:00","mainEntityOfPage":{"@id":"https:\/\/www.manquepierda.com\/futbolandia\/asi-sera-el-nuevo-campeonato-argentino\/"},"wordCount":639,"commentCount":0,"image":{"@id":"https:\/\/www.manquepierda.com\/futbolandia\/asi-sera-el-nuevo-campeonato-argentino\/#primaryimage"},"thumbnailUrl":"https:\/\/i0.wp.com\/www.manquepierda.com\/futbolandia\/files\/2015\/01\/Fachada-AFA-negocian-Futbol-financiar_CLAIMA20141022_0026_27.jpg?fit=600%2C338&ssl=1","keywords":["futbol","Grondona","nuevo","torneo argentino"],"articleSection":["Cruzando el charco - F\u00fatbol sudamericano y CONCACAF","Portada"],"inLanguage":"es","potentialAction":[{"@type":"CommentAction","name":"Comment","target":["https:\/\/www.manquepierda.com\/futbolandia\/asi-sera-el-nuevo-campeonato-argentino\/#respond"]}]},{"@type":"WebPage","@id":"https:\/\/www.manquepierda.com\/futbolandia\/asi-sera-el-nuevo-campeonato-argentino\/","url":"https:\/\/www.manquepierda.com\/futbolandia\/asi-sera-el-nuevo-campeonato-argentino\/","name":"As\u00ed ser\u00e1 el nuevo campeonato argentino. &#8211; Futbolandia","isPartOf":{"@id":"https:\/\/www.manquepierda.com\/futbolandia\/#website"},"primaryImageOfPage":{"@id":"https:\/\/www.manquepierda.com\/futbolandia\/asi-sera-el-nuevo-campeonato-argentino\/#primaryimage"},"image":{"@id":"https:\/\/www.manquepierda.com\/futbolandia\/asi-sera-el-nuevo-campeonato-argentino\/#primaryimage"},"thumbnailUrl":"https:\/\/i0.wp.com\/www.manquepierda.com\/futbolandia\/files\/2015\/01\/Fachada-AFA-negocian-Futbol-financiar_CLAIMA20141022_0026_27.jpg?fit=600%2C338&ssl=1","datePublished":"2015-01-13T19:32:29+00:00","dateModified":"2015-07-09T07:00:16+00:00","author":{"@id":"https:\/\/www.manquepierda.com\/futbolandia\/#\/schema\/person\/478668c0ee61018918af1a99a079b7e4"},"breadcrumb":{"@id":"https:\/\/www.manquepierda.com\/futbolandia\/asi-sera-el-nuevo-campeonato-argentino\/#breadcrumb"},"inLanguage":"es","potentialAction":[{"@type":"ReadAction","target":["https:\/\/www.manquepierda.com\/futbolandia\/asi-sera-el-nuevo-campeonato-argentino\/"]}]},{"@type":"ImageObject","inLanguage":"es","@id":"https:\/\/www.manquepierda.com\/futbolandia\/asi-sera-el-nuevo-campeonato-argentino\/#primaryimage","url":"https:\/\/i0.wp.com\/www.manquepierda.com\/futbolandia\/files\/2015\/01\/Fachada-AFA-negocian-Futbol-financiar_CLAIMA20141022_0026_27.jpg?fit=600%2C338&ssl=1","contentUrl":"https:\/\/i0.wp.com\/www.manquepierda.com\/futbolandia\/files\/2015\/01\/Fachada-AFA-negocian-Futbol-financiar_CLAIMA20141022_0026_27.jpg?fit=600%2C338&ssl=1","width":600,"height":338},{"@type":"BreadcrumbList","@id":"https:\/\/www.manquepierda.com\/futbolandia\/asi-sera-el-nuevo-campeonato-argentino\/#breadcrumb","itemListElement":[{"@type":"ListItem","position":1,"name":"Portada","item":"https:\/\/www.manquepierda.com\/futbolandia\/"},{"@type":"ListItem","position":2,"name":"As\u00ed ser\u00e1 el nuevo campeonato argentino."}]},{"@type":"WebSite","@id":"https:\/\/www.manquepierda.com\/futbolandia\/#website","url":"https:\/\/www.manquepierda.com\/futbolandia\/","name":"Futbolandia","description":"Reportajes e informaci\u00f3n sobre f\u00fatbol mundial y j\u00f3venes promesas","potentialAction":[{"@type":"SearchAction","target":{"@type":"EntryPoint","urlTemplate":"https:\/\/www.manquepierda.com\/futbolandia\/?s={search_term_string}"},"query-input":{"@type":"PropertyValueSpecification","valueRequired":true,"valueName":"search_term_string"}}],"inLanguage":"es"},{"@type":"Person","@id":"https:\/\/www.manquepierda.com\/futbolandia\/#\/schema\/person\/478668c0ee61018918af1a99a079b7e4","name":"\u00c1lvaro Carmona","image":{"@type":"ImageObject","inLanguage":"es","@id":"https:\/\/secure.gravatar.com\/avatar\/2470a0c442f1df3f66bb7954a782875d0d96b50dbe33917d568238cc881b9c7b?s=96&d=mm&r=g","url":"https:\/\/secure.gravatar.com\/avatar\/2470a0c442f1df3f66bb7954a782875d0d96b50dbe33917d568238cc881b9c7b?s=96&d=mm&r=g","contentUrl":"https:\/\/secure.gravatar.com\/avatar\/2470a0c442f1df3f66bb7954a782875d0d96b50dbe33917d568238cc881b9c7b?s=96&d=mm&r=g","caption":"\u00c1lvaro Carmona"},"description":"Apasionado del f\u00fatbol internacional, en especial de la liga argentina y de sus m\u00e1s j\u00f3venes promesas, que no son pocas. Entusiasmado del f\u00fatbol t\u00e1ctico; el sistema 5-3-2 no me parece defensivo, sino el m\u00e1s completo. Puedes seguirme en Twitter en @carmonadebarril para debatir sobre todo tipo de f\u00fatbol. B\u00e9tico.","sameAs":["http:\/\/twitter.com\/carmonadebarril"],"url":"https:\/\/www.manquepierda.com\/futbolandia\/author\/carmonadebarril\/"}]}},"jetpack_publicize_connections":[],"jetpack_featured_media_url":"https:\/\/i0.wp.com\/www.manquepierda.com\/futbolandia\/files\/2015\/01\/Fachada-AFA-negocian-Futbol-financiar_CLAIMA20141022_0026_27.jpg?fit=600%2C338&ssl=1","jetpack_shortlink":"https:\/\/wp.me\/p1THIg-1ia","jetpack_sharing_enabled":true,"_links":{"self":[{"href":"https:\/\/www.manquepierda.com\/futbolandia\/wp-json\/wp\/v2\/posts\/4970","targetHints":{"allow":["GET"]}}],"collection":[{"href":"https:\/\/www.manquepierda.com\/futbolandia\/wp-json\/wp\/v2\/posts"}],"about":[{"href":"https:\/\/www.manquepierda.com\/futbolandia\/wp-json\/wp\/v2\/types\/post"}],"author":[{"embeddable":true,"href":"https:\/\/www.manquepierda.com\/futbolandia\/wp-json\/wp\/v2\/users\/431"}],"replies":[{"embeddable":true,"href":"https:\/\/www.manquepierda.com\/futbolandia\/wp-json\/wp\/v2\/comments?post=4970"}],"version-history":[{"count":0,"href":"https:\/\/www.manquepierda.com\/futbolandia\/wp-json\/wp\/v2\/posts\/4970\/revisions"}],"wp:featuredmedia":[{"embeddable":true,"href":"https:\/\/www.manquepierda.com\/futbolandia\/wp-json\/wp\/v2\/media\/4971"}],"wp:attachment":[{"href":"https:\/\/www.manquepierda.com\/futbolandia\/wp-json\/wp\/v2\/media?parent=4970"}],"wp:term":[{"taxonomy":"category","embeddable":true,"href":"https:\/\/www.manquepierda.com\/futbolandia\/wp-json\/wp\/v2\/categories?post=4970"},{"taxonomy":"post_tag","embeddable":true,"href":"https:\/\/www.manquepierda.com\/futbolandia\/wp-json\/wp\/v2\/tags?post=4970"}],"curies":[{"name":"wp","href":"https:\/\/api.w.org\/{rel}","templated":true}]}}