{"id":5096,"date":"2015-02-23T18:27:29","date_gmt":"2015-02-23T16:27:29","guid":{"rendered":"http:\/\/www.manquepierda.com\/futbolandia\/?p=5096"},"modified":"2015-02-23T18:27:29","modified_gmt":"2015-02-23T16:27:29","slug":"e-sala-rabiot-o-batshuayi-estrellas-de-la-jornada-en-francia","status":"publish","type":"post","link":"https:\/\/www.manquepierda.com\/futbolandia\/e-sala-rabiot-o-batshuayi-estrellas-de-la-jornada-en-francia\/","title":{"rendered":"E. Sala, Rabiot o Batshuayi, estrellas de la jornada en Francia"},"content":{"rendered":"<figure id=\"attachment_5099\" aria-describedby=\"caption-attachment-5099\" style=\"width: 461px\" class=\"wp-caption alignleft\"><a href=\"https:\/\/i0.wp.com\/www.manquepierda.com\/futbolandia\/files\/2015\/02\/Rabiot-y-Pastore-PSG.jpg\"><img data-recalc-dims=\"1\" loading=\"lazy\" decoding=\"async\" data-attachment-id=\"5099\" data-permalink=\"https:\/\/www.manquepierda.com\/futbolandia\/e-sala-rabiot-o-batshuayi-estrellas-de-la-jornada-en-francia\/rabiot-y-pastore-psg\/\" data-orig-file=\"https:\/\/i0.wp.com\/www.manquepierda.com\/futbolandia\/files\/2015\/02\/Rabiot-y-Pastore-PSG.jpg?fit=800%2C590&amp;ssl=1\" data-orig-size=\"800,590\" data-comments-opened=\"1\" data-image-meta=\"{&quot;aperture&quot;:&quot;0&quot;,&quot;credit&quot;:&quot;&quot;,&quot;camera&quot;:&quot;&quot;,&quot;caption&quot;:&quot;&quot;,&quot;created_timestamp&quot;:&quot;0&quot;,&quot;copyright&quot;:&quot;&quot;,&quot;focal_length&quot;:&quot;0&quot;,&quot;iso&quot;:&quot;0&quot;,&quot;shutter_speed&quot;:&quot;0&quot;,&quot;title&quot;:&quot;&quot;,&quot;orientation&quot;:&quot;0&quot;}\" data-image-title=\"Rabiot y Pastore PSG\" data-image-description=\"\" data-image-caption=\"&lt;p&gt;Rabiot celebra su gol junto al argentino Pastore&lt;br \/&gt;\nFoto: elpais.cr&lt;\/p&gt;\n\" data-large-file=\"https:\/\/i0.wp.com\/www.manquepierda.com\/futbolandia\/files\/2015\/02\/Rabiot-y-Pastore-PSG.jpg?fit=800%2C590&amp;ssl=1\" class=\" wp-image-5099\" src=\"https:\/\/i0.wp.com\/www.manquepierda.com\/futbolandia\/files\/2015\/02\/Rabiot-y-Pastore-PSG.jpg?resize=461%2C340\" alt=\"Rabiot celebra su gol junto al argentino Pastore Foto: elpais.cr\" width=\"461\" height=\"340\" srcset=\"https:\/\/i0.wp.com\/www.manquepierda.com\/futbolandia\/files\/2015\/02\/Rabiot-y-Pastore-PSG.jpg?w=800&amp;ssl=1 800w, https:\/\/i0.wp.com\/www.manquepierda.com\/futbolandia\/files\/2015\/02\/Rabiot-y-Pastore-PSG.jpg?resize=300%2C221&amp;ssl=1 300w\" sizes=\"auto, (max-width: 461px) 100vw, 461px\" \/><\/a><figcaption id=\"caption-attachment-5099\" class=\"wp-caption-text\">Rabiot celebra su gol junto al argentino Pastore, juntos decidieron el partido<br \/>Foto: elpais.cr<\/figcaption><\/figure>\n<p>Tras dos jornadas repletas de tropiezos entre los primeros clasificados de Ligue 1, lo que nos llev\u00f3 a afirmar la semana pasada que <a href=\"http:\/\/www.manquepierda.com\/futbolandia\/nadie-quiere-la-liga-en-francia\/\" target=\"_blank\">nadie quer\u00eda la liga en Francia<\/a>, <strong>PSG y Olympique de Lyon se han puesto las pilas e hicieron los deberes esta jornada en la lucha por la liga.<\/strong> Adem\u00e1s el AS M\u00f3naco sigue fuerte gracias a un gol de la mano de una de sus j\u00f3venes promesas, el portugu\u00e9s Bernardo Silva, tras no jugar la pasada fecha por aplazamiento y el O. Marsella dej\u00f3 escapar los tres puntos en el \u00faltimo minuto como ya le pas\u00f3 la jornada pasada aun con el reencuentro de Batshuayi con el gol. Destacable tambi\u00e9n la goleada del Caen que respira m\u00e1s tranquilo tras salir de abajo en un gran momento de forma.<\/p>\n<p><strong>Bernardo Silva fue el h\u00e9roe en el Allianz Riviera de Niza<\/strong>. Y es que el partido no se pudo poner m\u00e1s complicado para el equipo del principado tras la lesi\u00f3n de Kurzawa y la expulsi\u00f3n al filo del descanso de Abdennour, que fue quien se coloc\u00f3 en el lateral izquierdo. Con uno menos los de Jardim no crearon ocasiones y si el Niza, que a pesar de la ausencia de Bauth\u00e9ac tuvo sus opciones especialmente a bal\u00f3n parado, como el cabezazo de Carlos Eduardo al larguero. No obstante, un grosero error de Kevin Gomis en defensa entregando un bal\u00f3n que qued\u00f3 franco a Bernardo Silva permiti\u00f3 al joven futbolista portugu\u00e9s decidir con el 0-1 final en el 85&#8242;, sin tiempo a la reacci\u00f3n.<\/p>\n<p><strong>El PSG si domin\u00f3 su partido, marcado por la movilidad y las ganas del argentino Pastore y por el acierto goleador del joven Adrien Rabiot<\/strong> que culmin\u00f3 dos buenas jugadas con el argentino como protagonista y decidi\u00f3 un partido que despu\u00e9s redondearon Ben Yedder y Thiago Silva para colocar el 3-1 definitivo. Una victoria como la que consigui\u00f3 el <strong>Olympique de Lyon, que deb\u00eda ganar si quer\u00eda continuar l\u00edder por encima de los parisimos y lo consigui\u00f3 gracias a un solitario gol de Fekir,<\/strong> que lleg\u00f3 m\u00e1s fruto del \u00edmpetu y las ganas por pelear el bal\u00f3n que por la calidad previa en la jugada. Los de Fournier, en el regreso de Alex Lacazette, incluso se permitieron el lujo de fallar una pena m\u00e1xima que ejecut\u00f3 Gonalons cuando ya el goleador estaba fuera. Una victoria por la m\u00ednima que los mantiene en lo alto de la clasificaci\u00f3n.<\/p>\n<p><strong>\u00a0<\/strong><\/p>\n<figure id=\"attachment_5100\" aria-describedby=\"caption-attachment-5100\" style=\"width: 419px\" class=\"wp-caption alignright\"><a href=\"https:\/\/i0.wp.com\/www.manquepierda.com\/futbolandia\/files\/2015\/02\/batshuayi-marsella.jpg\"><img data-recalc-dims=\"1\" loading=\"lazy\" decoding=\"async\" data-attachment-id=\"5100\" data-permalink=\"https:\/\/www.manquepierda.com\/futbolandia\/e-sala-rabiot-o-batshuayi-estrellas-de-la-jornada-en-francia\/batshuayi-marsella\/\" data-orig-file=\"https:\/\/i0.wp.com\/www.manquepierda.com\/futbolandia\/files\/2015\/02\/batshuayi-marsella.jpg?fit=795%2C530&amp;ssl=1\" data-orig-size=\"795,530\" data-comments-opened=\"1\" data-image-meta=\"{&quot;aperture&quot;:&quot;0&quot;,&quot;credit&quot;:&quot;AFP&quot;,&quot;camera&quot;:&quot;&quot;,&quot;caption&quot;:&quot;Marseille&#039;s Belgian midfielder Michy Batshuayi celebrates after scoring a goal during the French L1 football match Saint-Etienne (ASSE) vs Marseille (OM) on February 22, 2015 at the Geoffroy-Guichard stadium in Saint-Etienne. AFP PHOTO \/ PHILIPPE MERLE&quot;,&quot;created_timestamp&quot;:&quot;1424640160&quot;,&quot;copyright&quot;:&quot;&quot;,&quot;focal_length&quot;:&quot;0&quot;,&quot;iso&quot;:&quot;0&quot;,&quot;shutter_speed&quot;:&quot;0&quot;,&quot;title&quot;:&quot;498986749&quot;,&quot;orientation&quot;:&quot;0&quot;}\" data-image-title=\"batshuayi marsella\" data-image-description=\"&lt;p&gt;Marseille&amp;#8217;s Belgian midfielder Michy Batshuayi celebrates after scoring a goal during the French L1 football match Saint-Etienne (ASSE) vs Marseille (OM) on February 22, 2015 at the Geoffroy-Guichard stadium in Saint-Etienne. AFP PHOTO \/ PHILIPPE MERLE&lt;\/p&gt;\n\" data-image-caption=\"&lt;p&gt;Batshuayi celebra su gol con furia en una temporada dura&lt;br \/&gt;\nFoto: rtl.fr&lt;\/p&gt;\n\" data-large-file=\"https:\/\/i0.wp.com\/www.manquepierda.com\/futbolandia\/files\/2015\/02\/batshuayi-marsella.jpg?fit=795%2C530&amp;ssl=1\" class=\" wp-image-5100\" src=\"https:\/\/i0.wp.com\/www.manquepierda.com\/futbolandia\/files\/2015\/02\/batshuayi-marsella.jpg?resize=419%2C279\" alt=\"Batshuayi celebra su gol con furia en una temporada dura Foto: rtl.fr\" width=\"419\" height=\"279\" srcset=\"https:\/\/i0.wp.com\/www.manquepierda.com\/futbolandia\/files\/2015\/02\/batshuayi-marsella.jpg?w=795&amp;ssl=1 795w, https:\/\/i0.wp.com\/www.manquepierda.com\/futbolandia\/files\/2015\/02\/batshuayi-marsella.jpg?resize=300%2C200&amp;ssl=1 300w\" sizes=\"auto, (max-width: 419px) 100vw, 419px\" \/><\/a><figcaption id=\"caption-attachment-5100\" class=\"wp-caption-text\">Batshuayi celebra su gol con furia en una temporada dura para \u00e9l<br \/>Foto: rtl.fr<\/figcaption><\/figure>\n<p><strong>Otro que se est\u00e1 encontrando con dificultades para llegar bien a los \u00faltimos minutos de partido es el Olympique de Marsella.<\/strong> Los de Bielsa calcaron el partido del pasado fin de semana en casa ante el Reims. Comenzaron perdiendo, esta vez con un penalti sobre Hamouma que transform\u00f3 Gradel y de nuevo remontaron.\u00a0Se la jug\u00f3 el t\u00e9cnico argentino con un triple cambio dando entrada a Alessandrini y Batshuayi, y no pudo tener mejor resultado cuando el primero asisti\u00f3 por dos veces al belga para que este firmase su doblete.<\/p>\n<p>Sin embargo, el destino parec\u00eda tenerle preparada de nuevo un trago similar al de la jornada anterior cuando David N&#8217;Gog empat\u00f3 en el descuento para el Reims y esta vez fue Erdin\u00e7 quien con un salto sensacional cabece\u00f3 el empato a la red en el 91&#8242;.<\/p>\n<p><strong>Otro partido rese\u00f1able es el de un Caen muy en forma que gole\u00f3 al Lens con un inspirado Feret, acostumbrado a llevar el peso del equipo y un doblete de Emiliano Sala<\/strong>, al que le ha venido bien salir del Bordeaux .<\/p>\n<p>&nbsp;<\/p>\n","protected":false},"excerpt":{"rendered":"<p>Tras dos jornadas repletas de tropiezos entre los primeros clasificados de Ligue 1, lo que nos llev\u00f3 a afirmar la semana pasada que nadie quer\u00eda la liga en Francia, PSG y Olympique de Lyon se han puesto las pilas e hicieron los deberes esta jornada en la lucha por la liga. Adem\u00e1s el AS M\u00f3naco&#8230;<\/p>\n","protected":false},"author":93,"featured_media":5100,"comment_status":"open","ping_status":"open","sticky":false,"template":"","format":"standard","meta":{"_kad_post_transparent":"","_kad_post_title":"","_kad_post_layout":"","_kad_post_sidebar_id":"","_kad_post_content_style":"","_kad_post_vertical_padding":"","_kad_post_feature":"","_kad_post_feature_position":"","_kad_post_header":false,"_kad_post_footer":false,"_kad_post_classname":"","_jetpack_memberships_contains_paid_content":false,"footnotes":"","jetpack_publicize_message":"","jetpack_publicize_feature_enabled":true,"jetpack_social_post_already_shared":true,"jetpack_social_options":{"image_generator_settings":{"template":"highway","default_image_id":0,"font":"","enabled":false},"version":2}},"categories":[1368,10],"tags":[839,1843,420,43,90,1669,730,1604],"class_list":["post-5096","post","type-post","status-publish","format-standard","has-post-thumbnail","hentry","category-ligas-mundo","category-portada","tag-batshuayi","tag-erdinc-bernardo-silva","tag-francia","tag-goles","tag-jornada","tag-ligue1","tag-rabiot","tag-sala"],"yoast_head":"<!-- This site is optimized with the Yoast SEO plugin v27.5 - https:\/\/yoast.com\/product\/yoast-seo-wordpress\/ -->\n<title>E. Sala, Rabiot o Batshuayi, estrellas de la jornada en Francia &#8211; Futbolandia<\/title>\n<meta name=\"robots\" content=\"index, follow, max-snippet:-1, max-image-preview:large, max-video-preview:-1\" \/>\n<link rel=\"canonical\" href=\"https:\/\/www.manquepierda.com\/futbolandia\/e-sala-rabiot-o-batshuayi-estrellas-de-la-jornada-en-francia\/\" \/>\n<meta property=\"og:locale\" content=\"es_ES\" \/>\n<meta property=\"og:type\" content=\"article\" \/>\n<meta property=\"og:title\" content=\"E. Sala, Rabiot o Batshuayi, estrellas de la jornada en Francia &#8211; Futbolandia\" \/>\n<meta property=\"og:description\" content=\"Tras dos jornadas repletas de tropiezos entre los primeros clasificados de Ligue 1, lo que nos llev\u00f3 a afirmar la semana pasada que nadie quer\u00eda la liga en Francia, PSG y Olympique de Lyon se han puesto las pilas e hicieron los deberes esta jornada en la lucha por la liga. Adem\u00e1s el AS M\u00f3naco...\" \/>\n<meta property=\"og:url\" content=\"https:\/\/www.manquepierda.com\/futbolandia\/e-sala-rabiot-o-batshuayi-estrellas-de-la-jornada-en-francia\/\" \/>\n<meta property=\"og:site_name\" content=\"Futbolandia\" \/>\n<meta property=\"article:published_time\" content=\"2015-02-23T16:27:29+00:00\" \/>\n<meta property=\"og:image\" content=\"https:\/\/i1.wp.com\/www.manquepierda.com\/futbolandia\/files\/2015\/02\/batshuayi-marsella.jpg?fit=795%2C530&ssl=1\" \/>\n\t<meta property=\"og:image:width\" content=\"795\" \/>\n\t<meta property=\"og:image:height\" content=\"530\" \/>\n\t<meta property=\"og:image:type\" content=\"image\/jpeg\" \/>\n<meta name=\"author\" content=\"Jorge M. Gonz\u00e1lez\" \/>\n<meta name=\"twitter:label1\" content=\"Escrito por\" \/>\n\t<meta name=\"twitter:data1\" content=\"Jorge M. Gonz\u00e1lez\" \/>\n\t<meta name=\"twitter:label2\" content=\"Tiempo de lectura\" \/>\n\t<meta name=\"twitter:data2\" content=\"3 minutos\" \/>\n<script type=\"application\/ld+json\" class=\"yoast-schema-graph\">{\"@context\":\"https:\\\/\\\/schema.org\",\"@graph\":[{\"@type\":\"Article\",\"@id\":\"https:\\\/\\\/www.manquepierda.com\\\/futbolandia\\\/e-sala-rabiot-o-batshuayi-estrellas-de-la-jornada-en-francia\\\/#article\",\"isPartOf\":{\"@id\":\"https:\\\/\\\/www.manquepierda.com\\\/futbolandia\\\/e-sala-rabiot-o-batshuayi-estrellas-de-la-jornada-en-francia\\\/\"},\"author\":{\"name\":\"Jorge M. Gonz\u00e1lez\",\"@id\":\"https:\\\/\\\/www.manquepierda.com\\\/futbolandia\\\/#\\\/schema\\\/person\\\/fdb4eabc3c2e0e717a790a4ce10cd2b3\"},\"headline\":\"E. Sala, Rabiot o Batshuayi, estrellas de la jornada en Francia\",\"datePublished\":\"2015-02-23T16:27:29+00:00\",\"mainEntityOfPage\":{\"@id\":\"https:\\\/\\\/www.manquepierda.com\\\/futbolandia\\\/e-sala-rabiot-o-batshuayi-estrellas-de-la-jornada-en-francia\\\/\"},\"wordCount\":658,\"commentCount\":0,\"image\":{\"@id\":\"https:\\\/\\\/www.manquepierda.com\\\/futbolandia\\\/e-sala-rabiot-o-batshuayi-estrellas-de-la-jornada-en-francia\\\/#primaryimage\"},\"thumbnailUrl\":\"https:\\\/\\\/i0.wp.com\\\/www.manquepierda.com\\\/futbolandia\\\/files\\\/2015\\\/02\\\/batshuayi-marsella.jpg?fit=795%2C530&ssl=1\",\"keywords\":[\"batshuayi\",\"erdin\u00e7. bernardo silva\",\"Francia\",\"goles\",\"jornada\",\"Ligue1\",\"rabiot\",\"sala\"],\"articleSection\":[\"Ligas del Mundo\",\"Portada\"],\"inLanguage\":\"es\",\"potentialAction\":[{\"@type\":\"CommentAction\",\"name\":\"Comment\",\"target\":[\"https:\\\/\\\/www.manquepierda.com\\\/futbolandia\\\/e-sala-rabiot-o-batshuayi-estrellas-de-la-jornada-en-francia\\\/#respond\"]}]},{\"@type\":\"WebPage\",\"@id\":\"https:\\\/\\\/www.manquepierda.com\\\/futbolandia\\\/e-sala-rabiot-o-batshuayi-estrellas-de-la-jornada-en-francia\\\/\",\"url\":\"https:\\\/\\\/www.manquepierda.com\\\/futbolandia\\\/e-sala-rabiot-o-batshuayi-estrellas-de-la-jornada-en-francia\\\/\",\"name\":\"E. Sala, Rabiot o Batshuayi, estrellas de la jornada en Francia &#8211; Futbolandia\",\"isPartOf\":{\"@id\":\"https:\\\/\\\/www.manquepierda.com\\\/futbolandia\\\/#website\"},\"primaryImageOfPage\":{\"@id\":\"https:\\\/\\\/www.manquepierda.com\\\/futbolandia\\\/e-sala-rabiot-o-batshuayi-estrellas-de-la-jornada-en-francia\\\/#primaryimage\"},\"image\":{\"@id\":\"https:\\\/\\\/www.manquepierda.com\\\/futbolandia\\\/e-sala-rabiot-o-batshuayi-estrellas-de-la-jornada-en-francia\\\/#primaryimage\"},\"thumbnailUrl\":\"https:\\\/\\\/i0.wp.com\\\/www.manquepierda.com\\\/futbolandia\\\/files\\\/2015\\\/02\\\/batshuayi-marsella.jpg?fit=795%2C530&ssl=1\",\"datePublished\":\"2015-02-23T16:27:29+00:00\",\"author\":{\"@id\":\"https:\\\/\\\/www.manquepierda.com\\\/futbolandia\\\/#\\\/schema\\\/person\\\/fdb4eabc3c2e0e717a790a4ce10cd2b3\"},\"breadcrumb\":{\"@id\":\"https:\\\/\\\/www.manquepierda.com\\\/futbolandia\\\/e-sala-rabiot-o-batshuayi-estrellas-de-la-jornada-en-francia\\\/#breadcrumb\"},\"inLanguage\":\"es\",\"potentialAction\":[{\"@type\":\"ReadAction\",\"target\":[\"https:\\\/\\\/www.manquepierda.com\\\/futbolandia\\\/e-sala-rabiot-o-batshuayi-estrellas-de-la-jornada-en-francia\\\/\"]}]},{\"@type\":\"ImageObject\",\"inLanguage\":\"es\",\"@id\":\"https:\\\/\\\/www.manquepierda.com\\\/futbolandia\\\/e-sala-rabiot-o-batshuayi-estrellas-de-la-jornada-en-francia\\\/#primaryimage\",\"url\":\"https:\\\/\\\/i0.wp.com\\\/www.manquepierda.com\\\/futbolandia\\\/files\\\/2015\\\/02\\\/batshuayi-marsella.jpg?fit=795%2C530&ssl=1\",\"contentUrl\":\"https:\\\/\\\/i0.wp.com\\\/www.manquepierda.com\\\/futbolandia\\\/files\\\/2015\\\/02\\\/batshuayi-marsella.jpg?fit=795%2C530&ssl=1\",\"width\":795,\"height\":530,\"caption\":\"Batshuayi celebra su gol con furia en una temporada dura Foto: rtl.fr\"},{\"@type\":\"BreadcrumbList\",\"@id\":\"https:\\\/\\\/www.manquepierda.com\\\/futbolandia\\\/e-sala-rabiot-o-batshuayi-estrellas-de-la-jornada-en-francia\\\/#breadcrumb\",\"itemListElement\":[{\"@type\":\"ListItem\",\"position\":1,\"name\":\"Portada\",\"item\":\"https:\\\/\\\/www.manquepierda.com\\\/futbolandia\\\/\"},{\"@type\":\"ListItem\",\"position\":2,\"name\":\"E. Sala, Rabiot o Batshuayi, estrellas de la jornada en Francia\"}]},{\"@type\":\"WebSite\",\"@id\":\"https:\\\/\\\/www.manquepierda.com\\\/futbolandia\\\/#website\",\"url\":\"https:\\\/\\\/www.manquepierda.com\\\/futbolandia\\\/\",\"name\":\"Futbolandia\",\"description\":\"Reportajes e informaci\u00f3n sobre f\u00fatbol mundial y j\u00f3venes promesas\",\"potentialAction\":[{\"@type\":\"SearchAction\",\"target\":{\"@type\":\"EntryPoint\",\"urlTemplate\":\"https:\\\/\\\/www.manquepierda.com\\\/futbolandia\\\/?s={search_term_string}\"},\"query-input\":{\"@type\":\"PropertyValueSpecification\",\"valueRequired\":true,\"valueName\":\"search_term_string\"}}],\"inLanguage\":\"es\"},{\"@type\":\"Person\",\"@id\":\"https:\\\/\\\/www.manquepierda.com\\\/futbolandia\\\/#\\\/schema\\\/person\\\/fdb4eabc3c2e0e717a790a4ce10cd2b3\",\"name\":\"Jorge M. Gonz\u00e1lez\",\"image\":{\"@type\":\"ImageObject\",\"inLanguage\":\"es\",\"@id\":\"https:\\\/\\\/secure.gravatar.com\\\/avatar\\\/40fe62083e523c4134f75fb1d06ea73b4503d9162f3c6e89800e90f1bbd7f262?s=96&d=mm&r=g\",\"url\":\"https:\\\/\\\/secure.gravatar.com\\\/avatar\\\/40fe62083e523c4134f75fb1d06ea73b4503d9162f3c6e89800e90f1bbd7f262?s=96&d=mm&r=g\",\"contentUrl\":\"https:\\\/\\\/secure.gravatar.com\\\/avatar\\\/40fe62083e523c4134f75fb1d06ea73b4503d9162f3c6e89800e90f1bbd7f262?s=96&d=mm&r=g\",\"caption\":\"Jorge M. Gonz\u00e1lez\"},\"description\":\"Apasionado del f\u00fatbol internacional y Social Media Manager. Me gusta seguir ligas extranjeras y a las j\u00f3venes promesas de todo el mundo. S\u00edgueme en twitter para compartir afici\u00f3n: @jorgegonex\",\"sameAs\":[\"http:\\\/\\\/manquepierda.com\\\/\",\"https:\\\/\\\/x.com\\\/https:\\\/\\\/twitter.com\\\/jorgegonex\",\"https:\\\/\\\/www.youtube.com\\\/user\\\/FutbolandiaMQP\"],\"url\":\"https:\\\/\\\/www.manquepierda.com\\\/futbolandia\\\/author\\\/jorgegonzalez\\\/\"}]}<\/script>\n<!-- \/ Yoast SEO plugin. -->","yoast_head_json":{"title":"E. Sala, Rabiot o Batshuayi, estrellas de la jornada en Francia &#8211; Futbolandia","robots":{"index":"index","follow":"follow","max-snippet":"max-snippet:-1","max-image-preview":"max-image-preview:large","max-video-preview":"max-video-preview:-1"},"canonical":"https:\/\/www.manquepierda.com\/futbolandia\/e-sala-rabiot-o-batshuayi-estrellas-de-la-jornada-en-francia\/","og_locale":"es_ES","og_type":"article","og_title":"E. Sala, Rabiot o Batshuayi, estrellas de la jornada en Francia &#8211; Futbolandia","og_description":"Tras dos jornadas repletas de tropiezos entre los primeros clasificados de Ligue 1, lo que nos llev\u00f3 a afirmar la semana pasada que nadie quer\u00eda la liga en Francia, PSG y Olympique de Lyon se han puesto las pilas e hicieron los deberes esta jornada en la lucha por la liga. Adem\u00e1s el AS M\u00f3naco...","og_url":"https:\/\/www.manquepierda.com\/futbolandia\/e-sala-rabiot-o-batshuayi-estrellas-de-la-jornada-en-francia\/","og_site_name":"Futbolandia","article_published_time":"2015-02-23T16:27:29+00:00","og_image":[{"width":795,"height":530,"url":"https:\/\/i1.wp.com\/www.manquepierda.com\/futbolandia\/files\/2015\/02\/batshuayi-marsella.jpg?fit=795%2C530&ssl=1","type":"image\/jpeg"}],"author":"Jorge M. Gonz\u00e1lez","twitter_misc":{"Escrito por":"Jorge M. Gonz\u00e1lez","Tiempo de lectura":"3 minutos"},"schema":{"@context":"https:\/\/schema.org","@graph":[{"@type":"Article","@id":"https:\/\/www.manquepierda.com\/futbolandia\/e-sala-rabiot-o-batshuayi-estrellas-de-la-jornada-en-francia\/#article","isPartOf":{"@id":"https:\/\/www.manquepierda.com\/futbolandia\/e-sala-rabiot-o-batshuayi-estrellas-de-la-jornada-en-francia\/"},"author":{"name":"Jorge M. Gonz\u00e1lez","@id":"https:\/\/www.manquepierda.com\/futbolandia\/#\/schema\/person\/fdb4eabc3c2e0e717a790a4ce10cd2b3"},"headline":"E. Sala, Rabiot o Batshuayi, estrellas de la jornada en Francia","datePublished":"2015-02-23T16:27:29+00:00","mainEntityOfPage":{"@id":"https:\/\/www.manquepierda.com\/futbolandia\/e-sala-rabiot-o-batshuayi-estrellas-de-la-jornada-en-francia\/"},"wordCount":658,"commentCount":0,"image":{"@id":"https:\/\/www.manquepierda.com\/futbolandia\/e-sala-rabiot-o-batshuayi-estrellas-de-la-jornada-en-francia\/#primaryimage"},"thumbnailUrl":"https:\/\/i0.wp.com\/www.manquepierda.com\/futbolandia\/files\/2015\/02\/batshuayi-marsella.jpg?fit=795%2C530&ssl=1","keywords":["batshuayi","erdin\u00e7. bernardo silva","Francia","goles","jornada","Ligue1","rabiot","sala"],"articleSection":["Ligas del Mundo","Portada"],"inLanguage":"es","potentialAction":[{"@type":"CommentAction","name":"Comment","target":["https:\/\/www.manquepierda.com\/futbolandia\/e-sala-rabiot-o-batshuayi-estrellas-de-la-jornada-en-francia\/#respond"]}]},{"@type":"WebPage","@id":"https:\/\/www.manquepierda.com\/futbolandia\/e-sala-rabiot-o-batshuayi-estrellas-de-la-jornada-en-francia\/","url":"https:\/\/www.manquepierda.com\/futbolandia\/e-sala-rabiot-o-batshuayi-estrellas-de-la-jornada-en-francia\/","name":"E. Sala, Rabiot o Batshuayi, estrellas de la jornada en Francia &#8211; Futbolandia","isPartOf":{"@id":"https:\/\/www.manquepierda.com\/futbolandia\/#website"},"primaryImageOfPage":{"@id":"https:\/\/www.manquepierda.com\/futbolandia\/e-sala-rabiot-o-batshuayi-estrellas-de-la-jornada-en-francia\/#primaryimage"},"image":{"@id":"https:\/\/www.manquepierda.com\/futbolandia\/e-sala-rabiot-o-batshuayi-estrellas-de-la-jornada-en-francia\/#primaryimage"},"thumbnailUrl":"https:\/\/i0.wp.com\/www.manquepierda.com\/futbolandia\/files\/2015\/02\/batshuayi-marsella.jpg?fit=795%2C530&ssl=1","datePublished":"2015-02-23T16:27:29+00:00","author":{"@id":"https:\/\/www.manquepierda.com\/futbolandia\/#\/schema\/person\/fdb4eabc3c2e0e717a790a4ce10cd2b3"},"breadcrumb":{"@id":"https:\/\/www.manquepierda.com\/futbolandia\/e-sala-rabiot-o-batshuayi-estrellas-de-la-jornada-en-francia\/#breadcrumb"},"inLanguage":"es","potentialAction":[{"@type":"ReadAction","target":["https:\/\/www.manquepierda.com\/futbolandia\/e-sala-rabiot-o-batshuayi-estrellas-de-la-jornada-en-francia\/"]}]},{"@type":"ImageObject","inLanguage":"es","@id":"https:\/\/www.manquepierda.com\/futbolandia\/e-sala-rabiot-o-batshuayi-estrellas-de-la-jornada-en-francia\/#primaryimage","url":"https:\/\/i0.wp.com\/www.manquepierda.com\/futbolandia\/files\/2015\/02\/batshuayi-marsella.jpg?fit=795%2C530&ssl=1","contentUrl":"https:\/\/i0.wp.com\/www.manquepierda.com\/futbolandia\/files\/2015\/02\/batshuayi-marsella.jpg?fit=795%2C530&ssl=1","width":795,"height":530,"caption":"Batshuayi celebra su gol con furia en una temporada dura Foto: rtl.fr"},{"@type":"BreadcrumbList","@id":"https:\/\/www.manquepierda.com\/futbolandia\/e-sala-rabiot-o-batshuayi-estrellas-de-la-jornada-en-francia\/#breadcrumb","itemListElement":[{"@type":"ListItem","position":1,"name":"Portada","item":"https:\/\/www.manquepierda.com\/futbolandia\/"},{"@type":"ListItem","position":2,"name":"E. Sala, Rabiot o Batshuayi, estrellas de la jornada en Francia"}]},{"@type":"WebSite","@id":"https:\/\/www.manquepierda.com\/futbolandia\/#website","url":"https:\/\/www.manquepierda.com\/futbolandia\/","name":"Futbolandia","description":"Reportajes e informaci\u00f3n sobre f\u00fatbol mundial y j\u00f3venes promesas","potentialAction":[{"@type":"SearchAction","target":{"@type":"EntryPoint","urlTemplate":"https:\/\/www.manquepierda.com\/futbolandia\/?s={search_term_string}"},"query-input":{"@type":"PropertyValueSpecification","valueRequired":true,"valueName":"search_term_string"}}],"inLanguage":"es"},{"@type":"Person","@id":"https:\/\/www.manquepierda.com\/futbolandia\/#\/schema\/person\/fdb4eabc3c2e0e717a790a4ce10cd2b3","name":"Jorge M. Gonz\u00e1lez","image":{"@type":"ImageObject","inLanguage":"es","@id":"https:\/\/secure.gravatar.com\/avatar\/40fe62083e523c4134f75fb1d06ea73b4503d9162f3c6e89800e90f1bbd7f262?s=96&d=mm&r=g","url":"https:\/\/secure.gravatar.com\/avatar\/40fe62083e523c4134f75fb1d06ea73b4503d9162f3c6e89800e90f1bbd7f262?s=96&d=mm&r=g","contentUrl":"https:\/\/secure.gravatar.com\/avatar\/40fe62083e523c4134f75fb1d06ea73b4503d9162f3c6e89800e90f1bbd7f262?s=96&d=mm&r=g","caption":"Jorge M. Gonz\u00e1lez"},"description":"Apasionado del f\u00fatbol internacional y Social Media Manager. Me gusta seguir ligas extranjeras y a las j\u00f3venes promesas de todo el mundo. S\u00edgueme en twitter para compartir afici\u00f3n: @jorgegonex","sameAs":["http:\/\/manquepierda.com\/","https:\/\/x.com\/https:\/\/twitter.com\/jorgegonex","https:\/\/www.youtube.com\/user\/FutbolandiaMQP"],"url":"https:\/\/www.manquepierda.com\/futbolandia\/author\/jorgegonzalez\/"}]}},"jetpack_publicize_connections":[],"jetpack_featured_media_url":"https:\/\/i0.wp.com\/www.manquepierda.com\/futbolandia\/files\/2015\/02\/batshuayi-marsella.jpg?fit=795%2C530&ssl=1","jetpack_shortlink":"https:\/\/wp.me\/p1THIg-1kc","jetpack_sharing_enabled":true,"_links":{"self":[{"href":"https:\/\/www.manquepierda.com\/futbolandia\/wp-json\/wp\/v2\/posts\/5096","targetHints":{"allow":["GET"]}}],"collection":[{"href":"https:\/\/www.manquepierda.com\/futbolandia\/wp-json\/wp\/v2\/posts"}],"about":[{"href":"https:\/\/www.manquepierda.com\/futbolandia\/wp-json\/wp\/v2\/types\/post"}],"author":[{"embeddable":true,"href":"https:\/\/www.manquepierda.com\/futbolandia\/wp-json\/wp\/v2\/users\/93"}],"replies":[{"embeddable":true,"href":"https:\/\/www.manquepierda.com\/futbolandia\/wp-json\/wp\/v2\/comments?post=5096"}],"version-history":[{"count":0,"href":"https:\/\/www.manquepierda.com\/futbolandia\/wp-json\/wp\/v2\/posts\/5096\/revisions"}],"wp:featuredmedia":[{"embeddable":true,"href":"https:\/\/www.manquepierda.com\/futbolandia\/wp-json\/wp\/v2\/media\/5100"}],"wp:attachment":[{"href":"https:\/\/www.manquepierda.com\/futbolandia\/wp-json\/wp\/v2\/media?parent=5096"}],"wp:term":[{"taxonomy":"category","embeddable":true,"href":"https:\/\/www.manquepierda.com\/futbolandia\/wp-json\/wp\/v2\/categories?post=5096"},{"taxonomy":"post_tag","embeddable":true,"href":"https:\/\/www.manquepierda.com\/futbolandia\/wp-json\/wp\/v2\/tags?post=5096"}],"curies":[{"name":"wp","href":"https:\/\/api.w.org\/{rel}","templated":true}]}}