{"id":5103,"date":"2015-02-24T00:29:37","date_gmt":"2015-02-23T22:29:37","guid":{"rendered":"http:\/\/www.manquepierda.com\/futbolandia\/?p=5103"},"modified":"2015-02-24T00:37:26","modified_gmt":"2015-02-23T22:37:26","slug":"y-de-nuevo-los-despachos-le-dan-una-patada-al-futbol","status":"publish","type":"post","link":"https:\/\/www.manquepierda.com\/futbolandia\/y-de-nuevo-los-despachos-le-dan-una-patada-al-futbol\/","title":{"rendered":"Y de nuevo, los despachos le dan una patada al f\u00fatbol&#8230;"},"content":{"rendered":"<p>Siempre se nos pide que en este tipo de publicaciones de forma regular informemos de lo m\u00e1s destacado. Pero la verdad es que lo m\u00e1s destacado de esta jornada en Italia es que un hist\u00f3rico de Italia, el Parma, se ha declarado en banca rota y est\u00e1 condenado a desaparecer. Ni siquiera ha podido pagar la luz ni a los vigilantes de seguridad para que se pudiera disputar el partido de ayer frente al Udinese en el Ennio Tardini. <em>Como olvidar aquel Parma de los 90 del que salieron jugadores tan ilustres como Lilian Thuram, Cannavaro,Hern\u00e1n Crespo, Adriano \u2018Il Emperatore\u2019 o el actual portero de la Juventus, GianLuigi Buffon.<\/em> Aunque no gan\u00f3 ning\u00fan Scudetto ya que la mejor posici\u00f3n que obtuvo en esta d\u00e9cada fue una segunda plaza s\u00ed que gano dos copas de Italia y se le reconoce el m\u00e9rito de ser uno de los mejores conjuntos italianos de la d\u00e9cada.<\/p>\n<p>Veremos en que acaba todo esto, pero la verdad que pinta muy mal para el conjunto parmesano. Equipo que ha cambiado dos veces de due\u00f1o en dos meses y una situaci\u00f3n tanto a nivel econ\u00f3mico financiera como futbol\u00edstica y social que pinta bastante mal. Adem\u00e1s los jugadores llevan varios meses sin recibir su respectivo salario y no sabemos hasta cu\u00e1ndo van a poder soportar esto y hasta cu\u00e1ndo se va a alargar esta situaci\u00f3n.<\/p>\n<figure style=\"width: 550px\" class=\"wp-caption aligncenter\"><img data-recalc-dims=\"1\" loading=\"lazy\" decoding=\"async\" src=\"https:\/\/i0.wp.com\/cache4.asset-cache.net\/gc\/461721914-parma-fc-players-show-their-dejection-at-the-gettyimages.jpg?resize=550%2C359\" alt=\"\" width=\"550\" height=\"359\" \/><figcaption class=\"wp-caption-text\">Foto del Parma en el partido de la jornada pasada, qui\u00e9n sabe si ser\u00e1 el \u00faltimo de su historia&#8230; (FOTO: www.spherasports.com)<\/figcaption><\/figure>\n<p>&nbsp;<\/p>\n<p>Dejando a un lado este triste apartado y dedic\u00e1ndonos al f\u00fatbol. Fue una jornada diferente en Italia, jornada que se alargar\u00e1 hasta el martes, una jornada de cinco d\u00edas. <em>Hubieron dos partidos suspendidos, el Parma-Udinese que acabamos de comentar y el derbi della Lanterna, Sampdoria-Genoa, que fue aplazada hasta ma\u00f1ana por lluvia.<\/em><\/p>\n<p><strong>El viernes jug\u00f3 el l\u00edder que gano por la minima al Atalanta (2-1)<\/strong>. La vecchia signora tuvo que remontar un gol visitante, Llorente y Pirlo con un disparo excepcional desde fuera del \u00e1rea fueron los encargados de dar la victoria y adem\u00e1s de aumentar su ventaja respecto a la Roma que no pudo pasar del empate ante el Hellas Verona. Un empate que le hace alejarse de la pelea por el titulo y pone en peligro su segundo puesto.<\/p>\n<p><strong>La Lazio por su parte se afianza en la cuarta posici\u00f3n despu\u00e9s de imponerse al Palermo por la minima (2-1). A pesar de que se adelant\u00f3 el Palermo por medio de Dybala, pudieron remontar Mauri y luego Candreva<\/strong> para llevarse los tres puntos. Por otro lado, la <strong>Fiorentina<\/strong> no pudo pasar en del empate en casa ante el Torino, con un mal partido en el que solo destac\u00f3 el gol de Salah.<\/p>\n<p>En otros partidos disputados en esta jornada, <strong>el Empoli gole\u00f3 y convenci\u00f3 imponi\u00e9ndose ante el Chievo Verona<\/strong> por 3-0, gracias a un tanto de Rugani y dos del veterano Macacarrone. Y <strong>adem\u00e1s, el Mil\u00e1n recuper\u00f3 la senda de la victoria aunque sigue sin convencer.<\/strong> Se impuso en San Siro al Cesena, pen\u00faltimo clasificado de la Serie A, con goles de Bonaventura y Pazzini. Solo nos queda por destacar los dos partidos que se jugaron hoy, lunes. <strong>El Inter gano a domicilio ante el Cagliari por 1-2 con goles de Kovacic y Icardi y por su parte, el Napoli gan\u00f3 en San Paolo por 2-0 frente al Sassuolo con goles de Zapata y Hamsik que no llegaron hasta bien pasada la hora de juego.<\/strong> Por \u00faltimo, estamos a la espera del derbi entre Genoa y Sampdoria que se jugar\u00e1 ma\u00f1ana y que suceder\u00e1 con la situaci\u00f3n del Parma.<\/p>\n<figure style=\"width: 495px\" class=\"wp-caption aligncenter\"><img data-recalc-dims=\"1\" loading=\"lazy\" decoding=\"async\" src=\"https:\/\/i0.wp.com\/img3.spherasports.com\/wp-content\/uploads\/2015\/02\/464118554.jpg?resize=495%2C330\" alt=\"\" width=\"495\" height=\"330\" \/><figcaption class=\"wp-caption-text\">El Mil\u00e1n volvi\u00f3 a recuperar la senda de la victoria aunque su juego sigue sin convencer (FOTO: www.spherasports.com)<\/figcaption><\/figure>\n<p>&nbsp;<\/p>\n","protected":false},"excerpt":{"rendered":"<p>Siempre se nos pide que en este tipo de publicaciones de forma regular informemos de lo m\u00e1s destacado. Pero la verdad es que lo m\u00e1s destacado de esta jornada en Italia es que un hist\u00f3rico de Italia, el Parma, se ha declarado en banca rota y est\u00e1 condenado a desaparecer. Ni siquiera ha podido pagar&#8230;<\/p>\n","protected":false},"author":442,"featured_media":5104,"comment_status":"open","ping_status":"open","sticky":false,"template":"","format":"standard","meta":{"_kad_post_transparent":"","_kad_post_title":"","_kad_post_layout":"","_kad_post_sidebar_id":"","_kad_post_content_style":"","_kad_post_vertical_padding":"","_kad_post_feature":"","_kad_post_feature_position":"","_kad_post_header":false,"_kad_post_footer":false,"_kad_post_classname":"","_jetpack_memberships_contains_paid_content":false,"footnotes":"","jetpack_publicize_message":"","jetpack_publicize_feature_enabled":true,"jetpack_social_post_already_shared":true,"jetpack_social_options":{"image_generator_settings":{"template":"highway","default_image_id":0,"font":"","enabled":false},"version":2}},"categories":[725,7,10,1370],"tags":[132,1805,826,135,131],"class_list":["post-5103","post","type-post","status-publish","format-standard","has-post-thumbnail","hentry","category-competiciones-internacionales","category-opinion","category-portada","category-serie-a-futbol-italiano","tag-calcio","tag-juve","tag-parma","tag-roma","tag-serie-a"],"yoast_head":"<!-- This site is optimized with the Yoast SEO plugin v27.5 - https:\/\/yoast.com\/product\/yoast-seo-wordpress\/ -->\n<title>Y de nuevo, los despachos le dan una patada al f\u00fatbol... &#8211; Futbolandia<\/title>\n<meta name=\"robots\" content=\"index, follow, max-snippet:-1, max-image-preview:large, max-video-preview:-1\" \/>\n<link rel=\"canonical\" href=\"https:\/\/www.manquepierda.com\/futbolandia\/y-de-nuevo-los-despachos-le-dan-una-patada-al-futbol\/\" \/>\n<meta property=\"og:locale\" content=\"es_ES\" \/>\n<meta property=\"og:type\" content=\"article\" \/>\n<meta property=\"og:title\" content=\"Y de nuevo, los despachos le dan una patada al f\u00fatbol... &#8211; Futbolandia\" \/>\n<meta property=\"og:description\" content=\"Siempre se nos pide que en este tipo de publicaciones de forma regular informemos de lo m\u00e1s destacado. Pero la verdad es que lo m\u00e1s destacado de esta jornada en Italia es que un hist\u00f3rico de Italia, el Parma, se ha declarado en banca rota y est\u00e1 condenado a desaparecer. Ni siquiera ha podido pagar...\" \/>\n<meta property=\"og:url\" content=\"https:\/\/www.manquepierda.com\/futbolandia\/y-de-nuevo-los-despachos-le-dan-una-patada-al-futbol\/\" \/>\n<meta property=\"og:site_name\" content=\"Futbolandia\" \/>\n<meta property=\"article:published_time\" content=\"2015-02-23T22:29:37+00:00\" \/>\n<meta property=\"article:modified_time\" content=\"2015-02-23T22:37:26+00:00\" \/>\n<meta property=\"og:image\" content=\"https:\/\/i0.wp.com\/www.manquepierda.com\/futbolandia\/files\/2015\/02\/463972702.jpg?fit=628%2C419&ssl=1\" \/>\n\t<meta property=\"og:image:width\" content=\"628\" \/>\n\t<meta property=\"og:image:height\" content=\"419\" \/>\n\t<meta property=\"og:image:type\" content=\"image\/jpeg\" \/>\n<meta name=\"author\" content=\"Jordi Bernal Albiol\" \/>\n<meta name=\"twitter:label1\" content=\"Escrito por\" \/>\n\t<meta name=\"twitter:data1\" content=\"Jordi Bernal Albiol\" \/>\n\t<meta name=\"twitter:label2\" content=\"Tiempo de lectura\" \/>\n\t<meta name=\"twitter:data2\" content=\"3 minutos\" \/>\n<script type=\"application\/ld+json\" class=\"yoast-schema-graph\">{\"@context\":\"https:\\\/\\\/schema.org\",\"@graph\":[{\"@type\":\"Article\",\"@id\":\"https:\\\/\\\/www.manquepierda.com\\\/futbolandia\\\/y-de-nuevo-los-despachos-le-dan-una-patada-al-futbol\\\/#article\",\"isPartOf\":{\"@id\":\"https:\\\/\\\/www.manquepierda.com\\\/futbolandia\\\/y-de-nuevo-los-despachos-le-dan-una-patada-al-futbol\\\/\"},\"author\":{\"name\":\"Jordi Bernal Albiol\",\"@id\":\"https:\\\/\\\/www.manquepierda.com\\\/futbolandia\\\/#\\\/schema\\\/person\\\/847db99271dc4c2cf3ad9f27f06c67ca\"},\"headline\":\"Y de nuevo, los despachos le dan una patada al f\u00fatbol&#8230;\",\"datePublished\":\"2015-02-23T22:29:37+00:00\",\"dateModified\":\"2015-02-23T22:37:26+00:00\",\"mainEntityOfPage\":{\"@id\":\"https:\\\/\\\/www.manquepierda.com\\\/futbolandia\\\/y-de-nuevo-los-despachos-le-dan-una-patada-al-futbol\\\/\"},\"wordCount\":678,\"commentCount\":0,\"image\":{\"@id\":\"https:\\\/\\\/www.manquepierda.com\\\/futbolandia\\\/y-de-nuevo-los-despachos-le-dan-una-patada-al-futbol\\\/#primaryimage\"},\"thumbnailUrl\":\"https:\\\/\\\/i0.wp.com\\\/www.manquepierda.com\\\/futbolandia\\\/files\\\/2015\\\/02\\\/463972702.jpg?fit=628%2C419&ssl=1\",\"keywords\":[\"calcio\",\"juve\",\"Parma\",\"roma\",\"Serie A\"],\"articleSection\":[\"Competiciones Internacionales\",\"Opini\u00f3n\",\"Portada\",\"Serie A - F\u00fatbol Italiano\"],\"inLanguage\":\"es\",\"potentialAction\":[{\"@type\":\"CommentAction\",\"name\":\"Comment\",\"target\":[\"https:\\\/\\\/www.manquepierda.com\\\/futbolandia\\\/y-de-nuevo-los-despachos-le-dan-una-patada-al-futbol\\\/#respond\"]}]},{\"@type\":\"WebPage\",\"@id\":\"https:\\\/\\\/www.manquepierda.com\\\/futbolandia\\\/y-de-nuevo-los-despachos-le-dan-una-patada-al-futbol\\\/\",\"url\":\"https:\\\/\\\/www.manquepierda.com\\\/futbolandia\\\/y-de-nuevo-los-despachos-le-dan-una-patada-al-futbol\\\/\",\"name\":\"Y de nuevo, los despachos le dan una patada al f\u00fatbol... &#8211; Futbolandia\",\"isPartOf\":{\"@id\":\"https:\\\/\\\/www.manquepierda.com\\\/futbolandia\\\/#website\"},\"primaryImageOfPage\":{\"@id\":\"https:\\\/\\\/www.manquepierda.com\\\/futbolandia\\\/y-de-nuevo-los-despachos-le-dan-una-patada-al-futbol\\\/#primaryimage\"},\"image\":{\"@id\":\"https:\\\/\\\/www.manquepierda.com\\\/futbolandia\\\/y-de-nuevo-los-despachos-le-dan-una-patada-al-futbol\\\/#primaryimage\"},\"thumbnailUrl\":\"https:\\\/\\\/i0.wp.com\\\/www.manquepierda.com\\\/futbolandia\\\/files\\\/2015\\\/02\\\/463972702.jpg?fit=628%2C419&ssl=1\",\"datePublished\":\"2015-02-23T22:29:37+00:00\",\"dateModified\":\"2015-02-23T22:37:26+00:00\",\"author\":{\"@id\":\"https:\\\/\\\/www.manquepierda.com\\\/futbolandia\\\/#\\\/schema\\\/person\\\/847db99271dc4c2cf3ad9f27f06c67ca\"},\"breadcrumb\":{\"@id\":\"https:\\\/\\\/www.manquepierda.com\\\/futbolandia\\\/y-de-nuevo-los-despachos-le-dan-una-patada-al-futbol\\\/#breadcrumb\"},\"inLanguage\":\"es\",\"potentialAction\":[{\"@type\":\"ReadAction\",\"target\":[\"https:\\\/\\\/www.manquepierda.com\\\/futbolandia\\\/y-de-nuevo-los-despachos-le-dan-una-patada-al-futbol\\\/\"]}]},{\"@type\":\"ImageObject\",\"inLanguage\":\"es\",\"@id\":\"https:\\\/\\\/www.manquepierda.com\\\/futbolandia\\\/y-de-nuevo-los-despachos-le-dan-una-patada-al-futbol\\\/#primaryimage\",\"url\":\"https:\\\/\\\/i0.wp.com\\\/www.manquepierda.com\\\/futbolandia\\\/files\\\/2015\\\/02\\\/463972702.jpg?fit=628%2C419&ssl=1\",\"contentUrl\":\"https:\\\/\\\/i0.wp.com\\\/www.manquepierda.com\\\/futbolandia\\\/files\\\/2015\\\/02\\\/463972702.jpg?fit=628%2C419&ssl=1\",\"width\":628,\"height\":419},{\"@type\":\"BreadcrumbList\",\"@id\":\"https:\\\/\\\/www.manquepierda.com\\\/futbolandia\\\/y-de-nuevo-los-despachos-le-dan-una-patada-al-futbol\\\/#breadcrumb\",\"itemListElement\":[{\"@type\":\"ListItem\",\"position\":1,\"name\":\"Portada\",\"item\":\"https:\\\/\\\/www.manquepierda.com\\\/futbolandia\\\/\"},{\"@type\":\"ListItem\",\"position\":2,\"name\":\"Y de nuevo, los despachos le dan una patada al f\u00fatbol&#8230;\"}]},{\"@type\":\"WebSite\",\"@id\":\"https:\\\/\\\/www.manquepierda.com\\\/futbolandia\\\/#website\",\"url\":\"https:\\\/\\\/www.manquepierda.com\\\/futbolandia\\\/\",\"name\":\"Futbolandia\",\"description\":\"Reportajes e informaci\u00f3n sobre f\u00fatbol mundial y j\u00f3venes promesas\",\"potentialAction\":[{\"@type\":\"SearchAction\",\"target\":{\"@type\":\"EntryPoint\",\"urlTemplate\":\"https:\\\/\\\/www.manquepierda.com\\\/futbolandia\\\/?s={search_term_string}\"},\"query-input\":{\"@type\":\"PropertyValueSpecification\",\"valueRequired\":true,\"valueName\":\"search_term_string\"}}],\"inLanguage\":\"es\"},{\"@type\":\"Person\",\"@id\":\"https:\\\/\\\/www.manquepierda.com\\\/futbolandia\\\/#\\\/schema\\\/person\\\/847db99271dc4c2cf3ad9f27f06c67ca\",\"name\":\"Jordi Bernal Albiol\",\"image\":{\"@type\":\"ImageObject\",\"inLanguage\":\"es\",\"@id\":\"https:\\\/\\\/secure.gravatar.com\\\/avatar\\\/2c59041c60fd565cf17d2e4ef56218fa69ea488942909d24a0f08383d09f4570?s=96&d=mm&r=g\",\"url\":\"https:\\\/\\\/secure.gravatar.com\\\/avatar\\\/2c59041c60fd565cf17d2e4ef56218fa69ea488942909d24a0f08383d09f4570?s=96&d=mm&r=g\",\"contentUrl\":\"https:\\\/\\\/secure.gravatar.com\\\/avatar\\\/2c59041c60fd565cf17d2e4ef56218fa69ea488942909d24a0f08383d09f4570?s=96&d=mm&r=g\",\"caption\":\"Jordi Bernal Albiol\"},\"description\":\"Graduado en ADE.De Castell\u00f3n de la Plana. De los que piensan que el f\u00fatbol es una forma de vida de aislarse de la vida misma. Aficionado al f\u00fatbol internacional sobre todo Premier y Bundesliga. Y lo m\u00e1s importante enamorado de mi equipo, el F\u00fatbol Club Barcelona. Me podr\u00e9is encontrar en twitter: @jba_jordi\",\"url\":\"https:\\\/\\\/www.manquepierda.com\\\/futbolandia\\\/author\\\/jordi93cs\\\/\"}]}<\/script>\n<!-- \/ Yoast SEO plugin. -->","yoast_head_json":{"title":"Y de nuevo, los despachos le dan una patada al f\u00fatbol... &#8211; Futbolandia","robots":{"index":"index","follow":"follow","max-snippet":"max-snippet:-1","max-image-preview":"max-image-preview:large","max-video-preview":"max-video-preview:-1"},"canonical":"https:\/\/www.manquepierda.com\/futbolandia\/y-de-nuevo-los-despachos-le-dan-una-patada-al-futbol\/","og_locale":"es_ES","og_type":"article","og_title":"Y de nuevo, los despachos le dan una patada al f\u00fatbol... &#8211; Futbolandia","og_description":"Siempre se nos pide que en este tipo de publicaciones de forma regular informemos de lo m\u00e1s destacado. Pero la verdad es que lo m\u00e1s destacado de esta jornada en Italia es que un hist\u00f3rico de Italia, el Parma, se ha declarado en banca rota y est\u00e1 condenado a desaparecer. Ni siquiera ha podido pagar...","og_url":"https:\/\/www.manquepierda.com\/futbolandia\/y-de-nuevo-los-despachos-le-dan-una-patada-al-futbol\/","og_site_name":"Futbolandia","article_published_time":"2015-02-23T22:29:37+00:00","article_modified_time":"2015-02-23T22:37:26+00:00","og_image":[{"width":628,"height":419,"url":"https:\/\/i0.wp.com\/www.manquepierda.com\/futbolandia\/files\/2015\/02\/463972702.jpg?fit=628%2C419&ssl=1","type":"image\/jpeg"}],"author":"Jordi Bernal Albiol","twitter_misc":{"Escrito por":"Jordi Bernal Albiol","Tiempo de lectura":"3 minutos"},"schema":{"@context":"https:\/\/schema.org","@graph":[{"@type":"Article","@id":"https:\/\/www.manquepierda.com\/futbolandia\/y-de-nuevo-los-despachos-le-dan-una-patada-al-futbol\/#article","isPartOf":{"@id":"https:\/\/www.manquepierda.com\/futbolandia\/y-de-nuevo-los-despachos-le-dan-una-patada-al-futbol\/"},"author":{"name":"Jordi Bernal Albiol","@id":"https:\/\/www.manquepierda.com\/futbolandia\/#\/schema\/person\/847db99271dc4c2cf3ad9f27f06c67ca"},"headline":"Y de nuevo, los despachos le dan una patada al f\u00fatbol&#8230;","datePublished":"2015-02-23T22:29:37+00:00","dateModified":"2015-02-23T22:37:26+00:00","mainEntityOfPage":{"@id":"https:\/\/www.manquepierda.com\/futbolandia\/y-de-nuevo-los-despachos-le-dan-una-patada-al-futbol\/"},"wordCount":678,"commentCount":0,"image":{"@id":"https:\/\/www.manquepierda.com\/futbolandia\/y-de-nuevo-los-despachos-le-dan-una-patada-al-futbol\/#primaryimage"},"thumbnailUrl":"https:\/\/i0.wp.com\/www.manquepierda.com\/futbolandia\/files\/2015\/02\/463972702.jpg?fit=628%2C419&ssl=1","keywords":["calcio","juve","Parma","roma","Serie A"],"articleSection":["Competiciones Internacionales","Opini\u00f3n","Portada","Serie A - F\u00fatbol Italiano"],"inLanguage":"es","potentialAction":[{"@type":"CommentAction","name":"Comment","target":["https:\/\/www.manquepierda.com\/futbolandia\/y-de-nuevo-los-despachos-le-dan-una-patada-al-futbol\/#respond"]}]},{"@type":"WebPage","@id":"https:\/\/www.manquepierda.com\/futbolandia\/y-de-nuevo-los-despachos-le-dan-una-patada-al-futbol\/","url":"https:\/\/www.manquepierda.com\/futbolandia\/y-de-nuevo-los-despachos-le-dan-una-patada-al-futbol\/","name":"Y de nuevo, los despachos le dan una patada al f\u00fatbol... &#8211; Futbolandia","isPartOf":{"@id":"https:\/\/www.manquepierda.com\/futbolandia\/#website"},"primaryImageOfPage":{"@id":"https:\/\/www.manquepierda.com\/futbolandia\/y-de-nuevo-los-despachos-le-dan-una-patada-al-futbol\/#primaryimage"},"image":{"@id":"https:\/\/www.manquepierda.com\/futbolandia\/y-de-nuevo-los-despachos-le-dan-una-patada-al-futbol\/#primaryimage"},"thumbnailUrl":"https:\/\/i0.wp.com\/www.manquepierda.com\/futbolandia\/files\/2015\/02\/463972702.jpg?fit=628%2C419&ssl=1","datePublished":"2015-02-23T22:29:37+00:00","dateModified":"2015-02-23T22:37:26+00:00","author":{"@id":"https:\/\/www.manquepierda.com\/futbolandia\/#\/schema\/person\/847db99271dc4c2cf3ad9f27f06c67ca"},"breadcrumb":{"@id":"https:\/\/www.manquepierda.com\/futbolandia\/y-de-nuevo-los-despachos-le-dan-una-patada-al-futbol\/#breadcrumb"},"inLanguage":"es","potentialAction":[{"@type":"ReadAction","target":["https:\/\/www.manquepierda.com\/futbolandia\/y-de-nuevo-los-despachos-le-dan-una-patada-al-futbol\/"]}]},{"@type":"ImageObject","inLanguage":"es","@id":"https:\/\/www.manquepierda.com\/futbolandia\/y-de-nuevo-los-despachos-le-dan-una-patada-al-futbol\/#primaryimage","url":"https:\/\/i0.wp.com\/www.manquepierda.com\/futbolandia\/files\/2015\/02\/463972702.jpg?fit=628%2C419&ssl=1","contentUrl":"https:\/\/i0.wp.com\/www.manquepierda.com\/futbolandia\/files\/2015\/02\/463972702.jpg?fit=628%2C419&ssl=1","width":628,"height":419},{"@type":"BreadcrumbList","@id":"https:\/\/www.manquepierda.com\/futbolandia\/y-de-nuevo-los-despachos-le-dan-una-patada-al-futbol\/#breadcrumb","itemListElement":[{"@type":"ListItem","position":1,"name":"Portada","item":"https:\/\/www.manquepierda.com\/futbolandia\/"},{"@type":"ListItem","position":2,"name":"Y de nuevo, los despachos le dan una patada al f\u00fatbol&#8230;"}]},{"@type":"WebSite","@id":"https:\/\/www.manquepierda.com\/futbolandia\/#website","url":"https:\/\/www.manquepierda.com\/futbolandia\/","name":"Futbolandia","description":"Reportajes e informaci\u00f3n sobre f\u00fatbol mundial y j\u00f3venes promesas","potentialAction":[{"@type":"SearchAction","target":{"@type":"EntryPoint","urlTemplate":"https:\/\/www.manquepierda.com\/futbolandia\/?s={search_term_string}"},"query-input":{"@type":"PropertyValueSpecification","valueRequired":true,"valueName":"search_term_string"}}],"inLanguage":"es"},{"@type":"Person","@id":"https:\/\/www.manquepierda.com\/futbolandia\/#\/schema\/person\/847db99271dc4c2cf3ad9f27f06c67ca","name":"Jordi Bernal Albiol","image":{"@type":"ImageObject","inLanguage":"es","@id":"https:\/\/secure.gravatar.com\/avatar\/2c59041c60fd565cf17d2e4ef56218fa69ea488942909d24a0f08383d09f4570?s=96&d=mm&r=g","url":"https:\/\/secure.gravatar.com\/avatar\/2c59041c60fd565cf17d2e4ef56218fa69ea488942909d24a0f08383d09f4570?s=96&d=mm&r=g","contentUrl":"https:\/\/secure.gravatar.com\/avatar\/2c59041c60fd565cf17d2e4ef56218fa69ea488942909d24a0f08383d09f4570?s=96&d=mm&r=g","caption":"Jordi Bernal Albiol"},"description":"Graduado en ADE.De Castell\u00f3n de la Plana. De los que piensan que el f\u00fatbol es una forma de vida de aislarse de la vida misma. Aficionado al f\u00fatbol internacional sobre todo Premier y Bundesliga. Y lo m\u00e1s importante enamorado de mi equipo, el F\u00fatbol Club Barcelona. Me podr\u00e9is encontrar en twitter: @jba_jordi","url":"https:\/\/www.manquepierda.com\/futbolandia\/author\/jordi93cs\/"}]}},"jetpack_publicize_connections":[],"jetpack_featured_media_url":"https:\/\/i0.wp.com\/www.manquepierda.com\/futbolandia\/files\/2015\/02\/463972702.jpg?fit=628%2C419&ssl=1","jetpack_shortlink":"https:\/\/wp.me\/p1THIg-1kj","jetpack_sharing_enabled":true,"_links":{"self":[{"href":"https:\/\/www.manquepierda.com\/futbolandia\/wp-json\/wp\/v2\/posts\/5103","targetHints":{"allow":["GET"]}}],"collection":[{"href":"https:\/\/www.manquepierda.com\/futbolandia\/wp-json\/wp\/v2\/posts"}],"about":[{"href":"https:\/\/www.manquepierda.com\/futbolandia\/wp-json\/wp\/v2\/types\/post"}],"author":[{"embeddable":true,"href":"https:\/\/www.manquepierda.com\/futbolandia\/wp-json\/wp\/v2\/users\/442"}],"replies":[{"embeddable":true,"href":"https:\/\/www.manquepierda.com\/futbolandia\/wp-json\/wp\/v2\/comments?post=5103"}],"version-history":[{"count":0,"href":"https:\/\/www.manquepierda.com\/futbolandia\/wp-json\/wp\/v2\/posts\/5103\/revisions"}],"wp:featuredmedia":[{"embeddable":true,"href":"https:\/\/www.manquepierda.com\/futbolandia\/wp-json\/wp\/v2\/media\/5104"}],"wp:attachment":[{"href":"https:\/\/www.manquepierda.com\/futbolandia\/wp-json\/wp\/v2\/media?parent=5103"}],"wp:term":[{"taxonomy":"category","embeddable":true,"href":"https:\/\/www.manquepierda.com\/futbolandia\/wp-json\/wp\/v2\/categories?post=5103"},{"taxonomy":"post_tag","embeddable":true,"href":"https:\/\/www.manquepierda.com\/futbolandia\/wp-json\/wp\/v2\/tags?post=5103"}],"curies":[{"name":"wp","href":"https:\/\/api.w.org\/{rel}","templated":true}]}}