{"id":5160,"date":"2015-03-04T12:12:47","date_gmt":"2015-03-04T10:12:47","guid":{"rendered":"http:\/\/www.manquepierda.com\/futbolandia\/?p=5160"},"modified":"2015-07-09T08:59:09","modified_gmt":"2015-07-09T06:59:09","slug":"el-marsella-de-bielsa-en-caida-libre","status":"publish","type":"post","link":"https:\/\/www.manquepierda.com\/futbolandia\/el-marsella-de-bielsa-en-caida-libre\/","title":{"rendered":"El Marsella de Bielsa en ca\u00edda libre"},"content":{"rendered":"<figure id=\"attachment_5171\" aria-describedby=\"caption-attachment-5171\" style=\"width: 459px\" class=\"wp-caption alignleft\"><a href=\"https:\/\/i0.wp.com\/www.manquepierda.com\/futbolandia\/files\/2015\/03\/Ayew-se-lamenta.jpg\"><img data-recalc-dims=\"1\" loading=\"lazy\" decoding=\"async\" data-attachment-id=\"5171\" data-permalink=\"https:\/\/www.manquepierda.com\/futbolandia\/el-marsella-de-bielsa-en-caida-libre\/ayew-se-lamenta\/\" data-orig-file=\"https:\/\/i0.wp.com\/www.manquepierda.com\/futbolandia\/files\/2015\/03\/Ayew-se-lamenta.jpg?fit=600%2C338&amp;ssl=1\" data-orig-size=\"600,338\" data-comments-opened=\"1\" data-image-meta=\"{&quot;aperture&quot;:&quot;0&quot;,&quot;credit&quot;:&quot;&quot;,&quot;camera&quot;:&quot;&quot;,&quot;caption&quot;:&quot;&quot;,&quot;created_timestamp&quot;:&quot;0&quot;,&quot;copyright&quot;:&quot;&quot;,&quot;focal_length&quot;:&quot;0&quot;,&quot;iso&quot;:&quot;0&quot;,&quot;shutter_speed&quot;:&quot;0&quot;,&quot;title&quot;:&quot;&quot;,&quot;orientation&quot;:&quot;0&quot;}\" data-image-title=\"Ayew se lamenta\" data-image-description=\"\" data-image-caption=\"&lt;p&gt;Ayew se lamenta de una ocasi\u00f3n fallada.&lt;br \/&gt;\nFoto: masdeportescr.com&lt;\/p&gt;\n\" data-large-file=\"https:\/\/i0.wp.com\/www.manquepierda.com\/futbolandia\/files\/2015\/03\/Ayew-se-lamenta.jpg?fit=600%2C338&amp;ssl=1\" class=\" wp-image-5171\" src=\"https:\/\/i0.wp.com\/www.manquepierda.com\/futbolandia\/files\/2015\/03\/Ayew-se-lamenta.jpg?resize=459%2C259\" alt=\"Ayew se lamenta de una ocasi\u00f3n fallada. Foto: masdeportescr.com\" width=\"459\" height=\"259\" srcset=\"https:\/\/i0.wp.com\/www.manquepierda.com\/futbolandia\/files\/2015\/03\/Ayew-se-lamenta.jpg?w=600&amp;ssl=1 600w, https:\/\/i0.wp.com\/www.manquepierda.com\/futbolandia\/files\/2015\/03\/Ayew-se-lamenta.jpg?resize=300%2C169&amp;ssl=1 300w\" sizes=\"auto, (max-width: 459px) 100vw, 459px\" \/><\/a><figcaption id=\"caption-attachment-5171\" class=\"wp-caption-text\">Ayew se lamenta de una ocasi\u00f3n fallada durante un encuentro<br \/>Foto: masdeportescr.com<\/figcaption><\/figure>\n<p>Podr\u00edamos hablar de muchas cosas esta jornada en el f\u00fatbol franc\u00e9s. Podr\u00edamos hablar\u00a0del atractivo partido que protagonizaban M\u00f3naco y PSG en el Stade Louis II, que el Saint-\u00c9tienne no consigue ganar tras la vuelta del par\u00f3n liguero, lo fuerte que es el Lille en su campo, donde esta semana consigui\u00f3 batir al actual l\u00edder, Olympique de Lyon o del paso atr\u00e1s que dieron Metz y Lens en su objetivo por conseguir la permanencia tras sus respectivas derrotas. <strong>Pero si hay algo que llama poderosamente la atenci\u00f3n en Francia es la ca\u00edda libre que est\u00e1 sufriendo el Olympique de Marsella.<\/strong><\/p>\n<p>Y es que a principios de temporada <a href=\"http:\/\/www.manquepierda.com\/futbolandia\/la-montana-rusa-de-bielsa\/\" target=\"_blank\"><strong>el equipo de Bielsa era una monta\u00f1a rusa<\/strong><\/a>, impredecible y muy goleador arriba, aunque con lagunas tan importantes como claras atr\u00e1s. Aun con estas carencias <strong>se mantuvo fort\u00edsimo de inicio, situ\u00e1ndose como l\u00edder durante buena parte de la temporada y basando su juego en el acierto rematador de los Gignac, Ayew, Payet o Thauvin<\/strong> e incluso sumando a la fiesta a sus medios m\u00e1s trabajadores, los j\u00f3venes Lemina e Imbula. Sin embargo, el equipo acab\u00f3 cayendo en el juego mec\u00e1nico y predecible que realiza actualmente, sin duda influenciado por un baj\u00f3n f\u00edsico m\u00e1s que obvio. Los defectos atr\u00e1s han continuado existiendo en lugar de ser corregidos, mientras que arriba se ha perdido gol. A los jugadores parece faltarles fuelle en algunas fases de los partidos y el \u00fanico que viene aportando la imaginaci\u00f3n suficiente para hacer cosas diferentes sobre el tapete est\u00e1 siendo Payet y ni siquiera la incorporaci\u00f3n de Ocampos parece aportarles lo que necesitan.<\/p>\n<p><strong>Fruto de ello, el Olympique de Marsella ha tropezado ya en los cuatro \u00faltimos partidos de Ligue 1 y lo que es peor, las sensaciones son preocupantes.<\/strong> Y es que no solo no gana, sino que se deja empatar o perder de la forma m\u00e1s cruel. Si ya en jornadas anteriores os contamos como cruelmente y tras remontar se dejaban empatar en el \u00faltimo minuto de partido, esta vez han ido m\u00e1s all\u00e1 y se han dejado remontar un 2-0 en veinte minutos. Preocupante no encontrar una soluci\u00f3n a la situaci\u00f3n, m\u00e1s all\u00e1 de an\u00e9cdotas como el penalti fallado por Batshuayi en la primera mitad. Bielsa mueve las piezas pero no da con la tecla y necesita una respuesta ya, antes de que Lyon y PSG se escapen en la lucha por la liga.<\/p>\n<figure id=\"attachment_5172\" aria-describedby=\"caption-attachment-5172\" style=\"width: 474px\" class=\"wp-caption alignright\"><a href=\"https:\/\/i0.wp.com\/www.manquepierda.com\/futbolandia\/files\/2015\/03\/julien-feret.jpg\"><img data-recalc-dims=\"1\" loading=\"lazy\" decoding=\"async\" data-attachment-id=\"5172\" data-permalink=\"https:\/\/www.manquepierda.com\/futbolandia\/el-marsella-de-bielsa-en-caida-libre\/julien-feret\/\" data-orig-file=\"https:\/\/i0.wp.com\/www.manquepierda.com\/futbolandia\/files\/2015\/03\/julien-feret.jpg?fit=1920%2C1080&amp;ssl=1\" data-orig-size=\"1920,1080\" data-comments-opened=\"1\" data-image-meta=\"{&quot;aperture&quot;:&quot;0&quot;,&quot;credit&quot;:&quot;&quot;,&quot;camera&quot;:&quot;&quot;,&quot;caption&quot;:&quot;&quot;,&quot;created_timestamp&quot;:&quot;0&quot;,&quot;copyright&quot;:&quot;&quot;,&quot;focal_length&quot;:&quot;0&quot;,&quot;iso&quot;:&quot;0&quot;,&quot;shutter_speed&quot;:&quot;0&quot;,&quot;title&quot;:&quot;&quot;,&quot;orientation&quot;:&quot;0&quot;}\" data-image-title=\"julien feret\" data-image-description=\"\" data-image-caption=\"&lt;p&gt;Julien Feret (centro), jugador clave de este Caen, celebra con sus compa\u00f1eros.&lt;br \/&gt;\nFoto: goal.com&lt;\/p&gt;\n\" data-large-file=\"https:\/\/i0.wp.com\/www.manquepierda.com\/futbolandia\/files\/2015\/03\/julien-feret.jpg?fit=1024%2C576&amp;ssl=1\" class=\" wp-image-5172\" src=\"https:\/\/i0.wp.com\/www.manquepierda.com\/futbolandia\/files\/2015\/03\/julien-feret.jpg?resize=474%2C267\" alt=\"Julien Feret (centro), jugador clave de este Caen, celebra con sus compa\u00f1eros. Foto: goal.com\" width=\"474\" height=\"267\" srcset=\"https:\/\/i0.wp.com\/www.manquepierda.com\/futbolandia\/files\/2015\/03\/julien-feret.jpg?w=1920&amp;ssl=1 1920w, https:\/\/i0.wp.com\/www.manquepierda.com\/futbolandia\/files\/2015\/03\/julien-feret.jpg?resize=300%2C169&amp;ssl=1 300w, https:\/\/i0.wp.com\/www.manquepierda.com\/futbolandia\/files\/2015\/03\/julien-feret.jpg?resize=1024%2C576&amp;ssl=1 1024w\" sizes=\"auto, (max-width: 474px) 100vw, 474px\" \/><\/a><figcaption id=\"caption-attachment-5172\" class=\"wp-caption-text\">Julien Feret (centro), jugador clave de este Caen, celebra con sus compa\u00f1eros.<br \/>Foto: goal.com<\/figcaption><\/figure>\n<p>No obstante, no todo el m\u00e9rito, o en este caso dem\u00e9rito, fue de los hombres de Bielsa. <strong>En frente ten\u00edan a un Caen, que m\u00e1s all\u00e1 de presupuestos y objetivos en liga, est\u00e1 haciendo una m\u00e1s que buena temporada.<\/strong> No en vano llevan ya siete partidos sin perder, entre los que destacan las victorias a Saint-\u00c9tienne y esta misma o el empate en el Parc des Princes ante el PSG adem\u00e1s de golear a equipos como Reims, Rennes o Lens.<\/p>\n<p><strong>Un equipo que desde su porter\u00eda con Vercoutre tiene un atractivo juego de ataque\u00a0cuya pieza principal, para un servidor, es\u00a0F\u00e9ret su ya veterano capit\u00e1n.<\/strong> Un jugador que est\u00e1 a gran nivel, que hace jugar al equipo y que domina a la perfecci\u00f3n la llegada de segunda l\u00ednea y la habilidad de dar el \u00faltimo pase. Sus receptores en cualquier caso, deben tener la capacidad de definir ante la porter\u00eda contraria, y ah\u00ed es donde encuentra la velocidad de Nangis, el golpeo de Bazile o la capacidad para el remate de Sloan Privat.<\/p>\n<p><strong>Adem\u00e1s por si esto fuera poco, sus refuerzos en invierno son algunos de los mejores aciertos en Francia en base a rendimiento.<\/strong> Recuperaron a Emiliano Sala tras su poco protagonismo en el Bordeaux y ya ha anotado cuatro goles en solo tres partidos como titular, igual que Benezet, que lleg\u00f3 en invierno procedente del Evian y ya ha marcado su primer gol, el de la victoria ante el Marsella. Un equipo que aun dar\u00e1 que hablar en Francia gracias a su f\u00fatbol ofensivo y su velocidad con espacios.<\/p>\n<p style=\"text-align: center\">[soccer-info id=&#8217;6&#8242; type=&#8217;table&#8217; style=&#8217;blue_light&#8217; title=&#8217;Clasificaci\u00f3n &#8211; Francia &#8211; Ligue 1&#8242; \/]<\/p>\n","protected":false},"excerpt":{"rendered":"<p>Podr\u00edamos hablar de muchas cosas esta jornada en el f\u00fatbol franc\u00e9s. Podr\u00edamos hablar\u00a0del atractivo partido que protagonizaban M\u00f3naco y PSG en el Stade Louis II, que el Saint-\u00c9tienne no consigue ganar tras la vuelta del par\u00f3n liguero, lo fuerte que es el Lille en su campo, donde esta semana consigui\u00f3 batir al actual l\u00edder, Olympique&#8230;<\/p>\n","protected":false},"author":93,"featured_media":5171,"comment_status":"open","ping_status":"open","sticky":false,"template":"","format":"standard","meta":{"_kad_post_transparent":"","_kad_post_title":"","_kad_post_layout":"","_kad_post_sidebar_id":"","_kad_post_content_style":"","_kad_post_vertical_padding":"","_kad_post_feature":"","_kad_post_feature_position":"","_kad_post_header":false,"_kad_post_footer":false,"_kad_post_classname":"","_jetpack_memberships_contains_paid_content":false,"footnotes":"","jetpack_publicize_message":"","jetpack_publicize_feature_enabled":true,"jetpack_social_post_already_shared":true,"jetpack_social_options":{"image_generator_settings":{"template":"highway","default_image_id":0,"font":"","enabled":false},"version":2}},"categories":[1392,10],"tags":[1873,276,1823,1871,1670,102,1467,665,1824,1604,605,1872],"class_list":["post-5160","post","type-post","status-publish","format-standard","has-post-thumbnail","hentry","category-otras-ligas","category-portada","tag-ayew","tag-bielsa","tag-caen","tag-feret","tag-gignac","tag-ligue-1","tag-marsella","tag-olympique","tag-payet","tag-sala","tag-thauvin","tag-vercoutre"],"yoast_head":"<!-- This site is optimized with the Yoast SEO plugin v27.5 - https:\/\/yoast.com\/product\/yoast-seo-wordpress\/ -->\n<title>El Marsella de Bielsa en ca\u00edda libre &#8211; Futbolandia<\/title>\n<meta name=\"robots\" content=\"index, follow, max-snippet:-1, max-image-preview:large, max-video-preview:-1\" \/>\n<link rel=\"canonical\" href=\"https:\/\/www.manquepierda.com\/futbolandia\/el-marsella-de-bielsa-en-caida-libre\/\" \/>\n<meta property=\"og:locale\" content=\"es_ES\" \/>\n<meta property=\"og:type\" content=\"article\" \/>\n<meta property=\"og:title\" content=\"El Marsella de Bielsa en ca\u00edda libre &#8211; Futbolandia\" \/>\n<meta property=\"og:description\" content=\"Podr\u00edamos hablar de muchas cosas esta jornada en el f\u00fatbol franc\u00e9s. Podr\u00edamos hablar\u00a0del atractivo partido que protagonizaban M\u00f3naco y PSG en el Stade Louis II, que el Saint-\u00c9tienne no consigue ganar tras la vuelta del par\u00f3n liguero, lo fuerte que es el Lille en su campo, donde esta semana consigui\u00f3 batir al actual l\u00edder, Olympique...\" \/>\n<meta property=\"og:url\" content=\"https:\/\/www.manquepierda.com\/futbolandia\/el-marsella-de-bielsa-en-caida-libre\/\" \/>\n<meta property=\"og:site_name\" content=\"Futbolandia\" \/>\n<meta property=\"article:published_time\" content=\"2015-03-04T10:12:47+00:00\" \/>\n<meta property=\"article:modified_time\" content=\"2015-07-09T06:59:09+00:00\" \/>\n<meta property=\"og:image\" content=\"https:\/\/i0.wp.com\/www.manquepierda.com\/futbolandia\/files\/2015\/03\/Ayew-se-lamenta.jpg?fit=600%2C338&ssl=1\" \/>\n\t<meta property=\"og:image:width\" content=\"600\" \/>\n\t<meta property=\"og:image:height\" content=\"338\" \/>\n\t<meta property=\"og:image:type\" content=\"image\/jpeg\" \/>\n<meta name=\"author\" content=\"Jorge M. Gonz\u00e1lez\" \/>\n<meta name=\"twitter:label1\" content=\"Escrito por\" \/>\n\t<meta name=\"twitter:data1\" content=\"Jorge M. Gonz\u00e1lez\" \/>\n\t<meta name=\"twitter:label2\" content=\"Tiempo de lectura\" \/>\n\t<meta name=\"twitter:data2\" content=\"4 minutos\" \/>\n<script type=\"application\/ld+json\" class=\"yoast-schema-graph\">{\"@context\":\"https:\\\/\\\/schema.org\",\"@graph\":[{\"@type\":\"Article\",\"@id\":\"https:\\\/\\\/www.manquepierda.com\\\/futbolandia\\\/el-marsella-de-bielsa-en-caida-libre\\\/#article\",\"isPartOf\":{\"@id\":\"https:\\\/\\\/www.manquepierda.com\\\/futbolandia\\\/el-marsella-de-bielsa-en-caida-libre\\\/\"},\"author\":{\"name\":\"Jorge M. Gonz\u00e1lez\",\"@id\":\"https:\\\/\\\/www.manquepierda.com\\\/futbolandia\\\/#\\\/schema\\\/person\\\/fdb4eabc3c2e0e717a790a4ce10cd2b3\"},\"headline\":\"El Marsella de Bielsa en ca\u00edda libre\",\"datePublished\":\"2015-03-04T10:12:47+00:00\",\"dateModified\":\"2015-07-09T06:59:09+00:00\",\"mainEntityOfPage\":{\"@id\":\"https:\\\/\\\/www.manquepierda.com\\\/futbolandia\\\/el-marsella-de-bielsa-en-caida-libre\\\/\"},\"wordCount\":769,\"commentCount\":0,\"image\":{\"@id\":\"https:\\\/\\\/www.manquepierda.com\\\/futbolandia\\\/el-marsella-de-bielsa-en-caida-libre\\\/#primaryimage\"},\"thumbnailUrl\":\"https:\\\/\\\/i0.wp.com\\\/www.manquepierda.com\\\/futbolandia\\\/files\\\/2015\\\/03\\\/Ayew-se-lamenta.jpg?fit=600%2C338&ssl=1\",\"keywords\":[\"ayew\",\"Bielsa\",\"Caen\",\"feret\",\"Gignac\",\"Ligue 1\",\"marsella\",\"olympique\",\"Payet\",\"sala\",\"thauvin\",\"vercoutre\"],\"articleSection\":[\"Otras ligas\",\"Portada\"],\"inLanguage\":\"es\",\"potentialAction\":[{\"@type\":\"CommentAction\",\"name\":\"Comment\",\"target\":[\"https:\\\/\\\/www.manquepierda.com\\\/futbolandia\\\/el-marsella-de-bielsa-en-caida-libre\\\/#respond\"]}]},{\"@type\":\"WebPage\",\"@id\":\"https:\\\/\\\/www.manquepierda.com\\\/futbolandia\\\/el-marsella-de-bielsa-en-caida-libre\\\/\",\"url\":\"https:\\\/\\\/www.manquepierda.com\\\/futbolandia\\\/el-marsella-de-bielsa-en-caida-libre\\\/\",\"name\":\"El Marsella de Bielsa en ca\u00edda libre &#8211; Futbolandia\",\"isPartOf\":{\"@id\":\"https:\\\/\\\/www.manquepierda.com\\\/futbolandia\\\/#website\"},\"primaryImageOfPage\":{\"@id\":\"https:\\\/\\\/www.manquepierda.com\\\/futbolandia\\\/el-marsella-de-bielsa-en-caida-libre\\\/#primaryimage\"},\"image\":{\"@id\":\"https:\\\/\\\/www.manquepierda.com\\\/futbolandia\\\/el-marsella-de-bielsa-en-caida-libre\\\/#primaryimage\"},\"thumbnailUrl\":\"https:\\\/\\\/i0.wp.com\\\/www.manquepierda.com\\\/futbolandia\\\/files\\\/2015\\\/03\\\/Ayew-se-lamenta.jpg?fit=600%2C338&ssl=1\",\"datePublished\":\"2015-03-04T10:12:47+00:00\",\"dateModified\":\"2015-07-09T06:59:09+00:00\",\"author\":{\"@id\":\"https:\\\/\\\/www.manquepierda.com\\\/futbolandia\\\/#\\\/schema\\\/person\\\/fdb4eabc3c2e0e717a790a4ce10cd2b3\"},\"breadcrumb\":{\"@id\":\"https:\\\/\\\/www.manquepierda.com\\\/futbolandia\\\/el-marsella-de-bielsa-en-caida-libre\\\/#breadcrumb\"},\"inLanguage\":\"es\",\"potentialAction\":[{\"@type\":\"ReadAction\",\"target\":[\"https:\\\/\\\/www.manquepierda.com\\\/futbolandia\\\/el-marsella-de-bielsa-en-caida-libre\\\/\"]}]},{\"@type\":\"ImageObject\",\"inLanguage\":\"es\",\"@id\":\"https:\\\/\\\/www.manquepierda.com\\\/futbolandia\\\/el-marsella-de-bielsa-en-caida-libre\\\/#primaryimage\",\"url\":\"https:\\\/\\\/i0.wp.com\\\/www.manquepierda.com\\\/futbolandia\\\/files\\\/2015\\\/03\\\/Ayew-se-lamenta.jpg?fit=600%2C338&ssl=1\",\"contentUrl\":\"https:\\\/\\\/i0.wp.com\\\/www.manquepierda.com\\\/futbolandia\\\/files\\\/2015\\\/03\\\/Ayew-se-lamenta.jpg?fit=600%2C338&ssl=1\",\"width\":600,\"height\":338,\"caption\":\"Ayew se lamenta de una ocasi\u00f3n fallada. Foto: masdeportescr.com\"},{\"@type\":\"BreadcrumbList\",\"@id\":\"https:\\\/\\\/www.manquepierda.com\\\/futbolandia\\\/el-marsella-de-bielsa-en-caida-libre\\\/#breadcrumb\",\"itemListElement\":[{\"@type\":\"ListItem\",\"position\":1,\"name\":\"Portada\",\"item\":\"https:\\\/\\\/www.manquepierda.com\\\/futbolandia\\\/\"},{\"@type\":\"ListItem\",\"position\":2,\"name\":\"El Marsella de Bielsa en ca\u00edda libre\"}]},{\"@type\":\"WebSite\",\"@id\":\"https:\\\/\\\/www.manquepierda.com\\\/futbolandia\\\/#website\",\"url\":\"https:\\\/\\\/www.manquepierda.com\\\/futbolandia\\\/\",\"name\":\"Futbolandia\",\"description\":\"Reportajes e informaci\u00f3n sobre f\u00fatbol mundial y j\u00f3venes promesas\",\"potentialAction\":[{\"@type\":\"SearchAction\",\"target\":{\"@type\":\"EntryPoint\",\"urlTemplate\":\"https:\\\/\\\/www.manquepierda.com\\\/futbolandia\\\/?s={search_term_string}\"},\"query-input\":{\"@type\":\"PropertyValueSpecification\",\"valueRequired\":true,\"valueName\":\"search_term_string\"}}],\"inLanguage\":\"es\"},{\"@type\":\"Person\",\"@id\":\"https:\\\/\\\/www.manquepierda.com\\\/futbolandia\\\/#\\\/schema\\\/person\\\/fdb4eabc3c2e0e717a790a4ce10cd2b3\",\"name\":\"Jorge M. Gonz\u00e1lez\",\"image\":{\"@type\":\"ImageObject\",\"inLanguage\":\"es\",\"@id\":\"https:\\\/\\\/secure.gravatar.com\\\/avatar\\\/40fe62083e523c4134f75fb1d06ea73b4503d9162f3c6e89800e90f1bbd7f262?s=96&d=mm&r=g\",\"url\":\"https:\\\/\\\/secure.gravatar.com\\\/avatar\\\/40fe62083e523c4134f75fb1d06ea73b4503d9162f3c6e89800e90f1bbd7f262?s=96&d=mm&r=g\",\"contentUrl\":\"https:\\\/\\\/secure.gravatar.com\\\/avatar\\\/40fe62083e523c4134f75fb1d06ea73b4503d9162f3c6e89800e90f1bbd7f262?s=96&d=mm&r=g\",\"caption\":\"Jorge M. Gonz\u00e1lez\"},\"description\":\"Apasionado del f\u00fatbol internacional y Social Media Manager. Me gusta seguir ligas extranjeras y a las j\u00f3venes promesas de todo el mundo. S\u00edgueme en twitter para compartir afici\u00f3n: @jorgegonex\",\"sameAs\":[\"http:\\\/\\\/manquepierda.com\\\/\",\"https:\\\/\\\/x.com\\\/https:\\\/\\\/twitter.com\\\/jorgegonex\",\"https:\\\/\\\/www.youtube.com\\\/user\\\/FutbolandiaMQP\"],\"url\":\"https:\\\/\\\/www.manquepierda.com\\\/futbolandia\\\/author\\\/jorgegonzalez\\\/\"}]}<\/script>\n<!-- \/ Yoast SEO plugin. -->","yoast_head_json":{"title":"El Marsella de Bielsa en ca\u00edda libre &#8211; Futbolandia","robots":{"index":"index","follow":"follow","max-snippet":"max-snippet:-1","max-image-preview":"max-image-preview:large","max-video-preview":"max-video-preview:-1"},"canonical":"https:\/\/www.manquepierda.com\/futbolandia\/el-marsella-de-bielsa-en-caida-libre\/","og_locale":"es_ES","og_type":"article","og_title":"El Marsella de Bielsa en ca\u00edda libre &#8211; Futbolandia","og_description":"Podr\u00edamos hablar de muchas cosas esta jornada en el f\u00fatbol franc\u00e9s. Podr\u00edamos hablar\u00a0del atractivo partido que protagonizaban M\u00f3naco y PSG en el Stade Louis II, que el Saint-\u00c9tienne no consigue ganar tras la vuelta del par\u00f3n liguero, lo fuerte que es el Lille en su campo, donde esta semana consigui\u00f3 batir al actual l\u00edder, Olympique...","og_url":"https:\/\/www.manquepierda.com\/futbolandia\/el-marsella-de-bielsa-en-caida-libre\/","og_site_name":"Futbolandia","article_published_time":"2015-03-04T10:12:47+00:00","article_modified_time":"2015-07-09T06:59:09+00:00","og_image":[{"width":600,"height":338,"url":"https:\/\/i0.wp.com\/www.manquepierda.com\/futbolandia\/files\/2015\/03\/Ayew-se-lamenta.jpg?fit=600%2C338&ssl=1","type":"image\/jpeg"}],"author":"Jorge M. Gonz\u00e1lez","twitter_misc":{"Escrito por":"Jorge M. Gonz\u00e1lez","Tiempo de lectura":"4 minutos"},"schema":{"@context":"https:\/\/schema.org","@graph":[{"@type":"Article","@id":"https:\/\/www.manquepierda.com\/futbolandia\/el-marsella-de-bielsa-en-caida-libre\/#article","isPartOf":{"@id":"https:\/\/www.manquepierda.com\/futbolandia\/el-marsella-de-bielsa-en-caida-libre\/"},"author":{"name":"Jorge M. Gonz\u00e1lez","@id":"https:\/\/www.manquepierda.com\/futbolandia\/#\/schema\/person\/fdb4eabc3c2e0e717a790a4ce10cd2b3"},"headline":"El Marsella de Bielsa en ca\u00edda libre","datePublished":"2015-03-04T10:12:47+00:00","dateModified":"2015-07-09T06:59:09+00:00","mainEntityOfPage":{"@id":"https:\/\/www.manquepierda.com\/futbolandia\/el-marsella-de-bielsa-en-caida-libre\/"},"wordCount":769,"commentCount":0,"image":{"@id":"https:\/\/www.manquepierda.com\/futbolandia\/el-marsella-de-bielsa-en-caida-libre\/#primaryimage"},"thumbnailUrl":"https:\/\/i0.wp.com\/www.manquepierda.com\/futbolandia\/files\/2015\/03\/Ayew-se-lamenta.jpg?fit=600%2C338&ssl=1","keywords":["ayew","Bielsa","Caen","feret","Gignac","Ligue 1","marsella","olympique","Payet","sala","thauvin","vercoutre"],"articleSection":["Otras ligas","Portada"],"inLanguage":"es","potentialAction":[{"@type":"CommentAction","name":"Comment","target":["https:\/\/www.manquepierda.com\/futbolandia\/el-marsella-de-bielsa-en-caida-libre\/#respond"]}]},{"@type":"WebPage","@id":"https:\/\/www.manquepierda.com\/futbolandia\/el-marsella-de-bielsa-en-caida-libre\/","url":"https:\/\/www.manquepierda.com\/futbolandia\/el-marsella-de-bielsa-en-caida-libre\/","name":"El Marsella de Bielsa en ca\u00edda libre &#8211; Futbolandia","isPartOf":{"@id":"https:\/\/www.manquepierda.com\/futbolandia\/#website"},"primaryImageOfPage":{"@id":"https:\/\/www.manquepierda.com\/futbolandia\/el-marsella-de-bielsa-en-caida-libre\/#primaryimage"},"image":{"@id":"https:\/\/www.manquepierda.com\/futbolandia\/el-marsella-de-bielsa-en-caida-libre\/#primaryimage"},"thumbnailUrl":"https:\/\/i0.wp.com\/www.manquepierda.com\/futbolandia\/files\/2015\/03\/Ayew-se-lamenta.jpg?fit=600%2C338&ssl=1","datePublished":"2015-03-04T10:12:47+00:00","dateModified":"2015-07-09T06:59:09+00:00","author":{"@id":"https:\/\/www.manquepierda.com\/futbolandia\/#\/schema\/person\/fdb4eabc3c2e0e717a790a4ce10cd2b3"},"breadcrumb":{"@id":"https:\/\/www.manquepierda.com\/futbolandia\/el-marsella-de-bielsa-en-caida-libre\/#breadcrumb"},"inLanguage":"es","potentialAction":[{"@type":"ReadAction","target":["https:\/\/www.manquepierda.com\/futbolandia\/el-marsella-de-bielsa-en-caida-libre\/"]}]},{"@type":"ImageObject","inLanguage":"es","@id":"https:\/\/www.manquepierda.com\/futbolandia\/el-marsella-de-bielsa-en-caida-libre\/#primaryimage","url":"https:\/\/i0.wp.com\/www.manquepierda.com\/futbolandia\/files\/2015\/03\/Ayew-se-lamenta.jpg?fit=600%2C338&ssl=1","contentUrl":"https:\/\/i0.wp.com\/www.manquepierda.com\/futbolandia\/files\/2015\/03\/Ayew-se-lamenta.jpg?fit=600%2C338&ssl=1","width":600,"height":338,"caption":"Ayew se lamenta de una ocasi\u00f3n fallada. Foto: masdeportescr.com"},{"@type":"BreadcrumbList","@id":"https:\/\/www.manquepierda.com\/futbolandia\/el-marsella-de-bielsa-en-caida-libre\/#breadcrumb","itemListElement":[{"@type":"ListItem","position":1,"name":"Portada","item":"https:\/\/www.manquepierda.com\/futbolandia\/"},{"@type":"ListItem","position":2,"name":"El Marsella de Bielsa en ca\u00edda libre"}]},{"@type":"WebSite","@id":"https:\/\/www.manquepierda.com\/futbolandia\/#website","url":"https:\/\/www.manquepierda.com\/futbolandia\/","name":"Futbolandia","description":"Reportajes e informaci\u00f3n sobre f\u00fatbol mundial y j\u00f3venes promesas","potentialAction":[{"@type":"SearchAction","target":{"@type":"EntryPoint","urlTemplate":"https:\/\/www.manquepierda.com\/futbolandia\/?s={search_term_string}"},"query-input":{"@type":"PropertyValueSpecification","valueRequired":true,"valueName":"search_term_string"}}],"inLanguage":"es"},{"@type":"Person","@id":"https:\/\/www.manquepierda.com\/futbolandia\/#\/schema\/person\/fdb4eabc3c2e0e717a790a4ce10cd2b3","name":"Jorge M. Gonz\u00e1lez","image":{"@type":"ImageObject","inLanguage":"es","@id":"https:\/\/secure.gravatar.com\/avatar\/40fe62083e523c4134f75fb1d06ea73b4503d9162f3c6e89800e90f1bbd7f262?s=96&d=mm&r=g","url":"https:\/\/secure.gravatar.com\/avatar\/40fe62083e523c4134f75fb1d06ea73b4503d9162f3c6e89800e90f1bbd7f262?s=96&d=mm&r=g","contentUrl":"https:\/\/secure.gravatar.com\/avatar\/40fe62083e523c4134f75fb1d06ea73b4503d9162f3c6e89800e90f1bbd7f262?s=96&d=mm&r=g","caption":"Jorge M. Gonz\u00e1lez"},"description":"Apasionado del f\u00fatbol internacional y Social Media Manager. Me gusta seguir ligas extranjeras y a las j\u00f3venes promesas de todo el mundo. S\u00edgueme en twitter para compartir afici\u00f3n: @jorgegonex","sameAs":["http:\/\/manquepierda.com\/","https:\/\/x.com\/https:\/\/twitter.com\/jorgegonex","https:\/\/www.youtube.com\/user\/FutbolandiaMQP"],"url":"https:\/\/www.manquepierda.com\/futbolandia\/author\/jorgegonzalez\/"}]}},"jetpack_publicize_connections":[],"jetpack_featured_media_url":"https:\/\/i0.wp.com\/www.manquepierda.com\/futbolandia\/files\/2015\/03\/Ayew-se-lamenta.jpg?fit=600%2C338&ssl=1","jetpack_shortlink":"https:\/\/wp.me\/p1THIg-1le","jetpack_sharing_enabled":true,"_links":{"self":[{"href":"https:\/\/www.manquepierda.com\/futbolandia\/wp-json\/wp\/v2\/posts\/5160","targetHints":{"allow":["GET"]}}],"collection":[{"href":"https:\/\/www.manquepierda.com\/futbolandia\/wp-json\/wp\/v2\/posts"}],"about":[{"href":"https:\/\/www.manquepierda.com\/futbolandia\/wp-json\/wp\/v2\/types\/post"}],"author":[{"embeddable":true,"href":"https:\/\/www.manquepierda.com\/futbolandia\/wp-json\/wp\/v2\/users\/93"}],"replies":[{"embeddable":true,"href":"https:\/\/www.manquepierda.com\/futbolandia\/wp-json\/wp\/v2\/comments?post=5160"}],"version-history":[{"count":0,"href":"https:\/\/www.manquepierda.com\/futbolandia\/wp-json\/wp\/v2\/posts\/5160\/revisions"}],"wp:featuredmedia":[{"embeddable":true,"href":"https:\/\/www.manquepierda.com\/futbolandia\/wp-json\/wp\/v2\/media\/5171"}],"wp:attachment":[{"href":"https:\/\/www.manquepierda.com\/futbolandia\/wp-json\/wp\/v2\/media?parent=5160"}],"wp:term":[{"taxonomy":"category","embeddable":true,"href":"https:\/\/www.manquepierda.com\/futbolandia\/wp-json\/wp\/v2\/categories?post=5160"},{"taxonomy":"post_tag","embeddable":true,"href":"https:\/\/www.manquepierda.com\/futbolandia\/wp-json\/wp\/v2\/tags?post=5160"}],"curies":[{"name":"wp","href":"https:\/\/api.w.org\/{rel}","templated":true}]}}