{"id":5270,"date":"2015-03-19T17:26:56","date_gmt":"2015-03-19T15:26:56","guid":{"rendered":"http:\/\/www.manquepierda.com\/futbolandia\/?p=5270"},"modified":"2015-03-19T17:26:56","modified_gmt":"2015-03-19T15:26:56","slug":"bienvenidos-al-show-de-messi-pasen-y-vean","status":"publish","type":"post","link":"https:\/\/www.manquepierda.com\/futbolandia\/bienvenidos-al-show-de-messi-pasen-y-vean\/","title":{"rendered":"\u00a1Bienvenidos al show de Messi, pasen y vean!"},"content":{"rendered":"<p>Mi\u00e9rcoles, 20.45 de la tarde, en Barcelona, <em>el Bar\u00e7a y el City se jugaban el poder estar en el sorteo de los cuartos de final del pr\u00f3ximo viernes<\/em>. El Bar\u00e7a ven\u00eda pisando fuerte, desplegando un gran juego y obteniendo unos grandes resultados en las \u00faltimas jornadas en la Liga BBVA como hemos ido contando a lo largo de estas semanas, adem\u00e1s consigui\u00f3 arrebatarle el liderato al Real Madrid y Messi consigui\u00f3 hacerse\u00a0<em>pichichi<\/em> de la liga con 32 tantos. Por su parte el City, todo lo contrario, viene de unos malos resultados en la Premier, consiguiendo tan solo tres puntos en las tres \u00faltimas jornadas.<\/p>\n<p>Ambos equipos salieron con sus respectivos onces de gala. En el bar\u00e7a, jug\u00f3 Mascherano de mediocentro al estar Busquets lesionado y Pellegrini busc\u00f3 poblar su equipo de centrocampistas, a lo que se le a\u00f1adi\u00f3 la vuelta de Tour\u00e9 al once que no jug\u00f3 la ida por sanci\u00f3n, aunque tambi\u00e9n me llamo la atenci\u00f3n que Bacary Sagna ocupara el carril derecho en vez de Zabaleta.<\/p>\n<figure style=\"width: 370px\" class=\"wp-caption aligncenter\"><img data-recalc-dims=\"1\" loading=\"lazy\" decoding=\"async\" src=\"https:\/\/i0.wp.com\/sharemytactics.com\/39420\/FC-Barcelona-Manchester-City-formation-tactics.png?resize=370%2C487\" alt=\"\" width=\"370\" height=\"487\" \/><figcaption class=\"wp-caption-text\">Los onces de uno y otro equipo fueron m\u00e1s o menos los esperados, debido a la gran trascendencia que supon\u00eda el partido.<\/figcaption><\/figure>\n<p>Dio comienzo el partido en el Camp Nou, y a los pocos minutos ya se pod\u00eda dislumbrar lo que iba a ser el resto del partido. <strong>Un bar\u00e7a muy competitivo, todos remando hacia una direcci\u00f3n \u00a0y sobre todo el\u00e9ctrico en ataque que con muy pocas transiciones se plantaba de forma sencilla en zona de tres cuartos.<\/strong> El partido debi\u00f3 acabar\u00a0una goleada local, el Bar\u00e7a tuvo anoche una facilidad pasmosa para generar ocasiones de gol, pero hay que atribuirle un gran m\u00e9rito a la soberbia actuaci\u00f3n de Joe Hart que lo par\u00f3 absolutamente todo. Bueno todo excepto el gol de <strong>Rakitic<\/strong>, que hizo una preciosa vaselina dif\u00edcil de atajar. La verdad que fue <strong>Joe Hart<\/strong> el que <strong>sostuvo al City durante todo el partido<\/strong>, Kompany estuvo desastroso que al igual que Yaya Tour\u00e9, ambos est\u00e1n lej\u00edsimos de su mejor nivel. Nasri y Silva desquiciados, al no poder generar juego ni por dentro ni por fuera, destacaron mas por la dureza de sus entradas que por otra cosa.<\/p>\n<p>Anoche se pudo ver a un Bar\u00e7a que roz\u00f3 la excelencia, muy el\u00e9ctrico como he mencionado antes y realizando transiciones rap\u00eddisimas que dejaron descolocados a los &#8216;citizen&#8217;. <strong>Messi dio un aut\u00e9ntico recital como<\/strong> <em>todocampista<\/em>, estaba en todos lados, defendiendo, bajando a recibir, generando juego desde el centro del campo, desbordando por la banda, recuperando balones&#8230; Solo se le pod\u00eda parar con faltas. L\u00e1stima que le falt\u00f3 el gol, pero la verdad es que hace tiempo que Messi destaca por todo el juego que genera para el colectivo, y no es necesario que anote un gol para saber que fue el mejor, el jugador m\u00e1s determinante y desequilibrante del partido y de toda la eliminatoria.<\/p>\n<p>El que tuvo una actuaci\u00f3n muy notable fue <strong>Andr\u00e9s Iniesta<\/strong>, mucho se est\u00e1 hablando de que esta en horas bajas pero durante toda la eliminatoria ha estado r\u00e1pido, din\u00e1mico, fresco&#8230; caracter\u00edsticas que recuerdan a su mejor versi\u00f3n con el Barcelona y con &#8216;La Roja&#8217;\u00a0. Y por supuesto, el joven <strong>Ter Stegen<\/strong> que dejo su porter\u00eda a cero, incluso par\u00e1ndole un penalti al Kun Ag\u00fcero a falta de un cuarto de hora para finalizar el encuentro, que hubiera podido meter al City en la eliminatoria.<\/p>\n<figure style=\"width: 385px\" class=\"wp-caption aligncenter\"><img loading=\"lazy\" decoding=\"async\" src=\"https:\/\/pbs.twimg.com\/media\/CAaBTT4VIAAwY6n.jpg:large\" alt=\"\" width=\"385\" height=\"512\" \/><figcaption class=\"wp-caption-text\">Ivan Rakitic en la acci\u00f3n del \u00fanico gol del partido. (FOTO: www.sport.es)<\/figcaption><\/figure>\n<p>Y con la eliminaci\u00f3n del City, Inglaterra se qued\u00f3 sin representantes en Champions League. En Europa League solo se mantiene vivo el Everton de Roberto Mart\u00ednez que hoy tiene que certificar su pase a cuartos de final de la Europa League ante el D\u00ednamo de Kiev. Pero deber\u00edan\u00a0sacarse las conclusiones individualmente y <strong>el City deber\u00eda hacer autocr\u00edtica, porque poco pudo hacer en 180 minutos de eliminatoria con la gran plantilla que tiene con jugadores de talla mundial. Aunque bueno tambi\u00e9n fue el \u00fanico que pudo enfrentarse a Messi aunque saliese mal parado.\u00a0<\/strong><\/p>\n<p>&nbsp;<\/p>\n<p>&nbsp;<\/p>\n","protected":false},"excerpt":{"rendered":"<p>Mi\u00e9rcoles, 20.45 de la tarde, en Barcelona, el Bar\u00e7a y el City se jugaban el poder estar en el sorteo de los cuartos de final del pr\u00f3ximo viernes. El Bar\u00e7a ven\u00eda pisando fuerte, desplegando un gran juego y obteniendo unos grandes resultados en las \u00faltimas jornadas en la Liga BBVA como hemos ido contando a&#8230;<\/p>\n","protected":false},"author":442,"featured_media":5271,"comment_status":"open","ping_status":"open","sticky":false,"template":"","format":"standard","meta":{"_kad_post_transparent":"","_kad_post_title":"","_kad_post_layout":"","_kad_post_sidebar_id":"","_kad_post_content_style":"","_kad_post_vertical_padding":"","_kad_post_feature":"","_kad_post_feature_position":"","_kad_post_header":false,"_kad_post_footer":false,"_kad_post_classname":"","_jetpack_memberships_contains_paid_content":false,"footnotes":"","jetpack_publicize_message":"","jetpack_publicize_feature_enabled":true,"jetpack_social_post_already_shared":true,"jetpack_social_options":{"image_generator_settings":{"template":"highway","default_image_id":0,"font":"","enabled":false},"version":2}},"categories":[1394,7,10],"tags":[69,27,198,72,1905,1270],"class_list":["post-5270","post","type-post","status-publish","format-standard","has-post-thumbnail","hentry","category-champions-league-2014-2015","category-opinion","category-portada","tag-barcelona","tag-champions-league","tag-manchester-city","tag-messi","tag-octavos-de-final","tag-rakitic"],"yoast_head":"<!-- This site is optimized with the Yoast SEO plugin v27.5 - https:\/\/yoast.com\/product\/yoast-seo-wordpress\/ -->\n<title>\u00a1Bienvenidos al show de Messi, pasen y vean! &#8211; Futbolandia<\/title>\n<meta name=\"robots\" content=\"index, follow, max-snippet:-1, max-image-preview:large, max-video-preview:-1\" \/>\n<link rel=\"canonical\" href=\"https:\/\/www.manquepierda.com\/futbolandia\/bienvenidos-al-show-de-messi-pasen-y-vean\/\" \/>\n<meta property=\"og:locale\" content=\"es_ES\" \/>\n<meta property=\"og:type\" content=\"article\" \/>\n<meta property=\"og:title\" content=\"\u00a1Bienvenidos al show de Messi, pasen y vean! &#8211; Futbolandia\" \/>\n<meta property=\"og:description\" content=\"Mi\u00e9rcoles, 20.45 de la tarde, en Barcelona, el Bar\u00e7a y el City se jugaban el poder estar en el sorteo de los cuartos de final del pr\u00f3ximo viernes. El Bar\u00e7a ven\u00eda pisando fuerte, desplegando un gran juego y obteniendo unos grandes resultados en las \u00faltimas jornadas en la Liga BBVA como hemos ido contando a...\" \/>\n<meta property=\"og:url\" content=\"https:\/\/www.manquepierda.com\/futbolandia\/bienvenidos-al-show-de-messi-pasen-y-vean\/\" \/>\n<meta property=\"og:site_name\" content=\"Futbolandia\" \/>\n<meta property=\"article:published_time\" content=\"2015-03-19T15:26:56+00:00\" \/>\n<meta property=\"og:image\" content=\"https:\/\/i0.wp.com\/www.manquepierda.com\/futbolandia\/files\/2015\/03\/CAaV9DCWcAA5DvI.jpg?fit=599%2C452&ssl=1\" \/>\n\t<meta property=\"og:image:width\" content=\"599\" \/>\n\t<meta property=\"og:image:height\" content=\"452\" \/>\n\t<meta property=\"og:image:type\" content=\"image\/jpeg\" \/>\n<meta name=\"author\" content=\"Jordi Bernal Albiol\" \/>\n<meta name=\"twitter:label1\" content=\"Escrito por\" \/>\n\t<meta name=\"twitter:data1\" content=\"Jordi Bernal Albiol\" \/>\n\t<meta name=\"twitter:label2\" content=\"Tiempo de lectura\" \/>\n\t<meta name=\"twitter:data2\" content=\"4 minutos\" \/>\n<script type=\"application\/ld+json\" class=\"yoast-schema-graph\">{\"@context\":\"https:\\\/\\\/schema.org\",\"@graph\":[{\"@type\":\"Article\",\"@id\":\"https:\\\/\\\/www.manquepierda.com\\\/futbolandia\\\/bienvenidos-al-show-de-messi-pasen-y-vean\\\/#article\",\"isPartOf\":{\"@id\":\"https:\\\/\\\/www.manquepierda.com\\\/futbolandia\\\/bienvenidos-al-show-de-messi-pasen-y-vean\\\/\"},\"author\":{\"name\":\"Jordi Bernal Albiol\",\"@id\":\"https:\\\/\\\/www.manquepierda.com\\\/futbolandia\\\/#\\\/schema\\\/person\\\/847db99271dc4c2cf3ad9f27f06c67ca\"},\"headline\":\"\u00a1Bienvenidos al show de Messi, pasen y vean!\",\"datePublished\":\"2015-03-19T15:26:56+00:00\",\"mainEntityOfPage\":{\"@id\":\"https:\\\/\\\/www.manquepierda.com\\\/futbolandia\\\/bienvenidos-al-show-de-messi-pasen-y-vean\\\/\"},\"wordCount\":729,\"commentCount\":0,\"image\":{\"@id\":\"https:\\\/\\\/www.manquepierda.com\\\/futbolandia\\\/bienvenidos-al-show-de-messi-pasen-y-vean\\\/#primaryimage\"},\"thumbnailUrl\":\"https:\\\/\\\/i0.wp.com\\\/www.manquepierda.com\\\/futbolandia\\\/files\\\/2015\\\/03\\\/CAaV9DCWcAA5DvI.jpg?fit=599%2C452&ssl=1\",\"keywords\":[\"Barcelona\",\"Champions League\",\"manchester city\",\"Messi\",\"Octavos de final\",\"rakitic\"],\"articleSection\":[\"Champions League 2014\\\/15\",\"Opini\u00f3n\",\"Portada\"],\"inLanguage\":\"es\",\"potentialAction\":[{\"@type\":\"CommentAction\",\"name\":\"Comment\",\"target\":[\"https:\\\/\\\/www.manquepierda.com\\\/futbolandia\\\/bienvenidos-al-show-de-messi-pasen-y-vean\\\/#respond\"]}]},{\"@type\":\"WebPage\",\"@id\":\"https:\\\/\\\/www.manquepierda.com\\\/futbolandia\\\/bienvenidos-al-show-de-messi-pasen-y-vean\\\/\",\"url\":\"https:\\\/\\\/www.manquepierda.com\\\/futbolandia\\\/bienvenidos-al-show-de-messi-pasen-y-vean\\\/\",\"name\":\"\u00a1Bienvenidos al show de Messi, pasen y vean! &#8211; Futbolandia\",\"isPartOf\":{\"@id\":\"https:\\\/\\\/www.manquepierda.com\\\/futbolandia\\\/#website\"},\"primaryImageOfPage\":{\"@id\":\"https:\\\/\\\/www.manquepierda.com\\\/futbolandia\\\/bienvenidos-al-show-de-messi-pasen-y-vean\\\/#primaryimage\"},\"image\":{\"@id\":\"https:\\\/\\\/www.manquepierda.com\\\/futbolandia\\\/bienvenidos-al-show-de-messi-pasen-y-vean\\\/#primaryimage\"},\"thumbnailUrl\":\"https:\\\/\\\/i0.wp.com\\\/www.manquepierda.com\\\/futbolandia\\\/files\\\/2015\\\/03\\\/CAaV9DCWcAA5DvI.jpg?fit=599%2C452&ssl=1\",\"datePublished\":\"2015-03-19T15:26:56+00:00\",\"author\":{\"@id\":\"https:\\\/\\\/www.manquepierda.com\\\/futbolandia\\\/#\\\/schema\\\/person\\\/847db99271dc4c2cf3ad9f27f06c67ca\"},\"breadcrumb\":{\"@id\":\"https:\\\/\\\/www.manquepierda.com\\\/futbolandia\\\/bienvenidos-al-show-de-messi-pasen-y-vean\\\/#breadcrumb\"},\"inLanguage\":\"es\",\"potentialAction\":[{\"@type\":\"ReadAction\",\"target\":[\"https:\\\/\\\/www.manquepierda.com\\\/futbolandia\\\/bienvenidos-al-show-de-messi-pasen-y-vean\\\/\"]}]},{\"@type\":\"ImageObject\",\"inLanguage\":\"es\",\"@id\":\"https:\\\/\\\/www.manquepierda.com\\\/futbolandia\\\/bienvenidos-al-show-de-messi-pasen-y-vean\\\/#primaryimage\",\"url\":\"https:\\\/\\\/i0.wp.com\\\/www.manquepierda.com\\\/futbolandia\\\/files\\\/2015\\\/03\\\/CAaV9DCWcAA5DvI.jpg?fit=599%2C452&ssl=1\",\"contentUrl\":\"https:\\\/\\\/i0.wp.com\\\/www.manquepierda.com\\\/futbolandia\\\/files\\\/2015\\\/03\\\/CAaV9DCWcAA5DvI.jpg?fit=599%2C452&ssl=1\",\"width\":599,\"height\":452},{\"@type\":\"BreadcrumbList\",\"@id\":\"https:\\\/\\\/www.manquepierda.com\\\/futbolandia\\\/bienvenidos-al-show-de-messi-pasen-y-vean\\\/#breadcrumb\",\"itemListElement\":[{\"@type\":\"ListItem\",\"position\":1,\"name\":\"Portada\",\"item\":\"https:\\\/\\\/www.manquepierda.com\\\/futbolandia\\\/\"},{\"@type\":\"ListItem\",\"position\":2,\"name\":\"\u00a1Bienvenidos al show de Messi, pasen y vean!\"}]},{\"@type\":\"WebSite\",\"@id\":\"https:\\\/\\\/www.manquepierda.com\\\/futbolandia\\\/#website\",\"url\":\"https:\\\/\\\/www.manquepierda.com\\\/futbolandia\\\/\",\"name\":\"Futbolandia\",\"description\":\"Reportajes e informaci\u00f3n sobre f\u00fatbol mundial y j\u00f3venes promesas\",\"potentialAction\":[{\"@type\":\"SearchAction\",\"target\":{\"@type\":\"EntryPoint\",\"urlTemplate\":\"https:\\\/\\\/www.manquepierda.com\\\/futbolandia\\\/?s={search_term_string}\"},\"query-input\":{\"@type\":\"PropertyValueSpecification\",\"valueRequired\":true,\"valueName\":\"search_term_string\"}}],\"inLanguage\":\"es\"},{\"@type\":\"Person\",\"@id\":\"https:\\\/\\\/www.manquepierda.com\\\/futbolandia\\\/#\\\/schema\\\/person\\\/847db99271dc4c2cf3ad9f27f06c67ca\",\"name\":\"Jordi Bernal Albiol\",\"image\":{\"@type\":\"ImageObject\",\"inLanguage\":\"es\",\"@id\":\"https:\\\/\\\/secure.gravatar.com\\\/avatar\\\/2c59041c60fd565cf17d2e4ef56218fa69ea488942909d24a0f08383d09f4570?s=96&d=mm&r=g\",\"url\":\"https:\\\/\\\/secure.gravatar.com\\\/avatar\\\/2c59041c60fd565cf17d2e4ef56218fa69ea488942909d24a0f08383d09f4570?s=96&d=mm&r=g\",\"contentUrl\":\"https:\\\/\\\/secure.gravatar.com\\\/avatar\\\/2c59041c60fd565cf17d2e4ef56218fa69ea488942909d24a0f08383d09f4570?s=96&d=mm&r=g\",\"caption\":\"Jordi Bernal Albiol\"},\"description\":\"Graduado en ADE.De Castell\u00f3n de la Plana. De los que piensan que el f\u00fatbol es una forma de vida de aislarse de la vida misma. Aficionado al f\u00fatbol internacional sobre todo Premier y Bundesliga. Y lo m\u00e1s importante enamorado de mi equipo, el F\u00fatbol Club Barcelona. Me podr\u00e9is encontrar en twitter: @jba_jordi\",\"url\":\"https:\\\/\\\/www.manquepierda.com\\\/futbolandia\\\/author\\\/jordi93cs\\\/\"}]}<\/script>\n<!-- \/ Yoast SEO plugin. -->","yoast_head_json":{"title":"\u00a1Bienvenidos al show de Messi, pasen y vean! &#8211; Futbolandia","robots":{"index":"index","follow":"follow","max-snippet":"max-snippet:-1","max-image-preview":"max-image-preview:large","max-video-preview":"max-video-preview:-1"},"canonical":"https:\/\/www.manquepierda.com\/futbolandia\/bienvenidos-al-show-de-messi-pasen-y-vean\/","og_locale":"es_ES","og_type":"article","og_title":"\u00a1Bienvenidos al show de Messi, pasen y vean! &#8211; Futbolandia","og_description":"Mi\u00e9rcoles, 20.45 de la tarde, en Barcelona, el Bar\u00e7a y el City se jugaban el poder estar en el sorteo de los cuartos de final del pr\u00f3ximo viernes. El Bar\u00e7a ven\u00eda pisando fuerte, desplegando un gran juego y obteniendo unos grandes resultados en las \u00faltimas jornadas en la Liga BBVA como hemos ido contando a...","og_url":"https:\/\/www.manquepierda.com\/futbolandia\/bienvenidos-al-show-de-messi-pasen-y-vean\/","og_site_name":"Futbolandia","article_published_time":"2015-03-19T15:26:56+00:00","og_image":[{"width":599,"height":452,"url":"https:\/\/i0.wp.com\/www.manquepierda.com\/futbolandia\/files\/2015\/03\/CAaV9DCWcAA5DvI.jpg?fit=599%2C452&ssl=1","type":"image\/jpeg"}],"author":"Jordi Bernal Albiol","twitter_misc":{"Escrito por":"Jordi Bernal Albiol","Tiempo de lectura":"4 minutos"},"schema":{"@context":"https:\/\/schema.org","@graph":[{"@type":"Article","@id":"https:\/\/www.manquepierda.com\/futbolandia\/bienvenidos-al-show-de-messi-pasen-y-vean\/#article","isPartOf":{"@id":"https:\/\/www.manquepierda.com\/futbolandia\/bienvenidos-al-show-de-messi-pasen-y-vean\/"},"author":{"name":"Jordi Bernal Albiol","@id":"https:\/\/www.manquepierda.com\/futbolandia\/#\/schema\/person\/847db99271dc4c2cf3ad9f27f06c67ca"},"headline":"\u00a1Bienvenidos al show de Messi, pasen y vean!","datePublished":"2015-03-19T15:26:56+00:00","mainEntityOfPage":{"@id":"https:\/\/www.manquepierda.com\/futbolandia\/bienvenidos-al-show-de-messi-pasen-y-vean\/"},"wordCount":729,"commentCount":0,"image":{"@id":"https:\/\/www.manquepierda.com\/futbolandia\/bienvenidos-al-show-de-messi-pasen-y-vean\/#primaryimage"},"thumbnailUrl":"https:\/\/i0.wp.com\/www.manquepierda.com\/futbolandia\/files\/2015\/03\/CAaV9DCWcAA5DvI.jpg?fit=599%2C452&ssl=1","keywords":["Barcelona","Champions League","manchester city","Messi","Octavos de final","rakitic"],"articleSection":["Champions League 2014\/15","Opini\u00f3n","Portada"],"inLanguage":"es","potentialAction":[{"@type":"CommentAction","name":"Comment","target":["https:\/\/www.manquepierda.com\/futbolandia\/bienvenidos-al-show-de-messi-pasen-y-vean\/#respond"]}]},{"@type":"WebPage","@id":"https:\/\/www.manquepierda.com\/futbolandia\/bienvenidos-al-show-de-messi-pasen-y-vean\/","url":"https:\/\/www.manquepierda.com\/futbolandia\/bienvenidos-al-show-de-messi-pasen-y-vean\/","name":"\u00a1Bienvenidos al show de Messi, pasen y vean! &#8211; Futbolandia","isPartOf":{"@id":"https:\/\/www.manquepierda.com\/futbolandia\/#website"},"primaryImageOfPage":{"@id":"https:\/\/www.manquepierda.com\/futbolandia\/bienvenidos-al-show-de-messi-pasen-y-vean\/#primaryimage"},"image":{"@id":"https:\/\/www.manquepierda.com\/futbolandia\/bienvenidos-al-show-de-messi-pasen-y-vean\/#primaryimage"},"thumbnailUrl":"https:\/\/i0.wp.com\/www.manquepierda.com\/futbolandia\/files\/2015\/03\/CAaV9DCWcAA5DvI.jpg?fit=599%2C452&ssl=1","datePublished":"2015-03-19T15:26:56+00:00","author":{"@id":"https:\/\/www.manquepierda.com\/futbolandia\/#\/schema\/person\/847db99271dc4c2cf3ad9f27f06c67ca"},"breadcrumb":{"@id":"https:\/\/www.manquepierda.com\/futbolandia\/bienvenidos-al-show-de-messi-pasen-y-vean\/#breadcrumb"},"inLanguage":"es","potentialAction":[{"@type":"ReadAction","target":["https:\/\/www.manquepierda.com\/futbolandia\/bienvenidos-al-show-de-messi-pasen-y-vean\/"]}]},{"@type":"ImageObject","inLanguage":"es","@id":"https:\/\/www.manquepierda.com\/futbolandia\/bienvenidos-al-show-de-messi-pasen-y-vean\/#primaryimage","url":"https:\/\/i0.wp.com\/www.manquepierda.com\/futbolandia\/files\/2015\/03\/CAaV9DCWcAA5DvI.jpg?fit=599%2C452&ssl=1","contentUrl":"https:\/\/i0.wp.com\/www.manquepierda.com\/futbolandia\/files\/2015\/03\/CAaV9DCWcAA5DvI.jpg?fit=599%2C452&ssl=1","width":599,"height":452},{"@type":"BreadcrumbList","@id":"https:\/\/www.manquepierda.com\/futbolandia\/bienvenidos-al-show-de-messi-pasen-y-vean\/#breadcrumb","itemListElement":[{"@type":"ListItem","position":1,"name":"Portada","item":"https:\/\/www.manquepierda.com\/futbolandia\/"},{"@type":"ListItem","position":2,"name":"\u00a1Bienvenidos al show de Messi, pasen y vean!"}]},{"@type":"WebSite","@id":"https:\/\/www.manquepierda.com\/futbolandia\/#website","url":"https:\/\/www.manquepierda.com\/futbolandia\/","name":"Futbolandia","description":"Reportajes e informaci\u00f3n sobre f\u00fatbol mundial y j\u00f3venes promesas","potentialAction":[{"@type":"SearchAction","target":{"@type":"EntryPoint","urlTemplate":"https:\/\/www.manquepierda.com\/futbolandia\/?s={search_term_string}"},"query-input":{"@type":"PropertyValueSpecification","valueRequired":true,"valueName":"search_term_string"}}],"inLanguage":"es"},{"@type":"Person","@id":"https:\/\/www.manquepierda.com\/futbolandia\/#\/schema\/person\/847db99271dc4c2cf3ad9f27f06c67ca","name":"Jordi Bernal Albiol","image":{"@type":"ImageObject","inLanguage":"es","@id":"https:\/\/secure.gravatar.com\/avatar\/2c59041c60fd565cf17d2e4ef56218fa69ea488942909d24a0f08383d09f4570?s=96&d=mm&r=g","url":"https:\/\/secure.gravatar.com\/avatar\/2c59041c60fd565cf17d2e4ef56218fa69ea488942909d24a0f08383d09f4570?s=96&d=mm&r=g","contentUrl":"https:\/\/secure.gravatar.com\/avatar\/2c59041c60fd565cf17d2e4ef56218fa69ea488942909d24a0f08383d09f4570?s=96&d=mm&r=g","caption":"Jordi Bernal Albiol"},"description":"Graduado en ADE.De Castell\u00f3n de la Plana. De los que piensan que el f\u00fatbol es una forma de vida de aislarse de la vida misma. Aficionado al f\u00fatbol internacional sobre todo Premier y Bundesliga. Y lo m\u00e1s importante enamorado de mi equipo, el F\u00fatbol Club Barcelona. Me podr\u00e9is encontrar en twitter: @jba_jordi","url":"https:\/\/www.manquepierda.com\/futbolandia\/author\/jordi93cs\/"}]}},"jetpack_publicize_connections":[],"jetpack_featured_media_url":"https:\/\/i0.wp.com\/www.manquepierda.com\/futbolandia\/files\/2015\/03\/CAaV9DCWcAA5DvI.jpg?fit=599%2C452&ssl=1","jetpack_shortlink":"https:\/\/wp.me\/p1THIg-1n0","jetpack_sharing_enabled":true,"_links":{"self":[{"href":"https:\/\/www.manquepierda.com\/futbolandia\/wp-json\/wp\/v2\/posts\/5270","targetHints":{"allow":["GET"]}}],"collection":[{"href":"https:\/\/www.manquepierda.com\/futbolandia\/wp-json\/wp\/v2\/posts"}],"about":[{"href":"https:\/\/www.manquepierda.com\/futbolandia\/wp-json\/wp\/v2\/types\/post"}],"author":[{"embeddable":true,"href":"https:\/\/www.manquepierda.com\/futbolandia\/wp-json\/wp\/v2\/users\/442"}],"replies":[{"embeddable":true,"href":"https:\/\/www.manquepierda.com\/futbolandia\/wp-json\/wp\/v2\/comments?post=5270"}],"version-history":[{"count":0,"href":"https:\/\/www.manquepierda.com\/futbolandia\/wp-json\/wp\/v2\/posts\/5270\/revisions"}],"wp:featuredmedia":[{"embeddable":true,"href":"https:\/\/www.manquepierda.com\/futbolandia\/wp-json\/wp\/v2\/media\/5271"}],"wp:attachment":[{"href":"https:\/\/www.manquepierda.com\/futbolandia\/wp-json\/wp\/v2\/media?parent=5270"}],"wp:term":[{"taxonomy":"category","embeddable":true,"href":"https:\/\/www.manquepierda.com\/futbolandia\/wp-json\/wp\/v2\/categories?post=5270"},{"taxonomy":"post_tag","embeddable":true,"href":"https:\/\/www.manquepierda.com\/futbolandia\/wp-json\/wp\/v2\/tags?post=5270"}],"curies":[{"name":"wp","href":"https:\/\/api.w.org\/{rel}","templated":true}]}}