{"id":5274,"date":"2015-03-19T18:45:58","date_gmt":"2015-03-19T16:45:58","guid":{"rendered":"http:\/\/www.manquepierda.com\/futbolandia\/?p=5274"},"modified":"2015-03-19T18:45:58","modified_gmt":"2015-03-19T16:45:58","slug":"el-euro-porto-de-lopetegui","status":"publish","type":"post","link":"https:\/\/www.manquepierda.com\/futbolandia\/el-euro-porto-de-lopetegui\/","title":{"rendered":"El &#8216;Euro-Porto&#8217; de Lopetegui"},"content":{"rendered":"<p>\u00bfQui\u00e9n nos iba a decir, all\u00e1 por el mes de agosto, que aqu\u00e9l Porto que <strong>tuvo que ir a la ronda previa<\/strong> para clasificarse a la actual edici\u00f3n de la UEFA Champions League, en la que se enfrent\u00f3 al Lille franc\u00e9s, se iba a plantar <strong>entre los ochos mejores clubes de Europa<\/strong>?<\/p>\n<p>Pues as\u00ed es. Esta semana cambiamos, ligeramente, el rumbo de los art\u00edculos para dedicarlo a lo m\u00e1s destacado de la semana en el \u00e1mbito del f\u00fatbol luso: la UCL que est\u00e1 realizando el FC Porto. El equipo de Lopetegui ma\u00f1ana, 20 de marzo, conocer\u00e1 su rival para los<strong> cuartos de final<\/strong> de la competici\u00f3n, realizando as\u00ed una de las mejores actuaciones, sin duda alguna, desde que los dragones se hiciesen con la &#8216;orejona&#8217; all\u00e1 por 2004, hace ya m\u00e1s de una d\u00e9cada, y con Jos\u00e9 Mourinho en el banquillo.<\/p>\n<p>Pase lo que pase en el sorteo, y pase lo que pase en los cuartos de final, cabe destacar el gran trabajo del t\u00e9cnico espa\u00f1ol al frente del club portugu\u00e9s, a pesar del aluvi\u00f3n de cr\u00edticas que recibi\u00f3 al principio de temporada por unas <strong>rotaciones<\/strong> que, curiosamente, <strong>le est\u00e1n beneficiando a estas alturas<\/strong> del curso futbol\u00edstico.<\/p>\n<p>Los dragones se han deshecho ya de <strong>Lille<\/strong> (en ronda previa), <strong>Shakhtar Donetsk<\/strong>, <strong>Athletic Club<\/strong>, <strong>BATE Borisov<\/strong> y <strong>FC Basel<\/strong>, ganando 7 partidos y empatando 3, siguiendo as\u00ed invictos en el torneo, con <strong>24 goles a favor<\/strong> (3 de ellos en la clasificaci\u00f3n previa) <strong>y tan s\u00f3lo 5 en contra<\/strong>.<\/p>\n<p>As\u00ed, sin hacer demasiado ruido pero sufriendo muy poco, los dragones blanquiazules de Lopetegui se plantan en cuartos siendo el &#8216;rival d\u00e9bil&#8217;, cosa que pueden usar a su favor para dar la campanada. <strong>Y es que no tienen nada que perder.<\/strong><\/p>\n<p><strong>El equipo<\/strong><\/p>\n<p>Pasemos a hablar de los hombres de confianza de Lopetegui: la porter\u00eda est\u00e1 ocupada, sin duda, por el brasile\u00f1o <strong>Fabiano<\/strong>, que est\u00e1 teniendo unos n\u00fameros excelentes esta temporada, recibiendo tan s\u00f3lo <strong>14 goles en 33 partidos<\/strong> jugados.<\/p>\n<p>Ya en la defensa, <strong>Danilo<\/strong> es el indiscutible lateral derecho, al igual que su alter-ego en la banda izquierda <strong>\u00c1lex Sandro<\/strong>, ambos portugueses. Como centrales, <strong>Maicon<\/strong> y el espa\u00f1ol <strong>Iv\u00e1n Marcano<\/strong> son los centrales titulares, con el gran <strong>Martins Indi<\/strong> en el banquillo.<\/p>\n<p>Y as\u00ed pasamos al centro del campo, una zona poblada por jugadores j\u00f3venes y con tanta calidad que ganas de comerse el mundo. Los titulares indiscutibles en el 4-3-3 de Lopetegui son <strong>Casemiro<\/strong>, que est\u00e1 espectacular esta temporada, siendo casi el tim\u00f3n del equipo y <strong>H\u00e9ctor Herrera<\/strong>, que tras un gran Copa del Mundo en Brasil con la &#8216;tri&#8217; se est\u00e1 ganando un puesto a base de actuaciones de gran nivel. El \u00faltimo puesto en el centro del campo es el que m\u00e1s rota el m\u00edster espa\u00f1ol, entre tres jugadores de, tambi\u00e9n, una enorme calidad: <strong>Juan Fernando Quintero<\/strong>, <strong>\u00d3liver Torres<\/strong> (te\u00f3rico titular, pero ha sido perjudicado por las lesiones) y <strong>Evandro<\/strong>. Todo ello con el jovenc\u00edsimo <strong>R\u00faben Neves<\/strong>, futuro del Porto y de Portugal, yendo convocado en la gran mayor\u00eda de partidos.<\/p>\n<p>M\u00e1s adelante, el gol en do Drag\u00e3o est\u00e1 en manos de <strong>Cristian Tello<\/strong>, que est\u00e1 en plena explosi\u00f3n, marcando, incluso, 6 goles en los \u00faltimos partidos, <strong>Yacine Brahimi<\/strong>, que a pesar de haber bajado el nivel tras la CAN sigue como una bala, y <strong>Jackson Mart\u00ednez<\/strong>, sobre el cual sobran las palabras. Adem\u00e1s, en el banquillo esperan jugadores como <strong>Ricardo Quaresma<\/strong> (utilizado como revolucionario de partidos por Lopetegui) o <strong>Vincent Aboubakar<\/strong> (que cuando ha tenido que suplir a Jackson ha cumplido las expectativas con creces).<\/p>\n<p><a href=\"https:\/\/i0.wp.com\/www.manquepierda.com\/futbolandia\/files\/2015\/03\/1224085_Futebol_Clube_do_Porto_-_SAD.jpg\"><img data-recalc-dims=\"1\" loading=\"lazy\" decoding=\"async\" data-attachment-id=\"5275\" data-permalink=\"https:\/\/www.manquepierda.com\/futbolandia\/el-euro-porto-de-lopetegui\/1224085_futebol_clube_do_porto_-_sad\/\" data-orig-file=\"https:\/\/i0.wp.com\/www.manquepierda.com\/futbolandia\/files\/2015\/03\/1224085_Futebol_Clube_do_Porto_-_SAD.jpg?fit=316%2C513&amp;ssl=1\" data-orig-size=\"316,513\" data-comments-opened=\"1\" data-image-meta=\"{&quot;aperture&quot;:&quot;0&quot;,&quot;credit&quot;:&quot;&quot;,&quot;camera&quot;:&quot;&quot;,&quot;caption&quot;:&quot;&quot;,&quot;created_timestamp&quot;:&quot;0&quot;,&quot;copyright&quot;:&quot;&quot;,&quot;focal_length&quot;:&quot;0&quot;,&quot;iso&quot;:&quot;0&quot;,&quot;shutter_speed&quot;:&quot;0&quot;,&quot;title&quot;:&quot;&quot;,&quot;orientation&quot;:&quot;0&quot;}\" data-image-title=\"1224085_Futebol_Clube_do_Porto_-_SAD\" data-image-description=\"\" data-image-caption=\"\" data-large-file=\"https:\/\/i0.wp.com\/www.manquepierda.com\/futbolandia\/files\/2015\/03\/1224085_Futebol_Clube_do_Porto_-_SAD.jpg?fit=316%2C513&amp;ssl=1\" class=\"aligncenter wp-image-5275 size-full\" src=\"https:\/\/i0.wp.com\/www.manquepierda.com\/futbolandia\/files\/2015\/03\/1224085_Futebol_Clube_do_Porto_-_SAD.jpg?resize=316%2C513\" alt=\"1224085_Futebol_Clube_do_Porto_-_SAD\" width=\"316\" height=\"513\" srcset=\"https:\/\/i0.wp.com\/www.manquepierda.com\/futbolandia\/files\/2015\/03\/1224085_Futebol_Clube_do_Porto_-_SAD.jpg?w=316&amp;ssl=1 316w, https:\/\/i0.wp.com\/www.manquepierda.com\/futbolandia\/files\/2015\/03\/1224085_Futebol_Clube_do_Porto_-_SAD.jpg?resize=185%2C300&amp;ssl=1 185w\" sizes=\"auto, (max-width: 316px) 100vw, 316px\" \/><\/a><\/p>\n","protected":false},"excerpt":{"rendered":"<p>\u00bfQui\u00e9n nos iba a decir, all\u00e1 por el mes de agosto, que aqu\u00e9l Porto que tuvo que ir a la ronda previa para clasificarse a la actual edici\u00f3n de la UEFA Champions League, en la que se enfrent\u00f3 al Lille franc\u00e9s, se iba a plantar entre los ochos mejores clubes de Europa? Pues as\u00ed es&#8230;.<\/p>\n","protected":false},"author":413,"featured_media":5276,"comment_status":"open","ping_status":"open","sticky":false,"template":"","format":"standard","meta":{"_kad_post_transparent":"","_kad_post_title":"","_kad_post_layout":"","_kad_post_sidebar_id":"","_kad_post_content_style":"","_kad_post_vertical_padding":"","_kad_post_feature":"","_kad_post_feature_position":"","_kad_post_header":false,"_kad_post_footer":false,"_kad_post_classname":"","_jetpack_memberships_contains_paid_content":false,"footnotes":"","jetpack_publicize_message":"","jetpack_publicize_feature_enabled":true,"jetpack_social_post_already_shared":true,"jetpack_social_options":{"image_generator_settings":{"template":"highway","default_image_id":0,"font":"","enabled":false},"version":2}},"categories":[1394,725,1368,10],"tags":[],"class_list":["post-5274","post","type-post","status-publish","format-standard","has-post-thumbnail","hentry","category-champions-league-2014-2015","category-competiciones-internacionales","category-ligas-mundo","category-portada"],"yoast_head":"<!-- This site is optimized with the Yoast SEO plugin v27.5 - https:\/\/yoast.com\/product\/yoast-seo-wordpress\/ -->\n<title>El &#039;Euro-Porto&#039; de Lopetegui &#8211; Futbolandia<\/title>\n<meta name=\"robots\" content=\"index, follow, max-snippet:-1, max-image-preview:large, max-video-preview:-1\" \/>\n<link rel=\"canonical\" href=\"https:\/\/www.manquepierda.com\/futbolandia\/el-euro-porto-de-lopetegui\/\" \/>\n<meta property=\"og:locale\" content=\"es_ES\" \/>\n<meta property=\"og:type\" content=\"article\" \/>\n<meta property=\"og:title\" content=\"El &#039;Euro-Porto&#039; de Lopetegui &#8211; Futbolandia\" \/>\n<meta property=\"og:description\" content=\"\u00bfQui\u00e9n nos iba a decir, all\u00e1 por el mes de agosto, que aqu\u00e9l Porto que tuvo que ir a la ronda previa para clasificarse a la actual edici\u00f3n de la UEFA Champions League, en la que se enfrent\u00f3 al Lille franc\u00e9s, se iba a plantar entre los ochos mejores clubes de Europa? Pues as\u00ed es....\" \/>\n<meta property=\"og:url\" content=\"https:\/\/www.manquepierda.com\/futbolandia\/el-euro-porto-de-lopetegui\/\" \/>\n<meta property=\"og:site_name\" content=\"Futbolandia\" \/>\n<meta property=\"article:published_time\" content=\"2015-03-19T16:45:58+00:00\" \/>\n<meta property=\"og:image\" content=\"https:\/\/i0.wp.com\/www.manquepierda.com\/futbolandia\/files\/2015\/03\/Lopetegui.jpg?fit=610%2C340&ssl=1\" \/>\n\t<meta property=\"og:image:width\" content=\"610\" \/>\n\t<meta property=\"og:image:height\" content=\"340\" \/>\n\t<meta property=\"og:image:type\" content=\"image\/jpeg\" \/>\n<meta name=\"author\" content=\"Sergi Morilla\" \/>\n<meta name=\"twitter:label1\" content=\"Escrito por\" \/>\n\t<meta name=\"twitter:data1\" content=\"Sergi Morilla\" \/>\n\t<meta name=\"twitter:label2\" content=\"Tiempo de lectura\" \/>\n\t<meta name=\"twitter:data2\" content=\"3 minutos\" \/>\n<script type=\"application\/ld+json\" class=\"yoast-schema-graph\">{\"@context\":\"https:\\\/\\\/schema.org\",\"@graph\":[{\"@type\":\"Article\",\"@id\":\"https:\\\/\\\/www.manquepierda.com\\\/futbolandia\\\/el-euro-porto-de-lopetegui\\\/#article\",\"isPartOf\":{\"@id\":\"https:\\\/\\\/www.manquepierda.com\\\/futbolandia\\\/el-euro-porto-de-lopetegui\\\/\"},\"author\":{\"name\":\"Sergi Morilla\",\"@id\":\"https:\\\/\\\/www.manquepierda.com\\\/futbolandia\\\/#\\\/schema\\\/person\\\/a5ee685aa08423aa6a09f85effed7e81\"},\"headline\":\"El &#8216;Euro-Porto&#8217; de Lopetegui\",\"datePublished\":\"2015-03-19T16:45:58+00:00\",\"mainEntityOfPage\":{\"@id\":\"https:\\\/\\\/www.manquepierda.com\\\/futbolandia\\\/el-euro-porto-de-lopetegui\\\/\"},\"wordCount\":625,\"commentCount\":0,\"image\":{\"@id\":\"https:\\\/\\\/www.manquepierda.com\\\/futbolandia\\\/el-euro-porto-de-lopetegui\\\/#primaryimage\"},\"thumbnailUrl\":\"https:\\\/\\\/i0.wp.com\\\/www.manquepierda.com\\\/futbolandia\\\/files\\\/2015\\\/03\\\/Lopetegui.jpg?fit=610%2C340&ssl=1\",\"articleSection\":[\"Champions League 2014\\\/15\",\"Competiciones Internacionales\",\"Ligas del Mundo\",\"Portada\"],\"inLanguage\":\"es\",\"potentialAction\":[{\"@type\":\"CommentAction\",\"name\":\"Comment\",\"target\":[\"https:\\\/\\\/www.manquepierda.com\\\/futbolandia\\\/el-euro-porto-de-lopetegui\\\/#respond\"]}]},{\"@type\":\"WebPage\",\"@id\":\"https:\\\/\\\/www.manquepierda.com\\\/futbolandia\\\/el-euro-porto-de-lopetegui\\\/\",\"url\":\"https:\\\/\\\/www.manquepierda.com\\\/futbolandia\\\/el-euro-porto-de-lopetegui\\\/\",\"name\":\"El 'Euro-Porto' de Lopetegui &#8211; Futbolandia\",\"isPartOf\":{\"@id\":\"https:\\\/\\\/www.manquepierda.com\\\/futbolandia\\\/#website\"},\"primaryImageOfPage\":{\"@id\":\"https:\\\/\\\/www.manquepierda.com\\\/futbolandia\\\/el-euro-porto-de-lopetegui\\\/#primaryimage\"},\"image\":{\"@id\":\"https:\\\/\\\/www.manquepierda.com\\\/futbolandia\\\/el-euro-porto-de-lopetegui\\\/#primaryimage\"},\"thumbnailUrl\":\"https:\\\/\\\/i0.wp.com\\\/www.manquepierda.com\\\/futbolandia\\\/files\\\/2015\\\/03\\\/Lopetegui.jpg?fit=610%2C340&ssl=1\",\"datePublished\":\"2015-03-19T16:45:58+00:00\",\"author\":{\"@id\":\"https:\\\/\\\/www.manquepierda.com\\\/futbolandia\\\/#\\\/schema\\\/person\\\/a5ee685aa08423aa6a09f85effed7e81\"},\"breadcrumb\":{\"@id\":\"https:\\\/\\\/www.manquepierda.com\\\/futbolandia\\\/el-euro-porto-de-lopetegui\\\/#breadcrumb\"},\"inLanguage\":\"es\",\"potentialAction\":[{\"@type\":\"ReadAction\",\"target\":[\"https:\\\/\\\/www.manquepierda.com\\\/futbolandia\\\/el-euro-porto-de-lopetegui\\\/\"]}]},{\"@type\":\"ImageObject\",\"inLanguage\":\"es\",\"@id\":\"https:\\\/\\\/www.manquepierda.com\\\/futbolandia\\\/el-euro-porto-de-lopetegui\\\/#primaryimage\",\"url\":\"https:\\\/\\\/i0.wp.com\\\/www.manquepierda.com\\\/futbolandia\\\/files\\\/2015\\\/03\\\/Lopetegui.jpg?fit=610%2C340&ssl=1\",\"contentUrl\":\"https:\\\/\\\/i0.wp.com\\\/www.manquepierda.com\\\/futbolandia\\\/files\\\/2015\\\/03\\\/Lopetegui.jpg?fit=610%2C340&ssl=1\",\"width\":610,\"height\":340},{\"@type\":\"BreadcrumbList\",\"@id\":\"https:\\\/\\\/www.manquepierda.com\\\/futbolandia\\\/el-euro-porto-de-lopetegui\\\/#breadcrumb\",\"itemListElement\":[{\"@type\":\"ListItem\",\"position\":1,\"name\":\"Portada\",\"item\":\"https:\\\/\\\/www.manquepierda.com\\\/futbolandia\\\/\"},{\"@type\":\"ListItem\",\"position\":2,\"name\":\"El &#8216;Euro-Porto&#8217; de Lopetegui\"}]},{\"@type\":\"WebSite\",\"@id\":\"https:\\\/\\\/www.manquepierda.com\\\/futbolandia\\\/#website\",\"url\":\"https:\\\/\\\/www.manquepierda.com\\\/futbolandia\\\/\",\"name\":\"Futbolandia\",\"description\":\"Reportajes e informaci\u00f3n sobre f\u00fatbol mundial y j\u00f3venes promesas\",\"potentialAction\":[{\"@type\":\"SearchAction\",\"target\":{\"@type\":\"EntryPoint\",\"urlTemplate\":\"https:\\\/\\\/www.manquepierda.com\\\/futbolandia\\\/?s={search_term_string}\"},\"query-input\":{\"@type\":\"PropertyValueSpecification\",\"valueRequired\":true,\"valueName\":\"search_term_string\"}}],\"inLanguage\":\"es\"},{\"@type\":\"Person\",\"@id\":\"https:\\\/\\\/www.manquepierda.com\\\/futbolandia\\\/#\\\/schema\\\/person\\\/a5ee685aa08423aa6a09f85effed7e81\",\"name\":\"Sergi Morilla\",\"image\":{\"@type\":\"ImageObject\",\"inLanguage\":\"es\",\"@id\":\"https:\\\/\\\/secure.gravatar.com\\\/avatar\\\/01a75e9932328c93feac7851c9316aee5595ac0e410025863f9be65ebfef296b?s=96&d=mm&r=g\",\"url\":\"https:\\\/\\\/secure.gravatar.com\\\/avatar\\\/01a75e9932328c93feac7851c9316aee5595ac0e410025863f9be65ebfef296b?s=96&d=mm&r=g\",\"contentUrl\":\"https:\\\/\\\/secure.gravatar.com\\\/avatar\\\/01a75e9932328c93feac7851c9316aee5595ac0e410025863f9be65ebfef296b?s=96&d=mm&r=g\",\"caption\":\"Sergi Morilla\"},\"description\":\"Soy Sergi Morilla, catal\u00e1n y b\u00e9tico de cuna. Seguidor del f\u00fatbol internacional desde que descubr\u00ed lo que es un bal\u00f3n. \\\"Experto\\\" en f\u00fatbol portugu\u00e9s y gestor de @FutbolPortugal en Twitter. Metalero.\",\"sameAs\":[\"http:\\\/\\\/www.twitter.com\\\/FutbolPortugal\"],\"url\":\"https:\\\/\\\/www.manquepierda.com\\\/futbolandia\\\/author\\\/sergimorilla\\\/\"}]}<\/script>\n<!-- \/ Yoast SEO plugin. -->","yoast_head_json":{"title":"El 'Euro-Porto' de Lopetegui &#8211; Futbolandia","robots":{"index":"index","follow":"follow","max-snippet":"max-snippet:-1","max-image-preview":"max-image-preview:large","max-video-preview":"max-video-preview:-1"},"canonical":"https:\/\/www.manquepierda.com\/futbolandia\/el-euro-porto-de-lopetegui\/","og_locale":"es_ES","og_type":"article","og_title":"El 'Euro-Porto' de Lopetegui &#8211; Futbolandia","og_description":"\u00bfQui\u00e9n nos iba a decir, all\u00e1 por el mes de agosto, que aqu\u00e9l Porto que tuvo que ir a la ronda previa para clasificarse a la actual edici\u00f3n de la UEFA Champions League, en la que se enfrent\u00f3 al Lille franc\u00e9s, se iba a plantar entre los ochos mejores clubes de Europa? Pues as\u00ed es....","og_url":"https:\/\/www.manquepierda.com\/futbolandia\/el-euro-porto-de-lopetegui\/","og_site_name":"Futbolandia","article_published_time":"2015-03-19T16:45:58+00:00","og_image":[{"width":610,"height":340,"url":"https:\/\/i0.wp.com\/www.manquepierda.com\/futbolandia\/files\/2015\/03\/Lopetegui.jpg?fit=610%2C340&ssl=1","type":"image\/jpeg"}],"author":"Sergi Morilla","twitter_misc":{"Escrito por":"Sergi Morilla","Tiempo de lectura":"3 minutos"},"schema":{"@context":"https:\/\/schema.org","@graph":[{"@type":"Article","@id":"https:\/\/www.manquepierda.com\/futbolandia\/el-euro-porto-de-lopetegui\/#article","isPartOf":{"@id":"https:\/\/www.manquepierda.com\/futbolandia\/el-euro-porto-de-lopetegui\/"},"author":{"name":"Sergi Morilla","@id":"https:\/\/www.manquepierda.com\/futbolandia\/#\/schema\/person\/a5ee685aa08423aa6a09f85effed7e81"},"headline":"El &#8216;Euro-Porto&#8217; de Lopetegui","datePublished":"2015-03-19T16:45:58+00:00","mainEntityOfPage":{"@id":"https:\/\/www.manquepierda.com\/futbolandia\/el-euro-porto-de-lopetegui\/"},"wordCount":625,"commentCount":0,"image":{"@id":"https:\/\/www.manquepierda.com\/futbolandia\/el-euro-porto-de-lopetegui\/#primaryimage"},"thumbnailUrl":"https:\/\/i0.wp.com\/www.manquepierda.com\/futbolandia\/files\/2015\/03\/Lopetegui.jpg?fit=610%2C340&ssl=1","articleSection":["Champions League 2014\/15","Competiciones Internacionales","Ligas del Mundo","Portada"],"inLanguage":"es","potentialAction":[{"@type":"CommentAction","name":"Comment","target":["https:\/\/www.manquepierda.com\/futbolandia\/el-euro-porto-de-lopetegui\/#respond"]}]},{"@type":"WebPage","@id":"https:\/\/www.manquepierda.com\/futbolandia\/el-euro-porto-de-lopetegui\/","url":"https:\/\/www.manquepierda.com\/futbolandia\/el-euro-porto-de-lopetegui\/","name":"El 'Euro-Porto' de Lopetegui &#8211; Futbolandia","isPartOf":{"@id":"https:\/\/www.manquepierda.com\/futbolandia\/#website"},"primaryImageOfPage":{"@id":"https:\/\/www.manquepierda.com\/futbolandia\/el-euro-porto-de-lopetegui\/#primaryimage"},"image":{"@id":"https:\/\/www.manquepierda.com\/futbolandia\/el-euro-porto-de-lopetegui\/#primaryimage"},"thumbnailUrl":"https:\/\/i0.wp.com\/www.manquepierda.com\/futbolandia\/files\/2015\/03\/Lopetegui.jpg?fit=610%2C340&ssl=1","datePublished":"2015-03-19T16:45:58+00:00","author":{"@id":"https:\/\/www.manquepierda.com\/futbolandia\/#\/schema\/person\/a5ee685aa08423aa6a09f85effed7e81"},"breadcrumb":{"@id":"https:\/\/www.manquepierda.com\/futbolandia\/el-euro-porto-de-lopetegui\/#breadcrumb"},"inLanguage":"es","potentialAction":[{"@type":"ReadAction","target":["https:\/\/www.manquepierda.com\/futbolandia\/el-euro-porto-de-lopetegui\/"]}]},{"@type":"ImageObject","inLanguage":"es","@id":"https:\/\/www.manquepierda.com\/futbolandia\/el-euro-porto-de-lopetegui\/#primaryimage","url":"https:\/\/i0.wp.com\/www.manquepierda.com\/futbolandia\/files\/2015\/03\/Lopetegui.jpg?fit=610%2C340&ssl=1","contentUrl":"https:\/\/i0.wp.com\/www.manquepierda.com\/futbolandia\/files\/2015\/03\/Lopetegui.jpg?fit=610%2C340&ssl=1","width":610,"height":340},{"@type":"BreadcrumbList","@id":"https:\/\/www.manquepierda.com\/futbolandia\/el-euro-porto-de-lopetegui\/#breadcrumb","itemListElement":[{"@type":"ListItem","position":1,"name":"Portada","item":"https:\/\/www.manquepierda.com\/futbolandia\/"},{"@type":"ListItem","position":2,"name":"El &#8216;Euro-Porto&#8217; de Lopetegui"}]},{"@type":"WebSite","@id":"https:\/\/www.manquepierda.com\/futbolandia\/#website","url":"https:\/\/www.manquepierda.com\/futbolandia\/","name":"Futbolandia","description":"Reportajes e informaci\u00f3n sobre f\u00fatbol mundial y j\u00f3venes promesas","potentialAction":[{"@type":"SearchAction","target":{"@type":"EntryPoint","urlTemplate":"https:\/\/www.manquepierda.com\/futbolandia\/?s={search_term_string}"},"query-input":{"@type":"PropertyValueSpecification","valueRequired":true,"valueName":"search_term_string"}}],"inLanguage":"es"},{"@type":"Person","@id":"https:\/\/www.manquepierda.com\/futbolandia\/#\/schema\/person\/a5ee685aa08423aa6a09f85effed7e81","name":"Sergi Morilla","image":{"@type":"ImageObject","inLanguage":"es","@id":"https:\/\/secure.gravatar.com\/avatar\/01a75e9932328c93feac7851c9316aee5595ac0e410025863f9be65ebfef296b?s=96&d=mm&r=g","url":"https:\/\/secure.gravatar.com\/avatar\/01a75e9932328c93feac7851c9316aee5595ac0e410025863f9be65ebfef296b?s=96&d=mm&r=g","contentUrl":"https:\/\/secure.gravatar.com\/avatar\/01a75e9932328c93feac7851c9316aee5595ac0e410025863f9be65ebfef296b?s=96&d=mm&r=g","caption":"Sergi Morilla"},"description":"Soy Sergi Morilla, catal\u00e1n y b\u00e9tico de cuna. Seguidor del f\u00fatbol internacional desde que descubr\u00ed lo que es un bal\u00f3n. \"Experto\" en f\u00fatbol portugu\u00e9s y gestor de @FutbolPortugal en Twitter. Metalero.","sameAs":["http:\/\/www.twitter.com\/FutbolPortugal"],"url":"https:\/\/www.manquepierda.com\/futbolandia\/author\/sergimorilla\/"}]}},"jetpack_publicize_connections":[],"jetpack_featured_media_url":"https:\/\/i0.wp.com\/www.manquepierda.com\/futbolandia\/files\/2015\/03\/Lopetegui.jpg?fit=610%2C340&ssl=1","jetpack_shortlink":"https:\/\/wp.me\/p1THIg-1n4","jetpack_sharing_enabled":true,"_links":{"self":[{"href":"https:\/\/www.manquepierda.com\/futbolandia\/wp-json\/wp\/v2\/posts\/5274","targetHints":{"allow":["GET"]}}],"collection":[{"href":"https:\/\/www.manquepierda.com\/futbolandia\/wp-json\/wp\/v2\/posts"}],"about":[{"href":"https:\/\/www.manquepierda.com\/futbolandia\/wp-json\/wp\/v2\/types\/post"}],"author":[{"embeddable":true,"href":"https:\/\/www.manquepierda.com\/futbolandia\/wp-json\/wp\/v2\/users\/413"}],"replies":[{"embeddable":true,"href":"https:\/\/www.manquepierda.com\/futbolandia\/wp-json\/wp\/v2\/comments?post=5274"}],"version-history":[{"count":0,"href":"https:\/\/www.manquepierda.com\/futbolandia\/wp-json\/wp\/v2\/posts\/5274\/revisions"}],"wp:featuredmedia":[{"embeddable":true,"href":"https:\/\/www.manquepierda.com\/futbolandia\/wp-json\/wp\/v2\/media\/5276"}],"wp:attachment":[{"href":"https:\/\/www.manquepierda.com\/futbolandia\/wp-json\/wp\/v2\/media?parent=5274"}],"wp:term":[{"taxonomy":"category","embeddable":true,"href":"https:\/\/www.manquepierda.com\/futbolandia\/wp-json\/wp\/v2\/categories?post=5274"},{"taxonomy":"post_tag","embeddable":true,"href":"https:\/\/www.manquepierda.com\/futbolandia\/wp-json\/wp\/v2\/tags?post=5274"}],"curies":[{"name":"wp","href":"https:\/\/api.w.org\/{rel}","templated":true}]}}