{"id":5295,"date":"2015-03-25T18:59:00","date_gmt":"2015-03-25T16:59:00","guid":{"rendered":"http:\/\/www.manquepierda.com\/futbolandia\/?p=5295"},"modified":"2015-03-25T19:05:42","modified_gmt":"2015-03-25T17:05:42","slug":"vascos-desconcertados","status":"publish","type":"post","link":"https:\/\/www.manquepierda.com\/futbolandia\/vascos-desconcertados\/","title":{"rendered":"Vascos desconcertados"},"content":{"rendered":"<p><span style=\"font-family: Calibri,sans-serif\"><span style=\"font-size: medium\">El auge en las \u00faltimas temporadas de los conjuntos vascos ha venido a menos en la presente. El Eibar tras su espectacular inicio hac\u00eda presagiar que no pasar\u00eda problemas al final de la campa\u00f1a, pero ya est\u00e1 metido en el l\u00edo de la permanencia.<br \/>\n<\/span><\/span><\/p>\n<p><strong><span style=\"font-family: Calibri,sans-serif\"><span style=\"font-size: medium\">Vuelve el rugido del le\u00f3n<\/span><\/span><\/strong><\/p>\n<p><span style=\"font-family: Calibri,sans-serif\"><span style=\"font-size: medium\">Los leones empezaron la campa\u00f1a algo perdidos, con el pensamiento de firmar un buen papel en Champions. Pero ni la competici\u00f3n europea, donde quedaron terceros en la liguilla, ni la liguera le salieron bien a los de Valverde en el primer tramo de curso. Tan solo cosechaban buenos resultados en su competici\u00f3n, la Copa del Rey. En esta, han logrado llegar a la final, donde espera el temible Barcelona de Luis Enrique.<\/span><\/span><\/p>\n<p><span style=\"font-family: Calibri,sans-serif\"><span style=\"font-size: medium\">El punto de inflexi\u00f3n que cambi\u00f3 el rumbo de la temporada de los rojiblancos lleg\u00f3 tras la eliminaci\u00f3n en la Europa League a manos del Torino. A partir de esta eliminatoria han logrado clasificarse para la final de la competici\u00f3n del KO (0-2 en Cornell\u00e1), y han conseguido cinco victorias consecutivas en la competici\u00f3n dom\u00e9stica, superando la racha de Caparr\u00f3s, que obtuvo cuatro seguidas. Ahora el equipo se sit\u00faa octavo a cinco puntos del M\u00e1laga, con la esperanza de alcanzarlos y lograr la \u00faltima plaza que da acceso a Europa League.<\/span><\/span><\/p>\n<p><strong><span style=\"font-family: Calibri,sans-serif\"><span style=\"font-size: medium\">Falta rematar la permanencia<\/span><\/span><\/strong><\/p>\n<p><span style=\"font-family: Calibri,sans-serif\"><span style=\"font-size: medium\">Ya no resulta novedoso, no es una sorpresa. El Eibar se ha ganado a pulso el respeto de los 19 equipos restantes de Primera Divisi\u00f3n. Compite y lucha como uno m\u00e1s. Ipur\u00faa es su basti\u00f3n, pero a domicilio no se empeque\u00f1ece, juega sin complejos. Incluso tuvo en el primer tramo mejores n\u00fameros fuera de casa. Garitano ha dotado al conjunto armero de personalidad, la que no pierde en ninguno de sus envites.<\/span><\/span><\/p>\n<p><span style=\"font-family: Calibri,sans-serif\"><span style=\"font-size: medium\">A principios de temporada se recalc\u00f3 la dificultad para mantener la categor\u00eda, pero la adaptaci\u00f3n a la \u00e9lite del f\u00fatbol espa\u00f1ol ha sido envidiable. La primera vez que la pisaba, y sin llegar al ecuador de la misma consigui\u00f3 26 puntos en 18 partidos que le val\u00edan al conjunto guipuzcoano para situarse octavo en la tabla. Estaba m\u00e1s cerca de Europa que del descenso. Permanecer\u00e1 en la \u00e9lite salvo que continue la mala racha que atraviesa en esta segunda vuelta, donde llevaba ocho derrotas consecutivas hasta que el pasado s\u00e1bado empatara a cero en Los C\u00e1rmenes. Con el presupuesto m\u00e1s bajo de la categor\u00eda ha conseguido una cifra de puntos bastante respetable.<\/span><\/span><\/p>\n<p><strong><span style=\"font-family: Calibri,sans-serif\"><span style=\"font-size: medium\">Lleg\u00f3 el ox\u00edgeno que tanto ansiaba<\/span><\/span><\/strong><\/p>\n<p><span style=\"font-family: Calibri,sans-serif\"><span style=\"font-size: medium\">En tierra de nadie. Deambulando por la tabla. As\u00ed se ha pasado el conjunto donostiarra la mayor parte de la temporada. <\/span><\/span><\/p>\n<p><span style=\"font-family: Calibri,sans-serif\"><span style=\"font-size: medium\">Comenz\u00f3 la temporada con unos resultados p\u00e9simos, siendo capaz de ganar \u00fanicamente los partidos m\u00e1s complicados, como la gran noche que vivi\u00f3 Anoeta cuando le endosaron a los blancos un contundente 4-2. Pero solo fueron citas puntuales. Por ello Jagoba Arrasate fue destitu\u00eddo y ocup\u00f3 su cargo David Moyes. Con el escoc\u00e9s al frente se ha conseguido maquillar el mal inicio liguero, pero se sit\u00faan en mitad de tabla. El cambio apenas ha surtido efecto. Aquel contragolpe demoledor que caracteriz\u00f3 a los txuri-urdin ya no lo disfruta Anoeta. Griezmann ya no est\u00e1, Vela como si no estuviera y a Xabi Prieto le empiezan a pesar los a\u00f1os. La salvaci\u00f3n est\u00e1 lograda, veremos si el a\u00f1o que viene retoman su mejor nivel.<\/span><\/span><\/p>\n","protected":false},"excerpt":{"rendered":"<p>El auge en las \u00faltimas temporadas de los conjuntos vascos ha venido a menos en la presente. El Eibar tras su espectacular inicio hac\u00eda presagiar que no pasar\u00eda problemas al final de la campa\u00f1a, pero ya est\u00e1 metido en el l\u00edo de la permanencia. Vuelve el rugido del le\u00f3n Los leones empezaron la campa\u00f1a algo&#8230;<\/p>\n","protected":false},"author":430,"featured_media":5297,"comment_status":"open","ping_status":"open","sticky":false,"template":"","format":"standard","meta":{"_kad_post_transparent":"","_kad_post_title":"","_kad_post_layout":"","_kad_post_sidebar_id":"","_kad_post_content_style":"","_kad_post_vertical_padding":"","_kad_post_feature":"","_kad_post_feature_position":"","_kad_post_header":false,"_kad_post_footer":false,"_kad_post_classname":"","_jetpack_memberships_contains_paid_content":false,"footnotes":"","jetpack_publicize_message":"","jetpack_publicize_feature_enabled":true,"jetpack_social_post_already_shared":true,"jetpack_social_options":{"image_generator_settings":{"template":"highway","default_image_id":0,"font":"","enabled":false},"version":2}},"categories":[1,1368,10],"tags":[275,148,1912,912,1917,1913,273,1915,1911,1916,1914,83],"class_list":["post-5295","post","type-post","status-publish","format-standard","has-post-thumbnail","hentry","category-liga-bbva-futbol-espanol","category-ligas-mundo","category-portada","tag-anoeta","tag-athletic","tag-david-moyes","tag-dely-valdes","tag-derrotas","tag-garitano","tag-griezmann","tag-ipurua","tag-jagoba-arrasate","tag-salvacion","tag-vela","tag-xabi-prieto"],"yoast_head":"<!-- This site is optimized with the Yoast SEO plugin v27.5 - https:\/\/yoast.com\/product\/yoast-seo-wordpress\/ -->\n<title>Vascos desconcertados &#8211; Futbolandia<\/title>\n<meta name=\"robots\" content=\"index, follow, max-snippet:-1, max-image-preview:large, max-video-preview:-1\" \/>\n<link rel=\"canonical\" href=\"https:\/\/www.manquepierda.com\/futbolandia\/vascos-desconcertados\/\" \/>\n<meta property=\"og:locale\" content=\"es_ES\" \/>\n<meta property=\"og:type\" content=\"article\" \/>\n<meta property=\"og:title\" content=\"Vascos desconcertados &#8211; Futbolandia\" \/>\n<meta property=\"og:description\" content=\"El auge en las \u00faltimas temporadas de los conjuntos vascos ha venido a menos en la presente. El Eibar tras su espectacular inicio hac\u00eda presagiar que no pasar\u00eda problemas al final de la campa\u00f1a, pero ya est\u00e1 metido en el l\u00edo de la permanencia. Vuelve el rugido del le\u00f3n Los leones empezaron la campa\u00f1a algo...\" \/>\n<meta property=\"og:url\" content=\"https:\/\/www.manquepierda.com\/futbolandia\/vascos-desconcertados\/\" \/>\n<meta property=\"og:site_name\" content=\"Futbolandia\" \/>\n<meta property=\"article:published_time\" content=\"2015-03-25T16:59:00+00:00\" \/>\n<meta property=\"article:modified_time\" content=\"2015-03-25T17:05:42+00:00\" \/>\n<meta property=\"og:image\" content=\"https:\/\/i1.wp.com\/www.manquepierda.com\/futbolandia\/files\/2015\/03\/Athletic-sportyou.es_.jpg?fit=640%2C447&ssl=1\" \/>\n\t<meta property=\"og:image:width\" content=\"640\" \/>\n\t<meta property=\"og:image:height\" content=\"447\" \/>\n\t<meta property=\"og:image:type\" content=\"image\/jpeg\" \/>\n<meta name=\"author\" content=\"Alejandro M\u00e9rida Fern\u00e1ndez\" \/>\n<meta name=\"twitter:label1\" content=\"Escrito por\" \/>\n\t<meta name=\"twitter:data1\" content=\"Alejandro M\u00e9rida Fern\u00e1ndez\" \/>\n\t<meta name=\"twitter:label2\" content=\"Tiempo de lectura\" \/>\n\t<meta name=\"twitter:data2\" content=\"3 minutos\" \/>\n<script type=\"application\/ld+json\" class=\"yoast-schema-graph\">{\"@context\":\"https:\\\/\\\/schema.org\",\"@graph\":[{\"@type\":\"Article\",\"@id\":\"https:\\\/\\\/www.manquepierda.com\\\/futbolandia\\\/vascos-desconcertados\\\/#article\",\"isPartOf\":{\"@id\":\"https:\\\/\\\/www.manquepierda.com\\\/futbolandia\\\/vascos-desconcertados\\\/\"},\"author\":{\"name\":\"Alejandro M\u00e9rida Fern\u00e1ndez\",\"@id\":\"https:\\\/\\\/www.manquepierda.com\\\/futbolandia\\\/#\\\/schema\\\/person\\\/dc27cb5dd6ac5baefec693d659720377\"},\"headline\":\"Vascos desconcertados\",\"datePublished\":\"2015-03-25T16:59:00+00:00\",\"dateModified\":\"2015-03-25T17:05:42+00:00\",\"mainEntityOfPage\":{\"@id\":\"https:\\\/\\\/www.manquepierda.com\\\/futbolandia\\\/vascos-desconcertados\\\/\"},\"wordCount\":588,\"commentCount\":0,\"image\":{\"@id\":\"https:\\\/\\\/www.manquepierda.com\\\/futbolandia\\\/vascos-desconcertados\\\/#primaryimage\"},\"thumbnailUrl\":\"https:\\\/\\\/i0.wp.com\\\/www.manquepierda.com\\\/futbolandia\\\/files\\\/2015\\\/03\\\/Athletic-sportyou.es_.jpg?fit=640%2C447&ssl=1\",\"keywords\":[\"Anoeta\",\"athletic\",\"david moyes\",\"Dely Vald\u00e9s\",\"derrotas\",\"garitano\",\"Griezmann\",\"ipur\u00faa\",\"jagoba arrasate\",\"salvaci\u00f3n\",\"vela\",\"Xabi prieto\"],\"articleSection\":[\"Liga BBVA - F\u00fatbol Espa\u00f1ol\",\"Ligas del Mundo\",\"Portada\"],\"inLanguage\":\"es\",\"potentialAction\":[{\"@type\":\"CommentAction\",\"name\":\"Comment\",\"target\":[\"https:\\\/\\\/www.manquepierda.com\\\/futbolandia\\\/vascos-desconcertados\\\/#respond\"]}]},{\"@type\":\"WebPage\",\"@id\":\"https:\\\/\\\/www.manquepierda.com\\\/futbolandia\\\/vascos-desconcertados\\\/\",\"url\":\"https:\\\/\\\/www.manquepierda.com\\\/futbolandia\\\/vascos-desconcertados\\\/\",\"name\":\"Vascos desconcertados &#8211; Futbolandia\",\"isPartOf\":{\"@id\":\"https:\\\/\\\/www.manquepierda.com\\\/futbolandia\\\/#website\"},\"primaryImageOfPage\":{\"@id\":\"https:\\\/\\\/www.manquepierda.com\\\/futbolandia\\\/vascos-desconcertados\\\/#primaryimage\"},\"image\":{\"@id\":\"https:\\\/\\\/www.manquepierda.com\\\/futbolandia\\\/vascos-desconcertados\\\/#primaryimage\"},\"thumbnailUrl\":\"https:\\\/\\\/i0.wp.com\\\/www.manquepierda.com\\\/futbolandia\\\/files\\\/2015\\\/03\\\/Athletic-sportyou.es_.jpg?fit=640%2C447&ssl=1\",\"datePublished\":\"2015-03-25T16:59:00+00:00\",\"dateModified\":\"2015-03-25T17:05:42+00:00\",\"author\":{\"@id\":\"https:\\\/\\\/www.manquepierda.com\\\/futbolandia\\\/#\\\/schema\\\/person\\\/dc27cb5dd6ac5baefec693d659720377\"},\"breadcrumb\":{\"@id\":\"https:\\\/\\\/www.manquepierda.com\\\/futbolandia\\\/vascos-desconcertados\\\/#breadcrumb\"},\"inLanguage\":\"es\",\"potentialAction\":[{\"@type\":\"ReadAction\",\"target\":[\"https:\\\/\\\/www.manquepierda.com\\\/futbolandia\\\/vascos-desconcertados\\\/\"]}]},{\"@type\":\"ImageObject\",\"inLanguage\":\"es\",\"@id\":\"https:\\\/\\\/www.manquepierda.com\\\/futbolandia\\\/vascos-desconcertados\\\/#primaryimage\",\"url\":\"https:\\\/\\\/i0.wp.com\\\/www.manquepierda.com\\\/futbolandia\\\/files\\\/2015\\\/03\\\/Athletic-sportyou.es_.jpg?fit=640%2C447&ssl=1\",\"contentUrl\":\"https:\\\/\\\/i0.wp.com\\\/www.manquepierda.com\\\/futbolandia\\\/files\\\/2015\\\/03\\\/Athletic-sportyou.es_.jpg?fit=640%2C447&ssl=1\",\"width\":640,\"height\":447,\"caption\":\"Imagen v\u00eda: sportyou.es\"},{\"@type\":\"BreadcrumbList\",\"@id\":\"https:\\\/\\\/www.manquepierda.com\\\/futbolandia\\\/vascos-desconcertados\\\/#breadcrumb\",\"itemListElement\":[{\"@type\":\"ListItem\",\"position\":1,\"name\":\"Portada\",\"item\":\"https:\\\/\\\/www.manquepierda.com\\\/futbolandia\\\/\"},{\"@type\":\"ListItem\",\"position\":2,\"name\":\"Vascos desconcertados\"}]},{\"@type\":\"WebSite\",\"@id\":\"https:\\\/\\\/www.manquepierda.com\\\/futbolandia\\\/#website\",\"url\":\"https:\\\/\\\/www.manquepierda.com\\\/futbolandia\\\/\",\"name\":\"Futbolandia\",\"description\":\"Reportajes e informaci\u00f3n sobre f\u00fatbol mundial y j\u00f3venes promesas\",\"potentialAction\":[{\"@type\":\"SearchAction\",\"target\":{\"@type\":\"EntryPoint\",\"urlTemplate\":\"https:\\\/\\\/www.manquepierda.com\\\/futbolandia\\\/?s={search_term_string}\"},\"query-input\":{\"@type\":\"PropertyValueSpecification\",\"valueRequired\":true,\"valueName\":\"search_term_string\"}}],\"inLanguage\":\"es\"},{\"@type\":\"Person\",\"@id\":\"https:\\\/\\\/www.manquepierda.com\\\/futbolandia\\\/#\\\/schema\\\/person\\\/dc27cb5dd6ac5baefec693d659720377\",\"name\":\"Alejandro M\u00e9rida Fern\u00e1ndez\",\"image\":{\"@type\":\"ImageObject\",\"inLanguage\":\"es\",\"@id\":\"https:\\\/\\\/secure.gravatar.com\\\/avatar\\\/e7ad59319dbe32283700c2c59a60641c534d308a03af9206579d35fdf5e96cb4?s=96&d=mm&r=g\",\"url\":\"https:\\\/\\\/secure.gravatar.com\\\/avatar\\\/e7ad59319dbe32283700c2c59a60641c534d308a03af9206579d35fdf5e96cb4?s=96&d=mm&r=g\",\"contentUrl\":\"https:\\\/\\\/secure.gravatar.com\\\/avatar\\\/e7ad59319dbe32283700c2c59a60641c534d308a03af9206579d35fdf5e96cb4?s=96&d=mm&r=g\",\"caption\":\"Alejandro M\u00e9rida Fern\u00e1ndez\"},\"url\":\"https:\\\/\\\/www.manquepierda.com\\\/futbolandia\\\/author\\\/alexmerida26\\\/\"}]}<\/script>\n<!-- \/ Yoast SEO plugin. -->","yoast_head_json":{"title":"Vascos desconcertados &#8211; Futbolandia","robots":{"index":"index","follow":"follow","max-snippet":"max-snippet:-1","max-image-preview":"max-image-preview:large","max-video-preview":"max-video-preview:-1"},"canonical":"https:\/\/www.manquepierda.com\/futbolandia\/vascos-desconcertados\/","og_locale":"es_ES","og_type":"article","og_title":"Vascos desconcertados &#8211; Futbolandia","og_description":"El auge en las \u00faltimas temporadas de los conjuntos vascos ha venido a menos en la presente. El Eibar tras su espectacular inicio hac\u00eda presagiar que no pasar\u00eda problemas al final de la campa\u00f1a, pero ya est\u00e1 metido en el l\u00edo de la permanencia. Vuelve el rugido del le\u00f3n Los leones empezaron la campa\u00f1a algo...","og_url":"https:\/\/www.manquepierda.com\/futbolandia\/vascos-desconcertados\/","og_site_name":"Futbolandia","article_published_time":"2015-03-25T16:59:00+00:00","article_modified_time":"2015-03-25T17:05:42+00:00","og_image":[{"width":640,"height":447,"url":"https:\/\/i1.wp.com\/www.manquepierda.com\/futbolandia\/files\/2015\/03\/Athletic-sportyou.es_.jpg?fit=640%2C447&ssl=1","type":"image\/jpeg"}],"author":"Alejandro M\u00e9rida Fern\u00e1ndez","twitter_misc":{"Escrito por":"Alejandro M\u00e9rida Fern\u00e1ndez","Tiempo de lectura":"3 minutos"},"schema":{"@context":"https:\/\/schema.org","@graph":[{"@type":"Article","@id":"https:\/\/www.manquepierda.com\/futbolandia\/vascos-desconcertados\/#article","isPartOf":{"@id":"https:\/\/www.manquepierda.com\/futbolandia\/vascos-desconcertados\/"},"author":{"name":"Alejandro M\u00e9rida Fern\u00e1ndez","@id":"https:\/\/www.manquepierda.com\/futbolandia\/#\/schema\/person\/dc27cb5dd6ac5baefec693d659720377"},"headline":"Vascos desconcertados","datePublished":"2015-03-25T16:59:00+00:00","dateModified":"2015-03-25T17:05:42+00:00","mainEntityOfPage":{"@id":"https:\/\/www.manquepierda.com\/futbolandia\/vascos-desconcertados\/"},"wordCount":588,"commentCount":0,"image":{"@id":"https:\/\/www.manquepierda.com\/futbolandia\/vascos-desconcertados\/#primaryimage"},"thumbnailUrl":"https:\/\/i0.wp.com\/www.manquepierda.com\/futbolandia\/files\/2015\/03\/Athletic-sportyou.es_.jpg?fit=640%2C447&ssl=1","keywords":["Anoeta","athletic","david moyes","Dely Vald\u00e9s","derrotas","garitano","Griezmann","ipur\u00faa","jagoba arrasate","salvaci\u00f3n","vela","Xabi prieto"],"articleSection":["Liga BBVA - F\u00fatbol Espa\u00f1ol","Ligas del Mundo","Portada"],"inLanguage":"es","potentialAction":[{"@type":"CommentAction","name":"Comment","target":["https:\/\/www.manquepierda.com\/futbolandia\/vascos-desconcertados\/#respond"]}]},{"@type":"WebPage","@id":"https:\/\/www.manquepierda.com\/futbolandia\/vascos-desconcertados\/","url":"https:\/\/www.manquepierda.com\/futbolandia\/vascos-desconcertados\/","name":"Vascos desconcertados &#8211; Futbolandia","isPartOf":{"@id":"https:\/\/www.manquepierda.com\/futbolandia\/#website"},"primaryImageOfPage":{"@id":"https:\/\/www.manquepierda.com\/futbolandia\/vascos-desconcertados\/#primaryimage"},"image":{"@id":"https:\/\/www.manquepierda.com\/futbolandia\/vascos-desconcertados\/#primaryimage"},"thumbnailUrl":"https:\/\/i0.wp.com\/www.manquepierda.com\/futbolandia\/files\/2015\/03\/Athletic-sportyou.es_.jpg?fit=640%2C447&ssl=1","datePublished":"2015-03-25T16:59:00+00:00","dateModified":"2015-03-25T17:05:42+00:00","author":{"@id":"https:\/\/www.manquepierda.com\/futbolandia\/#\/schema\/person\/dc27cb5dd6ac5baefec693d659720377"},"breadcrumb":{"@id":"https:\/\/www.manquepierda.com\/futbolandia\/vascos-desconcertados\/#breadcrumb"},"inLanguage":"es","potentialAction":[{"@type":"ReadAction","target":["https:\/\/www.manquepierda.com\/futbolandia\/vascos-desconcertados\/"]}]},{"@type":"ImageObject","inLanguage":"es","@id":"https:\/\/www.manquepierda.com\/futbolandia\/vascos-desconcertados\/#primaryimage","url":"https:\/\/i0.wp.com\/www.manquepierda.com\/futbolandia\/files\/2015\/03\/Athletic-sportyou.es_.jpg?fit=640%2C447&ssl=1","contentUrl":"https:\/\/i0.wp.com\/www.manquepierda.com\/futbolandia\/files\/2015\/03\/Athletic-sportyou.es_.jpg?fit=640%2C447&ssl=1","width":640,"height":447,"caption":"Imagen v\u00eda: sportyou.es"},{"@type":"BreadcrumbList","@id":"https:\/\/www.manquepierda.com\/futbolandia\/vascos-desconcertados\/#breadcrumb","itemListElement":[{"@type":"ListItem","position":1,"name":"Portada","item":"https:\/\/www.manquepierda.com\/futbolandia\/"},{"@type":"ListItem","position":2,"name":"Vascos desconcertados"}]},{"@type":"WebSite","@id":"https:\/\/www.manquepierda.com\/futbolandia\/#website","url":"https:\/\/www.manquepierda.com\/futbolandia\/","name":"Futbolandia","description":"Reportajes e informaci\u00f3n sobre f\u00fatbol mundial y j\u00f3venes promesas","potentialAction":[{"@type":"SearchAction","target":{"@type":"EntryPoint","urlTemplate":"https:\/\/www.manquepierda.com\/futbolandia\/?s={search_term_string}"},"query-input":{"@type":"PropertyValueSpecification","valueRequired":true,"valueName":"search_term_string"}}],"inLanguage":"es"},{"@type":"Person","@id":"https:\/\/www.manquepierda.com\/futbolandia\/#\/schema\/person\/dc27cb5dd6ac5baefec693d659720377","name":"Alejandro M\u00e9rida Fern\u00e1ndez","image":{"@type":"ImageObject","inLanguage":"es","@id":"https:\/\/secure.gravatar.com\/avatar\/e7ad59319dbe32283700c2c59a60641c534d308a03af9206579d35fdf5e96cb4?s=96&d=mm&r=g","url":"https:\/\/secure.gravatar.com\/avatar\/e7ad59319dbe32283700c2c59a60641c534d308a03af9206579d35fdf5e96cb4?s=96&d=mm&r=g","contentUrl":"https:\/\/secure.gravatar.com\/avatar\/e7ad59319dbe32283700c2c59a60641c534d308a03af9206579d35fdf5e96cb4?s=96&d=mm&r=g","caption":"Alejandro M\u00e9rida Fern\u00e1ndez"},"url":"https:\/\/www.manquepierda.com\/futbolandia\/author\/alexmerida26\/"}]}},"jetpack_publicize_connections":[],"jetpack_featured_media_url":"https:\/\/i0.wp.com\/www.manquepierda.com\/futbolandia\/files\/2015\/03\/Athletic-sportyou.es_.jpg?fit=640%2C447&ssl=1","jetpack_shortlink":"https:\/\/wp.me\/p1THIg-1np","jetpack_sharing_enabled":true,"_links":{"self":[{"href":"https:\/\/www.manquepierda.com\/futbolandia\/wp-json\/wp\/v2\/posts\/5295","targetHints":{"allow":["GET"]}}],"collection":[{"href":"https:\/\/www.manquepierda.com\/futbolandia\/wp-json\/wp\/v2\/posts"}],"about":[{"href":"https:\/\/www.manquepierda.com\/futbolandia\/wp-json\/wp\/v2\/types\/post"}],"author":[{"embeddable":true,"href":"https:\/\/www.manquepierda.com\/futbolandia\/wp-json\/wp\/v2\/users\/430"}],"replies":[{"embeddable":true,"href":"https:\/\/www.manquepierda.com\/futbolandia\/wp-json\/wp\/v2\/comments?post=5295"}],"version-history":[{"count":0,"href":"https:\/\/www.manquepierda.com\/futbolandia\/wp-json\/wp\/v2\/posts\/5295\/revisions"}],"wp:featuredmedia":[{"embeddable":true,"href":"https:\/\/www.manquepierda.com\/futbolandia\/wp-json\/wp\/v2\/media\/5297"}],"wp:attachment":[{"href":"https:\/\/www.manquepierda.com\/futbolandia\/wp-json\/wp\/v2\/media?parent=5295"}],"wp:term":[{"taxonomy":"category","embeddable":true,"href":"https:\/\/www.manquepierda.com\/futbolandia\/wp-json\/wp\/v2\/categories?post=5295"},{"taxonomy":"post_tag","embeddable":true,"href":"https:\/\/www.manquepierda.com\/futbolandia\/wp-json\/wp\/v2\/tags?post=5295"}],"curies":[{"name":"wp","href":"https:\/\/api.w.org\/{rel}","templated":true}]}}