{"id":5303,"date":"2015-03-26T00:14:27","date_gmt":"2015-03-25T22:14:27","guid":{"rendered":"http:\/\/www.manquepierda.com\/futbolandia\/?p=5303"},"modified":"2015-03-27T12:35:04","modified_gmt":"2015-03-27T10:35:04","slug":"un-huracan-apodado-abila","status":"publish","type":"post","link":"https:\/\/www.manquepierda.com\/futbolandia\/un-huracan-apodado-abila\/","title":{"rendered":"Un hurac\u00e1n apodado \u00c1bila"},"content":{"rendered":"<p>Llegaba Hurac\u00e1n a la sexta fecha con una dura derrota a sus espaldas <strong>tras perder el cl\u00e1sico ante San Lorenzo<\/strong> la pasada jornada por 3-1, pero nada se interpuso de por medio para que esta fuera una jornada redonda y de felicidad para ellos. No hay mejor forma de reponerse de un duro golpe, que goleando. Redonda por el resultado contundente por 4-0, tambi\u00e9n por el buen f\u00fatbol plasmado durante los noventa minutos, y tambi\u00e9n porque en dicho encuentro ante Argentinos Juniors, <strong>Ram\u00f3n \u00c1bila volvi\u00f3 a sonre\u00edr<\/strong>. Y de qu\u00e9 manera. <strong>Tres fueron los goles que anot\u00f3<\/strong>, y otro, el segundo del encuentro tras driblar al arquero previo pase de Toranzo -muy destacado en todo el partido, por cierto- y sin \u00e1ngulo defini\u00f3 a gol donde Flores no pudo evitar anot\u00e1rselo en propia meta. Desde bien temprano se le puso de cara el partido a los de N\u00e9stor Apuzzo, cuando <em>&#8216;Wanchope&#8217;<\/em> \u00c1bila puso el primero en el luminoso. Asisti\u00f3 Mancinelli con una jugada de manual a pase de Toranzo al espacio, y el lateral apurando l\u00ednea de fondo coloc\u00f3 el bal\u00f3n atr\u00e1s para que el cordob\u00e9s adelantara a los suyos. Dominaba en ataque con bastante comodidad Hurac\u00e1n, con un <strong>soberbio Patricio Toranzo<\/strong>, encargado de enganchar entre Vismara y Villarruel y \u00c1bila, y con un <strong>desequilibrante Edson Puch<\/strong>. El que fuera jugador de Universidad de Chile mostr\u00f3 en todo momento su velocidad y desparpajo para enfrentar a su par. <strong>Con tanta facilidad atacaba y manten\u00eda la posesi\u00f3n de bal\u00f3n &#8216;el Globo&#8217; como sufr\u00eda sin \u00e9l y en defensa porque con 1-0 en el marcador pudo haber sido empatado por el conjunto dirigido por N\u00e9stor Gorosito con ocasiones bastantes claras<\/strong>, tales como un disparo lejano de Flores o un remate de cabeza de Gimenez que se le march\u00f3 fuera. \u00a0El tercer tanto fue un gol lleno de virtudes, con un magn\u00edfico testarazo a centro de Edson Puch desde el costado derecho. Tambi\u00e9n particip\u00f3 Patricio en el inicio de la misma. Y el cuarto\u00a0tanto, con asistencia de Vismara que dej\u00f3 frente a frente a la estrella del partido con Ojeda pinch\u00f3 el bal\u00f3n, pens\u00f3, levant\u00f3 la cabeza y anot\u00f3.<\/p>\n<p>&nbsp;<\/p>\n<p><strong>Una de las claves de por donde gan\u00f3 el encuentro Hurac\u00e1n pas\u00f3<\/strong> por Toranzo. <strong>Por las virtudes de Toranzo<\/strong>. Participativo, sobre todo con el esf\u00e9rico, y siempre protagonista en las jugadas de gol.<\/p>\n<p>Su hom\u00f3logo en AAAJ, Gallego, estuvo desaparecido en la mayor parte del encuentro, por lo que Lenis y Rinaldi tuvieron una nula participaci\u00f3n en la zona ofensiva.<\/p>\n<p>Merecida victoria para Hurac\u00e1n que sonr\u00ede gracias a Ram\u00f3n \u00c1bila.<\/p>\n<figure id=\"attachment_5309\" aria-describedby=\"caption-attachment-5309\" style=\"width: 257px\" class=\"wp-caption alignleft\"><a href=\"https:\/\/i0.wp.com\/www.manquepierda.com\/futbolandia\/files\/2015\/03\/1418080326141208019.jpg\"><img data-recalc-dims=\"1\" loading=\"lazy\" decoding=\"async\" data-attachment-id=\"5309\" data-permalink=\"https:\/\/www.manquepierda.com\/futbolandia\/un-huracan-apodado-abila\/attachment\/1418080326141208019\/\" data-orig-file=\"https:\/\/i0.wp.com\/www.manquepierda.com\/futbolandia\/files\/2015\/03\/1418080326141208019.jpg?fit=308%2C464&amp;ssl=1\" data-orig-size=\"308,464\" data-comments-opened=\"1\" data-image-meta=\"{&quot;aperture&quot;:&quot;0&quot;,&quot;credit&quot;:&quot;&quot;,&quot;camera&quot;:&quot;&quot;,&quot;caption&quot;:&quot;&quot;,&quot;created_timestamp&quot;:&quot;0&quot;,&quot;copyright&quot;:&quot;&quot;,&quot;focal_length&quot;:&quot;0&quot;,&quot;iso&quot;:&quot;0&quot;,&quot;shutter_speed&quot;:&quot;0&quot;,&quot;title&quot;:&quot;&quot;,&quot;orientation&quot;:&quot;0&quot;}\" data-image-title=\"\u00c9xtasis de Wanchope tras un gol. ( Foto: Terra)\" data-image-description=\"\" data-image-caption=\"\" data-large-file=\"https:\/\/i0.wp.com\/www.manquepierda.com\/futbolandia\/files\/2015\/03\/1418080326141208019.jpg?fit=308%2C464&amp;ssl=1\" class=\"wp-image-5309\" src=\"https:\/\/i0.wp.com\/www.manquepierda.com\/futbolandia\/files\/2015\/03\/1418080326141208019.jpg?resize=257%2C387\" alt=\"\u00c9xtasis de Wanchope tras un gol. ( Foto: Terra)\" width=\"257\" height=\"387\" srcset=\"https:\/\/i0.wp.com\/www.manquepierda.com\/futbolandia\/files\/2015\/03\/1418080326141208019.jpg?resize=199%2C300&amp;ssl=1 199w, https:\/\/i0.wp.com\/www.manquepierda.com\/futbolandia\/files\/2015\/03\/1418080326141208019.jpg?w=308&amp;ssl=1 308w\" sizes=\"auto, (max-width: 257px) 100vw, 257px\" \/><\/a><figcaption id=\"caption-attachment-5309\" class=\"wp-caption-text\">\u00c9xtasis de Wanchope tras un gol. ( Foto: Terra)<\/figcaption><\/figure>\n<p>Ram\u00f3n Dario &#8216;Wanchope&#8217; \u00c1bila natural de C\u00f3rdoba, Argentina y nacido un catorce de Octubre de 1989 -25 a\u00f1os- es un<strong> delantero centro cl\u00e1sico de \u00e1rea<\/strong> que <strong>se maneja<\/strong> con su 1,78 cms y 65kgs, <strong>de muy buena forma en el juego de espaldas<\/strong>, buscando constantemente descargar balones a los costados para as\u00ed poder esperar en el punto de penal un remate de cara a porter\u00eda. El ex de Instituto en dos etapas (2008-11\/ 2013), Sarmiento (2011-12) y Quilmes(2012-13) suele situarse en la punta de ataque s\u00f3lo en un 4-2-3-1, esquema m\u00e1s utilizado por Apuzzo, teniendo por detr\u00e1s como mejor asistente al &#8216;Pato&#8217; Toranzo.<\/p>\n<p><strong>La nota m\u00e1s fea de la jornada se produjo<\/strong> en el encuentro que disputaron San Martin San Juan y Boca Juniors, <strong>cuando una mala salida de Ori\u00f3n en el minuto 27 de la segunda mitad fractur\u00f3 la tibia y el peron\u00e9 al delantero sanjuanino, Carlos Bueno<\/strong>. El arquero xeneize vio roja por la entrada. Se espera que est\u00e9 de baja entre seis y ocho meses. Una eternidad para el delantero de 34 a\u00f1os que ve truncada su temporada y qui\u00e9n sabe si su carrera deportiva.<\/p>\n<div class=\"entry-content-asset videofit\">\n<div class=\"jetpack-video-wrapper\"><iframe loading=\"lazy\" title=\"La tremenda lesi\u00f3n de Bueno. San Mart\u00edn SJ 1 - Boca 1. Fecha 6. Primera Divisi\u00f3n 2015. FPT.\" width=\"720\" height=\"405\" src=\"https:\/\/www.youtube.com\/embed\/-kFHXXvmPqM?feature=oembed\" frameborder=\"0\" allow=\"accelerometer; autoplay; clipboard-write; encrypted-media; gyroscope; picture-in-picture; web-share\" referrerpolicy=\"strict-origin-when-cross-origin\" allowfullscreen><\/iframe><\/div>\n<\/div>\n<p>&nbsp;<\/p>\n","protected":false},"excerpt":{"rendered":"<p>Llegaba Hurac\u00e1n a la sexta fecha con una dura derrota a sus espaldas tras perder el cl\u00e1sico ante San Lorenzo la pasada jornada por 3-1, pero nada se interpuso de por medio para que esta fuera una jornada redonda y de felicidad para ellos. No hay mejor forma de reponerse de un duro golpe, que&#8230;<\/p>\n","protected":false},"author":431,"featured_media":5304,"comment_status":"open","ping_status":"open","sticky":false,"template":"","format":"standard","meta":{"_kad_post_transparent":"","_kad_post_title":"","_kad_post_layout":"","_kad_post_sidebar_id":"","_kad_post_content_style":"","_kad_post_vertical_padding":"","_kad_post_feature":"","_kad_post_feature_position":"","_kad_post_header":false,"_kad_post_footer":false,"_kad_post_classname":"","_jetpack_memberships_contains_paid_content":false,"footnotes":"","jetpack_publicize_message":"","jetpack_publicize_feature_enabled":true,"jetpack_social_post_already_shared":true,"jetpack_social_options":{"image_generator_settings":{"template":"highway","default_image_id":0,"font":"","enabled":false},"version":2}},"categories":[1519,10],"tags":[1919,1727,1922,1918,1385,1921,1920,1923],"class_list":["post-5303","post","type-post","status-publish","format-standard","has-post-thumbnail","hentry","category-cruzando-charco","category-portada","tag-argentinos-juniors","tag-boca-juniors","tag-bueno","tag-huracan","tag-liga-argentina-2","tag-orion","tag-ramon-abila","tag-san-martin"],"yoast_head":"<!-- This site is optimized with the Yoast SEO plugin v27.5 - https:\/\/yoast.com\/product\/yoast-seo-wordpress\/ -->\n<title>Un hurac\u00e1n apodado \u00c1bila &#8211; Futbolandia<\/title>\n<meta name=\"robots\" content=\"index, follow, max-snippet:-1, max-image-preview:large, max-video-preview:-1\" \/>\n<link rel=\"canonical\" href=\"https:\/\/www.manquepierda.com\/futbolandia\/un-huracan-apodado-abila\/\" \/>\n<meta property=\"og:locale\" content=\"es_ES\" \/>\n<meta property=\"og:type\" content=\"article\" \/>\n<meta property=\"og:title\" content=\"Un hurac\u00e1n apodado \u00c1bila &#8211; Futbolandia\" \/>\n<meta property=\"og:description\" content=\"Llegaba Hurac\u00e1n a la sexta fecha con una dura derrota a sus espaldas tras perder el cl\u00e1sico ante San Lorenzo la pasada jornada por 3-1, pero nada se interpuso de por medio para que esta fuera una jornada redonda y de felicidad para ellos. No hay mejor forma de reponerse de un duro golpe, que...\" \/>\n<meta property=\"og:url\" content=\"https:\/\/www.manquepierda.com\/futbolandia\/un-huracan-apodado-abila\/\" \/>\n<meta property=\"og:site_name\" content=\"Futbolandia\" \/>\n<meta property=\"article:published_time\" content=\"2015-03-25T22:14:27+00:00\" \/>\n<meta property=\"article:modified_time\" content=\"2015-03-27T10:35:04+00:00\" \/>\n<meta property=\"og:image\" content=\"https:\/\/i2.wp.com\/www.manquepierda.com\/futbolandia\/files\/2015\/03\/torneo-de-30-equipos-2019487w620.jpg?fit=620%2C413&ssl=1\" \/>\n\t<meta property=\"og:image:width\" content=\"620\" \/>\n\t<meta property=\"og:image:height\" content=\"413\" \/>\n\t<meta property=\"og:image:type\" content=\"image\/jpeg\" \/>\n<meta name=\"author\" content=\"\u00c1lvaro Carmona\" \/>\n<meta name=\"twitter:label1\" content=\"Escrito por\" \/>\n\t<meta name=\"twitter:data1\" content=\"\u00c1lvaro Carmona\" \/>\n\t<meta name=\"twitter:label2\" content=\"Tiempo de lectura\" \/>\n\t<meta name=\"twitter:data2\" content=\"3 minutos\" \/>\n<script type=\"application\/ld+json\" class=\"yoast-schema-graph\">{\"@context\":\"https:\\\/\\\/schema.org\",\"@graph\":[{\"@type\":\"Article\",\"@id\":\"https:\\\/\\\/www.manquepierda.com\\\/futbolandia\\\/un-huracan-apodado-abila\\\/#article\",\"isPartOf\":{\"@id\":\"https:\\\/\\\/www.manquepierda.com\\\/futbolandia\\\/un-huracan-apodado-abila\\\/\"},\"author\":{\"name\":\"\u00c1lvaro Carmona\",\"@id\":\"https:\\\/\\\/www.manquepierda.com\\\/futbolandia\\\/#\\\/schema\\\/person\\\/478668c0ee61018918af1a99a079b7e4\"},\"headline\":\"Un hurac\u00e1n apodado \u00c1bila\",\"datePublished\":\"2015-03-25T22:14:27+00:00\",\"dateModified\":\"2015-03-27T10:35:04+00:00\",\"mainEntityOfPage\":{\"@id\":\"https:\\\/\\\/www.manquepierda.com\\\/futbolandia\\\/un-huracan-apodado-abila\\\/\"},\"wordCount\":683,\"commentCount\":0,\"image\":{\"@id\":\"https:\\\/\\\/www.manquepierda.com\\\/futbolandia\\\/un-huracan-apodado-abila\\\/#primaryimage\"},\"thumbnailUrl\":\"https:\\\/\\\/i0.wp.com\\\/www.manquepierda.com\\\/futbolandia\\\/files\\\/2015\\\/03\\\/torneo-de-30-equipos-2019487w620.jpg?fit=620%2C413&ssl=1\",\"keywords\":[\"argentinos juniors\",\"Boca Juniors\",\"bueno\",\"huracan\",\"liga argentina\",\"orion\",\"ramon abila\",\"san martin\"],\"articleSection\":[\"Cruzando el charco - F\u00fatbol sudamericano y CONCACAF\",\"Portada\"],\"inLanguage\":\"es\",\"potentialAction\":[{\"@type\":\"CommentAction\",\"name\":\"Comment\",\"target\":[\"https:\\\/\\\/www.manquepierda.com\\\/futbolandia\\\/un-huracan-apodado-abila\\\/#respond\"]}]},{\"@type\":\"WebPage\",\"@id\":\"https:\\\/\\\/www.manquepierda.com\\\/futbolandia\\\/un-huracan-apodado-abila\\\/\",\"url\":\"https:\\\/\\\/www.manquepierda.com\\\/futbolandia\\\/un-huracan-apodado-abila\\\/\",\"name\":\"Un hurac\u00e1n apodado \u00c1bila &#8211; Futbolandia\",\"isPartOf\":{\"@id\":\"https:\\\/\\\/www.manquepierda.com\\\/futbolandia\\\/#website\"},\"primaryImageOfPage\":{\"@id\":\"https:\\\/\\\/www.manquepierda.com\\\/futbolandia\\\/un-huracan-apodado-abila\\\/#primaryimage\"},\"image\":{\"@id\":\"https:\\\/\\\/www.manquepierda.com\\\/futbolandia\\\/un-huracan-apodado-abila\\\/#primaryimage\"},\"thumbnailUrl\":\"https:\\\/\\\/i0.wp.com\\\/www.manquepierda.com\\\/futbolandia\\\/files\\\/2015\\\/03\\\/torneo-de-30-equipos-2019487w620.jpg?fit=620%2C413&ssl=1\",\"datePublished\":\"2015-03-25T22:14:27+00:00\",\"dateModified\":\"2015-03-27T10:35:04+00:00\",\"author\":{\"@id\":\"https:\\\/\\\/www.manquepierda.com\\\/futbolandia\\\/#\\\/schema\\\/person\\\/478668c0ee61018918af1a99a079b7e4\"},\"breadcrumb\":{\"@id\":\"https:\\\/\\\/www.manquepierda.com\\\/futbolandia\\\/un-huracan-apodado-abila\\\/#breadcrumb\"},\"inLanguage\":\"es\",\"potentialAction\":[{\"@type\":\"ReadAction\",\"target\":[\"https:\\\/\\\/www.manquepierda.com\\\/futbolandia\\\/un-huracan-apodado-abila\\\/\"]}]},{\"@type\":\"ImageObject\",\"inLanguage\":\"es\",\"@id\":\"https:\\\/\\\/www.manquepierda.com\\\/futbolandia\\\/un-huracan-apodado-abila\\\/#primaryimage\",\"url\":\"https:\\\/\\\/i0.wp.com\\\/www.manquepierda.com\\\/futbolandia\\\/files\\\/2015\\\/03\\\/torneo-de-30-equipos-2019487w620.jpg?fit=620%2C413&ssl=1\",\"contentUrl\":\"https:\\\/\\\/i0.wp.com\\\/www.manquepierda.com\\\/futbolandia\\\/files\\\/2015\\\/03\\\/torneo-de-30-equipos-2019487w620.jpg?fit=620%2C413&ssl=1\",\"width\":620,\"height\":413},{\"@type\":\"BreadcrumbList\",\"@id\":\"https:\\\/\\\/www.manquepierda.com\\\/futbolandia\\\/un-huracan-apodado-abila\\\/#breadcrumb\",\"itemListElement\":[{\"@type\":\"ListItem\",\"position\":1,\"name\":\"Portada\",\"item\":\"https:\\\/\\\/www.manquepierda.com\\\/futbolandia\\\/\"},{\"@type\":\"ListItem\",\"position\":2,\"name\":\"Un hurac\u00e1n apodado \u00c1bila\"}]},{\"@type\":\"WebSite\",\"@id\":\"https:\\\/\\\/www.manquepierda.com\\\/futbolandia\\\/#website\",\"url\":\"https:\\\/\\\/www.manquepierda.com\\\/futbolandia\\\/\",\"name\":\"Futbolandia\",\"description\":\"Reportajes e informaci\u00f3n sobre f\u00fatbol mundial y j\u00f3venes promesas\",\"potentialAction\":[{\"@type\":\"SearchAction\",\"target\":{\"@type\":\"EntryPoint\",\"urlTemplate\":\"https:\\\/\\\/www.manquepierda.com\\\/futbolandia\\\/?s={search_term_string}\"},\"query-input\":{\"@type\":\"PropertyValueSpecification\",\"valueRequired\":true,\"valueName\":\"search_term_string\"}}],\"inLanguage\":\"es\"},{\"@type\":\"Person\",\"@id\":\"https:\\\/\\\/www.manquepierda.com\\\/futbolandia\\\/#\\\/schema\\\/person\\\/478668c0ee61018918af1a99a079b7e4\",\"name\":\"\u00c1lvaro Carmona\",\"image\":{\"@type\":\"ImageObject\",\"inLanguage\":\"es\",\"@id\":\"https:\\\/\\\/secure.gravatar.com\\\/avatar\\\/2470a0c442f1df3f66bb7954a782875d0d96b50dbe33917d568238cc881b9c7b?s=96&d=mm&r=g\",\"url\":\"https:\\\/\\\/secure.gravatar.com\\\/avatar\\\/2470a0c442f1df3f66bb7954a782875d0d96b50dbe33917d568238cc881b9c7b?s=96&d=mm&r=g\",\"contentUrl\":\"https:\\\/\\\/secure.gravatar.com\\\/avatar\\\/2470a0c442f1df3f66bb7954a782875d0d96b50dbe33917d568238cc881b9c7b?s=96&d=mm&r=g\",\"caption\":\"\u00c1lvaro Carmona\"},\"description\":\"Apasionado del f\u00fatbol internacional, en especial de la liga argentina y de sus m\u00e1s j\u00f3venes promesas, que no son pocas. Entusiasmado del f\u00fatbol t\u00e1ctico; el sistema 5-3-2 no me parece defensivo, sino el m\u00e1s completo. Puedes seguirme en Twitter en @carmonadebarril para debatir sobre todo tipo de f\u00fatbol. B\u00e9tico.\",\"sameAs\":[\"http:\\\/\\\/twitter.com\\\/carmonadebarril\"],\"url\":\"https:\\\/\\\/www.manquepierda.com\\\/futbolandia\\\/author\\\/carmonadebarril\\\/\"}]}<\/script>\n<!-- \/ Yoast SEO plugin. -->","yoast_head_json":{"title":"Un hurac\u00e1n apodado \u00c1bila &#8211; Futbolandia","robots":{"index":"index","follow":"follow","max-snippet":"max-snippet:-1","max-image-preview":"max-image-preview:large","max-video-preview":"max-video-preview:-1"},"canonical":"https:\/\/www.manquepierda.com\/futbolandia\/un-huracan-apodado-abila\/","og_locale":"es_ES","og_type":"article","og_title":"Un hurac\u00e1n apodado \u00c1bila &#8211; Futbolandia","og_description":"Llegaba Hurac\u00e1n a la sexta fecha con una dura derrota a sus espaldas tras perder el cl\u00e1sico ante San Lorenzo la pasada jornada por 3-1, pero nada se interpuso de por medio para que esta fuera una jornada redonda y de felicidad para ellos. No hay mejor forma de reponerse de un duro golpe, que...","og_url":"https:\/\/www.manquepierda.com\/futbolandia\/un-huracan-apodado-abila\/","og_site_name":"Futbolandia","article_published_time":"2015-03-25T22:14:27+00:00","article_modified_time":"2015-03-27T10:35:04+00:00","og_image":[{"width":620,"height":413,"url":"https:\/\/i2.wp.com\/www.manquepierda.com\/futbolandia\/files\/2015\/03\/torneo-de-30-equipos-2019487w620.jpg?fit=620%2C413&ssl=1","type":"image\/jpeg"}],"author":"\u00c1lvaro Carmona","twitter_misc":{"Escrito por":"\u00c1lvaro Carmona","Tiempo de lectura":"3 minutos"},"schema":{"@context":"https:\/\/schema.org","@graph":[{"@type":"Article","@id":"https:\/\/www.manquepierda.com\/futbolandia\/un-huracan-apodado-abila\/#article","isPartOf":{"@id":"https:\/\/www.manquepierda.com\/futbolandia\/un-huracan-apodado-abila\/"},"author":{"name":"\u00c1lvaro Carmona","@id":"https:\/\/www.manquepierda.com\/futbolandia\/#\/schema\/person\/478668c0ee61018918af1a99a079b7e4"},"headline":"Un hurac\u00e1n apodado \u00c1bila","datePublished":"2015-03-25T22:14:27+00:00","dateModified":"2015-03-27T10:35:04+00:00","mainEntityOfPage":{"@id":"https:\/\/www.manquepierda.com\/futbolandia\/un-huracan-apodado-abila\/"},"wordCount":683,"commentCount":0,"image":{"@id":"https:\/\/www.manquepierda.com\/futbolandia\/un-huracan-apodado-abila\/#primaryimage"},"thumbnailUrl":"https:\/\/i0.wp.com\/www.manquepierda.com\/futbolandia\/files\/2015\/03\/torneo-de-30-equipos-2019487w620.jpg?fit=620%2C413&ssl=1","keywords":["argentinos juniors","Boca Juniors","bueno","huracan","liga argentina","orion","ramon abila","san martin"],"articleSection":["Cruzando el charco - F\u00fatbol sudamericano y CONCACAF","Portada"],"inLanguage":"es","potentialAction":[{"@type":"CommentAction","name":"Comment","target":["https:\/\/www.manquepierda.com\/futbolandia\/un-huracan-apodado-abila\/#respond"]}]},{"@type":"WebPage","@id":"https:\/\/www.manquepierda.com\/futbolandia\/un-huracan-apodado-abila\/","url":"https:\/\/www.manquepierda.com\/futbolandia\/un-huracan-apodado-abila\/","name":"Un hurac\u00e1n apodado \u00c1bila &#8211; Futbolandia","isPartOf":{"@id":"https:\/\/www.manquepierda.com\/futbolandia\/#website"},"primaryImageOfPage":{"@id":"https:\/\/www.manquepierda.com\/futbolandia\/un-huracan-apodado-abila\/#primaryimage"},"image":{"@id":"https:\/\/www.manquepierda.com\/futbolandia\/un-huracan-apodado-abila\/#primaryimage"},"thumbnailUrl":"https:\/\/i0.wp.com\/www.manquepierda.com\/futbolandia\/files\/2015\/03\/torneo-de-30-equipos-2019487w620.jpg?fit=620%2C413&ssl=1","datePublished":"2015-03-25T22:14:27+00:00","dateModified":"2015-03-27T10:35:04+00:00","author":{"@id":"https:\/\/www.manquepierda.com\/futbolandia\/#\/schema\/person\/478668c0ee61018918af1a99a079b7e4"},"breadcrumb":{"@id":"https:\/\/www.manquepierda.com\/futbolandia\/un-huracan-apodado-abila\/#breadcrumb"},"inLanguage":"es","potentialAction":[{"@type":"ReadAction","target":["https:\/\/www.manquepierda.com\/futbolandia\/un-huracan-apodado-abila\/"]}]},{"@type":"ImageObject","inLanguage":"es","@id":"https:\/\/www.manquepierda.com\/futbolandia\/un-huracan-apodado-abila\/#primaryimage","url":"https:\/\/i0.wp.com\/www.manquepierda.com\/futbolandia\/files\/2015\/03\/torneo-de-30-equipos-2019487w620.jpg?fit=620%2C413&ssl=1","contentUrl":"https:\/\/i0.wp.com\/www.manquepierda.com\/futbolandia\/files\/2015\/03\/torneo-de-30-equipos-2019487w620.jpg?fit=620%2C413&ssl=1","width":620,"height":413},{"@type":"BreadcrumbList","@id":"https:\/\/www.manquepierda.com\/futbolandia\/un-huracan-apodado-abila\/#breadcrumb","itemListElement":[{"@type":"ListItem","position":1,"name":"Portada","item":"https:\/\/www.manquepierda.com\/futbolandia\/"},{"@type":"ListItem","position":2,"name":"Un hurac\u00e1n apodado \u00c1bila"}]},{"@type":"WebSite","@id":"https:\/\/www.manquepierda.com\/futbolandia\/#website","url":"https:\/\/www.manquepierda.com\/futbolandia\/","name":"Futbolandia","description":"Reportajes e informaci\u00f3n sobre f\u00fatbol mundial y j\u00f3venes promesas","potentialAction":[{"@type":"SearchAction","target":{"@type":"EntryPoint","urlTemplate":"https:\/\/www.manquepierda.com\/futbolandia\/?s={search_term_string}"},"query-input":{"@type":"PropertyValueSpecification","valueRequired":true,"valueName":"search_term_string"}}],"inLanguage":"es"},{"@type":"Person","@id":"https:\/\/www.manquepierda.com\/futbolandia\/#\/schema\/person\/478668c0ee61018918af1a99a079b7e4","name":"\u00c1lvaro Carmona","image":{"@type":"ImageObject","inLanguage":"es","@id":"https:\/\/secure.gravatar.com\/avatar\/2470a0c442f1df3f66bb7954a782875d0d96b50dbe33917d568238cc881b9c7b?s=96&d=mm&r=g","url":"https:\/\/secure.gravatar.com\/avatar\/2470a0c442f1df3f66bb7954a782875d0d96b50dbe33917d568238cc881b9c7b?s=96&d=mm&r=g","contentUrl":"https:\/\/secure.gravatar.com\/avatar\/2470a0c442f1df3f66bb7954a782875d0d96b50dbe33917d568238cc881b9c7b?s=96&d=mm&r=g","caption":"\u00c1lvaro Carmona"},"description":"Apasionado del f\u00fatbol internacional, en especial de la liga argentina y de sus m\u00e1s j\u00f3venes promesas, que no son pocas. Entusiasmado del f\u00fatbol t\u00e1ctico; el sistema 5-3-2 no me parece defensivo, sino el m\u00e1s completo. Puedes seguirme en Twitter en @carmonadebarril para debatir sobre todo tipo de f\u00fatbol. B\u00e9tico.","sameAs":["http:\/\/twitter.com\/carmonadebarril"],"url":"https:\/\/www.manquepierda.com\/futbolandia\/author\/carmonadebarril\/"}]}},"jetpack_publicize_connections":[],"jetpack_featured_media_url":"https:\/\/i0.wp.com\/www.manquepierda.com\/futbolandia\/files\/2015\/03\/torneo-de-30-equipos-2019487w620.jpg?fit=620%2C413&ssl=1","jetpack_shortlink":"https:\/\/wp.me\/p1THIg-1nx","jetpack_sharing_enabled":true,"_links":{"self":[{"href":"https:\/\/www.manquepierda.com\/futbolandia\/wp-json\/wp\/v2\/posts\/5303","targetHints":{"allow":["GET"]}}],"collection":[{"href":"https:\/\/www.manquepierda.com\/futbolandia\/wp-json\/wp\/v2\/posts"}],"about":[{"href":"https:\/\/www.manquepierda.com\/futbolandia\/wp-json\/wp\/v2\/types\/post"}],"author":[{"embeddable":true,"href":"https:\/\/www.manquepierda.com\/futbolandia\/wp-json\/wp\/v2\/users\/431"}],"replies":[{"embeddable":true,"href":"https:\/\/www.manquepierda.com\/futbolandia\/wp-json\/wp\/v2\/comments?post=5303"}],"version-history":[{"count":0,"href":"https:\/\/www.manquepierda.com\/futbolandia\/wp-json\/wp\/v2\/posts\/5303\/revisions"}],"wp:featuredmedia":[{"embeddable":true,"href":"https:\/\/www.manquepierda.com\/futbolandia\/wp-json\/wp\/v2\/media\/5304"}],"wp:attachment":[{"href":"https:\/\/www.manquepierda.com\/futbolandia\/wp-json\/wp\/v2\/media?parent=5303"}],"wp:term":[{"taxonomy":"category","embeddable":true,"href":"https:\/\/www.manquepierda.com\/futbolandia\/wp-json\/wp\/v2\/categories?post=5303"},{"taxonomy":"post_tag","embeddable":true,"href":"https:\/\/www.manquepierda.com\/futbolandia\/wp-json\/wp\/v2\/tags?post=5303"}],"curies":[{"name":"wp","href":"https:\/\/api.w.org\/{rel}","templated":true}]}}