{"id":5361,"date":"2015-03-29T13:40:48","date_gmt":"2015-03-29T11:40:48","guid":{"rendered":"http:\/\/www.manquepierda.com\/futbolandia\/?p=5361"},"modified":"2015-07-09T08:57:11","modified_gmt":"2015-07-09T06:57:11","slug":"la-verguenza-en-montenegro-nos-impide-disfrutar-del-futbol","status":"publish","type":"post","link":"https:\/\/www.manquepierda.com\/futbolandia\/la-verguenza-en-montenegro-nos-impide-disfrutar-del-futbol\/","title":{"rendered":"La verg\u00fcenza en Montenegro nos impide disfrutar del f\u00fatbol"},"content":{"rendered":"<figure id=\"attachment_5362\" aria-describedby=\"caption-attachment-5362\" style=\"width: 461px\" class=\"wp-caption alignleft\"><a href=\"https:\/\/i0.wp.com\/www.manquepierda.com\/futbolandia\/files\/2015\/03\/Akinfeev.jpg\"><img data-recalc-dims=\"1\" loading=\"lazy\" decoding=\"async\" data-attachment-id=\"5362\" data-permalink=\"https:\/\/www.manquepierda.com\/futbolandia\/la-verguenza-en-montenegro-nos-impide-disfrutar-del-futbol\/akinfeev\/\" data-orig-file=\"https:\/\/i0.wp.com\/www.manquepierda.com\/futbolandia\/files\/2015\/03\/Akinfeev.jpg?fit=644%2C362&amp;ssl=1\" data-orig-size=\"644,362\" data-comments-opened=\"1\" data-image-meta=\"{&quot;aperture&quot;:&quot;0&quot;,&quot;credit&quot;:&quot;&quot;,&quot;camera&quot;:&quot;&quot;,&quot;caption&quot;:&quot;&quot;,&quot;created_timestamp&quot;:&quot;0&quot;,&quot;copyright&quot;:&quot;&quot;,&quot;focal_length&quot;:&quot;0&quot;,&quot;iso&quot;:&quot;0&quot;,&quot;shutter_speed&quot;:&quot;0&quot;,&quot;title&quot;:&quot;&quot;,&quot;orientation&quot;:&quot;0&quot;}\" data-image-title=\"Akinfeev\" data-image-description=\"\" data-image-caption=\"&lt;p&gt;Akinfeev tras el impacto, abandon\u00f3 el terreno de juego | Foto: abc.es&lt;\/p&gt;\n\" data-large-file=\"https:\/\/i0.wp.com\/www.manquepierda.com\/futbolandia\/files\/2015\/03\/Akinfeev.jpg?fit=644%2C362&amp;ssl=1\" class=\" wp-image-5362\" src=\"https:\/\/i0.wp.com\/www.manquepierda.com\/futbolandia\/files\/2015\/03\/Akinfeev.jpg?resize=461%2C259\" alt=\"Akinfeev tras el impacto, abandon\u00f3 el terreno de juego | Foto: abc.es\" width=\"461\" height=\"259\" srcset=\"https:\/\/i0.wp.com\/www.manquepierda.com\/futbolandia\/files\/2015\/03\/Akinfeev.jpg?w=644&amp;ssl=1 644w, https:\/\/i0.wp.com\/www.manquepierda.com\/futbolandia\/files\/2015\/03\/Akinfeev.jpg?resize=300%2C169&amp;ssl=1 300w\" sizes=\"auto, (max-width: 461px) 100vw, 461px\" \/><\/a><figcaption id=\"caption-attachment-5362\" class=\"wp-caption-text\">Akinfeev tras el impacto, abandon\u00f3 el terreno de juego | Foto: abc.es<\/figcaption><\/figure>\n<p><strong>Verg\u00fcenza es la palabra m\u00e1s suave que podemos utilizar para describir lo ocurrido en el Montenegro-Rusia que deb\u00eda jugarse en el Grupo G<\/strong> del clasificatorio para la Eurocopa de Francia.<\/p>\n<p>Todo empez\u00f3 al inicio del partido, con una bengala que golpea en la cara de Akinfeev, que acab\u00f3 hospitalizado. Inconcebible. M\u00e1s tarde intent\u00f3 reanudarse el partido pero a causa de varios incidentes en los que ya se vieron inmersos los jugadores, el colegiado alem\u00e1n decidi\u00f3 suspender el encuentro. Ahora ser\u00e1 la UEFA quien decida, aunque podr\u00edan darle el partido por ganado a Rusia.<\/p>\n<p>Los que si jugaron fueron Austria y Suecia, que adem\u00e1s son los dos primeros en el grupo. <strong>Austria dio otro paso m\u00e1s hacia la Eurocopa con una contundente victoria por 0-5 ante Liechtenstein.<\/strong> Y eso que los austriacos se permitieron el lujo de fallar un penalti, que lanz\u00f3 Alaba. Sin embargo, no pas\u00f3 ninguna complicaci\u00f3n para ganar gracias a los goles de Harnik, Janko, Junuzovic, Arnautovic y el propio Alaba, que anot\u00f3 su gol y es el m\u00e1ximo goleador de su selecci\u00f3n.<\/p>\n<p>Suecia por su parte y aunque acab\u00f3 el partido con uno menos, gan\u00f3 con solvencia a Moldavia con dos goles del de siempre, Zlatan Ibrahimovic que no dio lugar a la sorpresa.<\/p>\n<p style=\"text-align: center\">[soccer-info id=&#8217;629&#8242; type=&#8217;table&#8217; style=&#8217;blue_light&#8217; title=&#8217;Francia 2016 &#8211; Fase de clasificaci\u00f3n &#8211; Grupo G&#8217; \/]<\/p>\n","protected":false},"excerpt":{"rendered":"<p>Verg\u00fcenza es la palabra m\u00e1s suave que podemos utilizar para describir lo ocurrido en el Montenegro-Rusia que deb\u00eda jugarse en el Grupo G del clasificatorio para la Eurocopa de Francia. Todo empez\u00f3 al inicio del partido, con una bengala que golpea en la cara de Akinfeev, que acab\u00f3 hospitalizado. Inconcebible. M\u00e1s tarde intent\u00f3 reanudarse el&#8230;<\/p>\n","protected":false},"author":93,"featured_media":5362,"comment_status":"open","ping_status":"open","sticky":false,"template":"","format":"standard","meta":{"_kad_post_transparent":"","_kad_post_title":"","_kad_post_layout":"","_kad_post_sidebar_id":"","_kad_post_content_style":"","_kad_post_vertical_padding":"","_kad_post_feature":"","_kad_post_feature_position":"","_kad_post_header":false,"_kad_post_footer":false,"_kad_post_classname":"","_jetpack_memberships_contains_paid_content":false,"footnotes":"","jetpack_publicize_message":"","jetpack_publicize_feature_enabled":true,"jetpack_social_post_already_shared":true,"jetpack_social_options":{"image_generator_settings":{"template":"highway","default_image_id":0,"font":"","enabled":false},"version":2}},"categories":[10,2015],"tags":[1934,1936,925,629,420,750,1935,934,630],"class_list":["post-5361","post","type-post","status-publish","format-standard","has-post-thumbnail","hentry","category-portada","category-selecciones-combinados-nacionales","tag-akinfeev","tag-alaba","tag-austria","tag-eurocopa","tag-francia","tag-ibrahimovic","tag-montenegro","tag-rusia","tag-suecia"],"yoast_head":"<!-- This site is optimized with the Yoast SEO plugin v27.5 - https:\/\/yoast.com\/product\/yoast-seo-wordpress\/ -->\n<title>La verg\u00fcenza en Montenegro nos impide disfrutar del f\u00fatbol &#8211; Futbolandia<\/title>\n<meta name=\"description\" content=\"Los incidentes en montenegro ante Rusia podr\u00eda tener fuertes consecuencias. Suecia y Austria, que ganaron, afianzan sus posibilidades de estar en Francia&#039;16\" \/>\n<meta name=\"robots\" content=\"index, follow, max-snippet:-1, max-image-preview:large, max-video-preview:-1\" \/>\n<link rel=\"canonical\" href=\"https:\/\/www.manquepierda.com\/futbolandia\/la-verguenza-en-montenegro-nos-impide-disfrutar-del-futbol\/\" \/>\n<meta property=\"og:locale\" content=\"es_ES\" \/>\n<meta property=\"og:type\" content=\"article\" \/>\n<meta property=\"og:title\" content=\"La verg\u00fcenza en Montenegro nos impide disfrutar del f\u00fatbol &#8211; Futbolandia\" \/>\n<meta property=\"og:description\" content=\"Los incidentes en montenegro ante Rusia podr\u00eda tener fuertes consecuencias. Suecia y Austria, que ganaron, afianzan sus posibilidades de estar en Francia&#039;16\" \/>\n<meta property=\"og:url\" content=\"https:\/\/www.manquepierda.com\/futbolandia\/la-verguenza-en-montenegro-nos-impide-disfrutar-del-futbol\/\" \/>\n<meta property=\"og:site_name\" content=\"Futbolandia\" \/>\n<meta property=\"article:published_time\" content=\"2015-03-29T11:40:48+00:00\" \/>\n<meta property=\"article:modified_time\" content=\"2015-07-09T06:57:11+00:00\" \/>\n<meta property=\"og:image\" content=\"https:\/\/i2.wp.com\/www.manquepierda.com\/futbolandia\/files\/2015\/03\/Akinfeev.jpg?fit=644%2C362&ssl=1\" \/>\n\t<meta property=\"og:image:width\" content=\"644\" \/>\n\t<meta property=\"og:image:height\" content=\"362\" \/>\n\t<meta property=\"og:image:type\" content=\"image\/jpeg\" \/>\n<meta name=\"author\" content=\"Jorge M. Gonz\u00e1lez\" \/>\n<meta name=\"twitter:label1\" content=\"Escrito por\" \/>\n\t<meta name=\"twitter:data1\" content=\"Jorge M. Gonz\u00e1lez\" \/>\n\t<meta name=\"twitter:label2\" content=\"Tiempo de lectura\" \/>\n\t<meta name=\"twitter:data2\" content=\"1 minuto\" \/>\n<script type=\"application\/ld+json\" class=\"yoast-schema-graph\">{\"@context\":\"https:\\\/\\\/schema.org\",\"@graph\":[{\"@type\":\"Article\",\"@id\":\"https:\\\/\\\/www.manquepierda.com\\\/futbolandia\\\/la-verguenza-en-montenegro-nos-impide-disfrutar-del-futbol\\\/#article\",\"isPartOf\":{\"@id\":\"https:\\\/\\\/www.manquepierda.com\\\/futbolandia\\\/la-verguenza-en-montenegro-nos-impide-disfrutar-del-futbol\\\/\"},\"author\":{\"name\":\"Jorge M. Gonz\u00e1lez\",\"@id\":\"https:\\\/\\\/www.manquepierda.com\\\/futbolandia\\\/#\\\/schema\\\/person\\\/fdb4eabc3c2e0e717a790a4ce10cd2b3\"},\"headline\":\"La verg\u00fcenza en Montenegro nos impide disfrutar del f\u00fatbol\",\"datePublished\":\"2015-03-29T11:40:48+00:00\",\"dateModified\":\"2015-07-09T06:57:11+00:00\",\"mainEntityOfPage\":{\"@id\":\"https:\\\/\\\/www.manquepierda.com\\\/futbolandia\\\/la-verguenza-en-montenegro-nos-impide-disfrutar-del-futbol\\\/\"},\"wordCount\":265,\"commentCount\":0,\"image\":{\"@id\":\"https:\\\/\\\/www.manquepierda.com\\\/futbolandia\\\/la-verguenza-en-montenegro-nos-impide-disfrutar-del-futbol\\\/#primaryimage\"},\"thumbnailUrl\":\"https:\\\/\\\/i0.wp.com\\\/www.manquepierda.com\\\/futbolandia\\\/files\\\/2015\\\/03\\\/Akinfeev.jpg?fit=644%2C362&ssl=1\",\"keywords\":[\"akinfeev\",\"alaba\",\"Austria\",\"Eurocopa\",\"Francia\",\"ibrahimovic\",\"montenegro\",\"Rusia\",\"Suecia\"],\"articleSection\":[\"Portada\",\"Selecciones y combinados nacionales\"],\"inLanguage\":\"es\",\"potentialAction\":[{\"@type\":\"CommentAction\",\"name\":\"Comment\",\"target\":[\"https:\\\/\\\/www.manquepierda.com\\\/futbolandia\\\/la-verguenza-en-montenegro-nos-impide-disfrutar-del-futbol\\\/#respond\"]}]},{\"@type\":\"WebPage\",\"@id\":\"https:\\\/\\\/www.manquepierda.com\\\/futbolandia\\\/la-verguenza-en-montenegro-nos-impide-disfrutar-del-futbol\\\/\",\"url\":\"https:\\\/\\\/www.manquepierda.com\\\/futbolandia\\\/la-verguenza-en-montenegro-nos-impide-disfrutar-del-futbol\\\/\",\"name\":\"La verg\u00fcenza en Montenegro nos impide disfrutar del f\u00fatbol &#8211; Futbolandia\",\"isPartOf\":{\"@id\":\"https:\\\/\\\/www.manquepierda.com\\\/futbolandia\\\/#website\"},\"primaryImageOfPage\":{\"@id\":\"https:\\\/\\\/www.manquepierda.com\\\/futbolandia\\\/la-verguenza-en-montenegro-nos-impide-disfrutar-del-futbol\\\/#primaryimage\"},\"image\":{\"@id\":\"https:\\\/\\\/www.manquepierda.com\\\/futbolandia\\\/la-verguenza-en-montenegro-nos-impide-disfrutar-del-futbol\\\/#primaryimage\"},\"thumbnailUrl\":\"https:\\\/\\\/i0.wp.com\\\/www.manquepierda.com\\\/futbolandia\\\/files\\\/2015\\\/03\\\/Akinfeev.jpg?fit=644%2C362&ssl=1\",\"datePublished\":\"2015-03-29T11:40:48+00:00\",\"dateModified\":\"2015-07-09T06:57:11+00:00\",\"author\":{\"@id\":\"https:\\\/\\\/www.manquepierda.com\\\/futbolandia\\\/#\\\/schema\\\/person\\\/fdb4eabc3c2e0e717a790a4ce10cd2b3\"},\"description\":\"Los incidentes en montenegro ante Rusia podr\u00eda tener fuertes consecuencias. Suecia y Austria, que ganaron, afianzan sus posibilidades de estar en Francia'16\",\"breadcrumb\":{\"@id\":\"https:\\\/\\\/www.manquepierda.com\\\/futbolandia\\\/la-verguenza-en-montenegro-nos-impide-disfrutar-del-futbol\\\/#breadcrumb\"},\"inLanguage\":\"es\",\"potentialAction\":[{\"@type\":\"ReadAction\",\"target\":[\"https:\\\/\\\/www.manquepierda.com\\\/futbolandia\\\/la-verguenza-en-montenegro-nos-impide-disfrutar-del-futbol\\\/\"]}]},{\"@type\":\"ImageObject\",\"inLanguage\":\"es\",\"@id\":\"https:\\\/\\\/www.manquepierda.com\\\/futbolandia\\\/la-verguenza-en-montenegro-nos-impide-disfrutar-del-futbol\\\/#primaryimage\",\"url\":\"https:\\\/\\\/i0.wp.com\\\/www.manquepierda.com\\\/futbolandia\\\/files\\\/2015\\\/03\\\/Akinfeev.jpg?fit=644%2C362&ssl=1\",\"contentUrl\":\"https:\\\/\\\/i0.wp.com\\\/www.manquepierda.com\\\/futbolandia\\\/files\\\/2015\\\/03\\\/Akinfeev.jpg?fit=644%2C362&ssl=1\",\"width\":644,\"height\":362,\"caption\":\"Akinfeev tras el impacto, abandon\u00f3 el terreno de juego | Foto: abc.es\"},{\"@type\":\"BreadcrumbList\",\"@id\":\"https:\\\/\\\/www.manquepierda.com\\\/futbolandia\\\/la-verguenza-en-montenegro-nos-impide-disfrutar-del-futbol\\\/#breadcrumb\",\"itemListElement\":[{\"@type\":\"ListItem\",\"position\":1,\"name\":\"Portada\",\"item\":\"https:\\\/\\\/www.manquepierda.com\\\/futbolandia\\\/\"},{\"@type\":\"ListItem\",\"position\":2,\"name\":\"La verg\u00fcenza en Montenegro nos impide disfrutar del f\u00fatbol\"}]},{\"@type\":\"WebSite\",\"@id\":\"https:\\\/\\\/www.manquepierda.com\\\/futbolandia\\\/#website\",\"url\":\"https:\\\/\\\/www.manquepierda.com\\\/futbolandia\\\/\",\"name\":\"Futbolandia\",\"description\":\"Reportajes e informaci\u00f3n sobre f\u00fatbol mundial y j\u00f3venes promesas\",\"potentialAction\":[{\"@type\":\"SearchAction\",\"target\":{\"@type\":\"EntryPoint\",\"urlTemplate\":\"https:\\\/\\\/www.manquepierda.com\\\/futbolandia\\\/?s={search_term_string}\"},\"query-input\":{\"@type\":\"PropertyValueSpecification\",\"valueRequired\":true,\"valueName\":\"search_term_string\"}}],\"inLanguage\":\"es\"},{\"@type\":\"Person\",\"@id\":\"https:\\\/\\\/www.manquepierda.com\\\/futbolandia\\\/#\\\/schema\\\/person\\\/fdb4eabc3c2e0e717a790a4ce10cd2b3\",\"name\":\"Jorge M. Gonz\u00e1lez\",\"image\":{\"@type\":\"ImageObject\",\"inLanguage\":\"es\",\"@id\":\"https:\\\/\\\/secure.gravatar.com\\\/avatar\\\/40fe62083e523c4134f75fb1d06ea73b4503d9162f3c6e89800e90f1bbd7f262?s=96&d=mm&r=g\",\"url\":\"https:\\\/\\\/secure.gravatar.com\\\/avatar\\\/40fe62083e523c4134f75fb1d06ea73b4503d9162f3c6e89800e90f1bbd7f262?s=96&d=mm&r=g\",\"contentUrl\":\"https:\\\/\\\/secure.gravatar.com\\\/avatar\\\/40fe62083e523c4134f75fb1d06ea73b4503d9162f3c6e89800e90f1bbd7f262?s=96&d=mm&r=g\",\"caption\":\"Jorge M. Gonz\u00e1lez\"},\"description\":\"Apasionado del f\u00fatbol internacional y Social Media Manager. Me gusta seguir ligas extranjeras y a las j\u00f3venes promesas de todo el mundo. S\u00edgueme en twitter para compartir afici\u00f3n: @jorgegonex\",\"sameAs\":[\"http:\\\/\\\/manquepierda.com\\\/\",\"https:\\\/\\\/x.com\\\/https:\\\/\\\/twitter.com\\\/jorgegonex\",\"https:\\\/\\\/www.youtube.com\\\/user\\\/FutbolandiaMQP\"],\"url\":\"https:\\\/\\\/www.manquepierda.com\\\/futbolandia\\\/author\\\/jorgegonzalez\\\/\"}]}<\/script>\n<!-- \/ Yoast SEO plugin. -->","yoast_head_json":{"title":"La verg\u00fcenza en Montenegro nos impide disfrutar del f\u00fatbol &#8211; Futbolandia","description":"Los incidentes en montenegro ante Rusia podr\u00eda tener fuertes consecuencias. Suecia y Austria, que ganaron, afianzan sus posibilidades de estar en Francia'16","robots":{"index":"index","follow":"follow","max-snippet":"max-snippet:-1","max-image-preview":"max-image-preview:large","max-video-preview":"max-video-preview:-1"},"canonical":"https:\/\/www.manquepierda.com\/futbolandia\/la-verguenza-en-montenegro-nos-impide-disfrutar-del-futbol\/","og_locale":"es_ES","og_type":"article","og_title":"La verg\u00fcenza en Montenegro nos impide disfrutar del f\u00fatbol &#8211; Futbolandia","og_description":"Los incidentes en montenegro ante Rusia podr\u00eda tener fuertes consecuencias. Suecia y Austria, que ganaron, afianzan sus posibilidades de estar en Francia'16","og_url":"https:\/\/www.manquepierda.com\/futbolandia\/la-verguenza-en-montenegro-nos-impide-disfrutar-del-futbol\/","og_site_name":"Futbolandia","article_published_time":"2015-03-29T11:40:48+00:00","article_modified_time":"2015-07-09T06:57:11+00:00","og_image":[{"width":644,"height":362,"url":"https:\/\/i2.wp.com\/www.manquepierda.com\/futbolandia\/files\/2015\/03\/Akinfeev.jpg?fit=644%2C362&ssl=1","type":"image\/jpeg"}],"author":"Jorge M. Gonz\u00e1lez","twitter_misc":{"Escrito por":"Jorge M. Gonz\u00e1lez","Tiempo de lectura":"1 minuto"},"schema":{"@context":"https:\/\/schema.org","@graph":[{"@type":"Article","@id":"https:\/\/www.manquepierda.com\/futbolandia\/la-verguenza-en-montenegro-nos-impide-disfrutar-del-futbol\/#article","isPartOf":{"@id":"https:\/\/www.manquepierda.com\/futbolandia\/la-verguenza-en-montenegro-nos-impide-disfrutar-del-futbol\/"},"author":{"name":"Jorge M. Gonz\u00e1lez","@id":"https:\/\/www.manquepierda.com\/futbolandia\/#\/schema\/person\/fdb4eabc3c2e0e717a790a4ce10cd2b3"},"headline":"La verg\u00fcenza en Montenegro nos impide disfrutar del f\u00fatbol","datePublished":"2015-03-29T11:40:48+00:00","dateModified":"2015-07-09T06:57:11+00:00","mainEntityOfPage":{"@id":"https:\/\/www.manquepierda.com\/futbolandia\/la-verguenza-en-montenegro-nos-impide-disfrutar-del-futbol\/"},"wordCount":265,"commentCount":0,"image":{"@id":"https:\/\/www.manquepierda.com\/futbolandia\/la-verguenza-en-montenegro-nos-impide-disfrutar-del-futbol\/#primaryimage"},"thumbnailUrl":"https:\/\/i0.wp.com\/www.manquepierda.com\/futbolandia\/files\/2015\/03\/Akinfeev.jpg?fit=644%2C362&ssl=1","keywords":["akinfeev","alaba","Austria","Eurocopa","Francia","ibrahimovic","montenegro","Rusia","Suecia"],"articleSection":["Portada","Selecciones y combinados nacionales"],"inLanguage":"es","potentialAction":[{"@type":"CommentAction","name":"Comment","target":["https:\/\/www.manquepierda.com\/futbolandia\/la-verguenza-en-montenegro-nos-impide-disfrutar-del-futbol\/#respond"]}]},{"@type":"WebPage","@id":"https:\/\/www.manquepierda.com\/futbolandia\/la-verguenza-en-montenegro-nos-impide-disfrutar-del-futbol\/","url":"https:\/\/www.manquepierda.com\/futbolandia\/la-verguenza-en-montenegro-nos-impide-disfrutar-del-futbol\/","name":"La verg\u00fcenza en Montenegro nos impide disfrutar del f\u00fatbol &#8211; Futbolandia","isPartOf":{"@id":"https:\/\/www.manquepierda.com\/futbolandia\/#website"},"primaryImageOfPage":{"@id":"https:\/\/www.manquepierda.com\/futbolandia\/la-verguenza-en-montenegro-nos-impide-disfrutar-del-futbol\/#primaryimage"},"image":{"@id":"https:\/\/www.manquepierda.com\/futbolandia\/la-verguenza-en-montenegro-nos-impide-disfrutar-del-futbol\/#primaryimage"},"thumbnailUrl":"https:\/\/i0.wp.com\/www.manquepierda.com\/futbolandia\/files\/2015\/03\/Akinfeev.jpg?fit=644%2C362&ssl=1","datePublished":"2015-03-29T11:40:48+00:00","dateModified":"2015-07-09T06:57:11+00:00","author":{"@id":"https:\/\/www.manquepierda.com\/futbolandia\/#\/schema\/person\/fdb4eabc3c2e0e717a790a4ce10cd2b3"},"description":"Los incidentes en montenegro ante Rusia podr\u00eda tener fuertes consecuencias. Suecia y Austria, que ganaron, afianzan sus posibilidades de estar en Francia'16","breadcrumb":{"@id":"https:\/\/www.manquepierda.com\/futbolandia\/la-verguenza-en-montenegro-nos-impide-disfrutar-del-futbol\/#breadcrumb"},"inLanguage":"es","potentialAction":[{"@type":"ReadAction","target":["https:\/\/www.manquepierda.com\/futbolandia\/la-verguenza-en-montenegro-nos-impide-disfrutar-del-futbol\/"]}]},{"@type":"ImageObject","inLanguage":"es","@id":"https:\/\/www.manquepierda.com\/futbolandia\/la-verguenza-en-montenegro-nos-impide-disfrutar-del-futbol\/#primaryimage","url":"https:\/\/i0.wp.com\/www.manquepierda.com\/futbolandia\/files\/2015\/03\/Akinfeev.jpg?fit=644%2C362&ssl=1","contentUrl":"https:\/\/i0.wp.com\/www.manquepierda.com\/futbolandia\/files\/2015\/03\/Akinfeev.jpg?fit=644%2C362&ssl=1","width":644,"height":362,"caption":"Akinfeev tras el impacto, abandon\u00f3 el terreno de juego | Foto: abc.es"},{"@type":"BreadcrumbList","@id":"https:\/\/www.manquepierda.com\/futbolandia\/la-verguenza-en-montenegro-nos-impide-disfrutar-del-futbol\/#breadcrumb","itemListElement":[{"@type":"ListItem","position":1,"name":"Portada","item":"https:\/\/www.manquepierda.com\/futbolandia\/"},{"@type":"ListItem","position":2,"name":"La verg\u00fcenza en Montenegro nos impide disfrutar del f\u00fatbol"}]},{"@type":"WebSite","@id":"https:\/\/www.manquepierda.com\/futbolandia\/#website","url":"https:\/\/www.manquepierda.com\/futbolandia\/","name":"Futbolandia","description":"Reportajes e informaci\u00f3n sobre f\u00fatbol mundial y j\u00f3venes promesas","potentialAction":[{"@type":"SearchAction","target":{"@type":"EntryPoint","urlTemplate":"https:\/\/www.manquepierda.com\/futbolandia\/?s={search_term_string}"},"query-input":{"@type":"PropertyValueSpecification","valueRequired":true,"valueName":"search_term_string"}}],"inLanguage":"es"},{"@type":"Person","@id":"https:\/\/www.manquepierda.com\/futbolandia\/#\/schema\/person\/fdb4eabc3c2e0e717a790a4ce10cd2b3","name":"Jorge M. Gonz\u00e1lez","image":{"@type":"ImageObject","inLanguage":"es","@id":"https:\/\/secure.gravatar.com\/avatar\/40fe62083e523c4134f75fb1d06ea73b4503d9162f3c6e89800e90f1bbd7f262?s=96&d=mm&r=g","url":"https:\/\/secure.gravatar.com\/avatar\/40fe62083e523c4134f75fb1d06ea73b4503d9162f3c6e89800e90f1bbd7f262?s=96&d=mm&r=g","contentUrl":"https:\/\/secure.gravatar.com\/avatar\/40fe62083e523c4134f75fb1d06ea73b4503d9162f3c6e89800e90f1bbd7f262?s=96&d=mm&r=g","caption":"Jorge M. Gonz\u00e1lez"},"description":"Apasionado del f\u00fatbol internacional y Social Media Manager. Me gusta seguir ligas extranjeras y a las j\u00f3venes promesas de todo el mundo. S\u00edgueme en twitter para compartir afici\u00f3n: @jorgegonex","sameAs":["http:\/\/manquepierda.com\/","https:\/\/x.com\/https:\/\/twitter.com\/jorgegonex","https:\/\/www.youtube.com\/user\/FutbolandiaMQP"],"url":"https:\/\/www.manquepierda.com\/futbolandia\/author\/jorgegonzalez\/"}]}},"jetpack_publicize_connections":[],"jetpack_featured_media_url":"https:\/\/i0.wp.com\/www.manquepierda.com\/futbolandia\/files\/2015\/03\/Akinfeev.jpg?fit=644%2C362&ssl=1","jetpack_shortlink":"https:\/\/wp.me\/p1THIg-1ot","jetpack_sharing_enabled":true,"_links":{"self":[{"href":"https:\/\/www.manquepierda.com\/futbolandia\/wp-json\/wp\/v2\/posts\/5361","targetHints":{"allow":["GET"]}}],"collection":[{"href":"https:\/\/www.manquepierda.com\/futbolandia\/wp-json\/wp\/v2\/posts"}],"about":[{"href":"https:\/\/www.manquepierda.com\/futbolandia\/wp-json\/wp\/v2\/types\/post"}],"author":[{"embeddable":true,"href":"https:\/\/www.manquepierda.com\/futbolandia\/wp-json\/wp\/v2\/users\/93"}],"replies":[{"embeddable":true,"href":"https:\/\/www.manquepierda.com\/futbolandia\/wp-json\/wp\/v2\/comments?post=5361"}],"version-history":[{"count":0,"href":"https:\/\/www.manquepierda.com\/futbolandia\/wp-json\/wp\/v2\/posts\/5361\/revisions"}],"wp:featuredmedia":[{"embeddable":true,"href":"https:\/\/www.manquepierda.com\/futbolandia\/wp-json\/wp\/v2\/media\/5362"}],"wp:attachment":[{"href":"https:\/\/www.manquepierda.com\/futbolandia\/wp-json\/wp\/v2\/media?parent=5361"}],"wp:term":[{"taxonomy":"category","embeddable":true,"href":"https:\/\/www.manquepierda.com\/futbolandia\/wp-json\/wp\/v2\/categories?post=5361"},{"taxonomy":"post_tag","embeddable":true,"href":"https:\/\/www.manquepierda.com\/futbolandia\/wp-json\/wp\/v2\/tags?post=5361"}],"curies":[{"name":"wp","href":"https:\/\/api.w.org\/{rel}","templated":true}]}}