{"id":5387,"date":"2015-04-05T14:07:06","date_gmt":"2015-04-05T12:07:06","guid":{"rendered":"http:\/\/www.manquepierda.com\/futbolandia\/?p=5387"},"modified":"2015-04-05T14:07:06","modified_gmt":"2015-04-05T12:07:06","slug":"un-duelo-en-las-alturas-con-color-violeta","status":"publish","type":"post","link":"https:\/\/www.manquepierda.com\/futbolandia\/un-duelo-en-las-alturas-con-color-violeta\/","title":{"rendered":"Un duelo en las alturas con color violeta"},"content":{"rendered":"<p>El f\u00fatbol volvi\u00f3 a Italia despu\u00e9s del par\u00f3n por selecciones del fin de semana pasado\u00a0en el que la &#8216;azzurra&#8217; de Antonio Conte no tuvo buenas actuaciones y donde tiene mucho por mejorar de cara al futuro y sobre todo de cara a la Eurocopa de Francia que se jugar\u00e1 el a\u00f1o pr\u00f3ximo.<\/p>\n<figure style=\"width: 702px\" class=\"wp-caption aligncenter\"><img data-recalc-dims=\"1\" loading=\"lazy\" decoding=\"async\" src=\"https:\/\/i0.wp.com\/www.mundodeportivo.com\/r\/GODO\/MD\/p3\/Futbol\/Imagenes\/2015\/04\/04\/Recortada\/20150404-635637502928746776_20150404132054-kX9--911x683%40MundoDeportivo-Web.jpg?resize=702%2C524\" alt=\"Miralem Pjanic marca el 1-0 de la Roma contra el N\u00e1poles.\" width=\"702\" height=\"524\" \/><figcaption class=\"wp-caption-text\">Miralem Pjanic marc\u00f3 el \u00fanico gol del partido. (FOTO: www.mundodeportivo.com)<\/figcaption><\/figure>\n<p>&nbsp;<\/p>\n<p>Se jug\u00f3 durante todo el d\u00eda de ayer la vig\u00e9simo novena jornada en el Calcio donde hay varias cosas a destacar. <strong>La victoria de la Roma, la victoria de la Fiorentina que le afianza en la cuarta plaza, la victoria del Mil\u00e1n y el tropiezo del Inter en casa ante el Parma. La jornada se inagur\u00f3 en el Ol\u00edmpico de Roma en el partido que disputaron Roma y N\u00e1poles<\/strong>. Partido en el que tanto a locales como a visitantes solo les val\u00eda la victoria. A estas alturas de la temporada cada partido es como una final y ambos equipos tienen que ir con todo. Llevo algunas jornadas hablando de como los napolitanos han pasado de m\u00e1s a menos, y de como se est\u00e1n desinflando en este \u00faltimo tramo de la temporada. Hay que decir que fue un partido igualado en muchas de sus fases \u00a0pero como la Roma inagur\u00f3 pronto el marcador mediante <strong>Pjanic<\/strong> antes de que se cumpliera la media hora de juego,<strong>\u00a0todo le fue un poco m\u00e1s cuesta arriba a los de Ben\u00edtez, y aunque gozaron de oportunidades para empatar, al final los locales ganaron por la m\u00ednima y de esta forma recuperan la segunda plaza coloc\u00e1ndose un punto por encima de la Lazio<\/strong>. Por su parte la\u00a0<strong>Lazio<\/strong>, no queri\u00e9ndose descolgar de los puestos de arriba consigui\u00f3 ganar al Cagliari por 3-1. Jug\u00f3 un gran encuentro y no tuvo problemas para deshacerse del Cagliari a pesar de que estuvo con uno menos durante los \u00faltimos 20 minutos con\u00a0el marcador \u00a0ya favorable por 2-1.<\/p>\n<p>Por otra parte, el Mil\u00e1n de <em>Inzaghi<\/em> volvi\u00f3 a llevarse los tres puntos. Es noticia el hecho de que por primera vez en todo el a\u00f1o el conjunto <em>&#8216;rossonero&#8217;<\/em> acumula dos victorias consecutivas, veremos lo que le dura esta racha. Fue un partido en el que el Mil\u00e1n parec\u00eda un poco perdido en algunos tramos, sobre todo al principio donde cedi\u00f3 el dominio del bal\u00f3n al Palermo. Pero a pesar de esto, fue m\u00e1s efectivo que su\u00a0rival. <strong>Cerci<\/strong> inagur\u00f3 el marcador en una jugada con algo de fortuna, tras una gran jugada de M\u00e9nez. El Palermo empat\u00f3 por medio de <strong>Dybala<\/strong> por un penalti cometido por Paletta en el 72&#8242;. Parec\u00eda que el partido iba a terminar en tablas cuando tras un despiste de la defensa del Palermo, <strong>M\u00e9nez<\/strong> consigui\u00f3 hacer el 1-2\u00a0a falta de 8 minutos para el final. E<em>l franc\u00e9s como siempre el mejor de su equipo, y salvando los muebles una vez m\u00e1s&#8230;\u00a0<\/em><strong>No fue el mejor partido del Mil\u00e1n, pero la efectividad que tuvieron los hombres de arriba les sirvi\u00f3 para llevarse los tres puntos.<\/strong><\/p>\n<p><em>El Inter volvi\u00f3 a pinchar por en\u00e9sima vez ante un rival presumiblemente inferio<\/em>r. Los de Mancini pincharon esta vez en casa ante el \u00faltimo clasificado, el Parma. Tras un buen comienzo del Inter, en el que adem\u00e1s pudo inagurar el marcador mediante un tiro lejano de <strong>Fredy Guar\u00edn<\/strong>. Y cuando parec\u00eda que el Inter se pod\u00eda ir ganando al descanso, apareci\u00f3 <strong>Andy Lila<\/strong> para poner el 1-1, marcador que no se mover\u00eda durante los 45 minutos restantes. <strong>Temporada para olvidar del Inter, veremos que ocurre en el mercado de traspasos de verano porque seguro que habr\u00e1 m\u00e1s de una salida&#8230;<\/strong><\/p>\n<figure style=\"width: 648px\" class=\"wp-caption aligncenter\"><img data-recalc-dims=\"1\" loading=\"lazy\" decoding=\"async\" class=\"\" src=\"https:\/\/i0.wp.com\/www.mundodeportivo.com\/r\/GODO\/MD\/p3\/Futbol\/Imagenes\/2015\/04\/04\/Recortada\/20150404-635637662174117833_20150404174653-kX9--911x683%40MundoDeportivo-Web.jpg?resize=648%2C345\" alt=\"\" width=\"648\" height=\"345\" \/><figcaption class=\"wp-caption-text\">El rostro cabizbajo de Ranocchia refleja como ha sido la temporada del Inter de Mil\u00e1n, temporada para el olvido. (FOTO: www.mundodeportivo.com)<\/figcaption><\/figure>\n<p>&nbsp;<\/p>\n<p>Por \u00faltimo, para m\u00ed el mejor partido de esta jornada fue el <em>Fiorentina-Sampdoria<\/em> por todo el significado que ten\u00eda este partido, ya que son <em>dos equipos que se est\u00e1n jugando el poder estar en Liga de Campeones que campa\u00f1a que viene y probablemente uno de los dos no pueda entrar<\/em>. Un partido donde ambos equipos ten\u00edan y deb\u00edan poner toda la carne en el asador. Fue un partido en el que sobre todo la Fiorentina demostr\u00f3 que es un serio candidato a hacer algo grande en esta liga. Domin\u00f3 el partido de cabo a rabo, imponiendo un gran f\u00fatbol ante una Sampdoria impasiva que poco pudo hacer. Me decepcion\u00f3 el planteamiento de la Sampdoria siempre esperando atr\u00e1s, y sin un aparente plan de reacci\u00f3n claro. As\u00ed pues, llegaron los goles de <strong>Diamanti<\/strong> y <strong>Mohamed Salah<\/strong> para colocar a los de Florencia en el cuarto puesto de la clasificaci\u00f3n, a seis puntos de la Lazio que va tercera. <strong>Desde luego ser\u00e1 un duelo bonito entre ambos para ver quien entra en Champions y qui\u00e9n no. Dentro de tan solo 9 jornadas saldremos de dudas&#8230;<\/strong><\/p>\n<p>Aqu\u00ed pod\u00e9is\u00a0ver la clasificaci\u00f3n del Calcio, donde la zona de arriba esta que arde:<\/p>\n<p>[soccer-info id=&#8217;5&#8242; type=&#8217;table&#8217; \/]<\/p>\n<p>&nbsp;<\/p>\n<p>&nbsp;<\/p>\n<p>&nbsp;<\/p>\n<p>&nbsp;<\/p>\n<p>&nbsp;<\/p>\n","protected":false},"excerpt":{"rendered":"<p>El f\u00fatbol volvi\u00f3 a Italia despu\u00e9s del par\u00f3n por selecciones del fin de semana pasado\u00a0en el que la &#8216;azzurra&#8217; de Antonio Conte no tuvo buenas actuaciones y donde tiene mucho por mejorar de cara al futuro y sobre todo de cara a la Eurocopa de Francia que se jugar\u00e1 el a\u00f1o pr\u00f3ximo. &nbsp; Se jug\u00f3&#8230;<\/p>\n","protected":false},"author":442,"featured_media":5388,"comment_status":"open","ping_status":"open","sticky":false,"template":"","format":"standard","meta":{"_kad_post_transparent":"","_kad_post_title":"","_kad_post_layout":"","_kad_post_sidebar_id":"","_kad_post_content_style":"","_kad_post_vertical_padding":"","_kad_post_feature":"","_kad_post_feature_position":"","_kad_post_header":false,"_kad_post_footer":false,"_kad_post_classname":"","_jetpack_memberships_contains_paid_content":false,"footnotes":"","jetpack_publicize_message":"","jetpack_publicize_feature_enabled":true,"jetpack_social_post_already_shared":true,"jetpack_social_options":{"image_generator_settings":{"template":"highway","default_image_id":0,"font":"","enabled":false},"version":2}},"categories":[10,1370],"tags":[132,1943,1228,1945,134,1268,1944,131],"class_list":["post-5387","post","type-post","status-publish","format-standard","has-post-thumbnail","hentry","category-portada","category-serie-a-futbol-italiano","tag-calcio","tag-fiorentina","tag-jornada-29","tag-menez","tag-milan","tag-pjanic","tag-sampdoria","tag-serie-a"],"yoast_head":"<!-- This site is optimized with the Yoast SEO plugin v27.5 - https:\/\/yoast.com\/product\/yoast-seo-wordpress\/ -->\n<title>Un duelo en las alturas con color violeta &#8211; Futbolandia<\/title>\n<meta name=\"robots\" content=\"index, follow, max-snippet:-1, max-image-preview:large, max-video-preview:-1\" \/>\n<link rel=\"canonical\" href=\"https:\/\/www.manquepierda.com\/futbolandia\/un-duelo-en-las-alturas-con-color-violeta\/\" \/>\n<meta property=\"og:locale\" content=\"es_ES\" \/>\n<meta property=\"og:type\" content=\"article\" \/>\n<meta property=\"og:title\" content=\"Un duelo en las alturas con color violeta &#8211; Futbolandia\" \/>\n<meta property=\"og:description\" content=\"El f\u00fatbol volvi\u00f3 a Italia despu\u00e9s del par\u00f3n por selecciones del fin de semana pasado\u00a0en el que la &#8216;azzurra&#8217; de Antonio Conte no tuvo buenas actuaciones y donde tiene mucho por mejorar de cara al futuro y sobre todo de cara a la Eurocopa de Francia que se jugar\u00e1 el a\u00f1o pr\u00f3ximo. &nbsp; Se jug\u00f3...\" \/>\n<meta property=\"og:url\" content=\"https:\/\/www.manquepierda.com\/futbolandia\/un-duelo-en-las-alturas-con-color-violeta\/\" \/>\n<meta property=\"og:site_name\" content=\"Futbolandia\" \/>\n<meta property=\"article:published_time\" content=\"2015-04-05T12:07:06+00:00\" \/>\n<meta property=\"og:image\" content=\"https:\/\/i1.wp.com\/www.manquepierda.com\/futbolandia\/files\/2015\/04\/20150404-635637790851657837_20150404212107-kfpH-911x683@MundoDeportivo-Web.jpg?fit=911%2C683&ssl=1\" \/>\n\t<meta property=\"og:image:width\" content=\"911\" \/>\n\t<meta property=\"og:image:height\" content=\"683\" \/>\n\t<meta property=\"og:image:type\" content=\"image\/jpeg\" \/>\n<meta name=\"author\" content=\"Jordi Bernal Albiol\" \/>\n<meta name=\"twitter:label1\" content=\"Escrito por\" \/>\n\t<meta name=\"twitter:data1\" content=\"Jordi Bernal Albiol\" \/>\n\t<meta name=\"twitter:label2\" content=\"Tiempo de lectura\" \/>\n\t<meta name=\"twitter:data2\" content=\"4 minutos\" \/>\n<script type=\"application\/ld+json\" class=\"yoast-schema-graph\">{\"@context\":\"https:\\\/\\\/schema.org\",\"@graph\":[{\"@type\":\"Article\",\"@id\":\"https:\\\/\\\/www.manquepierda.com\\\/futbolandia\\\/un-duelo-en-las-alturas-con-color-violeta\\\/#article\",\"isPartOf\":{\"@id\":\"https:\\\/\\\/www.manquepierda.com\\\/futbolandia\\\/un-duelo-en-las-alturas-con-color-violeta\\\/\"},\"author\":{\"name\":\"Jordi Bernal Albiol\",\"@id\":\"https:\\\/\\\/www.manquepierda.com\\\/futbolandia\\\/#\\\/schema\\\/person\\\/847db99271dc4c2cf3ad9f27f06c67ca\"},\"headline\":\"Un duelo en las alturas con color violeta\",\"datePublished\":\"2015-04-05T12:07:06+00:00\",\"mainEntityOfPage\":{\"@id\":\"https:\\\/\\\/www.manquepierda.com\\\/futbolandia\\\/un-duelo-en-las-alturas-con-color-violeta\\\/\"},\"wordCount\":901,\"commentCount\":0,\"image\":{\"@id\":\"https:\\\/\\\/www.manquepierda.com\\\/futbolandia\\\/un-duelo-en-las-alturas-con-color-violeta\\\/#primaryimage\"},\"thumbnailUrl\":\"https:\\\/\\\/i0.wp.com\\\/www.manquepierda.com\\\/futbolandia\\\/files\\\/2015\\\/04\\\/20150404-635637790851657837_20150404212107-kfpH-911x683%40MundoDeportivo-Web.jpg?fit=911%2C683&ssl=1\",\"keywords\":[\"calcio\",\"Fiorentina\",\"jornada 29\",\"Menez\",\"milan\",\"pjanic\",\"Sampdoria\",\"Serie A\"],\"articleSection\":[\"Portada\",\"Serie A - F\u00fatbol Italiano\"],\"inLanguage\":\"es\",\"potentialAction\":[{\"@type\":\"CommentAction\",\"name\":\"Comment\",\"target\":[\"https:\\\/\\\/www.manquepierda.com\\\/futbolandia\\\/un-duelo-en-las-alturas-con-color-violeta\\\/#respond\"]}]},{\"@type\":\"WebPage\",\"@id\":\"https:\\\/\\\/www.manquepierda.com\\\/futbolandia\\\/un-duelo-en-las-alturas-con-color-violeta\\\/\",\"url\":\"https:\\\/\\\/www.manquepierda.com\\\/futbolandia\\\/un-duelo-en-las-alturas-con-color-violeta\\\/\",\"name\":\"Un duelo en las alturas con color violeta &#8211; Futbolandia\",\"isPartOf\":{\"@id\":\"https:\\\/\\\/www.manquepierda.com\\\/futbolandia\\\/#website\"},\"primaryImageOfPage\":{\"@id\":\"https:\\\/\\\/www.manquepierda.com\\\/futbolandia\\\/un-duelo-en-las-alturas-con-color-violeta\\\/#primaryimage\"},\"image\":{\"@id\":\"https:\\\/\\\/www.manquepierda.com\\\/futbolandia\\\/un-duelo-en-las-alturas-con-color-violeta\\\/#primaryimage\"},\"thumbnailUrl\":\"https:\\\/\\\/i0.wp.com\\\/www.manquepierda.com\\\/futbolandia\\\/files\\\/2015\\\/04\\\/20150404-635637790851657837_20150404212107-kfpH-911x683%40MundoDeportivo-Web.jpg?fit=911%2C683&ssl=1\",\"datePublished\":\"2015-04-05T12:07:06+00:00\",\"author\":{\"@id\":\"https:\\\/\\\/www.manquepierda.com\\\/futbolandia\\\/#\\\/schema\\\/person\\\/847db99271dc4c2cf3ad9f27f06c67ca\"},\"breadcrumb\":{\"@id\":\"https:\\\/\\\/www.manquepierda.com\\\/futbolandia\\\/un-duelo-en-las-alturas-con-color-violeta\\\/#breadcrumb\"},\"inLanguage\":\"es\",\"potentialAction\":[{\"@type\":\"ReadAction\",\"target\":[\"https:\\\/\\\/www.manquepierda.com\\\/futbolandia\\\/un-duelo-en-las-alturas-con-color-violeta\\\/\"]}]},{\"@type\":\"ImageObject\",\"inLanguage\":\"es\",\"@id\":\"https:\\\/\\\/www.manquepierda.com\\\/futbolandia\\\/un-duelo-en-las-alturas-con-color-violeta\\\/#primaryimage\",\"url\":\"https:\\\/\\\/i0.wp.com\\\/www.manquepierda.com\\\/futbolandia\\\/files\\\/2015\\\/04\\\/20150404-635637790851657837_20150404212107-kfpH-911x683%40MundoDeportivo-Web.jpg?fit=911%2C683&ssl=1\",\"contentUrl\":\"https:\\\/\\\/i0.wp.com\\\/www.manquepierda.com\\\/futbolandia\\\/files\\\/2015\\\/04\\\/20150404-635637790851657837_20150404212107-kfpH-911x683%40MundoDeportivo-Web.jpg?fit=911%2C683&ssl=1\",\"width\":911,\"height\":683},{\"@type\":\"BreadcrumbList\",\"@id\":\"https:\\\/\\\/www.manquepierda.com\\\/futbolandia\\\/un-duelo-en-las-alturas-con-color-violeta\\\/#breadcrumb\",\"itemListElement\":[{\"@type\":\"ListItem\",\"position\":1,\"name\":\"Portada\",\"item\":\"https:\\\/\\\/www.manquepierda.com\\\/futbolandia\\\/\"},{\"@type\":\"ListItem\",\"position\":2,\"name\":\"Un duelo en las alturas con color violeta\"}]},{\"@type\":\"WebSite\",\"@id\":\"https:\\\/\\\/www.manquepierda.com\\\/futbolandia\\\/#website\",\"url\":\"https:\\\/\\\/www.manquepierda.com\\\/futbolandia\\\/\",\"name\":\"Futbolandia\",\"description\":\"Reportajes e informaci\u00f3n sobre f\u00fatbol mundial y j\u00f3venes promesas\",\"potentialAction\":[{\"@type\":\"SearchAction\",\"target\":{\"@type\":\"EntryPoint\",\"urlTemplate\":\"https:\\\/\\\/www.manquepierda.com\\\/futbolandia\\\/?s={search_term_string}\"},\"query-input\":{\"@type\":\"PropertyValueSpecification\",\"valueRequired\":true,\"valueName\":\"search_term_string\"}}],\"inLanguage\":\"es\"},{\"@type\":\"Person\",\"@id\":\"https:\\\/\\\/www.manquepierda.com\\\/futbolandia\\\/#\\\/schema\\\/person\\\/847db99271dc4c2cf3ad9f27f06c67ca\",\"name\":\"Jordi Bernal Albiol\",\"image\":{\"@type\":\"ImageObject\",\"inLanguage\":\"es\",\"@id\":\"https:\\\/\\\/secure.gravatar.com\\\/avatar\\\/2c59041c60fd565cf17d2e4ef56218fa69ea488942909d24a0f08383d09f4570?s=96&d=mm&r=g\",\"url\":\"https:\\\/\\\/secure.gravatar.com\\\/avatar\\\/2c59041c60fd565cf17d2e4ef56218fa69ea488942909d24a0f08383d09f4570?s=96&d=mm&r=g\",\"contentUrl\":\"https:\\\/\\\/secure.gravatar.com\\\/avatar\\\/2c59041c60fd565cf17d2e4ef56218fa69ea488942909d24a0f08383d09f4570?s=96&d=mm&r=g\",\"caption\":\"Jordi Bernal Albiol\"},\"description\":\"Graduado en ADE.De Castell\u00f3n de la Plana. De los que piensan que el f\u00fatbol es una forma de vida de aislarse de la vida misma. Aficionado al f\u00fatbol internacional sobre todo Premier y Bundesliga. Y lo m\u00e1s importante enamorado de mi equipo, el F\u00fatbol Club Barcelona. Me podr\u00e9is encontrar en twitter: @jba_jordi\",\"url\":\"https:\\\/\\\/www.manquepierda.com\\\/futbolandia\\\/author\\\/jordi93cs\\\/\"}]}<\/script>\n<!-- \/ Yoast SEO plugin. -->","yoast_head_json":{"title":"Un duelo en las alturas con color violeta &#8211; Futbolandia","robots":{"index":"index","follow":"follow","max-snippet":"max-snippet:-1","max-image-preview":"max-image-preview:large","max-video-preview":"max-video-preview:-1"},"canonical":"https:\/\/www.manquepierda.com\/futbolandia\/un-duelo-en-las-alturas-con-color-violeta\/","og_locale":"es_ES","og_type":"article","og_title":"Un duelo en las alturas con color violeta &#8211; Futbolandia","og_description":"El f\u00fatbol volvi\u00f3 a Italia despu\u00e9s del par\u00f3n por selecciones del fin de semana pasado\u00a0en el que la &#8216;azzurra&#8217; de Antonio Conte no tuvo buenas actuaciones y donde tiene mucho por mejorar de cara al futuro y sobre todo de cara a la Eurocopa de Francia que se jugar\u00e1 el a\u00f1o pr\u00f3ximo. &nbsp; Se jug\u00f3...","og_url":"https:\/\/www.manquepierda.com\/futbolandia\/un-duelo-en-las-alturas-con-color-violeta\/","og_site_name":"Futbolandia","article_published_time":"2015-04-05T12:07:06+00:00","og_image":[{"width":911,"height":683,"url":"https:\/\/i1.wp.com\/www.manquepierda.com\/futbolandia\/files\/2015\/04\/20150404-635637790851657837_20150404212107-kfpH-911x683@MundoDeportivo-Web.jpg?fit=911%2C683&ssl=1","type":"image\/jpeg"}],"author":"Jordi Bernal Albiol","twitter_misc":{"Escrito por":"Jordi Bernal Albiol","Tiempo de lectura":"4 minutos"},"schema":{"@context":"https:\/\/schema.org","@graph":[{"@type":"Article","@id":"https:\/\/www.manquepierda.com\/futbolandia\/un-duelo-en-las-alturas-con-color-violeta\/#article","isPartOf":{"@id":"https:\/\/www.manquepierda.com\/futbolandia\/un-duelo-en-las-alturas-con-color-violeta\/"},"author":{"name":"Jordi Bernal Albiol","@id":"https:\/\/www.manquepierda.com\/futbolandia\/#\/schema\/person\/847db99271dc4c2cf3ad9f27f06c67ca"},"headline":"Un duelo en las alturas con color violeta","datePublished":"2015-04-05T12:07:06+00:00","mainEntityOfPage":{"@id":"https:\/\/www.manquepierda.com\/futbolandia\/un-duelo-en-las-alturas-con-color-violeta\/"},"wordCount":901,"commentCount":0,"image":{"@id":"https:\/\/www.manquepierda.com\/futbolandia\/un-duelo-en-las-alturas-con-color-violeta\/#primaryimage"},"thumbnailUrl":"https:\/\/i0.wp.com\/www.manquepierda.com\/futbolandia\/files\/2015\/04\/20150404-635637790851657837_20150404212107-kfpH-911x683%40MundoDeportivo-Web.jpg?fit=911%2C683&ssl=1","keywords":["calcio","Fiorentina","jornada 29","Menez","milan","pjanic","Sampdoria","Serie A"],"articleSection":["Portada","Serie A - F\u00fatbol Italiano"],"inLanguage":"es","potentialAction":[{"@type":"CommentAction","name":"Comment","target":["https:\/\/www.manquepierda.com\/futbolandia\/un-duelo-en-las-alturas-con-color-violeta\/#respond"]}]},{"@type":"WebPage","@id":"https:\/\/www.manquepierda.com\/futbolandia\/un-duelo-en-las-alturas-con-color-violeta\/","url":"https:\/\/www.manquepierda.com\/futbolandia\/un-duelo-en-las-alturas-con-color-violeta\/","name":"Un duelo en las alturas con color violeta &#8211; Futbolandia","isPartOf":{"@id":"https:\/\/www.manquepierda.com\/futbolandia\/#website"},"primaryImageOfPage":{"@id":"https:\/\/www.manquepierda.com\/futbolandia\/un-duelo-en-las-alturas-con-color-violeta\/#primaryimage"},"image":{"@id":"https:\/\/www.manquepierda.com\/futbolandia\/un-duelo-en-las-alturas-con-color-violeta\/#primaryimage"},"thumbnailUrl":"https:\/\/i0.wp.com\/www.manquepierda.com\/futbolandia\/files\/2015\/04\/20150404-635637790851657837_20150404212107-kfpH-911x683%40MundoDeportivo-Web.jpg?fit=911%2C683&ssl=1","datePublished":"2015-04-05T12:07:06+00:00","author":{"@id":"https:\/\/www.manquepierda.com\/futbolandia\/#\/schema\/person\/847db99271dc4c2cf3ad9f27f06c67ca"},"breadcrumb":{"@id":"https:\/\/www.manquepierda.com\/futbolandia\/un-duelo-en-las-alturas-con-color-violeta\/#breadcrumb"},"inLanguage":"es","potentialAction":[{"@type":"ReadAction","target":["https:\/\/www.manquepierda.com\/futbolandia\/un-duelo-en-las-alturas-con-color-violeta\/"]}]},{"@type":"ImageObject","inLanguage":"es","@id":"https:\/\/www.manquepierda.com\/futbolandia\/un-duelo-en-las-alturas-con-color-violeta\/#primaryimage","url":"https:\/\/i0.wp.com\/www.manquepierda.com\/futbolandia\/files\/2015\/04\/20150404-635637790851657837_20150404212107-kfpH-911x683%40MundoDeportivo-Web.jpg?fit=911%2C683&ssl=1","contentUrl":"https:\/\/i0.wp.com\/www.manquepierda.com\/futbolandia\/files\/2015\/04\/20150404-635637790851657837_20150404212107-kfpH-911x683%40MundoDeportivo-Web.jpg?fit=911%2C683&ssl=1","width":911,"height":683},{"@type":"BreadcrumbList","@id":"https:\/\/www.manquepierda.com\/futbolandia\/un-duelo-en-las-alturas-con-color-violeta\/#breadcrumb","itemListElement":[{"@type":"ListItem","position":1,"name":"Portada","item":"https:\/\/www.manquepierda.com\/futbolandia\/"},{"@type":"ListItem","position":2,"name":"Un duelo en las alturas con color violeta"}]},{"@type":"WebSite","@id":"https:\/\/www.manquepierda.com\/futbolandia\/#website","url":"https:\/\/www.manquepierda.com\/futbolandia\/","name":"Futbolandia","description":"Reportajes e informaci\u00f3n sobre f\u00fatbol mundial y j\u00f3venes promesas","potentialAction":[{"@type":"SearchAction","target":{"@type":"EntryPoint","urlTemplate":"https:\/\/www.manquepierda.com\/futbolandia\/?s={search_term_string}"},"query-input":{"@type":"PropertyValueSpecification","valueRequired":true,"valueName":"search_term_string"}}],"inLanguage":"es"},{"@type":"Person","@id":"https:\/\/www.manquepierda.com\/futbolandia\/#\/schema\/person\/847db99271dc4c2cf3ad9f27f06c67ca","name":"Jordi Bernal Albiol","image":{"@type":"ImageObject","inLanguage":"es","@id":"https:\/\/secure.gravatar.com\/avatar\/2c59041c60fd565cf17d2e4ef56218fa69ea488942909d24a0f08383d09f4570?s=96&d=mm&r=g","url":"https:\/\/secure.gravatar.com\/avatar\/2c59041c60fd565cf17d2e4ef56218fa69ea488942909d24a0f08383d09f4570?s=96&d=mm&r=g","contentUrl":"https:\/\/secure.gravatar.com\/avatar\/2c59041c60fd565cf17d2e4ef56218fa69ea488942909d24a0f08383d09f4570?s=96&d=mm&r=g","caption":"Jordi Bernal Albiol"},"description":"Graduado en ADE.De Castell\u00f3n de la Plana. De los que piensan que el f\u00fatbol es una forma de vida de aislarse de la vida misma. Aficionado al f\u00fatbol internacional sobre todo Premier y Bundesliga. Y lo m\u00e1s importante enamorado de mi equipo, el F\u00fatbol Club Barcelona. Me podr\u00e9is encontrar en twitter: @jba_jordi","url":"https:\/\/www.manquepierda.com\/futbolandia\/author\/jordi93cs\/"}]}},"jetpack_publicize_connections":[],"jetpack_featured_media_url":"https:\/\/i0.wp.com\/www.manquepierda.com\/futbolandia\/files\/2015\/04\/20150404-635637790851657837_20150404212107-kfpH-911x683%40MundoDeportivo-Web.jpg?fit=911%2C683&ssl=1","jetpack_shortlink":"https:\/\/wp.me\/p1THIg-1oT","jetpack_sharing_enabled":true,"_links":{"self":[{"href":"https:\/\/www.manquepierda.com\/futbolandia\/wp-json\/wp\/v2\/posts\/5387","targetHints":{"allow":["GET"]}}],"collection":[{"href":"https:\/\/www.manquepierda.com\/futbolandia\/wp-json\/wp\/v2\/posts"}],"about":[{"href":"https:\/\/www.manquepierda.com\/futbolandia\/wp-json\/wp\/v2\/types\/post"}],"author":[{"embeddable":true,"href":"https:\/\/www.manquepierda.com\/futbolandia\/wp-json\/wp\/v2\/users\/442"}],"replies":[{"embeddable":true,"href":"https:\/\/www.manquepierda.com\/futbolandia\/wp-json\/wp\/v2\/comments?post=5387"}],"version-history":[{"count":0,"href":"https:\/\/www.manquepierda.com\/futbolandia\/wp-json\/wp\/v2\/posts\/5387\/revisions"}],"wp:featuredmedia":[{"embeddable":true,"href":"https:\/\/www.manquepierda.com\/futbolandia\/wp-json\/wp\/v2\/media\/5388"}],"wp:attachment":[{"href":"https:\/\/www.manquepierda.com\/futbolandia\/wp-json\/wp\/v2\/media?parent=5387"}],"wp:term":[{"taxonomy":"category","embeddable":true,"href":"https:\/\/www.manquepierda.com\/futbolandia\/wp-json\/wp\/v2\/categories?post=5387"},{"taxonomy":"post_tag","embeddable":true,"href":"https:\/\/www.manquepierda.com\/futbolandia\/wp-json\/wp\/v2\/tags?post=5387"}],"curies":[{"name":"wp","href":"https:\/\/api.w.org\/{rel}","templated":true}]}}