{"id":5438,"date":"2015-04-22T02:49:21","date_gmt":"2015-04-22T00:49:21","guid":{"rendered":"http:\/\/www.manquepierda.com\/futbolandia\/?p=5438"},"modified":"2015-04-22T02:49:21","modified_gmt":"2015-04-22T00:49:21","slug":"de-la-mano-boca-y-river-esperan-el-superclasico","status":"publish","type":"post","link":"https:\/\/www.manquepierda.com\/futbolandia\/de-la-mano-boca-y-river-esperan-el-superclasico\/","title":{"rendered":"De la mano Boca y River esperan el Supercl\u00e1sico."},"content":{"rendered":"<p>La jornada n\u00famero diez en Argentina nos deja muchas cosas. \u00a0 Especialmente, y de lo que <strong>ya se habla en todo el pa\u00eds, es del Supercl\u00e1sico<\/strong>. O mejor dicho de los Supercl\u00e1sicos, porque no ser\u00e1 s\u00f3lo uno el que disputar\u00e1n tanto <strong>River Plate<\/strong> como <strong>Boca Juniors<\/strong> sino que <strong>se enfrentar\u00e1n en tres ocasiones en diez d\u00edas<\/strong>. Nada m\u00e1s y nada menos. Primeramente enfrentaran por el torneo J.H.Grondona mientras que los dos encuentros posteriores ser\u00e1n por Copa Libertadores. <strong>Con treinta puntos disputados<\/strong> en lo que va de campeonato tanto los de Arruabarrena como los de Gallardo<strong>\u00a0caminan agarrados de la mano con 24 puntos<\/strong> en la cabeza de la clasificaci\u00f3n al vencer ambos en esta \u00faltima jornada.<\/p>\n<p><strong>Los del Vasco vencieron por 1 a 3 a Lan\u00fas<\/strong> y el <strong><em>Millonario<\/em> por 4 a 1 en el Monumental a Banfield<\/strong>, donde entre otras cosas la afici\u00f3n recibi\u00f3 con una sonora ovaci\u00f3n y una calurosa bienvenida al t\u00e9cnico del visitante, Matias Almeyda, ex jugador y entrenador del Millo al que se le aprecia mucho. Despu\u00e9s sobre el verde no hubo consuelo ni piedad y River venci\u00f3 en un partido en el que Driussi abri\u00f3 la lata, Funes Mori anot\u00f3 el segundo y Cavenaghi logr\u00f3 llegar a los 101 goles con la casaca de la franja anotando dos goles. El segundo tanto sobre la hora con un maravilloso taco que puso el estadio en pie. Cavenaghi con goles pide un sitio en el once inicial.\u00a0Cuero por parte de Banfield recort\u00f3 distancias con 2-0 en el marcador.<\/p>\n<div class=\"entry-content-asset videofit\">\n<div class=\"jetpack-video-wrapper\"><iframe loading=\"lazy\" title=\"Gol de taco de Cavenaghi. River 4 - Banfield 1  | Primera Divisi\u00f3n 2015 - Fecha 10\" width=\"720\" height=\"405\" src=\"https:\/\/www.youtube.com\/embed\/SsMksmGTTes?feature=oembed\" frameborder=\"0\" allow=\"accelerometer; autoplay; clipboard-write; encrypted-media; gyroscope; picture-in-picture; web-share\" referrerpolicy=\"strict-origin-when-cross-origin\" allowfullscreen><\/iframe><\/div>\n<\/div>\n<p>&nbsp;<\/p>\n<p>Boca Juniors por su parte comenz\u00f3 perdiendo ante Lan\u00fas a los 30&#8243; con gol de Ayala. Los<strong> goles de Carrizo, Pav\u00f3n y Lodeiro de penalti bastaron para llevarse los tres puntos al xeneize y liderar la tabla<\/strong>.\u00a0Ya s\u00f3lo queda esperar, con ansias, a que llegue ese <strong>3 de Mayo<\/strong> para volver a revivir esa fiesta del f\u00fatbol que enfrentaran Boca y River en un encuentro que ya motiva por s\u00ed mismo sin necesidad de a\u00f1adir nada m\u00e1s. Todo y nada en juego.<\/p>\n<p><strong>De reojo, con paso firme, y sin hacer ruido Belgrano acecha el liderato<\/strong> mientras los dos grandes pugnan por el mismo. Ilusionante el comienzo liguero de los cordobeses que se colocan 3\u00ba con 22 puntos.<strong> Por la m\u00ednima y con gol de \u00d3bolo los de Zielinski vencieron a Crucero del Norte<\/strong> por lo que agrandaron su racha de partidos sin conocer la derrota, -la \u00faltima fue el 17 de Marzo ante Aldosivi (0-1)- y lograron su quinta victoria consecutiva. Deber\u00e1n seguir &#8216;remando&#8217; en el sinuoso trazado de esta larga traves\u00eda.<\/p>\n<figure id=\"attachment_5440\" aria-describedby=\"caption-attachment-5440\" style=\"width: 410px\" class=\"wp-caption aligncenter\"><a href=\"https:\/\/i0.wp.com\/www.manquepierda.com\/futbolandia\/files\/2015\/04\/cronica-9411762990.jpg\"><img data-recalc-dims=\"1\" loading=\"lazy\" decoding=\"async\" data-attachment-id=\"5440\" data-permalink=\"https:\/\/www.manquepierda.com\/futbolandia\/de-la-mano-boca-y-river-esperan-el-superclasico\/cronica-9411762990\/\" data-orig-file=\"https:\/\/i0.wp.com\/www.manquepierda.com\/futbolandia\/files\/2015\/04\/cronica-9411762990.jpg?fit=610%2C456&amp;ssl=1\" data-orig-size=\"610,456\" data-comments-opened=\"1\" data-image-meta=\"{&quot;aperture&quot;:&quot;0&quot;,&quot;credit&quot;:&quot;&quot;,&quot;camera&quot;:&quot;&quot;,&quot;caption&quot;:&quot;&quot;,&quot;created_timestamp&quot;:&quot;0&quot;,&quot;copyright&quot;:&quot;&quot;,&quot;focal_length&quot;:&quot;0&quot;,&quot;iso&quot;:&quot;0&quot;,&quot;shutter_speed&quot;:&quot;0&quot;,&quot;title&quot;:&quot;&quot;,&quot;orientation&quot;:&quot;0&quot;}\" data-image-title=\"\" data-image-description=\"\" data-image-caption=\"&lt;p&gt;Famosa celebraci\u00f3n en los festejos de los goles remando. (Foto: VAVEL)&lt;\/p&gt;\n\" data-large-file=\"https:\/\/i0.wp.com\/www.manquepierda.com\/futbolandia\/files\/2015\/04\/cronica-9411762990.jpg?fit=610%2C456&amp;ssl=1\" class=\" wp-image-5440\" src=\"https:\/\/i0.wp.com\/www.manquepierda.com\/futbolandia\/files\/2015\/04\/cronica-9411762990.jpg?resize=410%2C306\" alt=\"Famosa celebraci\u00f3n en los festejos de los goles remando. (Foto: VAVEL)\" width=\"410\" height=\"306\" srcset=\"https:\/\/i0.wp.com\/www.manquepierda.com\/futbolandia\/files\/2015\/04\/cronica-9411762990.jpg?resize=300%2C224&amp;ssl=1 300w, https:\/\/i0.wp.com\/www.manquepierda.com\/futbolandia\/files\/2015\/04\/cronica-9411762990.jpg?w=610&amp;ssl=1 610w\" sizes=\"auto, (max-width: 410px) 100vw, 410px\" \/><\/a><figcaption id=\"caption-attachment-5440\" class=\"wp-caption-text\">Famosa celebraci\u00f3n en los festejos de los goles remando. (Foto: VAVEL)<\/figcaption><\/figure>\n<p>Uni\u00f3n Santa Fe acudi\u00f3 al &#8216;Centenario&#8217; para enfrentar a Quilmes e intentar resarcirse de las dos \u00faltimas derrotas ante Newell&#8217;s y Sarmiento. Y aunque el partido comenz\u00f3 de mala forma con un penalti en contra a los pocos segundos que Ramirez transform\u00f3 los santafesinos revirtieron la situaci\u00f3n con un estelar <strong>Triverio que logr\u00f3 un &#8216;hat-trick&#8217;.<\/strong> Bonito y abierto partido el que nos ofrecieron ambos conjuntos con bastantes ocasiones, de ida y vuelta, los tres puntos pudieron llev\u00e1rselos cualquiera aunque el acierto de Uni\u00f3n decant\u00f3 la balanza. La remontada se inici\u00f3 con un<strong> tremendo disparo ajustado al palo derecho<\/strong>\u00a0desde la frontal del \u00e1rea, imparable para el arquero cervecero, Assmann. <strong>El segundo, de penalti<\/strong>, lleg\u00f3 cuando m\u00e1s c\u00f3modos se encontraban los de Falcioni. <strong>Y el tercero<\/strong> tras jugada personal de Malcorra por fuera dejando atr\u00e1s a Alegre asisti\u00f3 al delantero que <strong>remat\u00f3, de primer toque<\/strong>, la faena. \u00a0Triverio, Triverio, Triverio.<\/p>\n<p>Por otro lado, ya son siete t\u00e9cnicos los que en diez jornadas han sido destituidos. Pellegrino, quien ha sido sustituido por un inexperto Gaby Milito, en Estudiantes de la Plata y Mart\u00edn Palermo en Arsenal de Sarand\u00ed, los dos \u00faltimos. Rese\u00f1able que cumplido el primer tercio de torneo ya hayan ca\u00eddo tantos t\u00e9cnicos. Y dec\u00edan, quienes han organizado este torneo largo, que \u00e9ste iba a beneficiar la continuidad de los proyectos.<\/p>\n<p>[soccer-info id=&#8217;12&#8217; type=&#8217;table&#8217; \/]<\/p>\n","protected":false},"excerpt":{"rendered":"<p>La jornada n\u00famero diez en Argentina nos deja muchas cosas. \u00a0 Especialmente, y de lo que ya se habla en todo el pa\u00eds, es del Supercl\u00e1sico. O mejor dicho de los Supercl\u00e1sicos, porque no ser\u00e1 s\u00f3lo uno el que disputar\u00e1n tanto River Plate como Boca Juniors sino que se enfrentar\u00e1n en tres ocasiones en diez&#8230;<\/p>\n","protected":false},"author":431,"featured_media":5442,"comment_status":"open","ping_status":"open","sticky":false,"template":"","format":"standard","meta":{"_kad_post_transparent":"","_kad_post_title":"","_kad_post_layout":"","_kad_post_sidebar_id":"","_kad_post_content_style":"","_kad_post_vertical_padding":"","_kad_post_feature":"","_kad_post_feature_position":"","_kad_post_header":false,"_kad_post_footer":false,"_kad_post_classname":"","_jetpack_memberships_contains_paid_content":false,"footnotes":"","jetpack_publicize_message":"","jetpack_publicize_feature_enabled":true,"jetpack_social_post_already_shared":true,"jetpack_social_options":{"image_generator_settings":{"template":"highway","default_image_id":0,"font":"","enabled":false},"version":2}},"categories":[1519,10],"tags":[1964,1727,1963,1610,1962,1729,1960,1961],"class_list":["post-5438","post","type-post","status-publish","format-standard","has-post-thumbnail","hentry","category-cruzando-charco","category-portada","tag-belgrano","tag-boca-juniors","tag-quilmes","tag-river-plate","tag-santa-fe","tag-superclasico","tag-triverio","tag-union"],"yoast_head":"<!-- This site is optimized with the Yoast SEO plugin v27.5 - https:\/\/yoast.com\/product\/yoast-seo-wordpress\/ -->\n<title>De la mano Boca y River esperan el Supercl\u00e1sico. &#8211; Futbolandia<\/title>\n<meta name=\"robots\" content=\"index, follow, max-snippet:-1, max-image-preview:large, max-video-preview:-1\" \/>\n<link rel=\"canonical\" href=\"https:\/\/www.manquepierda.com\/futbolandia\/de-la-mano-boca-y-river-esperan-el-superclasico\/\" \/>\n<meta property=\"og:locale\" content=\"es_ES\" \/>\n<meta property=\"og:type\" content=\"article\" \/>\n<meta property=\"og:title\" content=\"De la mano Boca y River esperan el Supercl\u00e1sico. &#8211; Futbolandia\" \/>\n<meta property=\"og:description\" content=\"La jornada n\u00famero diez en Argentina nos deja muchas cosas. \u00a0 Especialmente, y de lo que ya se habla en todo el pa\u00eds, es del Supercl\u00e1sico. O mejor dicho de los Supercl\u00e1sicos, porque no ser\u00e1 s\u00f3lo uno el que disputar\u00e1n tanto River Plate como Boca Juniors sino que se enfrentar\u00e1n en tres ocasiones en diez...\" \/>\n<meta property=\"og:url\" content=\"https:\/\/www.manquepierda.com\/futbolandia\/de-la-mano-boca-y-river-esperan-el-superclasico\/\" \/>\n<meta property=\"og:site_name\" content=\"Futbolandia\" \/>\n<meta property=\"article:published_time\" content=\"2015-04-22T00:49:21+00:00\" \/>\n<meta property=\"og:image\" content=\"https:\/\/i2.wp.com\/www.manquepierda.com\/futbolandia\/files\/2015\/04\/festejo-primer-gol-Triverio_CLAIMA20150420_0271_27.jpg?fit=600%2C338&ssl=1\" \/>\n\t<meta property=\"og:image:width\" content=\"600\" \/>\n\t<meta property=\"og:image:height\" content=\"338\" \/>\n\t<meta property=\"og:image:type\" content=\"image\/jpeg\" \/>\n<meta name=\"author\" content=\"\u00c1lvaro Carmona\" \/>\n<meta name=\"twitter:label1\" content=\"Escrito por\" \/>\n\t<meta name=\"twitter:data1\" content=\"\u00c1lvaro Carmona\" \/>\n\t<meta name=\"twitter:label2\" content=\"Tiempo de lectura\" \/>\n\t<meta name=\"twitter:data2\" content=\"4 minutos\" \/>\n<script type=\"application\/ld+json\" class=\"yoast-schema-graph\">{\"@context\":\"https:\\\/\\\/schema.org\",\"@graph\":[{\"@type\":\"Article\",\"@id\":\"https:\\\/\\\/www.manquepierda.com\\\/futbolandia\\\/de-la-mano-boca-y-river-esperan-el-superclasico\\\/#article\",\"isPartOf\":{\"@id\":\"https:\\\/\\\/www.manquepierda.com\\\/futbolandia\\\/de-la-mano-boca-y-river-esperan-el-superclasico\\\/\"},\"author\":{\"name\":\"\u00c1lvaro Carmona\",\"@id\":\"https:\\\/\\\/www.manquepierda.com\\\/futbolandia\\\/#\\\/schema\\\/person\\\/478668c0ee61018918af1a99a079b7e4\"},\"headline\":\"De la mano Boca y River esperan el Supercl\u00e1sico.\",\"datePublished\":\"2015-04-22T00:49:21+00:00\",\"mainEntityOfPage\":{\"@id\":\"https:\\\/\\\/www.manquepierda.com\\\/futbolandia\\\/de-la-mano-boca-y-river-esperan-el-superclasico\\\/\"},\"wordCount\":717,\"commentCount\":0,\"image\":{\"@id\":\"https:\\\/\\\/www.manquepierda.com\\\/futbolandia\\\/de-la-mano-boca-y-river-esperan-el-superclasico\\\/#primaryimage\"},\"thumbnailUrl\":\"https:\\\/\\\/i0.wp.com\\\/www.manquepierda.com\\\/futbolandia\\\/files\\\/2015\\\/04\\\/festejo-primer-gol-Triverio_CLAIMA20150420_0271_27.jpg?fit=600%2C338&ssl=1\",\"keywords\":[\"Belgrano\",\"Boca Juniors\",\"Quilmes.\",\"river plate\",\"Santa Fe\",\"Supercl\u00e1sico\",\"Triverio\",\"Uni\u00f3n\"],\"articleSection\":[\"Cruzando el charco - F\u00fatbol sudamericano y CONCACAF\",\"Portada\"],\"inLanguage\":\"es\",\"potentialAction\":[{\"@type\":\"CommentAction\",\"name\":\"Comment\",\"target\":[\"https:\\\/\\\/www.manquepierda.com\\\/futbolandia\\\/de-la-mano-boca-y-river-esperan-el-superclasico\\\/#respond\"]}]},{\"@type\":\"WebPage\",\"@id\":\"https:\\\/\\\/www.manquepierda.com\\\/futbolandia\\\/de-la-mano-boca-y-river-esperan-el-superclasico\\\/\",\"url\":\"https:\\\/\\\/www.manquepierda.com\\\/futbolandia\\\/de-la-mano-boca-y-river-esperan-el-superclasico\\\/\",\"name\":\"De la mano Boca y River esperan el Supercl\u00e1sico. &#8211; Futbolandia\",\"isPartOf\":{\"@id\":\"https:\\\/\\\/www.manquepierda.com\\\/futbolandia\\\/#website\"},\"primaryImageOfPage\":{\"@id\":\"https:\\\/\\\/www.manquepierda.com\\\/futbolandia\\\/de-la-mano-boca-y-river-esperan-el-superclasico\\\/#primaryimage\"},\"image\":{\"@id\":\"https:\\\/\\\/www.manquepierda.com\\\/futbolandia\\\/de-la-mano-boca-y-river-esperan-el-superclasico\\\/#primaryimage\"},\"thumbnailUrl\":\"https:\\\/\\\/i0.wp.com\\\/www.manquepierda.com\\\/futbolandia\\\/files\\\/2015\\\/04\\\/festejo-primer-gol-Triverio_CLAIMA20150420_0271_27.jpg?fit=600%2C338&ssl=1\",\"datePublished\":\"2015-04-22T00:49:21+00:00\",\"author\":{\"@id\":\"https:\\\/\\\/www.manquepierda.com\\\/futbolandia\\\/#\\\/schema\\\/person\\\/478668c0ee61018918af1a99a079b7e4\"},\"breadcrumb\":{\"@id\":\"https:\\\/\\\/www.manquepierda.com\\\/futbolandia\\\/de-la-mano-boca-y-river-esperan-el-superclasico\\\/#breadcrumb\"},\"inLanguage\":\"es\",\"potentialAction\":[{\"@type\":\"ReadAction\",\"target\":[\"https:\\\/\\\/www.manquepierda.com\\\/futbolandia\\\/de-la-mano-boca-y-river-esperan-el-superclasico\\\/\"]}]},{\"@type\":\"ImageObject\",\"inLanguage\":\"es\",\"@id\":\"https:\\\/\\\/www.manquepierda.com\\\/futbolandia\\\/de-la-mano-boca-y-river-esperan-el-superclasico\\\/#primaryimage\",\"url\":\"https:\\\/\\\/i0.wp.com\\\/www.manquepierda.com\\\/futbolandia\\\/files\\\/2015\\\/04\\\/festejo-primer-gol-Triverio_CLAIMA20150420_0271_27.jpg?fit=600%2C338&ssl=1\",\"contentUrl\":\"https:\\\/\\\/i0.wp.com\\\/www.manquepierda.com\\\/futbolandia\\\/files\\\/2015\\\/04\\\/festejo-primer-gol-Triverio_CLAIMA20150420_0271_27.jpg?fit=600%2C338&ssl=1\",\"width\":600,\"height\":338},{\"@type\":\"BreadcrumbList\",\"@id\":\"https:\\\/\\\/www.manquepierda.com\\\/futbolandia\\\/de-la-mano-boca-y-river-esperan-el-superclasico\\\/#breadcrumb\",\"itemListElement\":[{\"@type\":\"ListItem\",\"position\":1,\"name\":\"Portada\",\"item\":\"https:\\\/\\\/www.manquepierda.com\\\/futbolandia\\\/\"},{\"@type\":\"ListItem\",\"position\":2,\"name\":\"De la mano Boca y River esperan el Supercl\u00e1sico.\"}]},{\"@type\":\"WebSite\",\"@id\":\"https:\\\/\\\/www.manquepierda.com\\\/futbolandia\\\/#website\",\"url\":\"https:\\\/\\\/www.manquepierda.com\\\/futbolandia\\\/\",\"name\":\"Futbolandia\",\"description\":\"Reportajes e informaci\u00f3n sobre f\u00fatbol mundial y j\u00f3venes promesas\",\"potentialAction\":[{\"@type\":\"SearchAction\",\"target\":{\"@type\":\"EntryPoint\",\"urlTemplate\":\"https:\\\/\\\/www.manquepierda.com\\\/futbolandia\\\/?s={search_term_string}\"},\"query-input\":{\"@type\":\"PropertyValueSpecification\",\"valueRequired\":true,\"valueName\":\"search_term_string\"}}],\"inLanguage\":\"es\"},{\"@type\":\"Person\",\"@id\":\"https:\\\/\\\/www.manquepierda.com\\\/futbolandia\\\/#\\\/schema\\\/person\\\/478668c0ee61018918af1a99a079b7e4\",\"name\":\"\u00c1lvaro Carmona\",\"image\":{\"@type\":\"ImageObject\",\"inLanguage\":\"es\",\"@id\":\"https:\\\/\\\/secure.gravatar.com\\\/avatar\\\/2470a0c442f1df3f66bb7954a782875d0d96b50dbe33917d568238cc881b9c7b?s=96&d=mm&r=g\",\"url\":\"https:\\\/\\\/secure.gravatar.com\\\/avatar\\\/2470a0c442f1df3f66bb7954a782875d0d96b50dbe33917d568238cc881b9c7b?s=96&d=mm&r=g\",\"contentUrl\":\"https:\\\/\\\/secure.gravatar.com\\\/avatar\\\/2470a0c442f1df3f66bb7954a782875d0d96b50dbe33917d568238cc881b9c7b?s=96&d=mm&r=g\",\"caption\":\"\u00c1lvaro Carmona\"},\"description\":\"Apasionado del f\u00fatbol internacional, en especial de la liga argentina y de sus m\u00e1s j\u00f3venes promesas, que no son pocas. Entusiasmado del f\u00fatbol t\u00e1ctico; el sistema 5-3-2 no me parece defensivo, sino el m\u00e1s completo. Puedes seguirme en Twitter en @carmonadebarril para debatir sobre todo tipo de f\u00fatbol. B\u00e9tico.\",\"sameAs\":[\"http:\\\/\\\/twitter.com\\\/carmonadebarril\"],\"url\":\"https:\\\/\\\/www.manquepierda.com\\\/futbolandia\\\/author\\\/carmonadebarril\\\/\"}]}<\/script>\n<!-- \/ Yoast SEO plugin. -->","yoast_head_json":{"title":"De la mano Boca y River esperan el Supercl\u00e1sico. &#8211; Futbolandia","robots":{"index":"index","follow":"follow","max-snippet":"max-snippet:-1","max-image-preview":"max-image-preview:large","max-video-preview":"max-video-preview:-1"},"canonical":"https:\/\/www.manquepierda.com\/futbolandia\/de-la-mano-boca-y-river-esperan-el-superclasico\/","og_locale":"es_ES","og_type":"article","og_title":"De la mano Boca y River esperan el Supercl\u00e1sico. &#8211; Futbolandia","og_description":"La jornada n\u00famero diez en Argentina nos deja muchas cosas. \u00a0 Especialmente, y de lo que ya se habla en todo el pa\u00eds, es del Supercl\u00e1sico. O mejor dicho de los Supercl\u00e1sicos, porque no ser\u00e1 s\u00f3lo uno el que disputar\u00e1n tanto River Plate como Boca Juniors sino que se enfrentar\u00e1n en tres ocasiones en diez...","og_url":"https:\/\/www.manquepierda.com\/futbolandia\/de-la-mano-boca-y-river-esperan-el-superclasico\/","og_site_name":"Futbolandia","article_published_time":"2015-04-22T00:49:21+00:00","og_image":[{"width":600,"height":338,"url":"https:\/\/i2.wp.com\/www.manquepierda.com\/futbolandia\/files\/2015\/04\/festejo-primer-gol-Triverio_CLAIMA20150420_0271_27.jpg?fit=600%2C338&ssl=1","type":"image\/jpeg"}],"author":"\u00c1lvaro Carmona","twitter_misc":{"Escrito por":"\u00c1lvaro Carmona","Tiempo de lectura":"4 minutos"},"schema":{"@context":"https:\/\/schema.org","@graph":[{"@type":"Article","@id":"https:\/\/www.manquepierda.com\/futbolandia\/de-la-mano-boca-y-river-esperan-el-superclasico\/#article","isPartOf":{"@id":"https:\/\/www.manquepierda.com\/futbolandia\/de-la-mano-boca-y-river-esperan-el-superclasico\/"},"author":{"name":"\u00c1lvaro Carmona","@id":"https:\/\/www.manquepierda.com\/futbolandia\/#\/schema\/person\/478668c0ee61018918af1a99a079b7e4"},"headline":"De la mano Boca y River esperan el Supercl\u00e1sico.","datePublished":"2015-04-22T00:49:21+00:00","mainEntityOfPage":{"@id":"https:\/\/www.manquepierda.com\/futbolandia\/de-la-mano-boca-y-river-esperan-el-superclasico\/"},"wordCount":717,"commentCount":0,"image":{"@id":"https:\/\/www.manquepierda.com\/futbolandia\/de-la-mano-boca-y-river-esperan-el-superclasico\/#primaryimage"},"thumbnailUrl":"https:\/\/i0.wp.com\/www.manquepierda.com\/futbolandia\/files\/2015\/04\/festejo-primer-gol-Triverio_CLAIMA20150420_0271_27.jpg?fit=600%2C338&ssl=1","keywords":["Belgrano","Boca Juniors","Quilmes.","river plate","Santa Fe","Supercl\u00e1sico","Triverio","Uni\u00f3n"],"articleSection":["Cruzando el charco - F\u00fatbol sudamericano y CONCACAF","Portada"],"inLanguage":"es","potentialAction":[{"@type":"CommentAction","name":"Comment","target":["https:\/\/www.manquepierda.com\/futbolandia\/de-la-mano-boca-y-river-esperan-el-superclasico\/#respond"]}]},{"@type":"WebPage","@id":"https:\/\/www.manquepierda.com\/futbolandia\/de-la-mano-boca-y-river-esperan-el-superclasico\/","url":"https:\/\/www.manquepierda.com\/futbolandia\/de-la-mano-boca-y-river-esperan-el-superclasico\/","name":"De la mano Boca y River esperan el Supercl\u00e1sico. &#8211; Futbolandia","isPartOf":{"@id":"https:\/\/www.manquepierda.com\/futbolandia\/#website"},"primaryImageOfPage":{"@id":"https:\/\/www.manquepierda.com\/futbolandia\/de-la-mano-boca-y-river-esperan-el-superclasico\/#primaryimage"},"image":{"@id":"https:\/\/www.manquepierda.com\/futbolandia\/de-la-mano-boca-y-river-esperan-el-superclasico\/#primaryimage"},"thumbnailUrl":"https:\/\/i0.wp.com\/www.manquepierda.com\/futbolandia\/files\/2015\/04\/festejo-primer-gol-Triverio_CLAIMA20150420_0271_27.jpg?fit=600%2C338&ssl=1","datePublished":"2015-04-22T00:49:21+00:00","author":{"@id":"https:\/\/www.manquepierda.com\/futbolandia\/#\/schema\/person\/478668c0ee61018918af1a99a079b7e4"},"breadcrumb":{"@id":"https:\/\/www.manquepierda.com\/futbolandia\/de-la-mano-boca-y-river-esperan-el-superclasico\/#breadcrumb"},"inLanguage":"es","potentialAction":[{"@type":"ReadAction","target":["https:\/\/www.manquepierda.com\/futbolandia\/de-la-mano-boca-y-river-esperan-el-superclasico\/"]}]},{"@type":"ImageObject","inLanguage":"es","@id":"https:\/\/www.manquepierda.com\/futbolandia\/de-la-mano-boca-y-river-esperan-el-superclasico\/#primaryimage","url":"https:\/\/i0.wp.com\/www.manquepierda.com\/futbolandia\/files\/2015\/04\/festejo-primer-gol-Triverio_CLAIMA20150420_0271_27.jpg?fit=600%2C338&ssl=1","contentUrl":"https:\/\/i0.wp.com\/www.manquepierda.com\/futbolandia\/files\/2015\/04\/festejo-primer-gol-Triverio_CLAIMA20150420_0271_27.jpg?fit=600%2C338&ssl=1","width":600,"height":338},{"@type":"BreadcrumbList","@id":"https:\/\/www.manquepierda.com\/futbolandia\/de-la-mano-boca-y-river-esperan-el-superclasico\/#breadcrumb","itemListElement":[{"@type":"ListItem","position":1,"name":"Portada","item":"https:\/\/www.manquepierda.com\/futbolandia\/"},{"@type":"ListItem","position":2,"name":"De la mano Boca y River esperan el Supercl\u00e1sico."}]},{"@type":"WebSite","@id":"https:\/\/www.manquepierda.com\/futbolandia\/#website","url":"https:\/\/www.manquepierda.com\/futbolandia\/","name":"Futbolandia","description":"Reportajes e informaci\u00f3n sobre f\u00fatbol mundial y j\u00f3venes promesas","potentialAction":[{"@type":"SearchAction","target":{"@type":"EntryPoint","urlTemplate":"https:\/\/www.manquepierda.com\/futbolandia\/?s={search_term_string}"},"query-input":{"@type":"PropertyValueSpecification","valueRequired":true,"valueName":"search_term_string"}}],"inLanguage":"es"},{"@type":"Person","@id":"https:\/\/www.manquepierda.com\/futbolandia\/#\/schema\/person\/478668c0ee61018918af1a99a079b7e4","name":"\u00c1lvaro Carmona","image":{"@type":"ImageObject","inLanguage":"es","@id":"https:\/\/secure.gravatar.com\/avatar\/2470a0c442f1df3f66bb7954a782875d0d96b50dbe33917d568238cc881b9c7b?s=96&d=mm&r=g","url":"https:\/\/secure.gravatar.com\/avatar\/2470a0c442f1df3f66bb7954a782875d0d96b50dbe33917d568238cc881b9c7b?s=96&d=mm&r=g","contentUrl":"https:\/\/secure.gravatar.com\/avatar\/2470a0c442f1df3f66bb7954a782875d0d96b50dbe33917d568238cc881b9c7b?s=96&d=mm&r=g","caption":"\u00c1lvaro Carmona"},"description":"Apasionado del f\u00fatbol internacional, en especial de la liga argentina y de sus m\u00e1s j\u00f3venes promesas, que no son pocas. Entusiasmado del f\u00fatbol t\u00e1ctico; el sistema 5-3-2 no me parece defensivo, sino el m\u00e1s completo. Puedes seguirme en Twitter en @carmonadebarril para debatir sobre todo tipo de f\u00fatbol. B\u00e9tico.","sameAs":["http:\/\/twitter.com\/carmonadebarril"],"url":"https:\/\/www.manquepierda.com\/futbolandia\/author\/carmonadebarril\/"}]}},"jetpack_publicize_connections":[],"jetpack_featured_media_url":"https:\/\/i0.wp.com\/www.manquepierda.com\/futbolandia\/files\/2015\/04\/festejo-primer-gol-Triverio_CLAIMA20150420_0271_27.jpg?fit=600%2C338&ssl=1","jetpack_shortlink":"https:\/\/wp.me\/p1THIg-1pI","jetpack_sharing_enabled":true,"_links":{"self":[{"href":"https:\/\/www.manquepierda.com\/futbolandia\/wp-json\/wp\/v2\/posts\/5438","targetHints":{"allow":["GET"]}}],"collection":[{"href":"https:\/\/www.manquepierda.com\/futbolandia\/wp-json\/wp\/v2\/posts"}],"about":[{"href":"https:\/\/www.manquepierda.com\/futbolandia\/wp-json\/wp\/v2\/types\/post"}],"author":[{"embeddable":true,"href":"https:\/\/www.manquepierda.com\/futbolandia\/wp-json\/wp\/v2\/users\/431"}],"replies":[{"embeddable":true,"href":"https:\/\/www.manquepierda.com\/futbolandia\/wp-json\/wp\/v2\/comments?post=5438"}],"version-history":[{"count":0,"href":"https:\/\/www.manquepierda.com\/futbolandia\/wp-json\/wp\/v2\/posts\/5438\/revisions"}],"wp:featuredmedia":[{"embeddable":true,"href":"https:\/\/www.manquepierda.com\/futbolandia\/wp-json\/wp\/v2\/media\/5442"}],"wp:attachment":[{"href":"https:\/\/www.manquepierda.com\/futbolandia\/wp-json\/wp\/v2\/media?parent=5438"}],"wp:term":[{"taxonomy":"category","embeddable":true,"href":"https:\/\/www.manquepierda.com\/futbolandia\/wp-json\/wp\/v2\/categories?post=5438"},{"taxonomy":"post_tag","embeddable":true,"href":"https:\/\/www.manquepierda.com\/futbolandia\/wp-json\/wp\/v2\/tags?post=5438"}],"curies":[{"name":"wp","href":"https:\/\/api.w.org\/{rel}","templated":true}]}}