{"id":5500,"date":"2015-05-12T00:43:23","date_gmt":"2015-05-11T22:43:23","guid":{"rendered":"http:\/\/www.manquepierda.com\/futbolandia\/?p=5500"},"modified":"2015-05-12T00:43:23","modified_gmt":"2015-05-11T22:43:23","slug":"fiorentina-y-sampdoria-de-camino-a-europa","status":"publish","type":"post","link":"https:\/\/www.manquepierda.com\/futbolandia\/fiorentina-y-sampdoria-de-camino-a-europa\/","title":{"rendered":"Fiorentina y Sampdoria, de camino a Europa"},"content":{"rendered":"<p>Con la Liga ganada ya por la<em> &#8216;Vecchia Signora&#8217;<\/em> cobra ahora importancia el ver qu\u00e9 equipos acompa\u00f1aran a la Juventus para jugar Champions League el a\u00f1o que viene, qu\u00e9 equipos podr\u00e1n jugar Europa League y \u00a0qu\u00e9 equipos desgraciadamente descenderan a Serie B.<\/p>\n<p><strong>Presumiblemente, entre Lazio, Roma y N\u00e1poles se jugar\u00e1n el estar en Champions el a\u00f1o que viene, en Europa League salvo sorpresa jugar\u00edan Sampdoria y Fiorentina, y tendremos que esperar para ver quien acompa\u00f1ara al Parma y Cesena al infierno de la Serie B.<\/strong><\/p>\n<p>Jornada 35, donde ya los equipos tanto de arriba como de abajo se juegan <em>&#8216;el todo por el todo&#8217;<\/em> y cada partido es una final, cada partido es casi a vida o muerte. Ganaron como he dicho, Sampdoria y Fiorentina, y pincharon Roma, N\u00e1poles y Lazio. Vamos por partes.<\/p>\n<p>La <strong>Sampdoria<\/strong> pudo ganar holgadamente en el Friuli a la Sampdoria por 1-4, con dos goles de Soriano uno de Acquah y casi acabando el partido uno de Duncan. Por la parte local, marc\u00f3 desde el punto de penalti, Di Natale que sigue anotando goles para su cuenta particular.<strong> Partido muy serio de la Sampdoria que de seguir as\u00ed igual que en los partidos anteriores estar\u00e1 la temporada que viene jugando en Europa con total seguridad.<\/strong><\/p>\n<p>Por su parte, la Fiorentina tenia que dar una buena imagen despu\u00e9s de la abultada derrota que se llev\u00f3 del\u00a0S\u00e1nchez Pizju\u00e1n el pasado jueves. A pesar de ser un encuentro contra el Empoli presumiblemente f\u00e1cil ya que el Empoli ocupa la media tabla, se le complic\u00f3 un poco el partido a los de Montella, donde consiguieron ganar 2-3 gracias a un <strong>Salah<\/strong> como siempre <em>espectacular<\/em> que adem\u00e1s <strong>anot\u00f3 un tanto, y son ya cinco goles los que tiene el egipcio en 13 partidos de Serie A con los violetas.<\/strong><\/p>\n<figure style=\"width: 512px\" class=\"wp-caption aligncenter\"><img data-recalc-dims=\"1\" loading=\"lazy\" decoding=\"async\" src=\"https:\/\/i0.wp.com\/cde.peru.com\/ima\/0\/1\/1\/1\/9\/1119029\/611x458\/juan-vargas.jpg?resize=512%2C384\" alt=\"\" width=\"512\" height=\"384\" \/><figcaption class=\"wp-caption-text\">La Fiorentina consigui\u00f3 ganar 2-3 y aventaja en un punto a la Sampdoria. (FOTO: www.peru.com)<\/figcaption><\/figure>\n<p><strong>Por otro lado, el Mil\u00e1n en un partido que le resultaba intrascendente debido a que ya no puede ni acceder al play off de Europa League consigui\u00f3 vencer por 2-1 a la Roma en San Siro<\/strong>. La verdad que el Mil\u00e1n no jug\u00f3 un mal partido ante una Roma que necesitaba la victoria &#8216;como agua de Mayo&#8217; para asegurarse la segunda plaza. Finalmente, en beneficio de la Lazio que palm\u00f3 contra el Inter pudo asegurar la segunda plaza, aunque solo tiene un punto m\u00e1s \u00a0respecto a la Lazio.<\/p>\n<p><strong>La Lazio jug\u00e1ndose la segunda plaza tampoco pudo ganar en el Ol\u00edmpico frente al Inter de Mancini.<\/strong> A pesar de que Felipe Anderson estuvo espectacular, como acostumbra a estar en los \u00faltimos partidos fue un ex de la Lazio-Hernanes- el que decant\u00f3 el partido del lado de los &#8216;neroazzurri&#8217; gracias a sus dos goles. <strong>Y el N\u00e1pole<\/strong>s que ha cogido una din\u00e1mica positiva \u00faltimamente <strong>no pudo pasar del empate a dos ante el pen\u00faltimo clasificado, el Parma.<\/strong> Resultado que lo hace mantenerse en cuarta posici\u00f3n a tres y cuarto puntos de Lazio y Roma, respectivamente.<\/p>\n<figure style=\"width: 481px\" class=\"wp-caption aligncenter\"><img data-recalc-dims=\"1\" loading=\"lazy\" decoding=\"async\" src=\"https:\/\/i0.wp.com\/local.teletica.451.com\/Multimedios\/imgs\/204905_620.jpg?resize=481%2C401\" alt=\"El brasile\u00f1o Hernanes se apunt\u00f3 un doblete. | F.C. Internazionale Milano\" width=\"481\" height=\"401\" \/><figcaption class=\"wp-caption-text\">Hernanes firm\u00f3 un doblete que permite al Inter de Mil\u00e1n seguir so\u00f1ando con Europa League hasta el final. (FOTO: www.marca.com)<\/figcaption><\/figure>\n<p>Veremos que pasa en estas tres jornadas que quedan pero desde luego ni Roma, N\u00e1poles, Lazio, Sampdoria, Fiorentina ni Inter se pueden permitir fallar lo que queda de liga.<\/p>\n<p>&nbsp;<\/p>\n","protected":false},"excerpt":{"rendered":"<p>Con la Liga ganada ya por la &#8216;Vecchia Signora&#8217; cobra ahora importancia el ver qu\u00e9 equipos acompa\u00f1aran a la Juventus para jugar Champions League el a\u00f1o que viene, qu\u00e9 equipos podr\u00e1n jugar Europa League y \u00a0qu\u00e9 equipos desgraciadamente descenderan a Serie B. Presumiblemente, entre Lazio, Roma y N\u00e1poles se jugar\u00e1n el estar en Champions el&#8230;<\/p>\n","protected":false},"author":442,"featured_media":5501,"comment_status":"open","ping_status":"open","sticky":false,"template":"","format":"standard","meta":{"_kad_post_transparent":"","_kad_post_title":"","_kad_post_layout":"","_kad_post_sidebar_id":"","_kad_post_content_style":"","_kad_post_vertical_padding":"","_kad_post_feature":"","_kad_post_feature_position":"","_kad_post_header":false,"_kad_post_footer":false,"_kad_post_classname":"","_jetpack_memberships_contains_paid_content":false,"footnotes":"","jetpack_publicize_message":"","jetpack_publicize_feature_enabled":true,"jetpack_social_post_already_shared":true,"jetpack_social_options":{"image_generator_settings":{"template":"highway","default_image_id":0,"font":"","enabled":false},"version":2}},"categories":[10,1370],"tags":[132,1943,1983,142,1982,1944,131],"class_list":["post-5500","post","type-post","status-publish","format-standard","has-post-thumbnail","hentry","category-portada","category-serie-a-futbol-italiano","tag-calcio","tag-fiorentina","tag-hernanes","tag-inter-de-milan","tag-jornadas-finales","tag-sampdoria","tag-serie-a"],"yoast_head":"<!-- This site is optimized with the Yoast SEO plugin v27.5 - https:\/\/yoast.com\/product\/yoast-seo-wordpress\/ -->\n<title>Fiorentina y Sampdoria, de camino a Europa &#8211; Futbolandia<\/title>\n<meta name=\"robots\" content=\"index, follow, max-snippet:-1, max-image-preview:large, max-video-preview:-1\" \/>\n<link rel=\"canonical\" href=\"https:\/\/www.manquepierda.com\/futbolandia\/fiorentina-y-sampdoria-de-camino-a-europa\/\" \/>\n<meta property=\"og:locale\" content=\"es_ES\" \/>\n<meta property=\"og:type\" content=\"article\" \/>\n<meta property=\"og:title\" content=\"Fiorentina y Sampdoria, de camino a Europa &#8211; Futbolandia\" \/>\n<meta property=\"og:description\" content=\"Con la Liga ganada ya por la &#8216;Vecchia Signora&#8217; cobra ahora importancia el ver qu\u00e9 equipos acompa\u00f1aran a la Juventus para jugar Champions League el a\u00f1o que viene, qu\u00e9 equipos podr\u00e1n jugar Europa League y \u00a0qu\u00e9 equipos desgraciadamente descenderan a Serie B. Presumiblemente, entre Lazio, Roma y N\u00e1poles se jugar\u00e1n el estar en Champions el...\" \/>\n<meta property=\"og:url\" content=\"https:\/\/www.manquepierda.com\/futbolandia\/fiorentina-y-sampdoria-de-camino-a-europa\/\" \/>\n<meta property=\"og:site_name\" content=\"Futbolandia\" \/>\n<meta property=\"article:published_time\" content=\"2015-05-11T22:43:23+00:00\" \/>\n<meta property=\"og:image\" content=\"https:\/\/i1.wp.com\/www.manquepierda.com\/futbolandia\/files\/2015\/05\/cd31f5dee0fdabaa13b6f856a76e0b9f-1281606969.jpeg?fit=800%2C533&ssl=1\" \/>\n\t<meta property=\"og:image:width\" content=\"800\" \/>\n\t<meta property=\"og:image:height\" content=\"533\" \/>\n\t<meta property=\"og:image:type\" content=\"image\/jpeg\" \/>\n<meta name=\"author\" content=\"Jordi Bernal Albiol\" \/>\n<meta name=\"twitter:label1\" content=\"Escrito por\" \/>\n\t<meta name=\"twitter:data1\" content=\"Jordi Bernal Albiol\" \/>\n\t<meta name=\"twitter:label2\" content=\"Tiempo de lectura\" \/>\n\t<meta name=\"twitter:data2\" content=\"3 minutos\" \/>\n<script type=\"application\/ld+json\" class=\"yoast-schema-graph\">{\"@context\":\"https:\\\/\\\/schema.org\",\"@graph\":[{\"@type\":\"Article\",\"@id\":\"https:\\\/\\\/www.manquepierda.com\\\/futbolandia\\\/fiorentina-y-sampdoria-de-camino-a-europa\\\/#article\",\"isPartOf\":{\"@id\":\"https:\\\/\\\/www.manquepierda.com\\\/futbolandia\\\/fiorentina-y-sampdoria-de-camino-a-europa\\\/\"},\"author\":{\"name\":\"Jordi Bernal Albiol\",\"@id\":\"https:\\\/\\\/www.manquepierda.com\\\/futbolandia\\\/#\\\/schema\\\/person\\\/847db99271dc4c2cf3ad9f27f06c67ca\"},\"headline\":\"Fiorentina y Sampdoria, de camino a Europa\",\"datePublished\":\"2015-05-11T22:43:23+00:00\",\"mainEntityOfPage\":{\"@id\":\"https:\\\/\\\/www.manquepierda.com\\\/futbolandia\\\/fiorentina-y-sampdoria-de-camino-a-europa\\\/\"},\"wordCount\":595,\"commentCount\":0,\"image\":{\"@id\":\"https:\\\/\\\/www.manquepierda.com\\\/futbolandia\\\/fiorentina-y-sampdoria-de-camino-a-europa\\\/#primaryimage\"},\"thumbnailUrl\":\"https:\\\/\\\/i0.wp.com\\\/www.manquepierda.com\\\/futbolandia\\\/files\\\/2015\\\/05\\\/cd31f5dee0fdabaa13b6f856a76e0b9f-1281606969.jpeg?fit=800%2C533&ssl=1\",\"keywords\":[\"calcio\",\"Fiorentina\",\"Hernanes\",\"inter de milan\",\"jornadas finales\",\"Sampdoria\",\"Serie A\"],\"articleSection\":[\"Portada\",\"Serie A - F\u00fatbol Italiano\"],\"inLanguage\":\"es\",\"potentialAction\":[{\"@type\":\"CommentAction\",\"name\":\"Comment\",\"target\":[\"https:\\\/\\\/www.manquepierda.com\\\/futbolandia\\\/fiorentina-y-sampdoria-de-camino-a-europa\\\/#respond\"]}]},{\"@type\":\"WebPage\",\"@id\":\"https:\\\/\\\/www.manquepierda.com\\\/futbolandia\\\/fiorentina-y-sampdoria-de-camino-a-europa\\\/\",\"url\":\"https:\\\/\\\/www.manquepierda.com\\\/futbolandia\\\/fiorentina-y-sampdoria-de-camino-a-europa\\\/\",\"name\":\"Fiorentina y Sampdoria, de camino a Europa &#8211; Futbolandia\",\"isPartOf\":{\"@id\":\"https:\\\/\\\/www.manquepierda.com\\\/futbolandia\\\/#website\"},\"primaryImageOfPage\":{\"@id\":\"https:\\\/\\\/www.manquepierda.com\\\/futbolandia\\\/fiorentina-y-sampdoria-de-camino-a-europa\\\/#primaryimage\"},\"image\":{\"@id\":\"https:\\\/\\\/www.manquepierda.com\\\/futbolandia\\\/fiorentina-y-sampdoria-de-camino-a-europa\\\/#primaryimage\"},\"thumbnailUrl\":\"https:\\\/\\\/i0.wp.com\\\/www.manquepierda.com\\\/futbolandia\\\/files\\\/2015\\\/05\\\/cd31f5dee0fdabaa13b6f856a76e0b9f-1281606969.jpeg?fit=800%2C533&ssl=1\",\"datePublished\":\"2015-05-11T22:43:23+00:00\",\"author\":{\"@id\":\"https:\\\/\\\/www.manquepierda.com\\\/futbolandia\\\/#\\\/schema\\\/person\\\/847db99271dc4c2cf3ad9f27f06c67ca\"},\"breadcrumb\":{\"@id\":\"https:\\\/\\\/www.manquepierda.com\\\/futbolandia\\\/fiorentina-y-sampdoria-de-camino-a-europa\\\/#breadcrumb\"},\"inLanguage\":\"es\",\"potentialAction\":[{\"@type\":\"ReadAction\",\"target\":[\"https:\\\/\\\/www.manquepierda.com\\\/futbolandia\\\/fiorentina-y-sampdoria-de-camino-a-europa\\\/\"]}]},{\"@type\":\"ImageObject\",\"inLanguage\":\"es\",\"@id\":\"https:\\\/\\\/www.manquepierda.com\\\/futbolandia\\\/fiorentina-y-sampdoria-de-camino-a-europa\\\/#primaryimage\",\"url\":\"https:\\\/\\\/i0.wp.com\\\/www.manquepierda.com\\\/futbolandia\\\/files\\\/2015\\\/05\\\/cd31f5dee0fdabaa13b6f856a76e0b9f-1281606969.jpeg?fit=800%2C533&ssl=1\",\"contentUrl\":\"https:\\\/\\\/i0.wp.com\\\/www.manquepierda.com\\\/futbolandia\\\/files\\\/2015\\\/05\\\/cd31f5dee0fdabaa13b6f856a76e0b9f-1281606969.jpeg?fit=800%2C533&ssl=1\",\"width\":800,\"height\":533},{\"@type\":\"BreadcrumbList\",\"@id\":\"https:\\\/\\\/www.manquepierda.com\\\/futbolandia\\\/fiorentina-y-sampdoria-de-camino-a-europa\\\/#breadcrumb\",\"itemListElement\":[{\"@type\":\"ListItem\",\"position\":1,\"name\":\"Portada\",\"item\":\"https:\\\/\\\/www.manquepierda.com\\\/futbolandia\\\/\"},{\"@type\":\"ListItem\",\"position\":2,\"name\":\"Fiorentina y Sampdoria, de camino a Europa\"}]},{\"@type\":\"WebSite\",\"@id\":\"https:\\\/\\\/www.manquepierda.com\\\/futbolandia\\\/#website\",\"url\":\"https:\\\/\\\/www.manquepierda.com\\\/futbolandia\\\/\",\"name\":\"Futbolandia\",\"description\":\"Reportajes e informaci\u00f3n sobre f\u00fatbol mundial y j\u00f3venes promesas\",\"potentialAction\":[{\"@type\":\"SearchAction\",\"target\":{\"@type\":\"EntryPoint\",\"urlTemplate\":\"https:\\\/\\\/www.manquepierda.com\\\/futbolandia\\\/?s={search_term_string}\"},\"query-input\":{\"@type\":\"PropertyValueSpecification\",\"valueRequired\":true,\"valueName\":\"search_term_string\"}}],\"inLanguage\":\"es\"},{\"@type\":\"Person\",\"@id\":\"https:\\\/\\\/www.manquepierda.com\\\/futbolandia\\\/#\\\/schema\\\/person\\\/847db99271dc4c2cf3ad9f27f06c67ca\",\"name\":\"Jordi Bernal Albiol\",\"image\":{\"@type\":\"ImageObject\",\"inLanguage\":\"es\",\"@id\":\"https:\\\/\\\/secure.gravatar.com\\\/avatar\\\/2c59041c60fd565cf17d2e4ef56218fa69ea488942909d24a0f08383d09f4570?s=96&d=mm&r=g\",\"url\":\"https:\\\/\\\/secure.gravatar.com\\\/avatar\\\/2c59041c60fd565cf17d2e4ef56218fa69ea488942909d24a0f08383d09f4570?s=96&d=mm&r=g\",\"contentUrl\":\"https:\\\/\\\/secure.gravatar.com\\\/avatar\\\/2c59041c60fd565cf17d2e4ef56218fa69ea488942909d24a0f08383d09f4570?s=96&d=mm&r=g\",\"caption\":\"Jordi Bernal Albiol\"},\"description\":\"Graduado en ADE.De Castell\u00f3n de la Plana. De los que piensan que el f\u00fatbol es una forma de vida de aislarse de la vida misma. Aficionado al f\u00fatbol internacional sobre todo Premier y Bundesliga. Y lo m\u00e1s importante enamorado de mi equipo, el F\u00fatbol Club Barcelona. Me podr\u00e9is encontrar en twitter: @jba_jordi\",\"url\":\"https:\\\/\\\/www.manquepierda.com\\\/futbolandia\\\/author\\\/jordi93cs\\\/\"}]}<\/script>\n<!-- \/ Yoast SEO plugin. -->","yoast_head_json":{"title":"Fiorentina y Sampdoria, de camino a Europa &#8211; Futbolandia","robots":{"index":"index","follow":"follow","max-snippet":"max-snippet:-1","max-image-preview":"max-image-preview:large","max-video-preview":"max-video-preview:-1"},"canonical":"https:\/\/www.manquepierda.com\/futbolandia\/fiorentina-y-sampdoria-de-camino-a-europa\/","og_locale":"es_ES","og_type":"article","og_title":"Fiorentina y Sampdoria, de camino a Europa &#8211; Futbolandia","og_description":"Con la Liga ganada ya por la &#8216;Vecchia Signora&#8217; cobra ahora importancia el ver qu\u00e9 equipos acompa\u00f1aran a la Juventus para jugar Champions League el a\u00f1o que viene, qu\u00e9 equipos podr\u00e1n jugar Europa League y \u00a0qu\u00e9 equipos desgraciadamente descenderan a Serie B. Presumiblemente, entre Lazio, Roma y N\u00e1poles se jugar\u00e1n el estar en Champions el...","og_url":"https:\/\/www.manquepierda.com\/futbolandia\/fiorentina-y-sampdoria-de-camino-a-europa\/","og_site_name":"Futbolandia","article_published_time":"2015-05-11T22:43:23+00:00","og_image":[{"width":800,"height":533,"url":"https:\/\/i1.wp.com\/www.manquepierda.com\/futbolandia\/files\/2015\/05\/cd31f5dee0fdabaa13b6f856a76e0b9f-1281606969.jpeg?fit=800%2C533&ssl=1","type":"image\/jpeg"}],"author":"Jordi Bernal Albiol","twitter_misc":{"Escrito por":"Jordi Bernal Albiol","Tiempo de lectura":"3 minutos"},"schema":{"@context":"https:\/\/schema.org","@graph":[{"@type":"Article","@id":"https:\/\/www.manquepierda.com\/futbolandia\/fiorentina-y-sampdoria-de-camino-a-europa\/#article","isPartOf":{"@id":"https:\/\/www.manquepierda.com\/futbolandia\/fiorentina-y-sampdoria-de-camino-a-europa\/"},"author":{"name":"Jordi Bernal Albiol","@id":"https:\/\/www.manquepierda.com\/futbolandia\/#\/schema\/person\/847db99271dc4c2cf3ad9f27f06c67ca"},"headline":"Fiorentina y Sampdoria, de camino a Europa","datePublished":"2015-05-11T22:43:23+00:00","mainEntityOfPage":{"@id":"https:\/\/www.manquepierda.com\/futbolandia\/fiorentina-y-sampdoria-de-camino-a-europa\/"},"wordCount":595,"commentCount":0,"image":{"@id":"https:\/\/www.manquepierda.com\/futbolandia\/fiorentina-y-sampdoria-de-camino-a-europa\/#primaryimage"},"thumbnailUrl":"https:\/\/i0.wp.com\/www.manquepierda.com\/futbolandia\/files\/2015\/05\/cd31f5dee0fdabaa13b6f856a76e0b9f-1281606969.jpeg?fit=800%2C533&ssl=1","keywords":["calcio","Fiorentina","Hernanes","inter de milan","jornadas finales","Sampdoria","Serie A"],"articleSection":["Portada","Serie A - F\u00fatbol Italiano"],"inLanguage":"es","potentialAction":[{"@type":"CommentAction","name":"Comment","target":["https:\/\/www.manquepierda.com\/futbolandia\/fiorentina-y-sampdoria-de-camino-a-europa\/#respond"]}]},{"@type":"WebPage","@id":"https:\/\/www.manquepierda.com\/futbolandia\/fiorentina-y-sampdoria-de-camino-a-europa\/","url":"https:\/\/www.manquepierda.com\/futbolandia\/fiorentina-y-sampdoria-de-camino-a-europa\/","name":"Fiorentina y Sampdoria, de camino a Europa &#8211; Futbolandia","isPartOf":{"@id":"https:\/\/www.manquepierda.com\/futbolandia\/#website"},"primaryImageOfPage":{"@id":"https:\/\/www.manquepierda.com\/futbolandia\/fiorentina-y-sampdoria-de-camino-a-europa\/#primaryimage"},"image":{"@id":"https:\/\/www.manquepierda.com\/futbolandia\/fiorentina-y-sampdoria-de-camino-a-europa\/#primaryimage"},"thumbnailUrl":"https:\/\/i0.wp.com\/www.manquepierda.com\/futbolandia\/files\/2015\/05\/cd31f5dee0fdabaa13b6f856a76e0b9f-1281606969.jpeg?fit=800%2C533&ssl=1","datePublished":"2015-05-11T22:43:23+00:00","author":{"@id":"https:\/\/www.manquepierda.com\/futbolandia\/#\/schema\/person\/847db99271dc4c2cf3ad9f27f06c67ca"},"breadcrumb":{"@id":"https:\/\/www.manquepierda.com\/futbolandia\/fiorentina-y-sampdoria-de-camino-a-europa\/#breadcrumb"},"inLanguage":"es","potentialAction":[{"@type":"ReadAction","target":["https:\/\/www.manquepierda.com\/futbolandia\/fiorentina-y-sampdoria-de-camino-a-europa\/"]}]},{"@type":"ImageObject","inLanguage":"es","@id":"https:\/\/www.manquepierda.com\/futbolandia\/fiorentina-y-sampdoria-de-camino-a-europa\/#primaryimage","url":"https:\/\/i0.wp.com\/www.manquepierda.com\/futbolandia\/files\/2015\/05\/cd31f5dee0fdabaa13b6f856a76e0b9f-1281606969.jpeg?fit=800%2C533&ssl=1","contentUrl":"https:\/\/i0.wp.com\/www.manquepierda.com\/futbolandia\/files\/2015\/05\/cd31f5dee0fdabaa13b6f856a76e0b9f-1281606969.jpeg?fit=800%2C533&ssl=1","width":800,"height":533},{"@type":"BreadcrumbList","@id":"https:\/\/www.manquepierda.com\/futbolandia\/fiorentina-y-sampdoria-de-camino-a-europa\/#breadcrumb","itemListElement":[{"@type":"ListItem","position":1,"name":"Portada","item":"https:\/\/www.manquepierda.com\/futbolandia\/"},{"@type":"ListItem","position":2,"name":"Fiorentina y Sampdoria, de camino a Europa"}]},{"@type":"WebSite","@id":"https:\/\/www.manquepierda.com\/futbolandia\/#website","url":"https:\/\/www.manquepierda.com\/futbolandia\/","name":"Futbolandia","description":"Reportajes e informaci\u00f3n sobre f\u00fatbol mundial y j\u00f3venes promesas","potentialAction":[{"@type":"SearchAction","target":{"@type":"EntryPoint","urlTemplate":"https:\/\/www.manquepierda.com\/futbolandia\/?s={search_term_string}"},"query-input":{"@type":"PropertyValueSpecification","valueRequired":true,"valueName":"search_term_string"}}],"inLanguage":"es"},{"@type":"Person","@id":"https:\/\/www.manquepierda.com\/futbolandia\/#\/schema\/person\/847db99271dc4c2cf3ad9f27f06c67ca","name":"Jordi Bernal Albiol","image":{"@type":"ImageObject","inLanguage":"es","@id":"https:\/\/secure.gravatar.com\/avatar\/2c59041c60fd565cf17d2e4ef56218fa69ea488942909d24a0f08383d09f4570?s=96&d=mm&r=g","url":"https:\/\/secure.gravatar.com\/avatar\/2c59041c60fd565cf17d2e4ef56218fa69ea488942909d24a0f08383d09f4570?s=96&d=mm&r=g","contentUrl":"https:\/\/secure.gravatar.com\/avatar\/2c59041c60fd565cf17d2e4ef56218fa69ea488942909d24a0f08383d09f4570?s=96&d=mm&r=g","caption":"Jordi Bernal Albiol"},"description":"Graduado en ADE.De Castell\u00f3n de la Plana. De los que piensan que el f\u00fatbol es una forma de vida de aislarse de la vida misma. Aficionado al f\u00fatbol internacional sobre todo Premier y Bundesliga. Y lo m\u00e1s importante enamorado de mi equipo, el F\u00fatbol Club Barcelona. Me podr\u00e9is encontrar en twitter: @jba_jordi","url":"https:\/\/www.manquepierda.com\/futbolandia\/author\/jordi93cs\/"}]}},"jetpack_publicize_connections":[],"jetpack_featured_media_url":"https:\/\/i0.wp.com\/www.manquepierda.com\/futbolandia\/files\/2015\/05\/cd31f5dee0fdabaa13b6f856a76e0b9f-1281606969.jpeg?fit=800%2C533&ssl=1","jetpack_shortlink":"https:\/\/wp.me\/p1THIg-1qI","jetpack_sharing_enabled":true,"_links":{"self":[{"href":"https:\/\/www.manquepierda.com\/futbolandia\/wp-json\/wp\/v2\/posts\/5500","targetHints":{"allow":["GET"]}}],"collection":[{"href":"https:\/\/www.manquepierda.com\/futbolandia\/wp-json\/wp\/v2\/posts"}],"about":[{"href":"https:\/\/www.manquepierda.com\/futbolandia\/wp-json\/wp\/v2\/types\/post"}],"author":[{"embeddable":true,"href":"https:\/\/www.manquepierda.com\/futbolandia\/wp-json\/wp\/v2\/users\/442"}],"replies":[{"embeddable":true,"href":"https:\/\/www.manquepierda.com\/futbolandia\/wp-json\/wp\/v2\/comments?post=5500"}],"version-history":[{"count":0,"href":"https:\/\/www.manquepierda.com\/futbolandia\/wp-json\/wp\/v2\/posts\/5500\/revisions"}],"wp:featuredmedia":[{"embeddable":true,"href":"https:\/\/www.manquepierda.com\/futbolandia\/wp-json\/wp\/v2\/media\/5501"}],"wp:attachment":[{"href":"https:\/\/www.manquepierda.com\/futbolandia\/wp-json\/wp\/v2\/media?parent=5500"}],"wp:term":[{"taxonomy":"category","embeddable":true,"href":"https:\/\/www.manquepierda.com\/futbolandia\/wp-json\/wp\/v2\/categories?post=5500"},{"taxonomy":"post_tag","embeddable":true,"href":"https:\/\/www.manquepierda.com\/futbolandia\/wp-json\/wp\/v2\/tags?post=5500"}],"curies":[{"name":"wp","href":"https:\/\/api.w.org\/{rel}","templated":true}]}}