{"id":5546,"date":"2015-05-20T12:29:09","date_gmt":"2015-05-20T10:29:09","guid":{"rendered":"http:\/\/www.manquepierda.com\/futbolandia\/?p=5546"},"modified":"2015-07-09T08:55:24","modified_gmt":"2015-07-09T06:55:24","slug":"gano-la-liebre-la-liga-es-para-el-psg","status":"publish","type":"post","link":"https:\/\/www.manquepierda.com\/futbolandia\/gano-la-liebre-la-liga-es-para-el-psg\/","title":{"rendered":"Gan\u00f3 la liebre, la liga es para el PSG"},"content":{"rendered":"<figure id=\"attachment_5547\" aria-describedby=\"caption-attachment-5547\" style=\"width: 433px\" class=\"wp-caption alignleft\"><a href=\"https:\/\/i0.wp.com\/www.manquepierda.com\/futbolandia\/files\/2015\/05\/psg-liga.jpg\"><img data-recalc-dims=\"1\" loading=\"lazy\" decoding=\"async\" data-attachment-id=\"5547\" data-permalink=\"https:\/\/www.manquepierda.com\/futbolandia\/gano-la-liebre-la-liga-es-para-el-psg\/psg-liga\/\" data-orig-file=\"https:\/\/i0.wp.com\/www.manquepierda.com\/futbolandia\/files\/2015\/05\/psg-liga.jpg?fit=976%2C577&amp;ssl=1\" data-orig-size=\"976,577\" data-comments-opened=\"1\" data-image-meta=\"{&quot;aperture&quot;:&quot;0&quot;,&quot;credit&quot;:&quot;&quot;,&quot;camera&quot;:&quot;&quot;,&quot;caption&quot;:&quot;&quot;,&quot;created_timestamp&quot;:&quot;0&quot;,&quot;copyright&quot;:&quot;&quot;,&quot;focal_length&quot;:&quot;0&quot;,&quot;iso&quot;:&quot;0&quot;,&quot;shutter_speed&quot;:&quot;0&quot;,&quot;title&quot;:&quot;&quot;,&quot;orientation&quot;:&quot;0&quot;}\" data-image-title=\"psg liga\" data-image-description=\"\" data-image-caption=\"&lt;p&gt;Foto: futbol.as.com&lt;\/p&gt;\n\" data-large-file=\"https:\/\/i0.wp.com\/www.manquepierda.com\/futbolandia\/files\/2015\/05\/psg-liga.jpg?fit=976%2C577&amp;ssl=1\" class=\" wp-image-5547\" src=\"https:\/\/i0.wp.com\/www.manquepierda.com\/futbolandia\/files\/2015\/05\/psg-liga.jpg?resize=433%2C256\" alt=\"Foto: futbol.as.com\" width=\"433\" height=\"256\" srcset=\"https:\/\/i0.wp.com\/www.manquepierda.com\/futbolandia\/files\/2015\/05\/psg-liga.jpg?w=976&amp;ssl=1 976w, https:\/\/i0.wp.com\/www.manquepierda.com\/futbolandia\/files\/2015\/05\/psg-liga.jpg?resize=300%2C177&amp;ssl=1 300w\" sizes=\"auto, (max-width: 433px) 100vw, 433px\" \/><\/a><figcaption id=\"caption-attachment-5547\" class=\"wp-caption-text\">Foto: futbol.as.com<\/figcaption><\/figure>\n<p>La victoria del PSG en terreno de Montpellier este fin de semana, a la que adem\u00e1s se le sum\u00f3 el ya irrelevante tropiezo del Olympique de Lyon en Gerland ante el Bordeaux, ha dado el t\u00edtulo de liga a los parisinos por tercer a\u00f1o consecutivo. <strong>Un t\u00edtulo de liga conseguido con una aplastante superioridad, como quien corre en moto ante bicicletas.<\/strong><\/p>\n<p>Alguno pensar\u00e1 que es injusto esta comparaci\u00f3n, cuando hasta la pen\u00faltima jornada no se ha decidido la liga, pero lo cierto es que despu\u00e9s de seguir Ligue 1 durante todo el a\u00f1o, <strong>la historia me ha recordado \u00a0a una de las f\u00e1bulas que m\u00e1s que gustaban de peque\u00f1o, la liebre y la tortuga, solo que esta vez la liebre iba montada en un Ferrari.<\/strong><\/p>\n<p>La conocida f\u00e1bula trataba de una carrera, una competici\u00f3n, como Ligue 1. La liebre y la tortuga compet\u00edan, siendo obviamente mucho m\u00e1s r\u00e1pida la primera que la segunda. Tan superior era, que se confi\u00f3 en exceso, e incluso se permiti\u00f3 echarse una siesta en mitad de la carrera convencida de que ni as\u00ed la tortuga ser\u00eda capaz de adelantarla. Cuando despert\u00f3, se dio cuenta de que hab\u00eda dormido m\u00e1s de la cuenta y la tortuga acab\u00f3 ganando la competici\u00f3n para sorpresa de todos.<\/p>\n<p><strong>En Ligue 1, la liebre es el PSG, repleto de jugadores de clase A como Ibrahimovic, Verratti, Matuidi, Thiago Silva y tantos otros.<\/strong> No quiere decir que no haya otros jugadores TOP en sus competidores como Lacazette, Payet o Moutinho, pero en proporci\u00f3n, ning\u00fan equipo llega a lo que tiene este PSG. La competici\u00f3n ha transcurrido igualada, comenz\u00f3 muy fuerte el O. Marsella de Bielsa que poco a poco se fue desinflando con tropiezos inesperados, Saint-\u00c9tienne y Bordeaux tuvieron unas rachas muy buenas y aunque han realizado un campeonato bastante regular no han podido luchar por los primeros puestos y M\u00f3naco empez\u00f3 con un juego muy plano, notando en exceso alguna baja veraniega como la de James Rodr\u00edguez pero acabando la temporada como un tiro, tanto en juego como en resultados, haciendo adem\u00e1s un buen papel en Champions League.<\/p>\n<p><strong>No obstante, el \u00fanico que fue capaz de aguantar la carrera finalmente fue el O. Lyon. Marcando la diferencia con la dupla Lacazette-Fekir (40 goles entre los dos solo el liga), ha aguantado hasta el final, pero acab\u00f3 sucumbiendo al potencial de los de Blanc.<\/strong> El parecido con la conocida f\u00e1bula infantil es que el PSG realmente es m\u00e1s superior de lo que parece, aunque durante el a\u00f1o ha dado la sensaci\u00f3n de dormirse en m\u00e1s de una ocasi\u00f3n.<\/p>\n<p>As\u00ed de memoria podemos citar el partido ante el Caen, que tras ir 2-0 ganando en la primera parte, los parisinos se dejaron empatar en los \u00faltimos minutos. O el encuentro ante el Bastia, que a los 20&#8242; ya hab\u00eda encarrilado 0-2 y se dej\u00f3 remontar finalmente hasta perder 4-2. Ante Lyon o M\u00f3naco tambi\u00e9n se dej\u00f3 empatar un partido ganado en los \u00faltimos minutos aunque sin duda, el germen de esa relajaci\u00f3n fue la participaci\u00f3n en Champions League. La eliminaci\u00f3n de la m\u00e1xima competici\u00f3n continental fue el punto de inflexi\u00f3n para ganar la liga. <strong>Desde que el FC Barcelona dej\u00f3 la eliminatoria de Champions lista para sentencia, el PSG, ya centrado solo en la liga, se ha mostrado intratable con la mayor racha de victorias de la temporada, algunas de ellas con goleadas escandalosas<\/strong> (28 goles en 8 partidos), haciendo ver que su potencial es superior a los dem\u00e1s y cerrando definitivamente el t\u00edtulo.<\/p>\n<p>Sus rivales no han sido capaces de seguir el ritmo y la Ligue 1 es de nuevo para el PSG. Han tenido de echarse una siesta, pero esta liebre no tiene rival en el pa\u00eds galo. Quiz\u00e1s el a\u00f1o que viene.<\/p>\n","protected":false},"excerpt":{"rendered":"<p>La victoria del PSG en terreno de Montpellier este fin de semana, a la que adem\u00e1s se le sum\u00f3 el ya irrelevante tropiezo del Olympique de Lyon en Gerland ante el Bordeaux, ha dado el t\u00edtulo de liga a los parisinos por tercer a\u00f1o consecutivo. Un t\u00edtulo de liga conseguido con una aplastante superioridad, como&#8230;<\/p>\n","protected":false},"author":93,"featured_media":5547,"comment_status":"open","ping_status":"open","sticky":false,"template":"","format":"standard","meta":{"_kad_post_transparent":"","_kad_post_title":"","_kad_post_layout":"","_kad_post_sidebar_id":"","_kad_post_content_style":"","_kad_post_vertical_padding":"","_kad_post_feature":"","_kad_post_feature_position":"","_kad_post_header":false,"_kad_post_footer":false,"_kad_post_classname":"","_jetpack_memberships_contains_paid_content":false,"footnotes":"","jetpack_publicize_message":"","jetpack_publicize_feature_enabled":true,"jetpack_social_post_already_shared":true,"jetpack_social_options":{"image_generator_settings":{"template":"highway","default_image_id":0,"font":"","enabled":false},"version":2}},"categories":[1392,10],"tags":[185,420,444,102,44],"class_list":["post-5546","post","type-post","status-publish","format-standard","has-post-thumbnail","hentry","category-otras-ligas","category-portada","tag-campeon","tag-francia","tag-liga","tag-ligue-1","tag-psg"],"yoast_head":"<!-- This site is optimized with the Yoast SEO plugin v27.5 - https:\/\/yoast.com\/product\/yoast-seo-wordpress\/ -->\n<title>Gan\u00f3 la liebre, la liga es para el PSG &#8211; Futbolandia<\/title>\n<meta name=\"description\" content=\"El PSG de Laurent Blanc, a pesar de haberse dormido m\u00e1s de una vez durante la liga, fue muy superior y se proclam\u00f3 campe\u00f3n tras ganar tambi\u00e9n la copa.\" \/>\n<meta name=\"robots\" content=\"index, follow, max-snippet:-1, max-image-preview:large, max-video-preview:-1\" \/>\n<link rel=\"canonical\" href=\"https:\/\/www.manquepierda.com\/futbolandia\/gano-la-liebre-la-liga-es-para-el-psg\/\" \/>\n<meta property=\"og:locale\" content=\"es_ES\" \/>\n<meta property=\"og:type\" content=\"article\" \/>\n<meta property=\"og:title\" content=\"Gan\u00f3 la liebre, la liga es para el PSG &#8211; Futbolandia\" \/>\n<meta property=\"og:description\" content=\"El PSG de Laurent Blanc, a pesar de haberse dormido m\u00e1s de una vez durante la liga, fue muy superior y se proclam\u00f3 campe\u00f3n tras ganar tambi\u00e9n la copa.\" \/>\n<meta property=\"og:url\" content=\"https:\/\/www.manquepierda.com\/futbolandia\/gano-la-liebre-la-liga-es-para-el-psg\/\" \/>\n<meta property=\"og:site_name\" content=\"Futbolandia\" \/>\n<meta property=\"article:published_time\" content=\"2015-05-20T10:29:09+00:00\" \/>\n<meta property=\"article:modified_time\" content=\"2015-07-09T06:55:24+00:00\" \/>\n<meta property=\"og:image\" content=\"https:\/\/i1.wp.com\/www.manquepierda.com\/futbolandia\/files\/2015\/05\/psg-liga.jpg?fit=976%2C577&ssl=1\" \/>\n\t<meta property=\"og:image:width\" content=\"976\" \/>\n\t<meta property=\"og:image:height\" content=\"577\" \/>\n\t<meta property=\"og:image:type\" content=\"image\/jpeg\" \/>\n<meta name=\"author\" content=\"Jorge M. Gonz\u00e1lez\" \/>\n<meta name=\"twitter:label1\" content=\"Escrito por\" \/>\n\t<meta name=\"twitter:data1\" content=\"Jorge M. Gonz\u00e1lez\" \/>\n\t<meta name=\"twitter:label2\" content=\"Tiempo de lectura\" \/>\n\t<meta name=\"twitter:data2\" content=\"3 minutos\" \/>\n<script type=\"application\/ld+json\" class=\"yoast-schema-graph\">{\"@context\":\"https:\\\/\\\/schema.org\",\"@graph\":[{\"@type\":\"Article\",\"@id\":\"https:\\\/\\\/www.manquepierda.com\\\/futbolandia\\\/gano-la-liebre-la-liga-es-para-el-psg\\\/#article\",\"isPartOf\":{\"@id\":\"https:\\\/\\\/www.manquepierda.com\\\/futbolandia\\\/gano-la-liebre-la-liga-es-para-el-psg\\\/\"},\"author\":{\"name\":\"Jorge M. Gonz\u00e1lez\",\"@id\":\"https:\\\/\\\/www.manquepierda.com\\\/futbolandia\\\/#\\\/schema\\\/person\\\/fdb4eabc3c2e0e717a790a4ce10cd2b3\"},\"headline\":\"Gan\u00f3 la liebre, la liga es para el PSG\",\"datePublished\":\"2015-05-20T10:29:09+00:00\",\"dateModified\":\"2015-07-09T06:55:24+00:00\",\"mainEntityOfPage\":{\"@id\":\"https:\\\/\\\/www.manquepierda.com\\\/futbolandia\\\/gano-la-liebre-la-liga-es-para-el-psg\\\/\"},\"wordCount\":681,\"commentCount\":0,\"image\":{\"@id\":\"https:\\\/\\\/www.manquepierda.com\\\/futbolandia\\\/gano-la-liebre-la-liga-es-para-el-psg\\\/#primaryimage\"},\"thumbnailUrl\":\"https:\\\/\\\/i0.wp.com\\\/www.manquepierda.com\\\/futbolandia\\\/files\\\/2015\\\/05\\\/psg-liga.jpg?fit=976%2C577&ssl=1\",\"keywords\":[\"campeon\",\"Francia\",\"Liga\",\"Ligue 1\",\"PSG\"],\"articleSection\":[\"Otras ligas\",\"Portada\"],\"inLanguage\":\"es\",\"potentialAction\":[{\"@type\":\"CommentAction\",\"name\":\"Comment\",\"target\":[\"https:\\\/\\\/www.manquepierda.com\\\/futbolandia\\\/gano-la-liebre-la-liga-es-para-el-psg\\\/#respond\"]}]},{\"@type\":\"WebPage\",\"@id\":\"https:\\\/\\\/www.manquepierda.com\\\/futbolandia\\\/gano-la-liebre-la-liga-es-para-el-psg\\\/\",\"url\":\"https:\\\/\\\/www.manquepierda.com\\\/futbolandia\\\/gano-la-liebre-la-liga-es-para-el-psg\\\/\",\"name\":\"Gan\u00f3 la liebre, la liga es para el PSG &#8211; Futbolandia\",\"isPartOf\":{\"@id\":\"https:\\\/\\\/www.manquepierda.com\\\/futbolandia\\\/#website\"},\"primaryImageOfPage\":{\"@id\":\"https:\\\/\\\/www.manquepierda.com\\\/futbolandia\\\/gano-la-liebre-la-liga-es-para-el-psg\\\/#primaryimage\"},\"image\":{\"@id\":\"https:\\\/\\\/www.manquepierda.com\\\/futbolandia\\\/gano-la-liebre-la-liga-es-para-el-psg\\\/#primaryimage\"},\"thumbnailUrl\":\"https:\\\/\\\/i0.wp.com\\\/www.manquepierda.com\\\/futbolandia\\\/files\\\/2015\\\/05\\\/psg-liga.jpg?fit=976%2C577&ssl=1\",\"datePublished\":\"2015-05-20T10:29:09+00:00\",\"dateModified\":\"2015-07-09T06:55:24+00:00\",\"author\":{\"@id\":\"https:\\\/\\\/www.manquepierda.com\\\/futbolandia\\\/#\\\/schema\\\/person\\\/fdb4eabc3c2e0e717a790a4ce10cd2b3\"},\"description\":\"El PSG de Laurent Blanc, a pesar de haberse dormido m\u00e1s de una vez durante la liga, fue muy superior y se proclam\u00f3 campe\u00f3n tras ganar tambi\u00e9n la copa.\",\"breadcrumb\":{\"@id\":\"https:\\\/\\\/www.manquepierda.com\\\/futbolandia\\\/gano-la-liebre-la-liga-es-para-el-psg\\\/#breadcrumb\"},\"inLanguage\":\"es\",\"potentialAction\":[{\"@type\":\"ReadAction\",\"target\":[\"https:\\\/\\\/www.manquepierda.com\\\/futbolandia\\\/gano-la-liebre-la-liga-es-para-el-psg\\\/\"]}]},{\"@type\":\"ImageObject\",\"inLanguage\":\"es\",\"@id\":\"https:\\\/\\\/www.manquepierda.com\\\/futbolandia\\\/gano-la-liebre-la-liga-es-para-el-psg\\\/#primaryimage\",\"url\":\"https:\\\/\\\/i0.wp.com\\\/www.manquepierda.com\\\/futbolandia\\\/files\\\/2015\\\/05\\\/psg-liga.jpg?fit=976%2C577&ssl=1\",\"contentUrl\":\"https:\\\/\\\/i0.wp.com\\\/www.manquepierda.com\\\/futbolandia\\\/files\\\/2015\\\/05\\\/psg-liga.jpg?fit=976%2C577&ssl=1\",\"width\":976,\"height\":577,\"caption\":\"Foto: futbol.as.com\"},{\"@type\":\"BreadcrumbList\",\"@id\":\"https:\\\/\\\/www.manquepierda.com\\\/futbolandia\\\/gano-la-liebre-la-liga-es-para-el-psg\\\/#breadcrumb\",\"itemListElement\":[{\"@type\":\"ListItem\",\"position\":1,\"name\":\"Portada\",\"item\":\"https:\\\/\\\/www.manquepierda.com\\\/futbolandia\\\/\"},{\"@type\":\"ListItem\",\"position\":2,\"name\":\"Gan\u00f3 la liebre, la liga es para el PSG\"}]},{\"@type\":\"WebSite\",\"@id\":\"https:\\\/\\\/www.manquepierda.com\\\/futbolandia\\\/#website\",\"url\":\"https:\\\/\\\/www.manquepierda.com\\\/futbolandia\\\/\",\"name\":\"Futbolandia\",\"description\":\"Reportajes e informaci\u00f3n sobre f\u00fatbol mundial y j\u00f3venes promesas\",\"potentialAction\":[{\"@type\":\"SearchAction\",\"target\":{\"@type\":\"EntryPoint\",\"urlTemplate\":\"https:\\\/\\\/www.manquepierda.com\\\/futbolandia\\\/?s={search_term_string}\"},\"query-input\":{\"@type\":\"PropertyValueSpecification\",\"valueRequired\":true,\"valueName\":\"search_term_string\"}}],\"inLanguage\":\"es\"},{\"@type\":\"Person\",\"@id\":\"https:\\\/\\\/www.manquepierda.com\\\/futbolandia\\\/#\\\/schema\\\/person\\\/fdb4eabc3c2e0e717a790a4ce10cd2b3\",\"name\":\"Jorge M. Gonz\u00e1lez\",\"image\":{\"@type\":\"ImageObject\",\"inLanguage\":\"es\",\"@id\":\"https:\\\/\\\/secure.gravatar.com\\\/avatar\\\/40fe62083e523c4134f75fb1d06ea73b4503d9162f3c6e89800e90f1bbd7f262?s=96&d=mm&r=g\",\"url\":\"https:\\\/\\\/secure.gravatar.com\\\/avatar\\\/40fe62083e523c4134f75fb1d06ea73b4503d9162f3c6e89800e90f1bbd7f262?s=96&d=mm&r=g\",\"contentUrl\":\"https:\\\/\\\/secure.gravatar.com\\\/avatar\\\/40fe62083e523c4134f75fb1d06ea73b4503d9162f3c6e89800e90f1bbd7f262?s=96&d=mm&r=g\",\"caption\":\"Jorge M. Gonz\u00e1lez\"},\"description\":\"Apasionado del f\u00fatbol internacional y Social Media Manager. Me gusta seguir ligas extranjeras y a las j\u00f3venes promesas de todo el mundo. S\u00edgueme en twitter para compartir afici\u00f3n: @jorgegonex\",\"sameAs\":[\"http:\\\/\\\/manquepierda.com\\\/\",\"https:\\\/\\\/x.com\\\/https:\\\/\\\/twitter.com\\\/jorgegonex\",\"https:\\\/\\\/www.youtube.com\\\/user\\\/FutbolandiaMQP\"],\"url\":\"https:\\\/\\\/www.manquepierda.com\\\/futbolandia\\\/author\\\/jorgegonzalez\\\/\"}]}<\/script>\n<!-- \/ Yoast SEO plugin. -->","yoast_head_json":{"title":"Gan\u00f3 la liebre, la liga es para el PSG &#8211; Futbolandia","description":"El PSG de Laurent Blanc, a pesar de haberse dormido m\u00e1s de una vez durante la liga, fue muy superior y se proclam\u00f3 campe\u00f3n tras ganar tambi\u00e9n la copa.","robots":{"index":"index","follow":"follow","max-snippet":"max-snippet:-1","max-image-preview":"max-image-preview:large","max-video-preview":"max-video-preview:-1"},"canonical":"https:\/\/www.manquepierda.com\/futbolandia\/gano-la-liebre-la-liga-es-para-el-psg\/","og_locale":"es_ES","og_type":"article","og_title":"Gan\u00f3 la liebre, la liga es para el PSG &#8211; Futbolandia","og_description":"El PSG de Laurent Blanc, a pesar de haberse dormido m\u00e1s de una vez durante la liga, fue muy superior y se proclam\u00f3 campe\u00f3n tras ganar tambi\u00e9n la copa.","og_url":"https:\/\/www.manquepierda.com\/futbolandia\/gano-la-liebre-la-liga-es-para-el-psg\/","og_site_name":"Futbolandia","article_published_time":"2015-05-20T10:29:09+00:00","article_modified_time":"2015-07-09T06:55:24+00:00","og_image":[{"width":976,"height":577,"url":"https:\/\/i1.wp.com\/www.manquepierda.com\/futbolandia\/files\/2015\/05\/psg-liga.jpg?fit=976%2C577&ssl=1","type":"image\/jpeg"}],"author":"Jorge M. Gonz\u00e1lez","twitter_misc":{"Escrito por":"Jorge M. Gonz\u00e1lez","Tiempo de lectura":"3 minutos"},"schema":{"@context":"https:\/\/schema.org","@graph":[{"@type":"Article","@id":"https:\/\/www.manquepierda.com\/futbolandia\/gano-la-liebre-la-liga-es-para-el-psg\/#article","isPartOf":{"@id":"https:\/\/www.manquepierda.com\/futbolandia\/gano-la-liebre-la-liga-es-para-el-psg\/"},"author":{"name":"Jorge M. Gonz\u00e1lez","@id":"https:\/\/www.manquepierda.com\/futbolandia\/#\/schema\/person\/fdb4eabc3c2e0e717a790a4ce10cd2b3"},"headline":"Gan\u00f3 la liebre, la liga es para el PSG","datePublished":"2015-05-20T10:29:09+00:00","dateModified":"2015-07-09T06:55:24+00:00","mainEntityOfPage":{"@id":"https:\/\/www.manquepierda.com\/futbolandia\/gano-la-liebre-la-liga-es-para-el-psg\/"},"wordCount":681,"commentCount":0,"image":{"@id":"https:\/\/www.manquepierda.com\/futbolandia\/gano-la-liebre-la-liga-es-para-el-psg\/#primaryimage"},"thumbnailUrl":"https:\/\/i0.wp.com\/www.manquepierda.com\/futbolandia\/files\/2015\/05\/psg-liga.jpg?fit=976%2C577&ssl=1","keywords":["campeon","Francia","Liga","Ligue 1","PSG"],"articleSection":["Otras ligas","Portada"],"inLanguage":"es","potentialAction":[{"@type":"CommentAction","name":"Comment","target":["https:\/\/www.manquepierda.com\/futbolandia\/gano-la-liebre-la-liga-es-para-el-psg\/#respond"]}]},{"@type":"WebPage","@id":"https:\/\/www.manquepierda.com\/futbolandia\/gano-la-liebre-la-liga-es-para-el-psg\/","url":"https:\/\/www.manquepierda.com\/futbolandia\/gano-la-liebre-la-liga-es-para-el-psg\/","name":"Gan\u00f3 la liebre, la liga es para el PSG &#8211; Futbolandia","isPartOf":{"@id":"https:\/\/www.manquepierda.com\/futbolandia\/#website"},"primaryImageOfPage":{"@id":"https:\/\/www.manquepierda.com\/futbolandia\/gano-la-liebre-la-liga-es-para-el-psg\/#primaryimage"},"image":{"@id":"https:\/\/www.manquepierda.com\/futbolandia\/gano-la-liebre-la-liga-es-para-el-psg\/#primaryimage"},"thumbnailUrl":"https:\/\/i0.wp.com\/www.manquepierda.com\/futbolandia\/files\/2015\/05\/psg-liga.jpg?fit=976%2C577&ssl=1","datePublished":"2015-05-20T10:29:09+00:00","dateModified":"2015-07-09T06:55:24+00:00","author":{"@id":"https:\/\/www.manquepierda.com\/futbolandia\/#\/schema\/person\/fdb4eabc3c2e0e717a790a4ce10cd2b3"},"description":"El PSG de Laurent Blanc, a pesar de haberse dormido m\u00e1s de una vez durante la liga, fue muy superior y se proclam\u00f3 campe\u00f3n tras ganar tambi\u00e9n la copa.","breadcrumb":{"@id":"https:\/\/www.manquepierda.com\/futbolandia\/gano-la-liebre-la-liga-es-para-el-psg\/#breadcrumb"},"inLanguage":"es","potentialAction":[{"@type":"ReadAction","target":["https:\/\/www.manquepierda.com\/futbolandia\/gano-la-liebre-la-liga-es-para-el-psg\/"]}]},{"@type":"ImageObject","inLanguage":"es","@id":"https:\/\/www.manquepierda.com\/futbolandia\/gano-la-liebre-la-liga-es-para-el-psg\/#primaryimage","url":"https:\/\/i0.wp.com\/www.manquepierda.com\/futbolandia\/files\/2015\/05\/psg-liga.jpg?fit=976%2C577&ssl=1","contentUrl":"https:\/\/i0.wp.com\/www.manquepierda.com\/futbolandia\/files\/2015\/05\/psg-liga.jpg?fit=976%2C577&ssl=1","width":976,"height":577,"caption":"Foto: futbol.as.com"},{"@type":"BreadcrumbList","@id":"https:\/\/www.manquepierda.com\/futbolandia\/gano-la-liebre-la-liga-es-para-el-psg\/#breadcrumb","itemListElement":[{"@type":"ListItem","position":1,"name":"Portada","item":"https:\/\/www.manquepierda.com\/futbolandia\/"},{"@type":"ListItem","position":2,"name":"Gan\u00f3 la liebre, la liga es para el PSG"}]},{"@type":"WebSite","@id":"https:\/\/www.manquepierda.com\/futbolandia\/#website","url":"https:\/\/www.manquepierda.com\/futbolandia\/","name":"Futbolandia","description":"Reportajes e informaci\u00f3n sobre f\u00fatbol mundial y j\u00f3venes promesas","potentialAction":[{"@type":"SearchAction","target":{"@type":"EntryPoint","urlTemplate":"https:\/\/www.manquepierda.com\/futbolandia\/?s={search_term_string}"},"query-input":{"@type":"PropertyValueSpecification","valueRequired":true,"valueName":"search_term_string"}}],"inLanguage":"es"},{"@type":"Person","@id":"https:\/\/www.manquepierda.com\/futbolandia\/#\/schema\/person\/fdb4eabc3c2e0e717a790a4ce10cd2b3","name":"Jorge M. Gonz\u00e1lez","image":{"@type":"ImageObject","inLanguage":"es","@id":"https:\/\/secure.gravatar.com\/avatar\/40fe62083e523c4134f75fb1d06ea73b4503d9162f3c6e89800e90f1bbd7f262?s=96&d=mm&r=g","url":"https:\/\/secure.gravatar.com\/avatar\/40fe62083e523c4134f75fb1d06ea73b4503d9162f3c6e89800e90f1bbd7f262?s=96&d=mm&r=g","contentUrl":"https:\/\/secure.gravatar.com\/avatar\/40fe62083e523c4134f75fb1d06ea73b4503d9162f3c6e89800e90f1bbd7f262?s=96&d=mm&r=g","caption":"Jorge M. Gonz\u00e1lez"},"description":"Apasionado del f\u00fatbol internacional y Social Media Manager. Me gusta seguir ligas extranjeras y a las j\u00f3venes promesas de todo el mundo. S\u00edgueme en twitter para compartir afici\u00f3n: @jorgegonex","sameAs":["http:\/\/manquepierda.com\/","https:\/\/x.com\/https:\/\/twitter.com\/jorgegonex","https:\/\/www.youtube.com\/user\/FutbolandiaMQP"],"url":"https:\/\/www.manquepierda.com\/futbolandia\/author\/jorgegonzalez\/"}]}},"jetpack_publicize_connections":[],"jetpack_featured_media_url":"https:\/\/i0.wp.com\/www.manquepierda.com\/futbolandia\/files\/2015\/05\/psg-liga.jpg?fit=976%2C577&ssl=1","jetpack_shortlink":"https:\/\/wp.me\/p1THIg-1rs","jetpack_sharing_enabled":true,"_links":{"self":[{"href":"https:\/\/www.manquepierda.com\/futbolandia\/wp-json\/wp\/v2\/posts\/5546","targetHints":{"allow":["GET"]}}],"collection":[{"href":"https:\/\/www.manquepierda.com\/futbolandia\/wp-json\/wp\/v2\/posts"}],"about":[{"href":"https:\/\/www.manquepierda.com\/futbolandia\/wp-json\/wp\/v2\/types\/post"}],"author":[{"embeddable":true,"href":"https:\/\/www.manquepierda.com\/futbolandia\/wp-json\/wp\/v2\/users\/93"}],"replies":[{"embeddable":true,"href":"https:\/\/www.manquepierda.com\/futbolandia\/wp-json\/wp\/v2\/comments?post=5546"}],"version-history":[{"count":0,"href":"https:\/\/www.manquepierda.com\/futbolandia\/wp-json\/wp\/v2\/posts\/5546\/revisions"}],"wp:featuredmedia":[{"embeddable":true,"href":"https:\/\/www.manquepierda.com\/futbolandia\/wp-json\/wp\/v2\/media\/5547"}],"wp:attachment":[{"href":"https:\/\/www.manquepierda.com\/futbolandia\/wp-json\/wp\/v2\/media?parent=5546"}],"wp:term":[{"taxonomy":"category","embeddable":true,"href":"https:\/\/www.manquepierda.com\/futbolandia\/wp-json\/wp\/v2\/categories?post=5546"},{"taxonomy":"post_tag","embeddable":true,"href":"https:\/\/www.manquepierda.com\/futbolandia\/wp-json\/wp\/v2\/tags?post=5546"}],"curies":[{"name":"wp","href":"https:\/\/api.w.org\/{rel}","templated":true}]}}