{"id":5576,"date":"2015-06-03T13:37:37","date_gmt":"2015-06-03T11:37:37","guid":{"rendered":"http:\/\/www.manquepierda.com\/futbolandia\/?p=5576"},"modified":"2015-06-03T13:38:04","modified_gmt":"2015-06-03T11:38:04","slug":"roma-sera-ciudad-de-champions","status":"publish","type":"post","link":"https:\/\/www.manquepierda.com\/futbolandia\/roma-sera-ciudad-de-champions\/","title":{"rendered":"Roma ser\u00e1 ciudad de Champions"},"content":{"rendered":"<p>El pasado fin de semana se dio por finalizada la competici\u00f3n regular en Italia, con la Juventus campeona desde hace varias jornadas, le acompa\u00f1aran en la Champions la temporada que viene <strong>Roma y Lazio<\/strong>, y por su parte <strong>Fiorentina<\/strong> y <strong>N\u00e1poles<\/strong> jugar\u00e1n Europa League. Tambi\u00e9n se acabaron de conocer los descendidos que acompa\u00f1ar\u00e1n al Parma al infierno de la &#8216;Serie B&#8217;, que son Cesena y Cagliari.<\/p>\n<p>Sin lugar a dudas el partido con mayor trascendencia de toda la trig\u00e9simo octava jornada fue el N\u00e1poles-Lazio que se jugaba en San Paolo. Quien se hiciera con los tres puntos jugar\u00eda Champions la temporada que viene, y quien no acompa\u00f1ar\u00eda a Fiorentina en la Europa League. Recordemos que en Italia solo los tres primeros clasificados juegan Champions, no cuatro como ocurre en Espa\u00f1a.<\/p>\n<p>Con todo por decidir se jug\u00f3 el partido de la temporada tanto para napolitanos como para romanos, donde el esfuerzo y el trabajo de toda una temporada podr\u00eda verse recompensado o verse derrumbado. Solo pod\u00eda quedar uno. <strong>El partido del N\u00e1poles reflej\u00f3 todo lo que ha vivido durante esta temporada, con muchos altibajos, muchos tramos de dudas, sin capacidad de\u00a0reacci\u00f3n&#8230;<\/strong> y momentos donde demostr\u00f3 porque hab\u00eda sido un claro candidato a poder ganar la Europa League. Por su parte, la Lazio llevo a cabo un gran partido que se le pudo complicar debido a la remontada moment\u00e1nea del Nap\u00f3les, pero que pudo solventar con gran acierto en los \u00faltimos compases del partido.<\/p>\n<figure style=\"width: 564px\" class=\"wp-caption aligncenter\"><img data-recalc-dims=\"1\" loading=\"lazy\" decoding=\"async\" src=\"https:\/\/i0.wp.com\/www.sscnapoli.it\/shared\/imagebinary\/17003\/2015-05-31_19-40-52.jpg?resize=564%2C376\" alt=\"\" width=\"564\" height=\"376\" \/><figcaption class=\"wp-caption-text\">El Napoli-Lazio fue el \u00faltimo partido que dirigi\u00f3 Rafa Ben\u00edtez como entrenador del Napoli antes de marcharse al Real Madrid. (FOTO: www.sscnapoli.it)<\/figcaption><\/figure>\n<p>El encuentro se le puso de cara a los de Pioli pronto, debido a que tras fallar el Napoli diversas ocasiones claras de gol fue<strong> Parolo<\/strong> y luego <strong>Candreva<\/strong> en el 31&#8242; y 45&#8242; respectivamente, quienes les daban una clara ventaja antes del descanso. El Napoli necesitaba una gran dosis de motivaci\u00f3n y no desesperarse, y as\u00ed fue como el<em> &#8216;Pipa&#8217;<\/em> <strong>Higua\u00edn<\/strong> acudi\u00f3 al rescate de su equipo marcando dos tantos en apenas 10 minutos. Quedaba aun media hora por delante y el partido pod\u00eda decidirse en cualquier jugada, as\u00ed que ambos equipos deber\u00edan permanecer atentos y no pecar de falta de concentraci\u00f3n. As\u00ed pues, <strong>llegaron los minutos finales donde el &#8216;Pipita&#8217; h\u00e9roe del N\u00e1poles durante este partido, err\u00f3 el penalti que hubiera significado el 3-2 y qui\u00e9n sabe si la certificaci\u00f3n del pase a Champions. Pero el argentino err\u00f3 el penalti y minutos m\u00e1s tarde fueron Onazi y Klose los que le dieron la vuelta a la tortilla y consiguieron que el pase de Champions se fuese de N\u00e1poles a Roma.<\/strong><\/p>\n<p>Roma ser\u00e1 ciudad de Champions la temporada que viene, y veremos que pasa con el Napoli, cambio de entrenador y un proyecto nuevo por delante, estaremos atentos a lo que ocurra en este mercado de verano, estoy seguro que el Napoli mover\u00e1 ficha para poder estar en Champions dentro de dos temporadas.<\/p>\n<figure style=\"width: 572px\" class=\"wp-caption aligncenter\"><img data-recalc-dims=\"1\" loading=\"lazy\" decoding=\"async\" src=\"https:\/\/i0.wp.com\/www.sscnapoli.it\/shared\/imagebinary\/17085\/2015-05-31_21-25-32.jpg?resize=572%2C381\" alt=\"\" width=\"572\" height=\"381\" \/><figcaption class=\"wp-caption-text\">A pesar de ser uno de los m\u00e1s destacados del encuentro y anotar dos goles, Gonzalo Higua\u00edn fall\u00f3 un penalti con 2-2 en el marcador. (FOTO: www.sscnapoli.it)<\/figcaption><\/figure>\n<p>&nbsp;<\/p>\n","protected":false},"excerpt":{"rendered":"<p>El pasado fin de semana se dio por finalizada la competici\u00f3n regular en Italia, con la Juventus campeona desde hace varias jornadas, le acompa\u00f1aran en la Champions la temporada que viene Roma y Lazio, y por su parte Fiorentina y N\u00e1poles jugar\u00e1n Europa League. Tambi\u00e9n se acabaron de conocer los descendidos que acompa\u00f1ar\u00e1n al Parma&#8230;<\/p>\n","protected":false},"author":442,"featured_media":5578,"comment_status":"open","ping_status":"open","sticky":false,"template":"","format":"standard","meta":{"_kad_post_transparent":"","_kad_post_title":"","_kad_post_layout":"","_kad_post_sidebar_id":"","_kad_post_content_style":"","_kad_post_vertical_padding":"","_kad_post_feature":"","_kad_post_feature_position":"","_kad_post_header":false,"_kad_post_footer":false,"_kad_post_classname":"","_jetpack_memberships_contains_paid_content":false,"footnotes":"","jetpack_publicize_message":"","jetpack_publicize_feature_enabled":true,"jetpack_social_post_already_shared":true,"jetpack_social_options":{"image_generator_settings":{"template":"highway","default_image_id":0,"font":"","enabled":false},"version":2}},"categories":[10,1370],"tags":[27,1163,2006,131],"class_list":["post-5576","post","type-post","status-publish","format-standard","has-post-thumbnail","hentry","category-portada","category-serie-a-futbol-italiano","tag-champions-league","tag-lazio","tag-napoli","tag-serie-a"],"yoast_head":"<!-- This site is optimized with the Yoast SEO plugin v27.5 - https:\/\/yoast.com\/product\/yoast-seo-wordpress\/ -->\n<title>Roma ser\u00e1 ciudad de Champions &#8211; Futbolandia<\/title>\n<meta name=\"robots\" content=\"index, follow, max-snippet:-1, max-image-preview:large, max-video-preview:-1\" \/>\n<link rel=\"canonical\" href=\"https:\/\/www.manquepierda.com\/futbolandia\/roma-sera-ciudad-de-champions\/\" \/>\n<meta property=\"og:locale\" content=\"es_ES\" \/>\n<meta property=\"og:type\" content=\"article\" \/>\n<meta property=\"og:title\" content=\"Roma ser\u00e1 ciudad de Champions &#8211; Futbolandia\" \/>\n<meta property=\"og:description\" content=\"El pasado fin de semana se dio por finalizada la competici\u00f3n regular en Italia, con la Juventus campeona desde hace varias jornadas, le acompa\u00f1aran en la Champions la temporada que viene Roma y Lazio, y por su parte Fiorentina y N\u00e1poles jugar\u00e1n Europa League. Tambi\u00e9n se acabaron de conocer los descendidos que acompa\u00f1ar\u00e1n al Parma...\" \/>\n<meta property=\"og:url\" content=\"https:\/\/www.manquepierda.com\/futbolandia\/roma-sera-ciudad-de-champions\/\" \/>\n<meta property=\"og:site_name\" content=\"Futbolandia\" \/>\n<meta property=\"article:published_time\" content=\"2015-06-03T11:37:37+00:00\" \/>\n<meta property=\"article:modified_time\" content=\"2015-06-03T11:38:04+00:00\" \/>\n<meta property=\"og:image\" content=\"https:\/\/i2.wp.com\/www.manquepierda.com\/futbolandia\/files\/2015\/06\/2015-05-31_21-05-53.jpg?fit=960%2C640&ssl=1\" \/>\n\t<meta property=\"og:image:width\" content=\"960\" \/>\n\t<meta property=\"og:image:height\" content=\"640\" \/>\n\t<meta property=\"og:image:type\" content=\"image\/jpeg\" \/>\n<meta name=\"author\" content=\"Jordi Bernal Albiol\" \/>\n<meta name=\"twitter:label1\" content=\"Escrito por\" \/>\n\t<meta name=\"twitter:data1\" content=\"Jordi Bernal Albiol\" \/>\n\t<meta name=\"twitter:label2\" content=\"Tiempo de lectura\" \/>\n\t<meta name=\"twitter:data2\" content=\"3 minutos\" \/>\n<script type=\"application\/ld+json\" class=\"yoast-schema-graph\">{\"@context\":\"https:\\\/\\\/schema.org\",\"@graph\":[{\"@type\":\"Article\",\"@id\":\"https:\\\/\\\/www.manquepierda.com\\\/futbolandia\\\/roma-sera-ciudad-de-champions\\\/#article\",\"isPartOf\":{\"@id\":\"https:\\\/\\\/www.manquepierda.com\\\/futbolandia\\\/roma-sera-ciudad-de-champions\\\/\"},\"author\":{\"name\":\"Jordi Bernal Albiol\",\"@id\":\"https:\\\/\\\/www.manquepierda.com\\\/futbolandia\\\/#\\\/schema\\\/person\\\/847db99271dc4c2cf3ad9f27f06c67ca\"},\"headline\":\"Roma ser\u00e1 ciudad de Champions\",\"datePublished\":\"2015-06-03T11:37:37+00:00\",\"dateModified\":\"2015-06-03T11:38:04+00:00\",\"mainEntityOfPage\":{\"@id\":\"https:\\\/\\\/www.manquepierda.com\\\/futbolandia\\\/roma-sera-ciudad-de-champions\\\/\"},\"wordCount\":569,\"commentCount\":0,\"image\":{\"@id\":\"https:\\\/\\\/www.manquepierda.com\\\/futbolandia\\\/roma-sera-ciudad-de-champions\\\/#primaryimage\"},\"thumbnailUrl\":\"https:\\\/\\\/i0.wp.com\\\/www.manquepierda.com\\\/futbolandia\\\/files\\\/2015\\\/06\\\/2015-05-31_21-05-53.jpg?fit=960%2C640&ssl=1\",\"keywords\":[\"Champions League\",\"Lazio\",\"Napoli\",\"Serie A\"],\"articleSection\":[\"Portada\",\"Serie A - F\u00fatbol Italiano\"],\"inLanguage\":\"es\",\"potentialAction\":[{\"@type\":\"CommentAction\",\"name\":\"Comment\",\"target\":[\"https:\\\/\\\/www.manquepierda.com\\\/futbolandia\\\/roma-sera-ciudad-de-champions\\\/#respond\"]}]},{\"@type\":\"WebPage\",\"@id\":\"https:\\\/\\\/www.manquepierda.com\\\/futbolandia\\\/roma-sera-ciudad-de-champions\\\/\",\"url\":\"https:\\\/\\\/www.manquepierda.com\\\/futbolandia\\\/roma-sera-ciudad-de-champions\\\/\",\"name\":\"Roma ser\u00e1 ciudad de Champions &#8211; Futbolandia\",\"isPartOf\":{\"@id\":\"https:\\\/\\\/www.manquepierda.com\\\/futbolandia\\\/#website\"},\"primaryImageOfPage\":{\"@id\":\"https:\\\/\\\/www.manquepierda.com\\\/futbolandia\\\/roma-sera-ciudad-de-champions\\\/#primaryimage\"},\"image\":{\"@id\":\"https:\\\/\\\/www.manquepierda.com\\\/futbolandia\\\/roma-sera-ciudad-de-champions\\\/#primaryimage\"},\"thumbnailUrl\":\"https:\\\/\\\/i0.wp.com\\\/www.manquepierda.com\\\/futbolandia\\\/files\\\/2015\\\/06\\\/2015-05-31_21-05-53.jpg?fit=960%2C640&ssl=1\",\"datePublished\":\"2015-06-03T11:37:37+00:00\",\"dateModified\":\"2015-06-03T11:38:04+00:00\",\"author\":{\"@id\":\"https:\\\/\\\/www.manquepierda.com\\\/futbolandia\\\/#\\\/schema\\\/person\\\/847db99271dc4c2cf3ad9f27f06c67ca\"},\"breadcrumb\":{\"@id\":\"https:\\\/\\\/www.manquepierda.com\\\/futbolandia\\\/roma-sera-ciudad-de-champions\\\/#breadcrumb\"},\"inLanguage\":\"es\",\"potentialAction\":[{\"@type\":\"ReadAction\",\"target\":[\"https:\\\/\\\/www.manquepierda.com\\\/futbolandia\\\/roma-sera-ciudad-de-champions\\\/\"]}]},{\"@type\":\"ImageObject\",\"inLanguage\":\"es\",\"@id\":\"https:\\\/\\\/www.manquepierda.com\\\/futbolandia\\\/roma-sera-ciudad-de-champions\\\/#primaryimage\",\"url\":\"https:\\\/\\\/i0.wp.com\\\/www.manquepierda.com\\\/futbolandia\\\/files\\\/2015\\\/06\\\/2015-05-31_21-05-53.jpg?fit=960%2C640&ssl=1\",\"contentUrl\":\"https:\\\/\\\/i0.wp.com\\\/www.manquepierda.com\\\/futbolandia\\\/files\\\/2015\\\/06\\\/2015-05-31_21-05-53.jpg?fit=960%2C640&ssl=1\",\"width\":960,\"height\":640},{\"@type\":\"BreadcrumbList\",\"@id\":\"https:\\\/\\\/www.manquepierda.com\\\/futbolandia\\\/roma-sera-ciudad-de-champions\\\/#breadcrumb\",\"itemListElement\":[{\"@type\":\"ListItem\",\"position\":1,\"name\":\"Portada\",\"item\":\"https:\\\/\\\/www.manquepierda.com\\\/futbolandia\\\/\"},{\"@type\":\"ListItem\",\"position\":2,\"name\":\"Roma ser\u00e1 ciudad de Champions\"}]},{\"@type\":\"WebSite\",\"@id\":\"https:\\\/\\\/www.manquepierda.com\\\/futbolandia\\\/#website\",\"url\":\"https:\\\/\\\/www.manquepierda.com\\\/futbolandia\\\/\",\"name\":\"Futbolandia\",\"description\":\"Reportajes e informaci\u00f3n sobre f\u00fatbol mundial y j\u00f3venes promesas\",\"potentialAction\":[{\"@type\":\"SearchAction\",\"target\":{\"@type\":\"EntryPoint\",\"urlTemplate\":\"https:\\\/\\\/www.manquepierda.com\\\/futbolandia\\\/?s={search_term_string}\"},\"query-input\":{\"@type\":\"PropertyValueSpecification\",\"valueRequired\":true,\"valueName\":\"search_term_string\"}}],\"inLanguage\":\"es\"},{\"@type\":\"Person\",\"@id\":\"https:\\\/\\\/www.manquepierda.com\\\/futbolandia\\\/#\\\/schema\\\/person\\\/847db99271dc4c2cf3ad9f27f06c67ca\",\"name\":\"Jordi Bernal Albiol\",\"image\":{\"@type\":\"ImageObject\",\"inLanguage\":\"es\",\"@id\":\"https:\\\/\\\/secure.gravatar.com\\\/avatar\\\/2c59041c60fd565cf17d2e4ef56218fa69ea488942909d24a0f08383d09f4570?s=96&d=mm&r=g\",\"url\":\"https:\\\/\\\/secure.gravatar.com\\\/avatar\\\/2c59041c60fd565cf17d2e4ef56218fa69ea488942909d24a0f08383d09f4570?s=96&d=mm&r=g\",\"contentUrl\":\"https:\\\/\\\/secure.gravatar.com\\\/avatar\\\/2c59041c60fd565cf17d2e4ef56218fa69ea488942909d24a0f08383d09f4570?s=96&d=mm&r=g\",\"caption\":\"Jordi Bernal Albiol\"},\"description\":\"Graduado en ADE.De Castell\u00f3n de la Plana. De los que piensan que el f\u00fatbol es una forma de vida de aislarse de la vida misma. Aficionado al f\u00fatbol internacional sobre todo Premier y Bundesliga. Y lo m\u00e1s importante enamorado de mi equipo, el F\u00fatbol Club Barcelona. Me podr\u00e9is encontrar en twitter: @jba_jordi\",\"url\":\"https:\\\/\\\/www.manquepierda.com\\\/futbolandia\\\/author\\\/jordi93cs\\\/\"}]}<\/script>\n<!-- \/ Yoast SEO plugin. -->","yoast_head_json":{"title":"Roma ser\u00e1 ciudad de Champions &#8211; Futbolandia","robots":{"index":"index","follow":"follow","max-snippet":"max-snippet:-1","max-image-preview":"max-image-preview:large","max-video-preview":"max-video-preview:-1"},"canonical":"https:\/\/www.manquepierda.com\/futbolandia\/roma-sera-ciudad-de-champions\/","og_locale":"es_ES","og_type":"article","og_title":"Roma ser\u00e1 ciudad de Champions &#8211; Futbolandia","og_description":"El pasado fin de semana se dio por finalizada la competici\u00f3n regular en Italia, con la Juventus campeona desde hace varias jornadas, le acompa\u00f1aran en la Champions la temporada que viene Roma y Lazio, y por su parte Fiorentina y N\u00e1poles jugar\u00e1n Europa League. Tambi\u00e9n se acabaron de conocer los descendidos que acompa\u00f1ar\u00e1n al Parma...","og_url":"https:\/\/www.manquepierda.com\/futbolandia\/roma-sera-ciudad-de-champions\/","og_site_name":"Futbolandia","article_published_time":"2015-06-03T11:37:37+00:00","article_modified_time":"2015-06-03T11:38:04+00:00","og_image":[{"width":960,"height":640,"url":"https:\/\/i2.wp.com\/www.manquepierda.com\/futbolandia\/files\/2015\/06\/2015-05-31_21-05-53.jpg?fit=960%2C640&ssl=1","type":"image\/jpeg"}],"author":"Jordi Bernal Albiol","twitter_misc":{"Escrito por":"Jordi Bernal Albiol","Tiempo de lectura":"3 minutos"},"schema":{"@context":"https:\/\/schema.org","@graph":[{"@type":"Article","@id":"https:\/\/www.manquepierda.com\/futbolandia\/roma-sera-ciudad-de-champions\/#article","isPartOf":{"@id":"https:\/\/www.manquepierda.com\/futbolandia\/roma-sera-ciudad-de-champions\/"},"author":{"name":"Jordi Bernal Albiol","@id":"https:\/\/www.manquepierda.com\/futbolandia\/#\/schema\/person\/847db99271dc4c2cf3ad9f27f06c67ca"},"headline":"Roma ser\u00e1 ciudad de Champions","datePublished":"2015-06-03T11:37:37+00:00","dateModified":"2015-06-03T11:38:04+00:00","mainEntityOfPage":{"@id":"https:\/\/www.manquepierda.com\/futbolandia\/roma-sera-ciudad-de-champions\/"},"wordCount":569,"commentCount":0,"image":{"@id":"https:\/\/www.manquepierda.com\/futbolandia\/roma-sera-ciudad-de-champions\/#primaryimage"},"thumbnailUrl":"https:\/\/i0.wp.com\/www.manquepierda.com\/futbolandia\/files\/2015\/06\/2015-05-31_21-05-53.jpg?fit=960%2C640&ssl=1","keywords":["Champions League","Lazio","Napoli","Serie A"],"articleSection":["Portada","Serie A - F\u00fatbol Italiano"],"inLanguage":"es","potentialAction":[{"@type":"CommentAction","name":"Comment","target":["https:\/\/www.manquepierda.com\/futbolandia\/roma-sera-ciudad-de-champions\/#respond"]}]},{"@type":"WebPage","@id":"https:\/\/www.manquepierda.com\/futbolandia\/roma-sera-ciudad-de-champions\/","url":"https:\/\/www.manquepierda.com\/futbolandia\/roma-sera-ciudad-de-champions\/","name":"Roma ser\u00e1 ciudad de Champions &#8211; Futbolandia","isPartOf":{"@id":"https:\/\/www.manquepierda.com\/futbolandia\/#website"},"primaryImageOfPage":{"@id":"https:\/\/www.manquepierda.com\/futbolandia\/roma-sera-ciudad-de-champions\/#primaryimage"},"image":{"@id":"https:\/\/www.manquepierda.com\/futbolandia\/roma-sera-ciudad-de-champions\/#primaryimage"},"thumbnailUrl":"https:\/\/i0.wp.com\/www.manquepierda.com\/futbolandia\/files\/2015\/06\/2015-05-31_21-05-53.jpg?fit=960%2C640&ssl=1","datePublished":"2015-06-03T11:37:37+00:00","dateModified":"2015-06-03T11:38:04+00:00","author":{"@id":"https:\/\/www.manquepierda.com\/futbolandia\/#\/schema\/person\/847db99271dc4c2cf3ad9f27f06c67ca"},"breadcrumb":{"@id":"https:\/\/www.manquepierda.com\/futbolandia\/roma-sera-ciudad-de-champions\/#breadcrumb"},"inLanguage":"es","potentialAction":[{"@type":"ReadAction","target":["https:\/\/www.manquepierda.com\/futbolandia\/roma-sera-ciudad-de-champions\/"]}]},{"@type":"ImageObject","inLanguage":"es","@id":"https:\/\/www.manquepierda.com\/futbolandia\/roma-sera-ciudad-de-champions\/#primaryimage","url":"https:\/\/i0.wp.com\/www.manquepierda.com\/futbolandia\/files\/2015\/06\/2015-05-31_21-05-53.jpg?fit=960%2C640&ssl=1","contentUrl":"https:\/\/i0.wp.com\/www.manquepierda.com\/futbolandia\/files\/2015\/06\/2015-05-31_21-05-53.jpg?fit=960%2C640&ssl=1","width":960,"height":640},{"@type":"BreadcrumbList","@id":"https:\/\/www.manquepierda.com\/futbolandia\/roma-sera-ciudad-de-champions\/#breadcrumb","itemListElement":[{"@type":"ListItem","position":1,"name":"Portada","item":"https:\/\/www.manquepierda.com\/futbolandia\/"},{"@type":"ListItem","position":2,"name":"Roma ser\u00e1 ciudad de Champions"}]},{"@type":"WebSite","@id":"https:\/\/www.manquepierda.com\/futbolandia\/#website","url":"https:\/\/www.manquepierda.com\/futbolandia\/","name":"Futbolandia","description":"Reportajes e informaci\u00f3n sobre f\u00fatbol mundial y j\u00f3venes promesas","potentialAction":[{"@type":"SearchAction","target":{"@type":"EntryPoint","urlTemplate":"https:\/\/www.manquepierda.com\/futbolandia\/?s={search_term_string}"},"query-input":{"@type":"PropertyValueSpecification","valueRequired":true,"valueName":"search_term_string"}}],"inLanguage":"es"},{"@type":"Person","@id":"https:\/\/www.manquepierda.com\/futbolandia\/#\/schema\/person\/847db99271dc4c2cf3ad9f27f06c67ca","name":"Jordi Bernal Albiol","image":{"@type":"ImageObject","inLanguage":"es","@id":"https:\/\/secure.gravatar.com\/avatar\/2c59041c60fd565cf17d2e4ef56218fa69ea488942909d24a0f08383d09f4570?s=96&d=mm&r=g","url":"https:\/\/secure.gravatar.com\/avatar\/2c59041c60fd565cf17d2e4ef56218fa69ea488942909d24a0f08383d09f4570?s=96&d=mm&r=g","contentUrl":"https:\/\/secure.gravatar.com\/avatar\/2c59041c60fd565cf17d2e4ef56218fa69ea488942909d24a0f08383d09f4570?s=96&d=mm&r=g","caption":"Jordi Bernal Albiol"},"description":"Graduado en ADE.De Castell\u00f3n de la Plana. De los que piensan que el f\u00fatbol es una forma de vida de aislarse de la vida misma. Aficionado al f\u00fatbol internacional sobre todo Premier y Bundesliga. Y lo m\u00e1s importante enamorado de mi equipo, el F\u00fatbol Club Barcelona. Me podr\u00e9is encontrar en twitter: @jba_jordi","url":"https:\/\/www.manquepierda.com\/futbolandia\/author\/jordi93cs\/"}]}},"jetpack_publicize_connections":[],"jetpack_featured_media_url":"https:\/\/i0.wp.com\/www.manquepierda.com\/futbolandia\/files\/2015\/06\/2015-05-31_21-05-53.jpg?fit=960%2C640&ssl=1","jetpack_shortlink":"https:\/\/wp.me\/p1THIg-1rW","jetpack_sharing_enabled":true,"_links":{"self":[{"href":"https:\/\/www.manquepierda.com\/futbolandia\/wp-json\/wp\/v2\/posts\/5576","targetHints":{"allow":["GET"]}}],"collection":[{"href":"https:\/\/www.manquepierda.com\/futbolandia\/wp-json\/wp\/v2\/posts"}],"about":[{"href":"https:\/\/www.manquepierda.com\/futbolandia\/wp-json\/wp\/v2\/types\/post"}],"author":[{"embeddable":true,"href":"https:\/\/www.manquepierda.com\/futbolandia\/wp-json\/wp\/v2\/users\/442"}],"replies":[{"embeddable":true,"href":"https:\/\/www.manquepierda.com\/futbolandia\/wp-json\/wp\/v2\/comments?post=5576"}],"version-history":[{"count":0,"href":"https:\/\/www.manquepierda.com\/futbolandia\/wp-json\/wp\/v2\/posts\/5576\/revisions"}],"wp:featuredmedia":[{"embeddable":true,"href":"https:\/\/www.manquepierda.com\/futbolandia\/wp-json\/wp\/v2\/media\/5578"}],"wp:attachment":[{"href":"https:\/\/www.manquepierda.com\/futbolandia\/wp-json\/wp\/v2\/media?parent=5576"}],"wp:term":[{"taxonomy":"category","embeddable":true,"href":"https:\/\/www.manquepierda.com\/futbolandia\/wp-json\/wp\/v2\/categories?post=5576"},{"taxonomy":"post_tag","embeddable":true,"href":"https:\/\/www.manquepierda.com\/futbolandia\/wp-json\/wp\/v2\/tags?post=5576"}],"curies":[{"name":"wp","href":"https:\/\/api.w.org\/{rel}","templated":true}]}}