{"id":5669,"date":"2015-07-14T11:43:33","date_gmt":"2015-07-14T09:43:33","guid":{"rendered":"http:\/\/www.manquepierda.com\/futbolandia\/?p=5669"},"modified":"2015-07-14T11:43:33","modified_gmt":"2015-07-14T09:43:33","slug":"celta-y-betis-encabezan-la-lista-de-fichajes","status":"publish","type":"post","link":"https:\/\/www.manquepierda.com\/futbolandia\/celta-y-betis-encabezan-la-lista-de-fichajes\/","title":{"rendered":"Celta y Betis encabezan la lista de fichajes"},"content":{"rendered":"<p>Sorprende que a mediados del mes de julio, el <strong>Real Betis<\/strong> sea <strong>el segundo<\/strong> equipo <strong>de los no participantes en competici\u00f3n europea esta temporada que m\u00e1s dinero haya invertido en fichajes<\/strong>. Incluso supera a uno de los equipos europeos, el <strong>Athletic de Bilbao,<\/strong> que hasta la fecha no ha hecho <strong>ninguna contrataci\u00f3n que le haya supuesto alg\u00fan desembolso econ\u00f3mico<\/strong>. Sobre todo sorprende por ser un reci\u00e9n ascendido.<\/p>\n<p>Ni la Real Sociedad de David Moyes, ni el M\u00e1laga de Javi Gracia, ni el Espanyol de Sergio han gastado m\u00e1s que los hispalenses, solo adelantados por el <strong>Celta<\/strong> de Eduardo Berizzo, que ha incorporado a sus filas a <strong>Daniel Wass e Iago Aspas<\/strong>, ambos por cinco millones de euros y procedentes del Evian Thonon y Sevilla respectivamente. Tambi\u00e9n ha llegado para reforzar la punta celeste <strong>John Guidetti<\/strong>, que ha quedado libre del Manchester City tras estar cedido en el Celtic la pasada campa\u00f1a.<\/p>\n<figure id=\"attachment_5675\" aria-describedby=\"caption-attachment-5675\" style=\"width: 680px\" class=\"wp-caption aligncenter\"><a href=\"https:\/\/i0.wp.com\/www.manquepierda.com\/futbolandia\/files\/2015\/07\/pezzella-betisweb_opt.jpg\"><img data-recalc-dims=\"1\" loading=\"lazy\" decoding=\"async\" data-attachment-id=\"5675\" data-permalink=\"https:\/\/www.manquepierda.com\/futbolandia\/celta-y-betis-encabezan-la-lista-de-fichajes\/pezzella-betisweb_opt\/\" data-orig-file=\"https:\/\/i0.wp.com\/www.manquepierda.com\/futbolandia\/files\/2015\/07\/pezzella-betisweb_opt.jpg?fit=680%2C453&amp;ssl=1\" data-orig-size=\"680,453\" data-comments-opened=\"1\" data-image-meta=\"{&quot;aperture&quot;:&quot;5.6&quot;,&quot;credit&quot;:&quot;Alejandro Arteaga&quot;,&quot;camera&quot;:&quot;Canon EOS 7D&quot;,&quot;caption&quot;:&quot;&quot;,&quot;created_timestamp&quot;:&quot;1436791422&quot;,&quot;copyright&quot;:&quot;&quot;,&quot;focal_length&quot;:&quot;85&quot;,&quot;iso&quot;:&quot;400&quot;,&quot;shutter_speed&quot;:&quot;0.00625&quot;,&quot;title&quot;:&quot;&quot;,&quot;orientation&quot;:&quot;1&quot;}\" data-image-title=\"pezzella betisweb_opt\" data-image-description=\"\" data-image-caption=\"&lt;p&gt;Imagen v\u00eda: betisweb.com&lt;\/p&gt;\n\" data-large-file=\"https:\/\/i0.wp.com\/www.manquepierda.com\/futbolandia\/files\/2015\/07\/pezzella-betisweb_opt.jpg?fit=680%2C453&amp;ssl=1\" class=\"size-full wp-image-5675\" src=\"https:\/\/i0.wp.com\/www.manquepierda.com\/futbolandia\/files\/2015\/07\/pezzella-betisweb_opt.jpg?resize=680%2C453\" alt=\"Imagen v\u00eda: betisweb.com\" width=\"680\" height=\"453\" srcset=\"https:\/\/i0.wp.com\/www.manquepierda.com\/futbolandia\/files\/2015\/07\/pezzella-betisweb_opt.jpg?w=680&amp;ssl=1 680w, https:\/\/i0.wp.com\/www.manquepierda.com\/futbolandia\/files\/2015\/07\/pezzella-betisweb_opt.jpg?resize=300%2C200&amp;ssl=1 300w\" sizes=\"auto, (max-width: 680px) 100vw, 680px\" \/><\/a><figcaption id=\"caption-attachment-5675\" class=\"wp-caption-text\">Imagen v\u00eda: betisweb.com<\/figcaption><\/figure>\n<p>Seguido de los gallegos se encuentra el <strong>Real Betis<\/strong>. A los traspasos de <strong>German Pezzella (River Plate), Amro Tarek (El Gouna), Petros (Corinthians) y Piccini (Fiorentina)<\/strong>, hay que sumarle las opciones de compra obligatoria de <strong>Portillo y Kadir<\/strong> y el pago restante por <strong>N\u00b4Diaye<\/strong>. Por ellos ha desembolsado el Betis en torno a los ocho millones de euros, m\u00e1s las llegadas a <strong>coste cero<\/strong> de <strong>Didier Digard y Rafael Van der Vaart.<\/strong><\/p>\n<figure id=\"attachment_5674\" aria-describedby=\"caption-attachment-5674\" style=\"width: 680px\" class=\"wp-caption aligncenter\"><a href=\"https:\/\/i0.wp.com\/www.manquepierda.com\/futbolandia\/files\/2015\/07\/amrabat-europapress_opt.jpg\"><img data-recalc-dims=\"1\" loading=\"lazy\" decoding=\"async\" data-attachment-id=\"5674\" data-permalink=\"https:\/\/www.manquepierda.com\/futbolandia\/celta-y-betis-encabezan-la-lista-de-fichajes\/amrabat-europapress_opt\/\" data-orig-file=\"https:\/\/i0.wp.com\/www.manquepierda.com\/futbolandia\/files\/2015\/07\/amrabat-europapress_opt.jpg?fit=680%2C447&amp;ssl=1\" data-orig-size=\"680,447\" data-comments-opened=\"1\" data-image-meta=\"{&quot;aperture&quot;:&quot;0&quot;,&quot;credit&quot;:&quot;&quot;,&quot;camera&quot;:&quot;&quot;,&quot;caption&quot;:&quot;&quot;,&quot;created_timestamp&quot;:&quot;0&quot;,&quot;copyright&quot;:&quot;&quot;,&quot;focal_length&quot;:&quot;0&quot;,&quot;iso&quot;:&quot;0&quot;,&quot;shutter_speed&quot;:&quot;0&quot;,&quot;title&quot;:&quot;&quot;,&quot;orientation&quot;:&quot;0&quot;}\" data-image-title=\"amrabat europapress_opt\" data-image-description=\"\" data-image-caption=\"&lt;p&gt;Imagen v\u00eda: europapress.es&lt;\/p&gt;\n\" data-large-file=\"https:\/\/i0.wp.com\/www.manquepierda.com\/futbolandia\/files\/2015\/07\/amrabat-europapress_opt.jpg?fit=680%2C447&amp;ssl=1\" class=\"size-full wp-image-5674\" src=\"https:\/\/i0.wp.com\/www.manquepierda.com\/futbolandia\/files\/2015\/07\/amrabat-europapress_opt.jpg?resize=680%2C447\" alt=\"Imagen v\u00eda: europapress.es\" width=\"680\" height=\"447\" srcset=\"https:\/\/i0.wp.com\/www.manquepierda.com\/futbolandia\/files\/2015\/07\/amrabat-europapress_opt.jpg?w=680&amp;ssl=1 680w, https:\/\/i0.wp.com\/www.manquepierda.com\/futbolandia\/files\/2015\/07\/amrabat-europapress_opt.jpg?resize=300%2C197&amp;ssl=1 300w\" sizes=\"auto, (max-width: 680px) 100vw, 680px\" \/><\/a><figcaption id=\"caption-attachment-5674\" class=\"wp-caption-text\">Imagen v\u00eda: europapress.es<\/figcaption><\/figure>\n<p>El tercer equipo en fichajes es otro andaluz, el <strong>M\u00e1laga<\/strong>, que tras la contrataci\u00f3n de <strong>Charles y Tighadouini<\/strong>, hizo efectiva la opci\u00f3n de compra preferencial de <strong>Noureddine Amrabat<\/strong>. Entre los tres delanteros se sit\u00faa la cifra cerca de los <strong>cinco millones de euros.<\/strong><\/p>\n<p>Despu\u00e9s de este \u00ab<i>podium<\/i> provisional\u00bb en fichajes, estar\u00edan la <strong>Real Sociedad<\/strong>, con el fichaje de <strong>David Concha<\/strong> (Racing de Santander), y <strong>Las Palmas<\/strong> tras ejercer la opci\u00f3n de compra de <strong>Sergio Araujo<\/strong>, procedente de Boca Juniors.<\/p>\n<figure id=\"attachment_5673\" aria-describedby=\"caption-attachment-5673\" style=\"width: 680px\" class=\"wp-caption aligncenter\"><a href=\"https:\/\/i0.wp.com\/www.manquepierda.com\/futbolandia\/files\/2015\/07\/sergio-araujo-grancanariatv_opt.jpg\"><img data-recalc-dims=\"1\" loading=\"lazy\" decoding=\"async\" data-attachment-id=\"5673\" data-permalink=\"https:\/\/www.manquepierda.com\/futbolandia\/celta-y-betis-encabezan-la-lista-de-fichajes\/sergio-araujo-grancanariatv_opt\/\" data-orig-file=\"https:\/\/i0.wp.com\/www.manquepierda.com\/futbolandia\/files\/2015\/07\/sergio-araujo-grancanariatv_opt.jpg?fit=680%2C383&amp;ssl=1\" data-orig-size=\"680,383\" data-comments-opened=\"1\" data-image-meta=\"{&quot;aperture&quot;:&quot;0&quot;,&quot;credit&quot;:&quot;&quot;,&quot;camera&quot;:&quot;&quot;,&quot;caption&quot;:&quot;&quot;,&quot;created_timestamp&quot;:&quot;0&quot;,&quot;copyright&quot;:&quot;&quot;,&quot;focal_length&quot;:&quot;0&quot;,&quot;iso&quot;:&quot;0&quot;,&quot;shutter_speed&quot;:&quot;0&quot;,&quot;title&quot;:&quot;&quot;,&quot;orientation&quot;:&quot;0&quot;}\" data-image-title=\"sergio araujo grancanariatv_opt\" data-image-description=\"\" data-image-caption=\"&lt;p&gt;Imagen v\u00eda: grancanariatv.com&lt;\/p&gt;\n\" data-large-file=\"https:\/\/i0.wp.com\/www.manquepierda.com\/futbolandia\/files\/2015\/07\/sergio-araujo-grancanariatv_opt.jpg?fit=680%2C383&amp;ssl=1\" class=\"size-full wp-image-5673\" src=\"https:\/\/i0.wp.com\/www.manquepierda.com\/futbolandia\/files\/2015\/07\/sergio-araujo-grancanariatv_opt.jpg?resize=680%2C383\" alt=\"Imagen v\u00eda: grancanariatv.com\" width=\"680\" height=\"383\" srcset=\"https:\/\/i0.wp.com\/www.manquepierda.com\/futbolandia\/files\/2015\/07\/sergio-araujo-grancanariatv_opt.jpg?w=680&amp;ssl=1 680w, https:\/\/i0.wp.com\/www.manquepierda.com\/futbolandia\/files\/2015\/07\/sergio-araujo-grancanariatv_opt.jpg?resize=300%2C169&amp;ssl=1 300w\" sizes=\"auto, (max-width: 680px) 100vw, 680px\" \/><\/a><figcaption id=\"caption-attachment-5673\" class=\"wp-caption-text\">Imagen v\u00eda: grancanariatv.com<\/figcaption><\/figure>\n<p>Los otros ocho equipos no europeos que restan, <strong>Espanyol, Getafe, Levante, Granada, Deportivo, Eibar, Sporting y Rayo no han gastado<\/strong> hasta la fecha <strong>nada en fichajes<\/strong>, ya que las contrataciones que han realizado han sido a coste cero o por medio de cesiones.<\/p>\n","protected":false},"excerpt":{"rendered":"<p>Sorprende que a mediados del mes de julio, el Real Betis sea el segundo equipo de los no participantes en competici\u00f3n europea esta temporada que m\u00e1s dinero haya invertido en fichajes. Incluso supera a uno de los equipos europeos, el Athletic de Bilbao, que hasta la fecha no ha hecho ninguna contrataci\u00f3n que le haya&#8230;<\/p>\n","protected":false},"author":430,"featured_media":5672,"comment_status":"open","ping_status":"open","sticky":false,"template":"","format":"standard","meta":{"_kad_post_transparent":"","_kad_post_title":"","_kad_post_layout":"","_kad_post_sidebar_id":"","_kad_post_content_style":"","_kad_post_vertical_padding":"","_kad_post_feature":"","_kad_post_feature_position":"","_kad_post_header":false,"_kad_post_footer":false,"_kad_post_classname":"","_jetpack_memberships_contains_paid_content":false,"footnotes":"","jetpack_publicize_message":"","jetpack_publicize_feature_enabled":true,"jetpack_social_post_already_shared":true,"jetpack_social_options":{"image_generator_settings":{"template":"highway","default_image_id":0,"font":"","enabled":false},"version":2}},"categories":[1,1368,10],"tags":[1993,2029,2025,1788,12,2030,2024,2027,48,79,1423,2028,294,2026],"class_list":["post-5669","post","type-post","status-publish","format-standard","has-post-thumbnail","hentry","category-liga-bbva-futbol-espanol","category-ligas-mundo","category-portada","tag-alcacer","tag-amrabat","tag-araujo","tag-bartomeu","tag-betis","tag-charles","tag-concha","tag-guidetti","tag-iago-falque","tag-real-sociedad","tag-refuerzos","tag-tarek","tag-van-der-vaart","tag-wass"],"yoast_head":"<!-- This site is optimized with the Yoast SEO plugin v27.5 - https:\/\/yoast.com\/product\/yoast-seo-wordpress\/ -->\n<title>Celta y Betis encabezan la lista de fichajes &#8211; Futbolandia<\/title>\n<meta name=\"description\" content=\"Celta y Betis los equipos que m\u00e1s dinero han desembolsado hasta el momento a la hora de hacer fichajes.\" \/>\n<meta name=\"robots\" content=\"index, follow, max-snippet:-1, max-image-preview:large, max-video-preview:-1\" \/>\n<link rel=\"canonical\" href=\"https:\/\/www.manquepierda.com\/futbolandia\/celta-y-betis-encabezan-la-lista-de-fichajes\/\" \/>\n<meta property=\"og:locale\" content=\"es_ES\" \/>\n<meta property=\"og:type\" content=\"article\" \/>\n<meta property=\"og:title\" content=\"Celta y Betis encabezan la lista de fichajes &#8211; Futbolandia\" \/>\n<meta property=\"og:description\" content=\"Celta y Betis los equipos que m\u00e1s dinero han desembolsado hasta el momento a la hora de hacer fichajes.\" \/>\n<meta property=\"og:url\" content=\"https:\/\/www.manquepierda.com\/futbolandia\/celta-y-betis-encabezan-la-lista-de-fichajes\/\" \/>\n<meta property=\"og:site_name\" content=\"Futbolandia\" \/>\n<meta property=\"article:published_time\" content=\"2015-07-14T09:43:33+00:00\" \/>\n<meta property=\"og:image\" content=\"https:\/\/i0.wp.com\/www.manquepierda.com\/futbolandia\/files\/2015\/07\/wass-sextoanillo_opt.jpg?fit=680%2C453&ssl=1\" \/>\n\t<meta property=\"og:image:width\" content=\"680\" \/>\n\t<meta property=\"og:image:height\" content=\"453\" \/>\n\t<meta property=\"og:image:type\" content=\"image\/jpeg\" \/>\n<meta name=\"author\" content=\"Alejandro M\u00e9rida Fern\u00e1ndez\" \/>\n<meta name=\"twitter:label1\" content=\"Escrito por\" \/>\n\t<meta name=\"twitter:data1\" content=\"Alejandro M\u00e9rida Fern\u00e1ndez\" \/>\n\t<meta name=\"twitter:label2\" content=\"Tiempo de lectura\" \/>\n\t<meta name=\"twitter:data2\" content=\"2 minutos\" \/>\n<script type=\"application\/ld+json\" class=\"yoast-schema-graph\">{\"@context\":\"https:\\\/\\\/schema.org\",\"@graph\":[{\"@type\":\"Article\",\"@id\":\"https:\\\/\\\/www.manquepierda.com\\\/futbolandia\\\/celta-y-betis-encabezan-la-lista-de-fichajes\\\/#article\",\"isPartOf\":{\"@id\":\"https:\\\/\\\/www.manquepierda.com\\\/futbolandia\\\/celta-y-betis-encabezan-la-lista-de-fichajes\\\/\"},\"author\":{\"name\":\"Alejandro M\u00e9rida Fern\u00e1ndez\",\"@id\":\"https:\\\/\\\/www.manquepierda.com\\\/futbolandia\\\/#\\\/schema\\\/person\\\/dc27cb5dd6ac5baefec693d659720377\"},\"headline\":\"Celta y Betis encabezan la lista de fichajes\",\"datePublished\":\"2015-07-14T09:43:33+00:00\",\"mainEntityOfPage\":{\"@id\":\"https:\\\/\\\/www.manquepierda.com\\\/futbolandia\\\/celta-y-betis-encabezan-la-lista-de-fichajes\\\/\"},\"wordCount\":408,\"commentCount\":0,\"image\":{\"@id\":\"https:\\\/\\\/www.manquepierda.com\\\/futbolandia\\\/celta-y-betis-encabezan-la-lista-de-fichajes\\\/#primaryimage\"},\"thumbnailUrl\":\"https:\\\/\\\/i0.wp.com\\\/www.manquepierda.com\\\/futbolandia\\\/files\\\/2015\\\/07\\\/wass-sextoanillo_opt.jpg?fit=680%2C453&ssl=1\",\"keywords\":[\"alc\u00e1cer\",\"amrabat\",\"araujo\",\"bartomeu\",\"Betis\",\"charles\",\"concha\",\"guidetti\",\"Iago Falque\",\"real sociedad\",\"refuerzos\",\"tarek\",\"van der vaart\",\"wass\"],\"articleSection\":[\"Liga BBVA - F\u00fatbol Espa\u00f1ol\",\"Ligas del Mundo\",\"Portada\"],\"inLanguage\":\"es\",\"potentialAction\":[{\"@type\":\"CommentAction\",\"name\":\"Comment\",\"target\":[\"https:\\\/\\\/www.manquepierda.com\\\/futbolandia\\\/celta-y-betis-encabezan-la-lista-de-fichajes\\\/#respond\"]}]},{\"@type\":\"WebPage\",\"@id\":\"https:\\\/\\\/www.manquepierda.com\\\/futbolandia\\\/celta-y-betis-encabezan-la-lista-de-fichajes\\\/\",\"url\":\"https:\\\/\\\/www.manquepierda.com\\\/futbolandia\\\/celta-y-betis-encabezan-la-lista-de-fichajes\\\/\",\"name\":\"Celta y Betis encabezan la lista de fichajes &#8211; Futbolandia\",\"isPartOf\":{\"@id\":\"https:\\\/\\\/www.manquepierda.com\\\/futbolandia\\\/#website\"},\"primaryImageOfPage\":{\"@id\":\"https:\\\/\\\/www.manquepierda.com\\\/futbolandia\\\/celta-y-betis-encabezan-la-lista-de-fichajes\\\/#primaryimage\"},\"image\":{\"@id\":\"https:\\\/\\\/www.manquepierda.com\\\/futbolandia\\\/celta-y-betis-encabezan-la-lista-de-fichajes\\\/#primaryimage\"},\"thumbnailUrl\":\"https:\\\/\\\/i0.wp.com\\\/www.manquepierda.com\\\/futbolandia\\\/files\\\/2015\\\/07\\\/wass-sextoanillo_opt.jpg?fit=680%2C453&ssl=1\",\"datePublished\":\"2015-07-14T09:43:33+00:00\",\"author\":{\"@id\":\"https:\\\/\\\/www.manquepierda.com\\\/futbolandia\\\/#\\\/schema\\\/person\\\/dc27cb5dd6ac5baefec693d659720377\"},\"description\":\"Celta y Betis los equipos que m\u00e1s dinero han desembolsado hasta el momento a la hora de hacer fichajes.\",\"breadcrumb\":{\"@id\":\"https:\\\/\\\/www.manquepierda.com\\\/futbolandia\\\/celta-y-betis-encabezan-la-lista-de-fichajes\\\/#breadcrumb\"},\"inLanguage\":\"es\",\"potentialAction\":[{\"@type\":\"ReadAction\",\"target\":[\"https:\\\/\\\/www.manquepierda.com\\\/futbolandia\\\/celta-y-betis-encabezan-la-lista-de-fichajes\\\/\"]}]},{\"@type\":\"ImageObject\",\"inLanguage\":\"es\",\"@id\":\"https:\\\/\\\/www.manquepierda.com\\\/futbolandia\\\/celta-y-betis-encabezan-la-lista-de-fichajes\\\/#primaryimage\",\"url\":\"https:\\\/\\\/i0.wp.com\\\/www.manquepierda.com\\\/futbolandia\\\/files\\\/2015\\\/07\\\/wass-sextoanillo_opt.jpg?fit=680%2C453&ssl=1\",\"contentUrl\":\"https:\\\/\\\/i0.wp.com\\\/www.manquepierda.com\\\/futbolandia\\\/files\\\/2015\\\/07\\\/wass-sextoanillo_opt.jpg?fit=680%2C453&ssl=1\",\"width\":680,\"height\":453,\"caption\":\"Imagen v\u00eda: sextoanillo.wordpress.com\"},{\"@type\":\"BreadcrumbList\",\"@id\":\"https:\\\/\\\/www.manquepierda.com\\\/futbolandia\\\/celta-y-betis-encabezan-la-lista-de-fichajes\\\/#breadcrumb\",\"itemListElement\":[{\"@type\":\"ListItem\",\"position\":1,\"name\":\"Portada\",\"item\":\"https:\\\/\\\/www.manquepierda.com\\\/futbolandia\\\/\"},{\"@type\":\"ListItem\",\"position\":2,\"name\":\"Celta y Betis encabezan la lista de fichajes\"}]},{\"@type\":\"WebSite\",\"@id\":\"https:\\\/\\\/www.manquepierda.com\\\/futbolandia\\\/#website\",\"url\":\"https:\\\/\\\/www.manquepierda.com\\\/futbolandia\\\/\",\"name\":\"Futbolandia\",\"description\":\"Reportajes e informaci\u00f3n sobre f\u00fatbol mundial y j\u00f3venes promesas\",\"potentialAction\":[{\"@type\":\"SearchAction\",\"target\":{\"@type\":\"EntryPoint\",\"urlTemplate\":\"https:\\\/\\\/www.manquepierda.com\\\/futbolandia\\\/?s={search_term_string}\"},\"query-input\":{\"@type\":\"PropertyValueSpecification\",\"valueRequired\":true,\"valueName\":\"search_term_string\"}}],\"inLanguage\":\"es\"},{\"@type\":\"Person\",\"@id\":\"https:\\\/\\\/www.manquepierda.com\\\/futbolandia\\\/#\\\/schema\\\/person\\\/dc27cb5dd6ac5baefec693d659720377\",\"name\":\"Alejandro M\u00e9rida Fern\u00e1ndez\",\"image\":{\"@type\":\"ImageObject\",\"inLanguage\":\"es\",\"@id\":\"https:\\\/\\\/secure.gravatar.com\\\/avatar\\\/e7ad59319dbe32283700c2c59a60641c534d308a03af9206579d35fdf5e96cb4?s=96&d=mm&r=g\",\"url\":\"https:\\\/\\\/secure.gravatar.com\\\/avatar\\\/e7ad59319dbe32283700c2c59a60641c534d308a03af9206579d35fdf5e96cb4?s=96&d=mm&r=g\",\"contentUrl\":\"https:\\\/\\\/secure.gravatar.com\\\/avatar\\\/e7ad59319dbe32283700c2c59a60641c534d308a03af9206579d35fdf5e96cb4?s=96&d=mm&r=g\",\"caption\":\"Alejandro M\u00e9rida Fern\u00e1ndez\"},\"url\":\"https:\\\/\\\/www.manquepierda.com\\\/futbolandia\\\/author\\\/alexmerida26\\\/\"}]}<\/script>\n<!-- \/ Yoast SEO plugin. -->","yoast_head_json":{"title":"Celta y Betis encabezan la lista de fichajes &#8211; Futbolandia","description":"Celta y Betis los equipos que m\u00e1s dinero han desembolsado hasta el momento a la hora de hacer fichajes.","robots":{"index":"index","follow":"follow","max-snippet":"max-snippet:-1","max-image-preview":"max-image-preview:large","max-video-preview":"max-video-preview:-1"},"canonical":"https:\/\/www.manquepierda.com\/futbolandia\/celta-y-betis-encabezan-la-lista-de-fichajes\/","og_locale":"es_ES","og_type":"article","og_title":"Celta y Betis encabezan la lista de fichajes &#8211; Futbolandia","og_description":"Celta y Betis los equipos que m\u00e1s dinero han desembolsado hasta el momento a la hora de hacer fichajes.","og_url":"https:\/\/www.manquepierda.com\/futbolandia\/celta-y-betis-encabezan-la-lista-de-fichajes\/","og_site_name":"Futbolandia","article_published_time":"2015-07-14T09:43:33+00:00","og_image":[{"width":680,"height":453,"url":"https:\/\/i0.wp.com\/www.manquepierda.com\/futbolandia\/files\/2015\/07\/wass-sextoanillo_opt.jpg?fit=680%2C453&ssl=1","type":"image\/jpeg"}],"author":"Alejandro M\u00e9rida Fern\u00e1ndez","twitter_misc":{"Escrito por":"Alejandro M\u00e9rida Fern\u00e1ndez","Tiempo de lectura":"2 minutos"},"schema":{"@context":"https:\/\/schema.org","@graph":[{"@type":"Article","@id":"https:\/\/www.manquepierda.com\/futbolandia\/celta-y-betis-encabezan-la-lista-de-fichajes\/#article","isPartOf":{"@id":"https:\/\/www.manquepierda.com\/futbolandia\/celta-y-betis-encabezan-la-lista-de-fichajes\/"},"author":{"name":"Alejandro M\u00e9rida Fern\u00e1ndez","@id":"https:\/\/www.manquepierda.com\/futbolandia\/#\/schema\/person\/dc27cb5dd6ac5baefec693d659720377"},"headline":"Celta y Betis encabezan la lista de fichajes","datePublished":"2015-07-14T09:43:33+00:00","mainEntityOfPage":{"@id":"https:\/\/www.manquepierda.com\/futbolandia\/celta-y-betis-encabezan-la-lista-de-fichajes\/"},"wordCount":408,"commentCount":0,"image":{"@id":"https:\/\/www.manquepierda.com\/futbolandia\/celta-y-betis-encabezan-la-lista-de-fichajes\/#primaryimage"},"thumbnailUrl":"https:\/\/i0.wp.com\/www.manquepierda.com\/futbolandia\/files\/2015\/07\/wass-sextoanillo_opt.jpg?fit=680%2C453&ssl=1","keywords":["alc\u00e1cer","amrabat","araujo","bartomeu","Betis","charles","concha","guidetti","Iago Falque","real sociedad","refuerzos","tarek","van der vaart","wass"],"articleSection":["Liga BBVA - F\u00fatbol Espa\u00f1ol","Ligas del Mundo","Portada"],"inLanguage":"es","potentialAction":[{"@type":"CommentAction","name":"Comment","target":["https:\/\/www.manquepierda.com\/futbolandia\/celta-y-betis-encabezan-la-lista-de-fichajes\/#respond"]}]},{"@type":"WebPage","@id":"https:\/\/www.manquepierda.com\/futbolandia\/celta-y-betis-encabezan-la-lista-de-fichajes\/","url":"https:\/\/www.manquepierda.com\/futbolandia\/celta-y-betis-encabezan-la-lista-de-fichajes\/","name":"Celta y Betis encabezan la lista de fichajes &#8211; Futbolandia","isPartOf":{"@id":"https:\/\/www.manquepierda.com\/futbolandia\/#website"},"primaryImageOfPage":{"@id":"https:\/\/www.manquepierda.com\/futbolandia\/celta-y-betis-encabezan-la-lista-de-fichajes\/#primaryimage"},"image":{"@id":"https:\/\/www.manquepierda.com\/futbolandia\/celta-y-betis-encabezan-la-lista-de-fichajes\/#primaryimage"},"thumbnailUrl":"https:\/\/i0.wp.com\/www.manquepierda.com\/futbolandia\/files\/2015\/07\/wass-sextoanillo_opt.jpg?fit=680%2C453&ssl=1","datePublished":"2015-07-14T09:43:33+00:00","author":{"@id":"https:\/\/www.manquepierda.com\/futbolandia\/#\/schema\/person\/dc27cb5dd6ac5baefec693d659720377"},"description":"Celta y Betis los equipos que m\u00e1s dinero han desembolsado hasta el momento a la hora de hacer fichajes.","breadcrumb":{"@id":"https:\/\/www.manquepierda.com\/futbolandia\/celta-y-betis-encabezan-la-lista-de-fichajes\/#breadcrumb"},"inLanguage":"es","potentialAction":[{"@type":"ReadAction","target":["https:\/\/www.manquepierda.com\/futbolandia\/celta-y-betis-encabezan-la-lista-de-fichajes\/"]}]},{"@type":"ImageObject","inLanguage":"es","@id":"https:\/\/www.manquepierda.com\/futbolandia\/celta-y-betis-encabezan-la-lista-de-fichajes\/#primaryimage","url":"https:\/\/i0.wp.com\/www.manquepierda.com\/futbolandia\/files\/2015\/07\/wass-sextoanillo_opt.jpg?fit=680%2C453&ssl=1","contentUrl":"https:\/\/i0.wp.com\/www.manquepierda.com\/futbolandia\/files\/2015\/07\/wass-sextoanillo_opt.jpg?fit=680%2C453&ssl=1","width":680,"height":453,"caption":"Imagen v\u00eda: sextoanillo.wordpress.com"},{"@type":"BreadcrumbList","@id":"https:\/\/www.manquepierda.com\/futbolandia\/celta-y-betis-encabezan-la-lista-de-fichajes\/#breadcrumb","itemListElement":[{"@type":"ListItem","position":1,"name":"Portada","item":"https:\/\/www.manquepierda.com\/futbolandia\/"},{"@type":"ListItem","position":2,"name":"Celta y Betis encabezan la lista de fichajes"}]},{"@type":"WebSite","@id":"https:\/\/www.manquepierda.com\/futbolandia\/#website","url":"https:\/\/www.manquepierda.com\/futbolandia\/","name":"Futbolandia","description":"Reportajes e informaci\u00f3n sobre f\u00fatbol mundial y j\u00f3venes promesas","potentialAction":[{"@type":"SearchAction","target":{"@type":"EntryPoint","urlTemplate":"https:\/\/www.manquepierda.com\/futbolandia\/?s={search_term_string}"},"query-input":{"@type":"PropertyValueSpecification","valueRequired":true,"valueName":"search_term_string"}}],"inLanguage":"es"},{"@type":"Person","@id":"https:\/\/www.manquepierda.com\/futbolandia\/#\/schema\/person\/dc27cb5dd6ac5baefec693d659720377","name":"Alejandro M\u00e9rida Fern\u00e1ndez","image":{"@type":"ImageObject","inLanguage":"es","@id":"https:\/\/secure.gravatar.com\/avatar\/e7ad59319dbe32283700c2c59a60641c534d308a03af9206579d35fdf5e96cb4?s=96&d=mm&r=g","url":"https:\/\/secure.gravatar.com\/avatar\/e7ad59319dbe32283700c2c59a60641c534d308a03af9206579d35fdf5e96cb4?s=96&d=mm&r=g","contentUrl":"https:\/\/secure.gravatar.com\/avatar\/e7ad59319dbe32283700c2c59a60641c534d308a03af9206579d35fdf5e96cb4?s=96&d=mm&r=g","caption":"Alejandro M\u00e9rida Fern\u00e1ndez"},"url":"https:\/\/www.manquepierda.com\/futbolandia\/author\/alexmerida26\/"}]}},"jetpack_publicize_connections":[],"jetpack_featured_media_url":"https:\/\/i0.wp.com\/www.manquepierda.com\/futbolandia\/files\/2015\/07\/wass-sextoanillo_opt.jpg?fit=680%2C453&ssl=1","jetpack_shortlink":"https:\/\/wp.me\/p1THIg-1tr","jetpack_sharing_enabled":true,"_links":{"self":[{"href":"https:\/\/www.manquepierda.com\/futbolandia\/wp-json\/wp\/v2\/posts\/5669","targetHints":{"allow":["GET"]}}],"collection":[{"href":"https:\/\/www.manquepierda.com\/futbolandia\/wp-json\/wp\/v2\/posts"}],"about":[{"href":"https:\/\/www.manquepierda.com\/futbolandia\/wp-json\/wp\/v2\/types\/post"}],"author":[{"embeddable":true,"href":"https:\/\/www.manquepierda.com\/futbolandia\/wp-json\/wp\/v2\/users\/430"}],"replies":[{"embeddable":true,"href":"https:\/\/www.manquepierda.com\/futbolandia\/wp-json\/wp\/v2\/comments?post=5669"}],"version-history":[{"count":0,"href":"https:\/\/www.manquepierda.com\/futbolandia\/wp-json\/wp\/v2\/posts\/5669\/revisions"}],"wp:featuredmedia":[{"embeddable":true,"href":"https:\/\/www.manquepierda.com\/futbolandia\/wp-json\/wp\/v2\/media\/5672"}],"wp:attachment":[{"href":"https:\/\/www.manquepierda.com\/futbolandia\/wp-json\/wp\/v2\/media?parent=5669"}],"wp:term":[{"taxonomy":"category","embeddable":true,"href":"https:\/\/www.manquepierda.com\/futbolandia\/wp-json\/wp\/v2\/categories?post=5669"},{"taxonomy":"post_tag","embeddable":true,"href":"https:\/\/www.manquepierda.com\/futbolandia\/wp-json\/wp\/v2\/tags?post=5669"}],"curies":[{"name":"wp","href":"https:\/\/api.w.org\/{rel}","templated":true}]}}