{"id":5708,"date":"2015-08-13T14:14:38","date_gmt":"2015-08-13T12:14:38","guid":{"rendered":"http:\/\/www.manquepierda.com\/futbolandia\/?p=5708"},"modified":"2015-08-14T11:19:49","modified_gmt":"2015-08-14T09:19:49","slug":"la-real-sociedad-se-monta-un-proyecto-para-luchar-por-europa","status":"publish","type":"post","link":"https:\/\/www.manquepierda.com\/futbolandia\/la-real-sociedad-se-monta-un-proyecto-para-luchar-por-europa\/","title":{"rendered":"La Real Sociedad se monta un proyecto para luchar por Europa"},"content":{"rendered":"<figure style=\"width: 457px\" class=\"wp-caption alignleft\"><img data-recalc-dims=\"1\" loading=\"lazy\" decoding=\"async\" src=\"https:\/\/i0.wp.com\/www.manquepierda.com\/futbolandia\/files\/2015\/08\/Carlos-Vela.jpg?resize=457%2C261\" alt=\"\" width=\"457\" height=\"261\" \/><figcaption class=\"wp-caption-text\">Carlos Vela volver\u00e1 a ser una de las figuras del espect\u00e1culo en Anoeta. Foto: mexico.cnn.com<\/figcaption><\/figure>\n<p>Es curioso como con el paso de los d\u00edas se van perfilando las plantillas y el trabajo de los directores deportivos empiezan a ilusionar y hacer so\u00f1ar a sus aficionados. A espera del trabajo durante el a\u00f1o de jugadores y cuerpo t\u00e9cnico, hay equipos que siempre crean expectativas varias por los nombres que van llegando a reforzarse y aunque todos tenemos claro, salvo sorpresa, los equipos que pelear\u00e1n por la Champions League, siempre parece apasionante adivinar por los que luchar\u00e1n puestos europeos o hacer quinielas sobre los equipos que quiz\u00e1s lo pasar\u00e1n peor.<\/p>\n<p>Los puestos de Champions League parece que ser\u00e1n de nuevo, o as\u00ed se podr\u00eda intuir a priori, para los equipos con m\u00e1s recursos econ\u00f3micos. Los siempre poderosos FC Barcelona y Real Madrid y los ambiciosos proyectos de Atl\u00e9tico de Madrid, Valencia CF o Sevilla FC, que si no sufren en exceso el desgaste de la m\u00e1xima competici\u00f3n continental, deber\u00edan luchas por los primeros puestos de la liga.<\/p>\n<p>En la segunda linea, esa que pretender dilucidar que equipos pelear\u00e1n por los puestos de Europa League o protagonizar alguna sorpresa, hay varios frentes. El Villarreal parece uno de los grandes candidatos tanto por equipo como por refuerzos, pero hoy me gustar\u00eda hablar de <strong>un equipo que casi nadie mete en las quinielas y que sin embargo est\u00e1 firmando un proyecto de lo m\u00e1s interesante.<\/strong><\/p>\n<p>Y es que los de San Sebasti\u00e1n mantienen su columna vertebral, sin cambios o ventas importantes que lo hayan debilitado. <strong>Aqu\u00ed las noticias m\u00e1s importantes son haber hecho o\u00eddos sordos a las posibles ofertas por Carlos Vela y haber mantenido en la porter\u00eda al meta Ger\u00f3nimo Rulli.<\/strong> Dos jugadores claves y decisivos, uno en defensa y otro en ataque, en el que se ha consolidado como la gran figura de este equipo.<\/p>\n<p>En defensa el club mantiene a I\u00f1igo Mart\u00ednez en una zaga parecida a la del a\u00f1o pasado en los costados pero en la que tendr\u00e1 una nueva pareja de baile. Raul Navas, cedido en el Eibar el a\u00f1o anterior ha llegado para ser alternativa mientras que el internacional mexicano Diego Reyes llega cedido por el FC Porto como un refuerzo de bastante calidad.<\/p>\n<p><strong>En el centro del campo se mantiene la calidad de Granero, Canales o Rub\u00e9n Pardo, que deber\u00e1n dar sentido al juego de los de David Moyes<\/strong> mientras que en las bandas, la experiencia de Xabi Prieto o Chory Castro encontrar\u00e1 alternativa en el desparpajo y el desequilibrio de dos futbolistas j\u00f3venes de bastante futuro. <strong>David Concha<\/strong>, joven extremo ex del Racing de Santander es un especialista en el cambio de ritmo y la asistencia. Letal al contragolpe dar\u00e1 muchas alternativas al t\u00e9cnico, quien tambi\u00e9n contar\u00e1 con Bruma,<strong> cedido por el Galatasaray<\/strong>. El portugu\u00e9s ya enamor\u00f3 en el Mundial Sub&#8217;17 hace dos a\u00f1os, y aunque ha sufrido lesiones importantes que le han impedido crecer tanto como debiera, es un jugador diferente, con gol y regate, que puede definir partidos con acciones puntuales. A pesar de que aun es joven, puede dar muchas cosas y gustar\u00e1 en Anoeta.<\/p>\n<p>Y la clave final est\u00e1 en la delantera. Porque el f\u00fatbol tiene mil y una lecturas pero al final lo que decide siempre es el gol. La Real ya intent\u00f3 dar un salto de calidad el a\u00f1o pasado con el fichaje de Alfred Finnbogason, pero una inoportuna lesi\u00f3n y la barrera idiom\u00e1tica evit\u00f3 que rindiera y se acabo tirando del de siempre, Imanol Aguirretxe, <strong>La inversi\u00f3n ha sido el brasile\u00f1o Jonathas, un futbolista de mucha calidad que dar\u00e1 mucho al equipo, mucho juego al espacio, velocidad y gol, como demostr\u00f3 ya en la liga esta temporada pasada en el Elche.<\/strong><\/p>\n<p>Un equipo que se ha reforzado bien y que tiene claro sus objetivos. Puede ser uno de los tapados de la liga para pelear or la zona alta.<\/p>\n","protected":false},"excerpt":{"rendered":"<p>Es curioso como con el paso de los d\u00edas se van perfilando las plantillas y el trabajo de los directores deportivos empiezan a ilusionar y hacer so\u00f1ar a sus aficionados. A espera del trabajo durante el a\u00f1o de jugadores y cuerpo t\u00e9cnico, hay equipos que siempre crean expectativas varias por los nombres que van llegando&#8230;<\/p>\n","protected":false},"author":93,"featured_media":5710,"comment_status":"open","ping_status":"open","sticky":false,"template":"","format":"standard","meta":{"_kad_post_transparent":"","_kad_post_title":"","_kad_post_layout":"","_kad_post_sidebar_id":"","_kad_post_content_style":"","_kad_post_vertical_padding":"","_kad_post_feature":"","_kad_post_feature_position":"","_kad_post_header":false,"_kad_post_footer":false,"_kad_post_classname":"","_jetpack_memberships_contains_paid_content":false,"footnotes":"","jetpack_publicize_message":"","jetpack_publicize_feature_enabled":true,"jetpack_social_post_already_shared":true,"jetpack_social_options":{"image_generator_settings":{"template":"highway","default_image_id":0,"font":"","enabled":false},"version":2}},"categories":[1,10],"tags":[2046,2024,41,2048,444,2023,79,2047,1914],"class_list":["post-5708","post","type-post","status-publish","format-standard","has-post-thumbnail","hentry","category-liga-bbva-futbol-espanol","category-portada","tag-bruma","tag-concha","tag-europa","tag-jonathas","tag-liga","tag-pretemporada","tag-real-sociedad","tag-rulli","tag-vela"],"yoast_head":"<!-- This site is optimized with the Yoast SEO plugin v27.5 - https:\/\/yoast.com\/product\/yoast-seo-wordpress\/ -->\n<title>La Real Sociedad se monta un proyecto para luchar por Europa &#8211; Futbolandia<\/title>\n<meta name=\"robots\" content=\"index, follow, max-snippet:-1, max-image-preview:large, max-video-preview:-1\" \/>\n<link rel=\"canonical\" href=\"https:\/\/www.manquepierda.com\/futbolandia\/la-real-sociedad-se-monta-un-proyecto-para-luchar-por-europa\/\" \/>\n<meta property=\"og:locale\" content=\"es_ES\" \/>\n<meta property=\"og:type\" content=\"article\" \/>\n<meta property=\"og:title\" content=\"La Real Sociedad se monta un proyecto para luchar por Europa &#8211; Futbolandia\" \/>\n<meta property=\"og:description\" content=\"Es curioso como con el paso de los d\u00edas se van perfilando las plantillas y el trabajo de los directores deportivos empiezan a ilusionar y hacer so\u00f1ar a sus aficionados. A espera del trabajo durante el a\u00f1o de jugadores y cuerpo t\u00e9cnico, hay equipos que siempre crean expectativas varias por los nombres que van llegando...\" \/>\n<meta property=\"og:url\" content=\"https:\/\/www.manquepierda.com\/futbolandia\/la-real-sociedad-se-monta-un-proyecto-para-luchar-por-europa\/\" \/>\n<meta property=\"og:site_name\" content=\"Futbolandia\" \/>\n<meta property=\"article:published_time\" content=\"2015-08-13T12:14:38+00:00\" \/>\n<meta property=\"article:modified_time\" content=\"2015-08-14T09:19:49+00:00\" \/>\n<meta property=\"og:image\" content=\"https:\/\/i0.wp.com\/www.manquepierda.com\/futbolandia\/files\/2015\/08\/Carlos-Vela1.jpg?fit=624%2C351&ssl=1\" \/>\n\t<meta property=\"og:image:width\" content=\"624\" \/>\n\t<meta property=\"og:image:height\" content=\"351\" \/>\n\t<meta property=\"og:image:type\" content=\"image\/jpeg\" \/>\n<meta name=\"author\" content=\"Jorge M. Gonz\u00e1lez\" \/>\n<meta name=\"twitter:label1\" content=\"Escrito por\" \/>\n\t<meta name=\"twitter:data1\" content=\"Jorge M. Gonz\u00e1lez\" \/>\n\t<meta name=\"twitter:label2\" content=\"Tiempo de lectura\" \/>\n\t<meta name=\"twitter:data2\" content=\"3 minutos\" \/>\n<script type=\"application\/ld+json\" class=\"yoast-schema-graph\">{\"@context\":\"https:\\\/\\\/schema.org\",\"@graph\":[{\"@type\":\"Article\",\"@id\":\"https:\\\/\\\/www.manquepierda.com\\\/futbolandia\\\/la-real-sociedad-se-monta-un-proyecto-para-luchar-por-europa\\\/#article\",\"isPartOf\":{\"@id\":\"https:\\\/\\\/www.manquepierda.com\\\/futbolandia\\\/la-real-sociedad-se-monta-un-proyecto-para-luchar-por-europa\\\/\"},\"author\":{\"name\":\"Jorge M. Gonz\u00e1lez\",\"@id\":\"https:\\\/\\\/www.manquepierda.com\\\/futbolandia\\\/#\\\/schema\\\/person\\\/fdb4eabc3c2e0e717a790a4ce10cd2b3\"},\"headline\":\"La Real Sociedad se monta un proyecto para luchar por Europa\",\"datePublished\":\"2015-08-13T12:14:38+00:00\",\"dateModified\":\"2015-08-14T09:19:49+00:00\",\"mainEntityOfPage\":{\"@id\":\"https:\\\/\\\/www.manquepierda.com\\\/futbolandia\\\/la-real-sociedad-se-monta-un-proyecto-para-luchar-por-europa\\\/\"},\"wordCount\":710,\"commentCount\":0,\"image\":{\"@id\":\"https:\\\/\\\/www.manquepierda.com\\\/futbolandia\\\/la-real-sociedad-se-monta-un-proyecto-para-luchar-por-europa\\\/#primaryimage\"},\"thumbnailUrl\":\"https:\\\/\\\/i0.wp.com\\\/www.manquepierda.com\\\/futbolandia\\\/files\\\/2015\\\/08\\\/Carlos-Vela1.jpg?fit=624%2C351&ssl=1\",\"keywords\":[\"bruma\",\"concha\",\"europa\",\"jonathas\",\"Liga\",\"pretemporada\",\"real sociedad\",\"rulli\",\"vela\"],\"articleSection\":[\"Liga BBVA - F\u00fatbol Espa\u00f1ol\",\"Portada\"],\"inLanguage\":\"es\",\"potentialAction\":[{\"@type\":\"CommentAction\",\"name\":\"Comment\",\"target\":[\"https:\\\/\\\/www.manquepierda.com\\\/futbolandia\\\/la-real-sociedad-se-monta-un-proyecto-para-luchar-por-europa\\\/#respond\"]}]},{\"@type\":\"WebPage\",\"@id\":\"https:\\\/\\\/www.manquepierda.com\\\/futbolandia\\\/la-real-sociedad-se-monta-un-proyecto-para-luchar-por-europa\\\/\",\"url\":\"https:\\\/\\\/www.manquepierda.com\\\/futbolandia\\\/la-real-sociedad-se-monta-un-proyecto-para-luchar-por-europa\\\/\",\"name\":\"La Real Sociedad se monta un proyecto para luchar por Europa &#8211; Futbolandia\",\"isPartOf\":{\"@id\":\"https:\\\/\\\/www.manquepierda.com\\\/futbolandia\\\/#website\"},\"primaryImageOfPage\":{\"@id\":\"https:\\\/\\\/www.manquepierda.com\\\/futbolandia\\\/la-real-sociedad-se-monta-un-proyecto-para-luchar-por-europa\\\/#primaryimage\"},\"image\":{\"@id\":\"https:\\\/\\\/www.manquepierda.com\\\/futbolandia\\\/la-real-sociedad-se-monta-un-proyecto-para-luchar-por-europa\\\/#primaryimage\"},\"thumbnailUrl\":\"https:\\\/\\\/i0.wp.com\\\/www.manquepierda.com\\\/futbolandia\\\/files\\\/2015\\\/08\\\/Carlos-Vela1.jpg?fit=624%2C351&ssl=1\",\"datePublished\":\"2015-08-13T12:14:38+00:00\",\"dateModified\":\"2015-08-14T09:19:49+00:00\",\"author\":{\"@id\":\"https:\\\/\\\/www.manquepierda.com\\\/futbolandia\\\/#\\\/schema\\\/person\\\/fdb4eabc3c2e0e717a790a4ce10cd2b3\"},\"breadcrumb\":{\"@id\":\"https:\\\/\\\/www.manquepierda.com\\\/futbolandia\\\/la-real-sociedad-se-monta-un-proyecto-para-luchar-por-europa\\\/#breadcrumb\"},\"inLanguage\":\"es\",\"potentialAction\":[{\"@type\":\"ReadAction\",\"target\":[\"https:\\\/\\\/www.manquepierda.com\\\/futbolandia\\\/la-real-sociedad-se-monta-un-proyecto-para-luchar-por-europa\\\/\"]}]},{\"@type\":\"ImageObject\",\"inLanguage\":\"es\",\"@id\":\"https:\\\/\\\/www.manquepierda.com\\\/futbolandia\\\/la-real-sociedad-se-monta-un-proyecto-para-luchar-por-europa\\\/#primaryimage\",\"url\":\"https:\\\/\\\/i0.wp.com\\\/www.manquepierda.com\\\/futbolandia\\\/files\\\/2015\\\/08\\\/Carlos-Vela1.jpg?fit=624%2C351&ssl=1\",\"contentUrl\":\"https:\\\/\\\/i0.wp.com\\\/www.manquepierda.com\\\/futbolandia\\\/files\\\/2015\\\/08\\\/Carlos-Vela1.jpg?fit=624%2C351&ssl=1\",\"width\":624,\"height\":351},{\"@type\":\"BreadcrumbList\",\"@id\":\"https:\\\/\\\/www.manquepierda.com\\\/futbolandia\\\/la-real-sociedad-se-monta-un-proyecto-para-luchar-por-europa\\\/#breadcrumb\",\"itemListElement\":[{\"@type\":\"ListItem\",\"position\":1,\"name\":\"Portada\",\"item\":\"https:\\\/\\\/www.manquepierda.com\\\/futbolandia\\\/\"},{\"@type\":\"ListItem\",\"position\":2,\"name\":\"La Real Sociedad se monta un proyecto para luchar por Europa\"}]},{\"@type\":\"WebSite\",\"@id\":\"https:\\\/\\\/www.manquepierda.com\\\/futbolandia\\\/#website\",\"url\":\"https:\\\/\\\/www.manquepierda.com\\\/futbolandia\\\/\",\"name\":\"Futbolandia\",\"description\":\"Reportajes e informaci\u00f3n sobre f\u00fatbol mundial y j\u00f3venes promesas\",\"potentialAction\":[{\"@type\":\"SearchAction\",\"target\":{\"@type\":\"EntryPoint\",\"urlTemplate\":\"https:\\\/\\\/www.manquepierda.com\\\/futbolandia\\\/?s={search_term_string}\"},\"query-input\":{\"@type\":\"PropertyValueSpecification\",\"valueRequired\":true,\"valueName\":\"search_term_string\"}}],\"inLanguage\":\"es\"},{\"@type\":\"Person\",\"@id\":\"https:\\\/\\\/www.manquepierda.com\\\/futbolandia\\\/#\\\/schema\\\/person\\\/fdb4eabc3c2e0e717a790a4ce10cd2b3\",\"name\":\"Jorge M. Gonz\u00e1lez\",\"image\":{\"@type\":\"ImageObject\",\"inLanguage\":\"es\",\"@id\":\"https:\\\/\\\/secure.gravatar.com\\\/avatar\\\/40fe62083e523c4134f75fb1d06ea73b4503d9162f3c6e89800e90f1bbd7f262?s=96&d=mm&r=g\",\"url\":\"https:\\\/\\\/secure.gravatar.com\\\/avatar\\\/40fe62083e523c4134f75fb1d06ea73b4503d9162f3c6e89800e90f1bbd7f262?s=96&d=mm&r=g\",\"contentUrl\":\"https:\\\/\\\/secure.gravatar.com\\\/avatar\\\/40fe62083e523c4134f75fb1d06ea73b4503d9162f3c6e89800e90f1bbd7f262?s=96&d=mm&r=g\",\"caption\":\"Jorge M. Gonz\u00e1lez\"},\"description\":\"Apasionado del f\u00fatbol internacional y Social Media Manager. Me gusta seguir ligas extranjeras y a las j\u00f3venes promesas de todo el mundo. S\u00edgueme en twitter para compartir afici\u00f3n: @jorgegonex\",\"sameAs\":[\"http:\\\/\\\/manquepierda.com\\\/\",\"https:\\\/\\\/x.com\\\/https:\\\/\\\/twitter.com\\\/jorgegonex\",\"https:\\\/\\\/www.youtube.com\\\/user\\\/FutbolandiaMQP\"],\"url\":\"https:\\\/\\\/www.manquepierda.com\\\/futbolandia\\\/author\\\/jorgegonzalez\\\/\"}]}<\/script>\n<!-- \/ Yoast SEO plugin. -->","yoast_head_json":{"title":"La Real Sociedad se monta un proyecto para luchar por Europa &#8211; Futbolandia","robots":{"index":"index","follow":"follow","max-snippet":"max-snippet:-1","max-image-preview":"max-image-preview:large","max-video-preview":"max-video-preview:-1"},"canonical":"https:\/\/www.manquepierda.com\/futbolandia\/la-real-sociedad-se-monta-un-proyecto-para-luchar-por-europa\/","og_locale":"es_ES","og_type":"article","og_title":"La Real Sociedad se monta un proyecto para luchar por Europa &#8211; Futbolandia","og_description":"Es curioso como con el paso de los d\u00edas se van perfilando las plantillas y el trabajo de los directores deportivos empiezan a ilusionar y hacer so\u00f1ar a sus aficionados. A espera del trabajo durante el a\u00f1o de jugadores y cuerpo t\u00e9cnico, hay equipos que siempre crean expectativas varias por los nombres que van llegando...","og_url":"https:\/\/www.manquepierda.com\/futbolandia\/la-real-sociedad-se-monta-un-proyecto-para-luchar-por-europa\/","og_site_name":"Futbolandia","article_published_time":"2015-08-13T12:14:38+00:00","article_modified_time":"2015-08-14T09:19:49+00:00","og_image":[{"width":624,"height":351,"url":"https:\/\/i0.wp.com\/www.manquepierda.com\/futbolandia\/files\/2015\/08\/Carlos-Vela1.jpg?fit=624%2C351&ssl=1","type":"image\/jpeg"}],"author":"Jorge M. Gonz\u00e1lez","twitter_misc":{"Escrito por":"Jorge M. Gonz\u00e1lez","Tiempo de lectura":"3 minutos"},"schema":{"@context":"https:\/\/schema.org","@graph":[{"@type":"Article","@id":"https:\/\/www.manquepierda.com\/futbolandia\/la-real-sociedad-se-monta-un-proyecto-para-luchar-por-europa\/#article","isPartOf":{"@id":"https:\/\/www.manquepierda.com\/futbolandia\/la-real-sociedad-se-monta-un-proyecto-para-luchar-por-europa\/"},"author":{"name":"Jorge M. Gonz\u00e1lez","@id":"https:\/\/www.manquepierda.com\/futbolandia\/#\/schema\/person\/fdb4eabc3c2e0e717a790a4ce10cd2b3"},"headline":"La Real Sociedad se monta un proyecto para luchar por Europa","datePublished":"2015-08-13T12:14:38+00:00","dateModified":"2015-08-14T09:19:49+00:00","mainEntityOfPage":{"@id":"https:\/\/www.manquepierda.com\/futbolandia\/la-real-sociedad-se-monta-un-proyecto-para-luchar-por-europa\/"},"wordCount":710,"commentCount":0,"image":{"@id":"https:\/\/www.manquepierda.com\/futbolandia\/la-real-sociedad-se-monta-un-proyecto-para-luchar-por-europa\/#primaryimage"},"thumbnailUrl":"https:\/\/i0.wp.com\/www.manquepierda.com\/futbolandia\/files\/2015\/08\/Carlos-Vela1.jpg?fit=624%2C351&ssl=1","keywords":["bruma","concha","europa","jonathas","Liga","pretemporada","real sociedad","rulli","vela"],"articleSection":["Liga BBVA - F\u00fatbol Espa\u00f1ol","Portada"],"inLanguage":"es","potentialAction":[{"@type":"CommentAction","name":"Comment","target":["https:\/\/www.manquepierda.com\/futbolandia\/la-real-sociedad-se-monta-un-proyecto-para-luchar-por-europa\/#respond"]}]},{"@type":"WebPage","@id":"https:\/\/www.manquepierda.com\/futbolandia\/la-real-sociedad-se-monta-un-proyecto-para-luchar-por-europa\/","url":"https:\/\/www.manquepierda.com\/futbolandia\/la-real-sociedad-se-monta-un-proyecto-para-luchar-por-europa\/","name":"La Real Sociedad se monta un proyecto para luchar por Europa &#8211; Futbolandia","isPartOf":{"@id":"https:\/\/www.manquepierda.com\/futbolandia\/#website"},"primaryImageOfPage":{"@id":"https:\/\/www.manquepierda.com\/futbolandia\/la-real-sociedad-se-monta-un-proyecto-para-luchar-por-europa\/#primaryimage"},"image":{"@id":"https:\/\/www.manquepierda.com\/futbolandia\/la-real-sociedad-se-monta-un-proyecto-para-luchar-por-europa\/#primaryimage"},"thumbnailUrl":"https:\/\/i0.wp.com\/www.manquepierda.com\/futbolandia\/files\/2015\/08\/Carlos-Vela1.jpg?fit=624%2C351&ssl=1","datePublished":"2015-08-13T12:14:38+00:00","dateModified":"2015-08-14T09:19:49+00:00","author":{"@id":"https:\/\/www.manquepierda.com\/futbolandia\/#\/schema\/person\/fdb4eabc3c2e0e717a790a4ce10cd2b3"},"breadcrumb":{"@id":"https:\/\/www.manquepierda.com\/futbolandia\/la-real-sociedad-se-monta-un-proyecto-para-luchar-por-europa\/#breadcrumb"},"inLanguage":"es","potentialAction":[{"@type":"ReadAction","target":["https:\/\/www.manquepierda.com\/futbolandia\/la-real-sociedad-se-monta-un-proyecto-para-luchar-por-europa\/"]}]},{"@type":"ImageObject","inLanguage":"es","@id":"https:\/\/www.manquepierda.com\/futbolandia\/la-real-sociedad-se-monta-un-proyecto-para-luchar-por-europa\/#primaryimage","url":"https:\/\/i0.wp.com\/www.manquepierda.com\/futbolandia\/files\/2015\/08\/Carlos-Vela1.jpg?fit=624%2C351&ssl=1","contentUrl":"https:\/\/i0.wp.com\/www.manquepierda.com\/futbolandia\/files\/2015\/08\/Carlos-Vela1.jpg?fit=624%2C351&ssl=1","width":624,"height":351},{"@type":"BreadcrumbList","@id":"https:\/\/www.manquepierda.com\/futbolandia\/la-real-sociedad-se-monta-un-proyecto-para-luchar-por-europa\/#breadcrumb","itemListElement":[{"@type":"ListItem","position":1,"name":"Portada","item":"https:\/\/www.manquepierda.com\/futbolandia\/"},{"@type":"ListItem","position":2,"name":"La Real Sociedad se monta un proyecto para luchar por Europa"}]},{"@type":"WebSite","@id":"https:\/\/www.manquepierda.com\/futbolandia\/#website","url":"https:\/\/www.manquepierda.com\/futbolandia\/","name":"Futbolandia","description":"Reportajes e informaci\u00f3n sobre f\u00fatbol mundial y j\u00f3venes promesas","potentialAction":[{"@type":"SearchAction","target":{"@type":"EntryPoint","urlTemplate":"https:\/\/www.manquepierda.com\/futbolandia\/?s={search_term_string}"},"query-input":{"@type":"PropertyValueSpecification","valueRequired":true,"valueName":"search_term_string"}}],"inLanguage":"es"},{"@type":"Person","@id":"https:\/\/www.manquepierda.com\/futbolandia\/#\/schema\/person\/fdb4eabc3c2e0e717a790a4ce10cd2b3","name":"Jorge M. Gonz\u00e1lez","image":{"@type":"ImageObject","inLanguage":"es","@id":"https:\/\/secure.gravatar.com\/avatar\/40fe62083e523c4134f75fb1d06ea73b4503d9162f3c6e89800e90f1bbd7f262?s=96&d=mm&r=g","url":"https:\/\/secure.gravatar.com\/avatar\/40fe62083e523c4134f75fb1d06ea73b4503d9162f3c6e89800e90f1bbd7f262?s=96&d=mm&r=g","contentUrl":"https:\/\/secure.gravatar.com\/avatar\/40fe62083e523c4134f75fb1d06ea73b4503d9162f3c6e89800e90f1bbd7f262?s=96&d=mm&r=g","caption":"Jorge M. Gonz\u00e1lez"},"description":"Apasionado del f\u00fatbol internacional y Social Media Manager. Me gusta seguir ligas extranjeras y a las j\u00f3venes promesas de todo el mundo. S\u00edgueme en twitter para compartir afici\u00f3n: @jorgegonex","sameAs":["http:\/\/manquepierda.com\/","https:\/\/x.com\/https:\/\/twitter.com\/jorgegonex","https:\/\/www.youtube.com\/user\/FutbolandiaMQP"],"url":"https:\/\/www.manquepierda.com\/futbolandia\/author\/jorgegonzalez\/"}]}},"jetpack_publicize_connections":[],"jetpack_featured_media_url":"https:\/\/i0.wp.com\/www.manquepierda.com\/futbolandia\/files\/2015\/08\/Carlos-Vela1.jpg?fit=624%2C351&ssl=1","jetpack_shortlink":"https:\/\/wp.me\/p1THIg-1u4","jetpack_sharing_enabled":true,"_links":{"self":[{"href":"https:\/\/www.manquepierda.com\/futbolandia\/wp-json\/wp\/v2\/posts\/5708","targetHints":{"allow":["GET"]}}],"collection":[{"href":"https:\/\/www.manquepierda.com\/futbolandia\/wp-json\/wp\/v2\/posts"}],"about":[{"href":"https:\/\/www.manquepierda.com\/futbolandia\/wp-json\/wp\/v2\/types\/post"}],"author":[{"embeddable":true,"href":"https:\/\/www.manquepierda.com\/futbolandia\/wp-json\/wp\/v2\/users\/93"}],"replies":[{"embeddable":true,"href":"https:\/\/www.manquepierda.com\/futbolandia\/wp-json\/wp\/v2\/comments?post=5708"}],"version-history":[{"count":0,"href":"https:\/\/www.manquepierda.com\/futbolandia\/wp-json\/wp\/v2\/posts\/5708\/revisions"}],"wp:featuredmedia":[{"embeddable":true,"href":"https:\/\/www.manquepierda.com\/futbolandia\/wp-json\/wp\/v2\/media\/5710"}],"wp:attachment":[{"href":"https:\/\/www.manquepierda.com\/futbolandia\/wp-json\/wp\/v2\/media?parent=5708"}],"wp:term":[{"taxonomy":"category","embeddable":true,"href":"https:\/\/www.manquepierda.com\/futbolandia\/wp-json\/wp\/v2\/categories?post=5708"},{"taxonomy":"post_tag","embeddable":true,"href":"https:\/\/www.manquepierda.com\/futbolandia\/wp-json\/wp\/v2\/tags?post=5708"}],"curies":[{"name":"wp","href":"https:\/\/api.w.org\/{rel}","templated":true}]}}