{"id":5712,"date":"2015-08-14T13:24:23","date_gmt":"2015-08-14T11:24:23","guid":{"rendered":"http:\/\/www.manquepierda.com\/futbolandia\/?p=5712"},"modified":"2015-08-14T15:14:42","modified_gmt":"2015-08-14T13:14:42","slug":"la-cobardia-de-bielsa","status":"publish","type":"post","link":"https:\/\/www.manquepierda.com\/futbolandia\/la-cobardia-de-bielsa\/","title":{"rendered":"La cobard\u00eda de Bielsa"},"content":{"rendered":"<p><img data-recalc-dims=\"1\" loading=\"lazy\" decoding=\"async\" class=\"alignleft\" src=\"https:\/\/i0.wp.com\/www.manquepierda.com\/futbolandia\/files\/2015\/08\/marcelo-bielsa-2.jpg?resize=440%2C332\" alt=\"\" width=\"440\" height=\"332\" \/>En los \u00faltimos d\u00edas hemos hemos asistido a un hecho que ha dejado indiferente a pocos seguidores del f\u00fatbol franc\u00e9s. La primera jornada de la Ligue 1 dej\u00f3 una sorpresa clara con la derrota del Olympique de Marsella en casa ante el Caen, con un solitario gol de Andy Delort. Esto no pasar\u00eda de ser un tropiezo m\u00e1s (algo relativamente com\u00fan en las primera jornadas), si no fuera porque tras la derrota, <strong>el t\u00e9cnico marsell\u00e9s Marcelo Bielsa, present\u00f3 su dimisi\u00f3n.<\/strong><\/p>\n<p>En sociedades tan arraigadas al trabajo, tan poco acostumbradas a asumir o ver dimisiones de trabajadores y en el mundo del f\u00fatbol profesional donde es habitual ver entrenadores agarrarse al puesto hasta ser destituidos para cobrar el resto de su contrato, la salida de Bielsa llam\u00f3 la atenci\u00f3n originando numerosas opiniones con una noticia que recorri\u00f3 como la p\u00f3lvora las redes sociales. Entre las distintas visiones, la m\u00e1s com\u00fan fue la tildar al t\u00e9cnico chileno como valiente, como una persona integra y fiel a sus pensamientos y\/o principios. No obstante, en este art\u00edculo me gustar\u00eda expresar mi opini\u00f3n personal, que es justamente la contraria.<strong> La actitud de Bielsa y su actuaci\u00f3n, est\u00e1s m\u00e1s cercanas a la cobard\u00eda que a su ant\u00f3nimo y el principal perjudicado no es \u00e9l por perder su cargo, sino el O. Marsella.<\/strong><\/p>\n<p>Si te marchas, es porque no te ves capaz de cumplir los objetivos, no eres capaz de sacar rendimiento al grupo o capaz de vencer a rivales como el serio Caen que te gan\u00f3 la partida en este primer encuentro. Y si es as\u00ed, si no te ves capaz, no es algo que descubras como iluminado por el comienzo de la liga, sino en pretemporada.<\/p>\n<p>Has trabajado al equipo, los jugadores nuevos han asimilado el sistema y tu forma de trabajar y ahora se quedan sin t\u00e9cnico, vendr\u00e1 un nuevo entrenador y habr\u00e1 que volver a empezar de cero. \u00bfEs eso valent\u00eda? Existe otra versi\u00f3n, otra vertiente, que es la de no ser feliz con tu trabajo. En las mismas condiciones que si no te ves capaz, es algo que podr\u00edas haber visto antes del comienzo de liga y otro t\u00e9cnico habr\u00eda preparado al equipo. Igualmente,<strong> si la iluminaci\u00f3n para tomar esta decisi\u00f3n lleg\u00f3 con la derrota, por verg\u00fcenza torera, por esos aficionados que hace solo unos meses te ped\u00edan que no te fueras, deber\u00edas trabajar con m\u00e1s \u00edmpetu a\u00fan, pero no abandonar al equipo.<\/strong><\/p>\n<p>Es cierto que se marcha sin cobrar su contrato por haber dimitido pero ahora el comienzo de temporada del Olympique de Marsella est\u00e1 condicionado, y las opciones para el banquillo escasean al estar las competiciones comenzadas o a punto de empezar.\u00a0Veremos como se reponen los franceses, que adem\u00e1s han visto como una de sus pasadas estrellas, Valbuena, descartado la temporada pasada por el t\u00e9cnico argentino, ha reforzado a uno de sus m\u00e1ximos rivales, el Olympique de Lyon.<\/p>\n<p><strong>\u00bfRealmente esta actitud, como cuando se march\u00f3 del Espanyol, es valent\u00eda? Personalmente lo considero cobard\u00eda, la cobard\u00eda de Bielsa.<\/strong> Un entrenador cuyas excentricidades, admiradas a veces, son muy perjudiciales en otras ocasiones.<\/p>\n","protected":false},"excerpt":{"rendered":"<p>En los \u00faltimos d\u00edas hemos hemos asistido a un hecho que ha dejado indiferente a pocos seguidores del f\u00fatbol franc\u00e9s. La primera jornada de la Ligue 1 dej\u00f3 una sorpresa clara con la derrota del Olympique de Marsella en casa ante el Caen, con un solitario gol de Andy Delort. Esto no pasar\u00eda de ser&#8230;<\/p>\n","protected":false},"author":93,"featured_media":5714,"comment_status":"open","ping_status":"open","sticky":false,"template":"","format":"standard","meta":{"_kad_post_transparent":"","_kad_post_title":"","_kad_post_layout":"","_kad_post_sidebar_id":"","_kad_post_content_style":"","_kad_post_vertical_padding":"","_kad_post_feature":"","_kad_post_feature_position":"","_kad_post_header":false,"_kad_post_footer":false,"_kad_post_classname":"","_jetpack_memberships_contains_paid_content":false,"footnotes":"","jetpack_publicize_message":"","jetpack_publicize_feature_enabled":true,"jetpack_social_post_already_shared":true,"jetpack_social_options":{"image_generator_settings":{"template":"highway","default_image_id":0,"font":"","enabled":false},"version":2}},"categories":[7,1392,10],"tags":[276,1823,2049,2050,2051,1465,1467],"class_list":["post-5712","post","type-post","status-publish","format-standard","has-post-thumbnail","hentry","category-opinion","category-otras-ligas","category-portada","tag-bielsa","tag-caen","tag-cobardia","tag-dimision","tag-dimite","tag-marcelo","tag-marsella"],"yoast_head":"<!-- This site is optimized with the Yoast SEO plugin v27.5 - https:\/\/yoast.com\/product\/yoast-seo-wordpress\/ -->\n<title>La cobard\u00eda de Bielsa &#8211; Futbolandia<\/title>\n<meta name=\"robots\" content=\"index, follow, max-snippet:-1, max-image-preview:large, max-video-preview:-1\" \/>\n<link rel=\"canonical\" href=\"https:\/\/www.manquepierda.com\/futbolandia\/la-cobardia-de-bielsa\/\" \/>\n<meta property=\"og:locale\" content=\"es_ES\" \/>\n<meta property=\"og:type\" content=\"article\" \/>\n<meta property=\"og:title\" content=\"La cobard\u00eda de Bielsa &#8211; Futbolandia\" \/>\n<meta property=\"og:description\" content=\"En los \u00faltimos d\u00edas hemos hemos asistido a un hecho que ha dejado indiferente a pocos seguidores del f\u00fatbol franc\u00e9s. La primera jornada de la Ligue 1 dej\u00f3 una sorpresa clara con la derrota del Olympique de Marsella en casa ante el Caen, con un solitario gol de Andy Delort. Esto no pasar\u00eda de ser...\" \/>\n<meta property=\"og:url\" content=\"https:\/\/www.manquepierda.com\/futbolandia\/la-cobardia-de-bielsa\/\" \/>\n<meta property=\"og:site_name\" content=\"Futbolandia\" \/>\n<meta property=\"article:published_time\" content=\"2015-08-14T11:24:23+00:00\" \/>\n<meta property=\"article:modified_time\" content=\"2015-08-14T13:14:42+00:00\" \/>\n<meta property=\"og:image\" content=\"https:\/\/i2.wp.com\/www.manquepierda.com\/futbolandia\/files\/2015\/08\/marcelo-bielsa-21.jpg?fit=621%2C465&ssl=1\" \/>\n\t<meta property=\"og:image:width\" content=\"621\" \/>\n\t<meta property=\"og:image:height\" content=\"465\" \/>\n\t<meta property=\"og:image:type\" content=\"image\/jpeg\" \/>\n<meta name=\"author\" content=\"Jorge M. Gonz\u00e1lez\" \/>\n<meta name=\"twitter:label1\" content=\"Escrito por\" \/>\n\t<meta name=\"twitter:data1\" content=\"Jorge M. Gonz\u00e1lez\" \/>\n\t<meta name=\"twitter:label2\" content=\"Tiempo de lectura\" \/>\n\t<meta name=\"twitter:data2\" content=\"3 minutos\" \/>\n<script type=\"application\/ld+json\" class=\"yoast-schema-graph\">{\"@context\":\"https:\\\/\\\/schema.org\",\"@graph\":[{\"@type\":\"Article\",\"@id\":\"https:\\\/\\\/www.manquepierda.com\\\/futbolandia\\\/la-cobardia-de-bielsa\\\/#article\",\"isPartOf\":{\"@id\":\"https:\\\/\\\/www.manquepierda.com\\\/futbolandia\\\/la-cobardia-de-bielsa\\\/\"},\"author\":{\"name\":\"Jorge M. Gonz\u00e1lez\",\"@id\":\"https:\\\/\\\/www.manquepierda.com\\\/futbolandia\\\/#\\\/schema\\\/person\\\/fdb4eabc3c2e0e717a790a4ce10cd2b3\"},\"headline\":\"La cobard\u00eda de Bielsa\",\"datePublished\":\"2015-08-14T11:24:23+00:00\",\"dateModified\":\"2015-08-14T13:14:42+00:00\",\"mainEntityOfPage\":{\"@id\":\"https:\\\/\\\/www.manquepierda.com\\\/futbolandia\\\/la-cobardia-de-bielsa\\\/\"},\"wordCount\":558,\"commentCount\":0,\"image\":{\"@id\":\"https:\\\/\\\/www.manquepierda.com\\\/futbolandia\\\/la-cobardia-de-bielsa\\\/#primaryimage\"},\"thumbnailUrl\":\"https:\\\/\\\/i0.wp.com\\\/www.manquepierda.com\\\/futbolandia\\\/files\\\/2015\\\/08\\\/marcelo-bielsa-21.jpg?fit=621%2C465&ssl=1\",\"keywords\":[\"Bielsa\",\"Caen\",\"cobardia\",\"dimision\",\"dimite\",\"marcelo\",\"marsella\"],\"articleSection\":[\"Opini\u00f3n\",\"Otras ligas\",\"Portada\"],\"inLanguage\":\"es\",\"potentialAction\":[{\"@type\":\"CommentAction\",\"name\":\"Comment\",\"target\":[\"https:\\\/\\\/www.manquepierda.com\\\/futbolandia\\\/la-cobardia-de-bielsa\\\/#respond\"]}]},{\"@type\":\"WebPage\",\"@id\":\"https:\\\/\\\/www.manquepierda.com\\\/futbolandia\\\/la-cobardia-de-bielsa\\\/\",\"url\":\"https:\\\/\\\/www.manquepierda.com\\\/futbolandia\\\/la-cobardia-de-bielsa\\\/\",\"name\":\"La cobard\u00eda de Bielsa &#8211; Futbolandia\",\"isPartOf\":{\"@id\":\"https:\\\/\\\/www.manquepierda.com\\\/futbolandia\\\/#website\"},\"primaryImageOfPage\":{\"@id\":\"https:\\\/\\\/www.manquepierda.com\\\/futbolandia\\\/la-cobardia-de-bielsa\\\/#primaryimage\"},\"image\":{\"@id\":\"https:\\\/\\\/www.manquepierda.com\\\/futbolandia\\\/la-cobardia-de-bielsa\\\/#primaryimage\"},\"thumbnailUrl\":\"https:\\\/\\\/i0.wp.com\\\/www.manquepierda.com\\\/futbolandia\\\/files\\\/2015\\\/08\\\/marcelo-bielsa-21.jpg?fit=621%2C465&ssl=1\",\"datePublished\":\"2015-08-14T11:24:23+00:00\",\"dateModified\":\"2015-08-14T13:14:42+00:00\",\"author\":{\"@id\":\"https:\\\/\\\/www.manquepierda.com\\\/futbolandia\\\/#\\\/schema\\\/person\\\/fdb4eabc3c2e0e717a790a4ce10cd2b3\"},\"breadcrumb\":{\"@id\":\"https:\\\/\\\/www.manquepierda.com\\\/futbolandia\\\/la-cobardia-de-bielsa\\\/#breadcrumb\"},\"inLanguage\":\"es\",\"potentialAction\":[{\"@type\":\"ReadAction\",\"target\":[\"https:\\\/\\\/www.manquepierda.com\\\/futbolandia\\\/la-cobardia-de-bielsa\\\/\"]}]},{\"@type\":\"ImageObject\",\"inLanguage\":\"es\",\"@id\":\"https:\\\/\\\/www.manquepierda.com\\\/futbolandia\\\/la-cobardia-de-bielsa\\\/#primaryimage\",\"url\":\"https:\\\/\\\/i0.wp.com\\\/www.manquepierda.com\\\/futbolandia\\\/files\\\/2015\\\/08\\\/marcelo-bielsa-21.jpg?fit=621%2C465&ssl=1\",\"contentUrl\":\"https:\\\/\\\/i0.wp.com\\\/www.manquepierda.com\\\/futbolandia\\\/files\\\/2015\\\/08\\\/marcelo-bielsa-21.jpg?fit=621%2C465&ssl=1\",\"width\":621,\"height\":465},{\"@type\":\"BreadcrumbList\",\"@id\":\"https:\\\/\\\/www.manquepierda.com\\\/futbolandia\\\/la-cobardia-de-bielsa\\\/#breadcrumb\",\"itemListElement\":[{\"@type\":\"ListItem\",\"position\":1,\"name\":\"Portada\",\"item\":\"https:\\\/\\\/www.manquepierda.com\\\/futbolandia\\\/\"},{\"@type\":\"ListItem\",\"position\":2,\"name\":\"La cobard\u00eda de Bielsa\"}]},{\"@type\":\"WebSite\",\"@id\":\"https:\\\/\\\/www.manquepierda.com\\\/futbolandia\\\/#website\",\"url\":\"https:\\\/\\\/www.manquepierda.com\\\/futbolandia\\\/\",\"name\":\"Futbolandia\",\"description\":\"Reportajes e informaci\u00f3n sobre f\u00fatbol mundial y j\u00f3venes promesas\",\"potentialAction\":[{\"@type\":\"SearchAction\",\"target\":{\"@type\":\"EntryPoint\",\"urlTemplate\":\"https:\\\/\\\/www.manquepierda.com\\\/futbolandia\\\/?s={search_term_string}\"},\"query-input\":{\"@type\":\"PropertyValueSpecification\",\"valueRequired\":true,\"valueName\":\"search_term_string\"}}],\"inLanguage\":\"es\"},{\"@type\":\"Person\",\"@id\":\"https:\\\/\\\/www.manquepierda.com\\\/futbolandia\\\/#\\\/schema\\\/person\\\/fdb4eabc3c2e0e717a790a4ce10cd2b3\",\"name\":\"Jorge M. Gonz\u00e1lez\",\"image\":{\"@type\":\"ImageObject\",\"inLanguage\":\"es\",\"@id\":\"https:\\\/\\\/secure.gravatar.com\\\/avatar\\\/40fe62083e523c4134f75fb1d06ea73b4503d9162f3c6e89800e90f1bbd7f262?s=96&d=mm&r=g\",\"url\":\"https:\\\/\\\/secure.gravatar.com\\\/avatar\\\/40fe62083e523c4134f75fb1d06ea73b4503d9162f3c6e89800e90f1bbd7f262?s=96&d=mm&r=g\",\"contentUrl\":\"https:\\\/\\\/secure.gravatar.com\\\/avatar\\\/40fe62083e523c4134f75fb1d06ea73b4503d9162f3c6e89800e90f1bbd7f262?s=96&d=mm&r=g\",\"caption\":\"Jorge M. Gonz\u00e1lez\"},\"description\":\"Apasionado del f\u00fatbol internacional y Social Media Manager. Me gusta seguir ligas extranjeras y a las j\u00f3venes promesas de todo el mundo. S\u00edgueme en twitter para compartir afici\u00f3n: @jorgegonex\",\"sameAs\":[\"http:\\\/\\\/manquepierda.com\\\/\",\"https:\\\/\\\/x.com\\\/https:\\\/\\\/twitter.com\\\/jorgegonex\",\"https:\\\/\\\/www.youtube.com\\\/user\\\/FutbolandiaMQP\"],\"url\":\"https:\\\/\\\/www.manquepierda.com\\\/futbolandia\\\/author\\\/jorgegonzalez\\\/\"}]}<\/script>\n<!-- \/ Yoast SEO plugin. -->","yoast_head_json":{"title":"La cobard\u00eda de Bielsa &#8211; Futbolandia","robots":{"index":"index","follow":"follow","max-snippet":"max-snippet:-1","max-image-preview":"max-image-preview:large","max-video-preview":"max-video-preview:-1"},"canonical":"https:\/\/www.manquepierda.com\/futbolandia\/la-cobardia-de-bielsa\/","og_locale":"es_ES","og_type":"article","og_title":"La cobard\u00eda de Bielsa &#8211; Futbolandia","og_description":"En los \u00faltimos d\u00edas hemos hemos asistido a un hecho que ha dejado indiferente a pocos seguidores del f\u00fatbol franc\u00e9s. La primera jornada de la Ligue 1 dej\u00f3 una sorpresa clara con la derrota del Olympique de Marsella en casa ante el Caen, con un solitario gol de Andy Delort. Esto no pasar\u00eda de ser...","og_url":"https:\/\/www.manquepierda.com\/futbolandia\/la-cobardia-de-bielsa\/","og_site_name":"Futbolandia","article_published_time":"2015-08-14T11:24:23+00:00","article_modified_time":"2015-08-14T13:14:42+00:00","og_image":[{"width":621,"height":465,"url":"https:\/\/i2.wp.com\/www.manquepierda.com\/futbolandia\/files\/2015\/08\/marcelo-bielsa-21.jpg?fit=621%2C465&ssl=1","type":"image\/jpeg"}],"author":"Jorge M. Gonz\u00e1lez","twitter_misc":{"Escrito por":"Jorge M. Gonz\u00e1lez","Tiempo de lectura":"3 minutos"},"schema":{"@context":"https:\/\/schema.org","@graph":[{"@type":"Article","@id":"https:\/\/www.manquepierda.com\/futbolandia\/la-cobardia-de-bielsa\/#article","isPartOf":{"@id":"https:\/\/www.manquepierda.com\/futbolandia\/la-cobardia-de-bielsa\/"},"author":{"name":"Jorge M. Gonz\u00e1lez","@id":"https:\/\/www.manquepierda.com\/futbolandia\/#\/schema\/person\/fdb4eabc3c2e0e717a790a4ce10cd2b3"},"headline":"La cobard\u00eda de Bielsa","datePublished":"2015-08-14T11:24:23+00:00","dateModified":"2015-08-14T13:14:42+00:00","mainEntityOfPage":{"@id":"https:\/\/www.manquepierda.com\/futbolandia\/la-cobardia-de-bielsa\/"},"wordCount":558,"commentCount":0,"image":{"@id":"https:\/\/www.manquepierda.com\/futbolandia\/la-cobardia-de-bielsa\/#primaryimage"},"thumbnailUrl":"https:\/\/i0.wp.com\/www.manquepierda.com\/futbolandia\/files\/2015\/08\/marcelo-bielsa-21.jpg?fit=621%2C465&ssl=1","keywords":["Bielsa","Caen","cobardia","dimision","dimite","marcelo","marsella"],"articleSection":["Opini\u00f3n","Otras ligas","Portada"],"inLanguage":"es","potentialAction":[{"@type":"CommentAction","name":"Comment","target":["https:\/\/www.manquepierda.com\/futbolandia\/la-cobardia-de-bielsa\/#respond"]}]},{"@type":"WebPage","@id":"https:\/\/www.manquepierda.com\/futbolandia\/la-cobardia-de-bielsa\/","url":"https:\/\/www.manquepierda.com\/futbolandia\/la-cobardia-de-bielsa\/","name":"La cobard\u00eda de Bielsa &#8211; Futbolandia","isPartOf":{"@id":"https:\/\/www.manquepierda.com\/futbolandia\/#website"},"primaryImageOfPage":{"@id":"https:\/\/www.manquepierda.com\/futbolandia\/la-cobardia-de-bielsa\/#primaryimage"},"image":{"@id":"https:\/\/www.manquepierda.com\/futbolandia\/la-cobardia-de-bielsa\/#primaryimage"},"thumbnailUrl":"https:\/\/i0.wp.com\/www.manquepierda.com\/futbolandia\/files\/2015\/08\/marcelo-bielsa-21.jpg?fit=621%2C465&ssl=1","datePublished":"2015-08-14T11:24:23+00:00","dateModified":"2015-08-14T13:14:42+00:00","author":{"@id":"https:\/\/www.manquepierda.com\/futbolandia\/#\/schema\/person\/fdb4eabc3c2e0e717a790a4ce10cd2b3"},"breadcrumb":{"@id":"https:\/\/www.manquepierda.com\/futbolandia\/la-cobardia-de-bielsa\/#breadcrumb"},"inLanguage":"es","potentialAction":[{"@type":"ReadAction","target":["https:\/\/www.manquepierda.com\/futbolandia\/la-cobardia-de-bielsa\/"]}]},{"@type":"ImageObject","inLanguage":"es","@id":"https:\/\/www.manquepierda.com\/futbolandia\/la-cobardia-de-bielsa\/#primaryimage","url":"https:\/\/i0.wp.com\/www.manquepierda.com\/futbolandia\/files\/2015\/08\/marcelo-bielsa-21.jpg?fit=621%2C465&ssl=1","contentUrl":"https:\/\/i0.wp.com\/www.manquepierda.com\/futbolandia\/files\/2015\/08\/marcelo-bielsa-21.jpg?fit=621%2C465&ssl=1","width":621,"height":465},{"@type":"BreadcrumbList","@id":"https:\/\/www.manquepierda.com\/futbolandia\/la-cobardia-de-bielsa\/#breadcrumb","itemListElement":[{"@type":"ListItem","position":1,"name":"Portada","item":"https:\/\/www.manquepierda.com\/futbolandia\/"},{"@type":"ListItem","position":2,"name":"La cobard\u00eda de Bielsa"}]},{"@type":"WebSite","@id":"https:\/\/www.manquepierda.com\/futbolandia\/#website","url":"https:\/\/www.manquepierda.com\/futbolandia\/","name":"Futbolandia","description":"Reportajes e informaci\u00f3n sobre f\u00fatbol mundial y j\u00f3venes promesas","potentialAction":[{"@type":"SearchAction","target":{"@type":"EntryPoint","urlTemplate":"https:\/\/www.manquepierda.com\/futbolandia\/?s={search_term_string}"},"query-input":{"@type":"PropertyValueSpecification","valueRequired":true,"valueName":"search_term_string"}}],"inLanguage":"es"},{"@type":"Person","@id":"https:\/\/www.manquepierda.com\/futbolandia\/#\/schema\/person\/fdb4eabc3c2e0e717a790a4ce10cd2b3","name":"Jorge M. Gonz\u00e1lez","image":{"@type":"ImageObject","inLanguage":"es","@id":"https:\/\/secure.gravatar.com\/avatar\/40fe62083e523c4134f75fb1d06ea73b4503d9162f3c6e89800e90f1bbd7f262?s=96&d=mm&r=g","url":"https:\/\/secure.gravatar.com\/avatar\/40fe62083e523c4134f75fb1d06ea73b4503d9162f3c6e89800e90f1bbd7f262?s=96&d=mm&r=g","contentUrl":"https:\/\/secure.gravatar.com\/avatar\/40fe62083e523c4134f75fb1d06ea73b4503d9162f3c6e89800e90f1bbd7f262?s=96&d=mm&r=g","caption":"Jorge M. Gonz\u00e1lez"},"description":"Apasionado del f\u00fatbol internacional y Social Media Manager. Me gusta seguir ligas extranjeras y a las j\u00f3venes promesas de todo el mundo. S\u00edgueme en twitter para compartir afici\u00f3n: @jorgegonex","sameAs":["http:\/\/manquepierda.com\/","https:\/\/x.com\/https:\/\/twitter.com\/jorgegonex","https:\/\/www.youtube.com\/user\/FutbolandiaMQP"],"url":"https:\/\/www.manquepierda.com\/futbolandia\/author\/jorgegonzalez\/"}]}},"jetpack_publicize_connections":[],"jetpack_featured_media_url":"https:\/\/i0.wp.com\/www.manquepierda.com\/futbolandia\/files\/2015\/08\/marcelo-bielsa-21.jpg?fit=621%2C465&ssl=1","jetpack_shortlink":"https:\/\/wp.me\/p1THIg-1u8","jetpack_sharing_enabled":true,"_links":{"self":[{"href":"https:\/\/www.manquepierda.com\/futbolandia\/wp-json\/wp\/v2\/posts\/5712","targetHints":{"allow":["GET"]}}],"collection":[{"href":"https:\/\/www.manquepierda.com\/futbolandia\/wp-json\/wp\/v2\/posts"}],"about":[{"href":"https:\/\/www.manquepierda.com\/futbolandia\/wp-json\/wp\/v2\/types\/post"}],"author":[{"embeddable":true,"href":"https:\/\/www.manquepierda.com\/futbolandia\/wp-json\/wp\/v2\/users\/93"}],"replies":[{"embeddable":true,"href":"https:\/\/www.manquepierda.com\/futbolandia\/wp-json\/wp\/v2\/comments?post=5712"}],"version-history":[{"count":0,"href":"https:\/\/www.manquepierda.com\/futbolandia\/wp-json\/wp\/v2\/posts\/5712\/revisions"}],"wp:featuredmedia":[{"embeddable":true,"href":"https:\/\/www.manquepierda.com\/futbolandia\/wp-json\/wp\/v2\/media\/5714"}],"wp:attachment":[{"href":"https:\/\/www.manquepierda.com\/futbolandia\/wp-json\/wp\/v2\/media?parent=5712"}],"wp:term":[{"taxonomy":"category","embeddable":true,"href":"https:\/\/www.manquepierda.com\/futbolandia\/wp-json\/wp\/v2\/categories?post=5712"},{"taxonomy":"post_tag","embeddable":true,"href":"https:\/\/www.manquepierda.com\/futbolandia\/wp-json\/wp\/v2\/tags?post=5712"}],"curies":[{"name":"wp","href":"https:\/\/api.w.org\/{rel}","templated":true}]}}