{"id":5731,"date":"2015-08-29T16:31:48","date_gmt":"2015-08-29T14:31:48","guid":{"rendered":"http:\/\/www.manquepierda.com\/futbolandia\/?p=5731"},"modified":"2015-08-29T16:44:24","modified_gmt":"2015-08-29T14:44:24","slug":"la-varita-magica-de-tuchel","status":"publish","type":"post","link":"https:\/\/www.manquepierda.com\/futbolandia\/la-varita-magica-de-tuchel\/","title":{"rendered":"La varita m\u00e1gica de Tuchel"},"content":{"rendered":"<figure id=\"attachment_5739\" aria-describedby=\"caption-attachment-5739\" style=\"width: 471px\" class=\"wp-caption alignleft\"><a href=\"https:\/\/i0.wp.com\/www.manquepierda.com\/futbolandia\/files\/2015\/08\/thomas-tuchel1.jpg\"><img data-recalc-dims=\"1\" loading=\"lazy\" decoding=\"async\" data-attachment-id=\"5739\" data-permalink=\"https:\/\/www.manquepierda.com\/futbolandia\/la-varita-magica-de-tuchel\/thomas-tuchel-2\/\" data-orig-file=\"https:\/\/i0.wp.com\/www.manquepierda.com\/futbolandia\/files\/2015\/08\/thomas-tuchel1.jpg?fit=993%2C559&amp;ssl=1\" data-orig-size=\"993,559\" data-comments-opened=\"1\" data-image-meta=\"{&quot;aperture&quot;:&quot;0&quot;,&quot;credit&quot;:&quot;&quot;,&quot;camera&quot;:&quot;&quot;,&quot;caption&quot;:&quot;&quot;,&quot;created_timestamp&quot;:&quot;0&quot;,&quot;copyright&quot;:&quot;&quot;,&quot;focal_length&quot;:&quot;0&quot;,&quot;iso&quot;:&quot;0&quot;,&quot;shutter_speed&quot;:&quot;0&quot;,&quot;title&quot;:&quot;&quot;,&quot;orientation&quot;:&quot;0&quot;}\" data-image-title=\"thomas tuchel\" data-image-description=\"\" data-image-caption=\"&lt;p&gt;Foto: sportbild.bild.de&lt;\/p&gt;\n\" data-large-file=\"https:\/\/i0.wp.com\/www.manquepierda.com\/futbolandia\/files\/2015\/08\/thomas-tuchel1.jpg?fit=993%2C559&amp;ssl=1\" class=\" wp-image-5739\" src=\"https:\/\/i0.wp.com\/www.manquepierda.com\/futbolandia\/files\/2015\/08\/thomas-tuchel1.jpg?resize=471%2C265\" alt=\"Foto: sportbild.bild.de\" width=\"471\" height=\"265\" srcset=\"https:\/\/i0.wp.com\/www.manquepierda.com\/futbolandia\/files\/2015\/08\/thomas-tuchel1.jpg?w=993&amp;ssl=1 993w, https:\/\/i0.wp.com\/www.manquepierda.com\/futbolandia\/files\/2015\/08\/thomas-tuchel1.jpg?resize=300%2C169&amp;ssl=1 300w\" sizes=\"auto, (max-width: 471px) 100vw, 471px\" \/><\/a><figcaption id=\"caption-attachment-5739\" class=\"wp-caption-text\">Foto: sportbild.bild.de<\/figcaption><\/figure>\n<p>La \u00faltima temporada en el BVB no ha pasado nada desapercibida en la Bundesliga. Inexplicable que un proyecto de tal magnitud, aun con el constante vuelo de estrellas (G\u00f6tze, Lewandowski&#8230;) hacia el Bayern de M\u00fcnich tuviese los problemas que tuvo entre los que se pens\u00f3 hasta en un hipot\u00e9tico descenso.<\/p>\n<p>Inexplicable y sorprendente teniendo en cuenta que el Borussia Dortmund de Klopp nos ha tenido acostumbrado a\u00f1os atr\u00e1s a un f\u00fatbol de muy alto nivel, a ser siempre uno de los candidatos a todo y a partidos hist\u00f3ricos con machadas que el aficionado recordar\u00e1 mucho tiempo.<\/p>\n<p>La \u00faltima temporada nada sali\u00f3 como deber\u00eda. <strong>Una serie de lesiones y el bajo rendimiento de ciertos jugadores que se antojaban claves hizo coquetear a los del Signal Iduna Park con el descenso<\/strong>, aunque una parte final de la temporada llena de coraje y orgullo, maquill\u00f3 el a\u00f1o con una \u00e9pica remontada que incluso ha llevado al equipo a la previa de Europa League.<\/p>\n<figure id=\"attachment_5742\" aria-describedby=\"caption-attachment-5742\" style=\"width: 287px\" class=\"wp-caption alignleft\"><a href=\"https:\/\/i0.wp.com\/www.manquepierda.com\/futbolandia\/files\/2015\/08\/Borussia-Dortmund-Tuchel.jpg\"><img data-recalc-dims=\"1\" loading=\"lazy\" decoding=\"async\" data-attachment-id=\"5742\" data-permalink=\"https:\/\/www.manquepierda.com\/futbolandia\/la-varita-magica-de-tuchel\/borussia-dortmund-tuchel\/\" data-orig-file=\"https:\/\/i0.wp.com\/www.manquepierda.com\/futbolandia\/files\/2015\/08\/Borussia-Dortmund-Tuchel.jpg?fit=316%2C513&amp;ssl=1\" data-orig-size=\"316,513\" data-comments-opened=\"1\" data-image-meta=\"{&quot;aperture&quot;:&quot;0&quot;,&quot;credit&quot;:&quot;&quot;,&quot;camera&quot;:&quot;&quot;,&quot;caption&quot;:&quot;&quot;,&quot;created_timestamp&quot;:&quot;0&quot;,&quot;copyright&quot;:&quot;&quot;,&quot;focal_length&quot;:&quot;0&quot;,&quot;iso&quot;:&quot;0&quot;,&quot;shutter_speed&quot;:&quot;0&quot;,&quot;title&quot;:&quot;&quot;,&quot;orientation&quot;:&quot;0&quot;}\" data-image-title=\"Borussia Dortmund Tuchel\" data-image-description=\"\" data-image-caption=\"&lt;p&gt;As\u00ed suele partir de inicio el nuevo BVB de Thomas Tuchel&lt;\/p&gt;\n\" data-large-file=\"https:\/\/i0.wp.com\/www.manquepierda.com\/futbolandia\/files\/2015\/08\/Borussia-Dortmund-Tuchel.jpg?fit=316%2C513&amp;ssl=1\" class=\" wp-image-5742\" src=\"https:\/\/i0.wp.com\/www.manquepierda.com\/futbolandia\/files\/2015\/08\/Borussia-Dortmund-Tuchel.jpg?resize=287%2C466\" alt=\"As\u00ed suele partir de inicio el nuevo BVB de Thomas Tuchel\" width=\"287\" height=\"466\" srcset=\"https:\/\/i0.wp.com\/www.manquepierda.com\/futbolandia\/files\/2015\/08\/Borussia-Dortmund-Tuchel.jpg?w=316&amp;ssl=1 316w, https:\/\/i0.wp.com\/www.manquepierda.com\/futbolandia\/files\/2015\/08\/Borussia-Dortmund-Tuchel.jpg?resize=185%2C300&amp;ssl=1 185w\" sizes=\"auto, (max-width: 287px) 100vw, 287px\" \/><\/a><figcaption id=\"caption-attachment-5742\" class=\"wp-caption-text\">As\u00ed suele partir de inicio el nuevo BVB de Thomas Tuchel<\/figcaption><\/figure>\n<figure id=\"attachment_5743\" aria-describedby=\"caption-attachment-5743\" style=\"width: 286px\" class=\"wp-caption alignleft\"><a href=\"https:\/\/i0.wp.com\/www.manquepierda.com\/futbolandia\/files\/2015\/08\/BVB-ofensivo-con-bal%C3%B3n.jpg\"><img data-recalc-dims=\"1\" loading=\"lazy\" decoding=\"async\" data-attachment-id=\"5743\" data-permalink=\"https:\/\/www.manquepierda.com\/futbolandia\/la-varita-magica-de-tuchel\/bvb-ofensivo-con-balon\/\" data-orig-file=\"https:\/\/i0.wp.com\/www.manquepierda.com\/futbolandia\/files\/2015\/08\/BVB-ofensivo-con-bal%C3%B3n.jpg?fit=316%2C513&amp;ssl=1\" data-orig-size=\"316,513\" data-comments-opened=\"1\" data-image-meta=\"{&quot;aperture&quot;:&quot;0&quot;,&quot;credit&quot;:&quot;&quot;,&quot;camera&quot;:&quot;&quot;,&quot;caption&quot;:&quot;&quot;,&quot;created_timestamp&quot;:&quot;0&quot;,&quot;copyright&quot;:&quot;&quot;,&quot;focal_length&quot;:&quot;0&quot;,&quot;iso&quot;:&quot;0&quot;,&quot;shutter_speed&quot;:&quot;0&quot;,&quot;title&quot;:&quot;&quot;,&quot;orientation&quot;:&quot;0&quot;}\" data-image-title=\"BVB ofensivo con bal\u00f3n\" data-image-description=\"\" data-image-caption=\"\" data-large-file=\"https:\/\/i0.wp.com\/www.manquepierda.com\/futbolandia\/files\/2015\/08\/BVB-ofensivo-con-bal%C3%B3n.jpg?fit=316%2C513&amp;ssl=1\" class=\"wp-image-5743 \" src=\"https:\/\/i0.wp.com\/www.manquepierda.com\/futbolandia\/files\/2015\/08\/BVB-ofensivo-con-bal%C3%B3n.jpg?resize=286%2C464\" alt=\"BVB ofensivo con bal\u00f3n\" width=\"286\" height=\"464\" srcset=\"https:\/\/i0.wp.com\/www.manquepierda.com\/futbolandia\/files\/2015\/08\/BVB-ofensivo-con-bal%C3%B3n.jpg?w=316&amp;ssl=1 316w, https:\/\/i0.wp.com\/www.manquepierda.com\/futbolandia\/files\/2015\/08\/BVB-ofensivo-con-bal%C3%B3n.jpg?resize=185%2C300&amp;ssl=1 185w\" sizes=\"auto, (max-width: 286px) 100vw, 286px\" \/><\/a><figcaption id=\"caption-attachment-5743\" class=\"wp-caption-text\">As\u00ed queda t\u00e1cticamente el BVB cuando tiene la posesi\u00f3n, acumulando hombres en ataque y ofreciendo numerosas alternativas.<\/figcaption><\/figure>\n<p>En cualquier caso, las consecuencias por la ilusi\u00f3n perdida han sido trascendentes. M\u00e1s que por una revoluci\u00f3n en plantilla, por una en los banquillos. El siempre carism\u00e1tico J\u00fcrgen Klopp abandon\u00f3 el barco con el cari\u00f1o de la grada y en su lugar -el diario alem\u00e1n Bild dej\u00f3 caer que incluso bajo su recomendaci\u00f3n- lleg\u00f3 Thomas Tuchel, un joven t\u00e9cnico que ya hizo las delicias de los aficionados del Mainz 05. <strong>Con Tuchel, el BVB busca renacer como el gran competidor para el t\u00edtulo de liga y hacer un buen papel en Europa tras su poco brillante 2014\/15.<\/strong><\/p>\n<p>Y las herramientas que el t\u00e9cnico pondr\u00e1 sobre la mesa es un equipo ofensivo, sin perder la velocidad arriba aunque menos forzado al contragolpe que el BVB que pudimos ver la temporada pasada. Con gusto por el bal\u00f3n y ligeras variaciones t\u00e1cticas con respecto al \u00faltimo Dortmund de Klopp. Como su antecesor, Tuchel apuesta por un punta m\u00f3vil, din\u00e1mico y no un ariete cl\u00e1sico. Tambi\u00e9n los hombres de banda, trazar\u00e1n diagonales hacia dentro buscando juego entre l\u00edneas y llegadas desde el costado. Sin embargo, el doble pivote que Klopp colocaba, en su \u00faltimo partido por ejemplo fueron Kehl y Gundogan con Kagawa por delante en la mediapunta,<strong> pasar\u00e1 con Tuchel a ser un trivote en el que parece que Weigl tendr\u00e1 un papel protagonista.<\/strong> El joven mediocentro que lleg\u00f3 este verano del 1860 M\u00fcnchen y que tan buen rendimiento est\u00e1 dando en este inicio parece intocable para el t\u00e9cnico en este comienzo de temporada, acompa\u00f1ado siempre por otros dos mediocentros que ayudan en la elaboraci\u00f3n.<\/p>\n<p>Tres mediocentros que no obstante, se sit\u00faan en una l\u00ednea de cinco hombres en mediocampo. Ante el Odd en el \u00faltimo partido del BVB pudimos ver como Weigl y Gundogan se quedaban en el mediocentro apoyando la posesi\u00f3n del bal\u00f3n y Kagawa se mov\u00eda con algo m\u00e1s de libertad entre l\u00edneas, parecido a lo que Klopp propon\u00eda si no fuese por la actividad de los hombres de banda. En este nuevo Borussia Dortmund, Los hombres de banda se acercan al delantero y dejan el carril para los laterales. Los dos laterales suben ejerciendo de extremos lo que dejan el 4-5-1 inicial en un 2-2-1-5 en ataque. <strong>Un sistema que en ocasiones llega a ser letal gracias a la acumulaci\u00f3n de jugadores en campo contrario y que ofrece numerosas alternativas ofensivas, recordando por momentos a un tiempo pasado en el que era habitual ver esquemas con hasta cinco delanteros.<\/strong><\/p>\n<figure id=\"attachment_5744\" aria-describedby=\"caption-attachment-5744\" style=\"width: 555px\" class=\"wp-caption alignright\"><a href=\"https:\/\/i0.wp.com\/www.manquepierda.com\/futbolandia\/files\/2015\/08\/BVB-Tuchel-3-Basculaciones-2-numerados.jpg\"><img data-recalc-dims=\"1\" loading=\"lazy\" decoding=\"async\" data-attachment-id=\"5744\" data-permalink=\"https:\/\/www.manquepierda.com\/futbolandia\/la-varita-magica-de-tuchel\/bvb-tuchel-3-basculaciones-2-numerados\/\" data-orig-file=\"https:\/\/i0.wp.com\/www.manquepierda.com\/futbolandia\/files\/2015\/08\/BVB-Tuchel-3-Basculaciones-2-numerados.jpg?fit=1192%2C670&amp;ssl=1\" data-orig-size=\"1192,670\" data-comments-opened=\"1\" data-image-meta=\"{&quot;aperture&quot;:&quot;0&quot;,&quot;credit&quot;:&quot;&quot;,&quot;camera&quot;:&quot;&quot;,&quot;caption&quot;:&quot;&quot;,&quot;created_timestamp&quot;:&quot;0&quot;,&quot;copyright&quot;:&quot;&quot;,&quot;focal_length&quot;:&quot;0&quot;,&quot;iso&quot;:&quot;0&quot;,&quot;shutter_speed&quot;:&quot;0&quot;,&quot;title&quot;:&quot;&quot;,&quot;orientation&quot;:&quot;1&quot;}\" data-image-title=\"BVB Tuchel 3- Basculaciones 2 numerados\" data-image-description=\"\" data-image-caption=\"&lt;p&gt;Foto: Arenavision&lt;br \/&gt;\nBasculaci\u00f3n del BVB para evitar el contragolpe. &lt;\/p&gt;\n\" data-large-file=\"https:\/\/i0.wp.com\/www.manquepierda.com\/futbolandia\/files\/2015\/08\/BVB-Tuchel-3-Basculaciones-2-numerados.jpg?fit=1024%2C576&amp;ssl=1\" class=\"wp-image-5744\" src=\"https:\/\/i0.wp.com\/www.manquepierda.com\/futbolandia\/files\/2015\/08\/BVB-Tuchel-3-Basculaciones-2-numerados.jpg?resize=555%2C312\" alt=\"Foto: Arenavision Basculaci\u00f3n del BVB para evitar el contragolpe. \" width=\"555\" height=\"312\" srcset=\"https:\/\/i0.wp.com\/www.manquepierda.com\/futbolandia\/files\/2015\/08\/BVB-Tuchel-3-Basculaciones-2-numerados.jpg?w=1192&amp;ssl=1 1192w, https:\/\/i0.wp.com\/www.manquepierda.com\/futbolandia\/files\/2015\/08\/BVB-Tuchel-3-Basculaciones-2-numerados.jpg?resize=300%2C169&amp;ssl=1 300w, https:\/\/i0.wp.com\/www.manquepierda.com\/futbolandia\/files\/2015\/08\/BVB-Tuchel-3-Basculaciones-2-numerados.jpg?resize=1024%2C576&amp;ssl=1 1024w\" sizes=\"auto, (max-width: 555px) 100vw, 555px\" \/><\/a><figcaption id=\"caption-attachment-5744\" class=\"wp-caption-text\">Foto: Arenavision<br \/> Basculaci\u00f3n del BVB para evitar el contragolpe y cerrar espacios ante la salida de bal\u00f3n rival.<\/figcaption><\/figure>\n<p>Por otra parte, esta forma de atacar tan valiente tambi\u00e9n tiene sus contras y nunca mejor dicho, pues el BVB juega metido casi al completo en campo contrario y eso favorece el contragolpe rival. Hasta ahora no lo ha sufrido en demas\u00eda, si bien el Odd noruego le encaj\u00f3 tres goles en la ida de la eliminatoria europea. Ni el equipo n\u00f3rdico, ni el Ingolstadt reci\u00e9n ascendido han sido rivales para el nuevo proyecto de Tuchel y el que s\u00ed parec\u00eda poder ponerlo a prueba, el Borussia de M\u00f6nchengladbach, cay\u00f3 estrepitosamente en la primera jornada por 4-0 rendido ante la superioridad del nuevo BVB. Pero es que m\u00e1s all\u00e1 de la calidad de los rivales o el estilo de juego valiente, <strong>el equipo alem\u00e1n tiene una curiosa forma de evitar el contragolpe y lo hace con fuertes basculaciones para cerrar espacios que ahogan la salida de bal\u00f3n rival.<\/strong><\/p>\n<p>Armas que parecen suficientes si tenemos en cuenta la entrada de Weigl en el equipo, la calidad y las alternativas que dan arriba Reus y Aubameyang, el nuevo rol de Mkhitaryan en el que parece sentirse m\u00e1s c\u00f3modo, lo bien que se ha adaptado Hofmann a lo que le pide el t\u00e9cnico o lo atractivo que resulta ver entrar casi como extremos a Schmelzer, Ginter o\u00a0Piszczek en una funci\u00f3n que gracias a sus cualidades parecen sacarle m\u00e1s partido al ataque. Por ahora los retoques de Tuchel han sorprendido y enamorado a la Bundesliga. <strong>\u00bfSer\u00e1n capaces de mantener ese nivel durante toda la liga?\u00bfComo reaccionar\u00e1n en partidos de m\u00e1xima exigencia como el duelo ante Bayern o Wolfsburg entre otros?<\/strong> Preguntas que estamos deseando responder. El BVB y su nuevo t\u00e9cnico, Thomas Tuchel, tienen la palabra.<\/p>\n","protected":false},"excerpt":{"rendered":"<p>La \u00faltima temporada en el BVB no ha pasado nada desapercibida en la Bundesliga. Inexplicable que un proyecto de tal magnitud, aun con el constante vuelo de estrellas (G\u00f6tze, Lewandowski&#8230;) hacia el Bayern de M\u00fcnich tuviese los problemas que tuvo entre los que se pens\u00f3 hasta en un hipot\u00e9tico descenso. Inexplicable y sorprendente teniendo en&#8230;<\/p>\n","protected":false},"author":93,"featured_media":5739,"comment_status":"open","ping_status":"open","sticky":false,"template":"","format":"standard","meta":{"_kad_post_transparent":"","_kad_post_title":"","_kad_post_layout":"","_kad_post_sidebar_id":"","_kad_post_content_style":"","_kad_post_vertical_padding":"","_kad_post_feature":"","_kad_post_feature_position":"","_kad_post_header":false,"_kad_post_footer":false,"_kad_post_classname":"","_jetpack_memberships_contains_paid_content":false,"footnotes":"","jetpack_publicize_message":"","jetpack_publicize_feature_enabled":true,"jetpack_social_post_already_shared":true,"jetpack_social_options":{"image_generator_settings":{"template":"highway","default_image_id":0,"font":"","enabled":false},"version":2}},"categories":[1369,10],"tags":[1223,107,681,427,2058,1253,2056],"class_list":["post-5731","post","type-post","status-publish","format-standard","has-post-thumbnail","hentry","category-bundesliga-futbol-aleman","category-portada","tag-borussia-dortmund","tag-bundesliga","tag-bvb","tag-futbol","tag-tactic","tag-tactica","tag-thomas-tuchel"],"yoast_head":"<!-- This site is optimized with the Yoast SEO plugin v27.5 - https:\/\/yoast.com\/product\/yoast-seo-wordpress\/ -->\n<title>La varita m\u00e1gica de Tuchel &#8211; Futbolandia<\/title>\n<meta name=\"description\" content=\"An\u00e1lizamos las novedades t\u00e1cticas del nuevo BVB de Thomas Tuchel y examinamos las novedades con respecto al equipo de Klopp.\" \/>\n<meta name=\"robots\" content=\"index, follow, max-snippet:-1, max-image-preview:large, max-video-preview:-1\" \/>\n<link rel=\"canonical\" href=\"https:\/\/www.manquepierda.com\/futbolandia\/la-varita-magica-de-tuchel\/\" \/>\n<meta property=\"og:locale\" content=\"es_ES\" \/>\n<meta property=\"og:type\" content=\"article\" \/>\n<meta property=\"og:title\" content=\"La varita m\u00e1gica de Tuchel &#8211; Futbolandia\" \/>\n<meta property=\"og:description\" content=\"An\u00e1lizamos las novedades t\u00e1cticas del nuevo BVB de Thomas Tuchel y examinamos las novedades con respecto al equipo de Klopp.\" \/>\n<meta property=\"og:url\" content=\"https:\/\/www.manquepierda.com\/futbolandia\/la-varita-magica-de-tuchel\/\" \/>\n<meta property=\"og:site_name\" content=\"Futbolandia\" \/>\n<meta property=\"article:published_time\" content=\"2015-08-29T14:31:48+00:00\" \/>\n<meta property=\"article:modified_time\" content=\"2015-08-29T14:44:24+00:00\" \/>\n<meta property=\"og:image\" content=\"https:\/\/i1.wp.com\/www.manquepierda.com\/futbolandia\/files\/2015\/08\/thomas-tuchel1.jpg?fit=993%2C559&ssl=1\" \/>\n\t<meta property=\"og:image:width\" content=\"993\" \/>\n\t<meta property=\"og:image:height\" content=\"559\" \/>\n\t<meta property=\"og:image:type\" content=\"image\/jpeg\" \/>\n<meta name=\"author\" content=\"Jorge M. Gonz\u00e1lez\" \/>\n<meta name=\"twitter:label1\" content=\"Escrito por\" \/>\n\t<meta name=\"twitter:data1\" content=\"Jorge M. Gonz\u00e1lez\" \/>\n\t<meta name=\"twitter:label2\" content=\"Tiempo de lectura\" \/>\n\t<meta name=\"twitter:data2\" content=\"5 minutos\" \/>\n<script type=\"application\/ld+json\" class=\"yoast-schema-graph\">{\"@context\":\"https:\\\/\\\/schema.org\",\"@graph\":[{\"@type\":\"Article\",\"@id\":\"https:\\\/\\\/www.manquepierda.com\\\/futbolandia\\\/la-varita-magica-de-tuchel\\\/#article\",\"isPartOf\":{\"@id\":\"https:\\\/\\\/www.manquepierda.com\\\/futbolandia\\\/la-varita-magica-de-tuchel\\\/\"},\"author\":{\"name\":\"Jorge M. Gonz\u00e1lez\",\"@id\":\"https:\\\/\\\/www.manquepierda.com\\\/futbolandia\\\/#\\\/schema\\\/person\\\/fdb4eabc3c2e0e717a790a4ce10cd2b3\"},\"headline\":\"La varita m\u00e1gica de Tuchel\",\"datePublished\":\"2015-08-29T14:31:48+00:00\",\"dateModified\":\"2015-08-29T14:44:24+00:00\",\"mainEntityOfPage\":{\"@id\":\"https:\\\/\\\/www.manquepierda.com\\\/futbolandia\\\/la-varita-magica-de-tuchel\\\/\"},\"wordCount\":1001,\"commentCount\":0,\"image\":{\"@id\":\"https:\\\/\\\/www.manquepierda.com\\\/futbolandia\\\/la-varita-magica-de-tuchel\\\/#primaryimage\"},\"thumbnailUrl\":\"https:\\\/\\\/i0.wp.com\\\/www.manquepierda.com\\\/futbolandia\\\/files\\\/2015\\\/08\\\/thomas-tuchel1.jpg?fit=993%2C559&ssl=1\",\"keywords\":[\"Borussia Dortmund\",\"bundesliga\",\"BVB\",\"futbol\",\"tactic\",\"tactica\",\"thomas tuchel\"],\"articleSection\":[\"Bundesliga - F\u00fatbol Alem\u00e1n\",\"Portada\"],\"inLanguage\":\"es\",\"potentialAction\":[{\"@type\":\"CommentAction\",\"name\":\"Comment\",\"target\":[\"https:\\\/\\\/www.manquepierda.com\\\/futbolandia\\\/la-varita-magica-de-tuchel\\\/#respond\"]}]},{\"@type\":\"WebPage\",\"@id\":\"https:\\\/\\\/www.manquepierda.com\\\/futbolandia\\\/la-varita-magica-de-tuchel\\\/\",\"url\":\"https:\\\/\\\/www.manquepierda.com\\\/futbolandia\\\/la-varita-magica-de-tuchel\\\/\",\"name\":\"La varita m\u00e1gica de Tuchel &#8211; Futbolandia\",\"isPartOf\":{\"@id\":\"https:\\\/\\\/www.manquepierda.com\\\/futbolandia\\\/#website\"},\"primaryImageOfPage\":{\"@id\":\"https:\\\/\\\/www.manquepierda.com\\\/futbolandia\\\/la-varita-magica-de-tuchel\\\/#primaryimage\"},\"image\":{\"@id\":\"https:\\\/\\\/www.manquepierda.com\\\/futbolandia\\\/la-varita-magica-de-tuchel\\\/#primaryimage\"},\"thumbnailUrl\":\"https:\\\/\\\/i0.wp.com\\\/www.manquepierda.com\\\/futbolandia\\\/files\\\/2015\\\/08\\\/thomas-tuchel1.jpg?fit=993%2C559&ssl=1\",\"datePublished\":\"2015-08-29T14:31:48+00:00\",\"dateModified\":\"2015-08-29T14:44:24+00:00\",\"author\":{\"@id\":\"https:\\\/\\\/www.manquepierda.com\\\/futbolandia\\\/#\\\/schema\\\/person\\\/fdb4eabc3c2e0e717a790a4ce10cd2b3\"},\"description\":\"An\u00e1lizamos las novedades t\u00e1cticas del nuevo BVB de Thomas Tuchel y examinamos las novedades con respecto al equipo de Klopp.\",\"breadcrumb\":{\"@id\":\"https:\\\/\\\/www.manquepierda.com\\\/futbolandia\\\/la-varita-magica-de-tuchel\\\/#breadcrumb\"},\"inLanguage\":\"es\",\"potentialAction\":[{\"@type\":\"ReadAction\",\"target\":[\"https:\\\/\\\/www.manquepierda.com\\\/futbolandia\\\/la-varita-magica-de-tuchel\\\/\"]}]},{\"@type\":\"ImageObject\",\"inLanguage\":\"es\",\"@id\":\"https:\\\/\\\/www.manquepierda.com\\\/futbolandia\\\/la-varita-magica-de-tuchel\\\/#primaryimage\",\"url\":\"https:\\\/\\\/i0.wp.com\\\/www.manquepierda.com\\\/futbolandia\\\/files\\\/2015\\\/08\\\/thomas-tuchel1.jpg?fit=993%2C559&ssl=1\",\"contentUrl\":\"https:\\\/\\\/i0.wp.com\\\/www.manquepierda.com\\\/futbolandia\\\/files\\\/2015\\\/08\\\/thomas-tuchel1.jpg?fit=993%2C559&ssl=1\",\"width\":993,\"height\":559,\"caption\":\"Foto: sportbild.bild.de\"},{\"@type\":\"BreadcrumbList\",\"@id\":\"https:\\\/\\\/www.manquepierda.com\\\/futbolandia\\\/la-varita-magica-de-tuchel\\\/#breadcrumb\",\"itemListElement\":[{\"@type\":\"ListItem\",\"position\":1,\"name\":\"Portada\",\"item\":\"https:\\\/\\\/www.manquepierda.com\\\/futbolandia\\\/\"},{\"@type\":\"ListItem\",\"position\":2,\"name\":\"La varita m\u00e1gica de Tuchel\"}]},{\"@type\":\"WebSite\",\"@id\":\"https:\\\/\\\/www.manquepierda.com\\\/futbolandia\\\/#website\",\"url\":\"https:\\\/\\\/www.manquepierda.com\\\/futbolandia\\\/\",\"name\":\"Futbolandia\",\"description\":\"Reportajes e informaci\u00f3n sobre f\u00fatbol mundial y j\u00f3venes promesas\",\"potentialAction\":[{\"@type\":\"SearchAction\",\"target\":{\"@type\":\"EntryPoint\",\"urlTemplate\":\"https:\\\/\\\/www.manquepierda.com\\\/futbolandia\\\/?s={search_term_string}\"},\"query-input\":{\"@type\":\"PropertyValueSpecification\",\"valueRequired\":true,\"valueName\":\"search_term_string\"}}],\"inLanguage\":\"es\"},{\"@type\":\"Person\",\"@id\":\"https:\\\/\\\/www.manquepierda.com\\\/futbolandia\\\/#\\\/schema\\\/person\\\/fdb4eabc3c2e0e717a790a4ce10cd2b3\",\"name\":\"Jorge M. Gonz\u00e1lez\",\"image\":{\"@type\":\"ImageObject\",\"inLanguage\":\"es\",\"@id\":\"https:\\\/\\\/secure.gravatar.com\\\/avatar\\\/40fe62083e523c4134f75fb1d06ea73b4503d9162f3c6e89800e90f1bbd7f262?s=96&d=mm&r=g\",\"url\":\"https:\\\/\\\/secure.gravatar.com\\\/avatar\\\/40fe62083e523c4134f75fb1d06ea73b4503d9162f3c6e89800e90f1bbd7f262?s=96&d=mm&r=g\",\"contentUrl\":\"https:\\\/\\\/secure.gravatar.com\\\/avatar\\\/40fe62083e523c4134f75fb1d06ea73b4503d9162f3c6e89800e90f1bbd7f262?s=96&d=mm&r=g\",\"caption\":\"Jorge M. Gonz\u00e1lez\"},\"description\":\"Apasionado del f\u00fatbol internacional y Social Media Manager. Me gusta seguir ligas extranjeras y a las j\u00f3venes promesas de todo el mundo. S\u00edgueme en twitter para compartir afici\u00f3n: @jorgegonex\",\"sameAs\":[\"http:\\\/\\\/manquepierda.com\\\/\",\"https:\\\/\\\/x.com\\\/https:\\\/\\\/twitter.com\\\/jorgegonex\",\"https:\\\/\\\/www.youtube.com\\\/user\\\/FutbolandiaMQP\"],\"url\":\"https:\\\/\\\/www.manquepierda.com\\\/futbolandia\\\/author\\\/jorgegonzalez\\\/\"}]}<\/script>\n<!-- \/ Yoast SEO plugin. -->","yoast_head_json":{"title":"La varita m\u00e1gica de Tuchel &#8211; Futbolandia","description":"An\u00e1lizamos las novedades t\u00e1cticas del nuevo BVB de Thomas Tuchel y examinamos las novedades con respecto al equipo de Klopp.","robots":{"index":"index","follow":"follow","max-snippet":"max-snippet:-1","max-image-preview":"max-image-preview:large","max-video-preview":"max-video-preview:-1"},"canonical":"https:\/\/www.manquepierda.com\/futbolandia\/la-varita-magica-de-tuchel\/","og_locale":"es_ES","og_type":"article","og_title":"La varita m\u00e1gica de Tuchel &#8211; Futbolandia","og_description":"An\u00e1lizamos las novedades t\u00e1cticas del nuevo BVB de Thomas Tuchel y examinamos las novedades con respecto al equipo de Klopp.","og_url":"https:\/\/www.manquepierda.com\/futbolandia\/la-varita-magica-de-tuchel\/","og_site_name":"Futbolandia","article_published_time":"2015-08-29T14:31:48+00:00","article_modified_time":"2015-08-29T14:44:24+00:00","og_image":[{"width":993,"height":559,"url":"https:\/\/i1.wp.com\/www.manquepierda.com\/futbolandia\/files\/2015\/08\/thomas-tuchel1.jpg?fit=993%2C559&ssl=1","type":"image\/jpeg"}],"author":"Jorge M. Gonz\u00e1lez","twitter_misc":{"Escrito por":"Jorge M. Gonz\u00e1lez","Tiempo de lectura":"5 minutos"},"schema":{"@context":"https:\/\/schema.org","@graph":[{"@type":"Article","@id":"https:\/\/www.manquepierda.com\/futbolandia\/la-varita-magica-de-tuchel\/#article","isPartOf":{"@id":"https:\/\/www.manquepierda.com\/futbolandia\/la-varita-magica-de-tuchel\/"},"author":{"name":"Jorge M. Gonz\u00e1lez","@id":"https:\/\/www.manquepierda.com\/futbolandia\/#\/schema\/person\/fdb4eabc3c2e0e717a790a4ce10cd2b3"},"headline":"La varita m\u00e1gica de Tuchel","datePublished":"2015-08-29T14:31:48+00:00","dateModified":"2015-08-29T14:44:24+00:00","mainEntityOfPage":{"@id":"https:\/\/www.manquepierda.com\/futbolandia\/la-varita-magica-de-tuchel\/"},"wordCount":1001,"commentCount":0,"image":{"@id":"https:\/\/www.manquepierda.com\/futbolandia\/la-varita-magica-de-tuchel\/#primaryimage"},"thumbnailUrl":"https:\/\/i0.wp.com\/www.manquepierda.com\/futbolandia\/files\/2015\/08\/thomas-tuchel1.jpg?fit=993%2C559&ssl=1","keywords":["Borussia Dortmund","bundesliga","BVB","futbol","tactic","tactica","thomas tuchel"],"articleSection":["Bundesliga - F\u00fatbol Alem\u00e1n","Portada"],"inLanguage":"es","potentialAction":[{"@type":"CommentAction","name":"Comment","target":["https:\/\/www.manquepierda.com\/futbolandia\/la-varita-magica-de-tuchel\/#respond"]}]},{"@type":"WebPage","@id":"https:\/\/www.manquepierda.com\/futbolandia\/la-varita-magica-de-tuchel\/","url":"https:\/\/www.manquepierda.com\/futbolandia\/la-varita-magica-de-tuchel\/","name":"La varita m\u00e1gica de Tuchel &#8211; Futbolandia","isPartOf":{"@id":"https:\/\/www.manquepierda.com\/futbolandia\/#website"},"primaryImageOfPage":{"@id":"https:\/\/www.manquepierda.com\/futbolandia\/la-varita-magica-de-tuchel\/#primaryimage"},"image":{"@id":"https:\/\/www.manquepierda.com\/futbolandia\/la-varita-magica-de-tuchel\/#primaryimage"},"thumbnailUrl":"https:\/\/i0.wp.com\/www.manquepierda.com\/futbolandia\/files\/2015\/08\/thomas-tuchel1.jpg?fit=993%2C559&ssl=1","datePublished":"2015-08-29T14:31:48+00:00","dateModified":"2015-08-29T14:44:24+00:00","author":{"@id":"https:\/\/www.manquepierda.com\/futbolandia\/#\/schema\/person\/fdb4eabc3c2e0e717a790a4ce10cd2b3"},"description":"An\u00e1lizamos las novedades t\u00e1cticas del nuevo BVB de Thomas Tuchel y examinamos las novedades con respecto al equipo de Klopp.","breadcrumb":{"@id":"https:\/\/www.manquepierda.com\/futbolandia\/la-varita-magica-de-tuchel\/#breadcrumb"},"inLanguage":"es","potentialAction":[{"@type":"ReadAction","target":["https:\/\/www.manquepierda.com\/futbolandia\/la-varita-magica-de-tuchel\/"]}]},{"@type":"ImageObject","inLanguage":"es","@id":"https:\/\/www.manquepierda.com\/futbolandia\/la-varita-magica-de-tuchel\/#primaryimage","url":"https:\/\/i0.wp.com\/www.manquepierda.com\/futbolandia\/files\/2015\/08\/thomas-tuchel1.jpg?fit=993%2C559&ssl=1","contentUrl":"https:\/\/i0.wp.com\/www.manquepierda.com\/futbolandia\/files\/2015\/08\/thomas-tuchel1.jpg?fit=993%2C559&ssl=1","width":993,"height":559,"caption":"Foto: sportbild.bild.de"},{"@type":"BreadcrumbList","@id":"https:\/\/www.manquepierda.com\/futbolandia\/la-varita-magica-de-tuchel\/#breadcrumb","itemListElement":[{"@type":"ListItem","position":1,"name":"Portada","item":"https:\/\/www.manquepierda.com\/futbolandia\/"},{"@type":"ListItem","position":2,"name":"La varita m\u00e1gica de Tuchel"}]},{"@type":"WebSite","@id":"https:\/\/www.manquepierda.com\/futbolandia\/#website","url":"https:\/\/www.manquepierda.com\/futbolandia\/","name":"Futbolandia","description":"Reportajes e informaci\u00f3n sobre f\u00fatbol mundial y j\u00f3venes promesas","potentialAction":[{"@type":"SearchAction","target":{"@type":"EntryPoint","urlTemplate":"https:\/\/www.manquepierda.com\/futbolandia\/?s={search_term_string}"},"query-input":{"@type":"PropertyValueSpecification","valueRequired":true,"valueName":"search_term_string"}}],"inLanguage":"es"},{"@type":"Person","@id":"https:\/\/www.manquepierda.com\/futbolandia\/#\/schema\/person\/fdb4eabc3c2e0e717a790a4ce10cd2b3","name":"Jorge M. Gonz\u00e1lez","image":{"@type":"ImageObject","inLanguage":"es","@id":"https:\/\/secure.gravatar.com\/avatar\/40fe62083e523c4134f75fb1d06ea73b4503d9162f3c6e89800e90f1bbd7f262?s=96&d=mm&r=g","url":"https:\/\/secure.gravatar.com\/avatar\/40fe62083e523c4134f75fb1d06ea73b4503d9162f3c6e89800e90f1bbd7f262?s=96&d=mm&r=g","contentUrl":"https:\/\/secure.gravatar.com\/avatar\/40fe62083e523c4134f75fb1d06ea73b4503d9162f3c6e89800e90f1bbd7f262?s=96&d=mm&r=g","caption":"Jorge M. Gonz\u00e1lez"},"description":"Apasionado del f\u00fatbol internacional y Social Media Manager. Me gusta seguir ligas extranjeras y a las j\u00f3venes promesas de todo el mundo. S\u00edgueme en twitter para compartir afici\u00f3n: @jorgegonex","sameAs":["http:\/\/manquepierda.com\/","https:\/\/x.com\/https:\/\/twitter.com\/jorgegonex","https:\/\/www.youtube.com\/user\/FutbolandiaMQP"],"url":"https:\/\/www.manquepierda.com\/futbolandia\/author\/jorgegonzalez\/"}]}},"jetpack_publicize_connections":[],"jetpack_featured_media_url":"https:\/\/i0.wp.com\/www.manquepierda.com\/futbolandia\/files\/2015\/08\/thomas-tuchel1.jpg?fit=993%2C559&ssl=1","jetpack_shortlink":"https:\/\/wp.me\/p1THIg-1ur","jetpack_sharing_enabled":true,"_links":{"self":[{"href":"https:\/\/www.manquepierda.com\/futbolandia\/wp-json\/wp\/v2\/posts\/5731","targetHints":{"allow":["GET"]}}],"collection":[{"href":"https:\/\/www.manquepierda.com\/futbolandia\/wp-json\/wp\/v2\/posts"}],"about":[{"href":"https:\/\/www.manquepierda.com\/futbolandia\/wp-json\/wp\/v2\/types\/post"}],"author":[{"embeddable":true,"href":"https:\/\/www.manquepierda.com\/futbolandia\/wp-json\/wp\/v2\/users\/93"}],"replies":[{"embeddable":true,"href":"https:\/\/www.manquepierda.com\/futbolandia\/wp-json\/wp\/v2\/comments?post=5731"}],"version-history":[{"count":0,"href":"https:\/\/www.manquepierda.com\/futbolandia\/wp-json\/wp\/v2\/posts\/5731\/revisions"}],"wp:featuredmedia":[{"embeddable":true,"href":"https:\/\/www.manquepierda.com\/futbolandia\/wp-json\/wp\/v2\/media\/5739"}],"wp:attachment":[{"href":"https:\/\/www.manquepierda.com\/futbolandia\/wp-json\/wp\/v2\/media?parent=5731"}],"wp:term":[{"taxonomy":"category","embeddable":true,"href":"https:\/\/www.manquepierda.com\/futbolandia\/wp-json\/wp\/v2\/categories?post=5731"},{"taxonomy":"post_tag","embeddable":true,"href":"https:\/\/www.manquepierda.com\/futbolandia\/wp-json\/wp\/v2\/tags?post=5731"}],"curies":[{"name":"wp","href":"https:\/\/api.w.org\/{rel}","templated":true}]}}