{"id":5751,"date":"2015-08-30T23:05:30","date_gmt":"2015-08-30T21:05:30","guid":{"rendered":"http:\/\/www.manquepierda.com\/futbolandia\/?p=5751"},"modified":"2015-08-30T23:10:18","modified_gmt":"2015-08-30T21:10:18","slug":"la-sequia-goleadora-preocupa-en-concha-espina","status":"publish","type":"post","link":"https:\/\/www.manquepierda.com\/futbolandia\/la-sequia-goleadora-preocupa-en-concha-espina\/","title":{"rendered":"La sequ\u00eda goleadora preocupa en Concha Espina"},"content":{"rendered":"<p>Con solo un partido oficial disputado en esta nueva temporada, dec\u00edan que el Madrid de Ben\u00edtez no carburaba, se aten\u00edan a que los resultados de pretemporada no hab\u00edan sido los esperados y a que en el debut liguero empat\u00f3 en El Molin\u00f3n. Hasta que se estren\u00f3 en casa y acall\u00f3 hip\u00f3tesis sin fundamentos.<\/p>\n<p>De esta reflexi\u00f3n pueden surgir dos alternativas: \u00bfacaso los partidos veraniegos no est\u00e1n para hacer pruebas?, y a esta se le une la dificultad de ganar en el feudo sportinguista. El a\u00f1o pasado los hombres del Pitu Abelardo solo cosecharon una derrota en toda la campa\u00f1a, 1-2 frente al Betis en la \u00faltima jornada de la primera vuelta. Precisamente el Betis ha sido el b\u00e1lsamo que ha calmado esa \u00absequ\u00eda\u00bb de la que se habla, o se hablaba por la capital.<\/p>\n<p>Solo un partido oficial sirvi\u00f3 algunos para infundir la idea de que este Madrid est\u00e1 a medias, que le falta gol, que si Bale de mediapunta no encaja&#8230; En fin, ganas de infundir una falsa idea del potencial del equipo blanco. Y seguir\u00e1n a cada error las cr\u00edticas.<\/p>\n<p>Lo cierto es que Ben\u00edtez se quit\u00f3 un peso de encima con una contundente victoria frente al Betis, con una gran aparici\u00f3n de James, casualidad o no suplente en El Molin\u00f3n. Y otro que tampoco andaba por Asturias, Benzema, demostr\u00f3 que es un nueve. Y m\u00e1s que eso. Y al que le discuten que puede jugar de mediapunta tambi\u00e9n marc\u00f3. Dos, precisamente por el carril central.<\/p>\n<p>Con dos goles y una asistencia, el colombiano fue el hombre del partido. Se ech\u00f3 al equipo a la espalda y con apenas un minuto y medio transcurrido, puso un centro de oro para que el gal\u00e9s demostrara que tiene llegada cuando parte en el medio, e hiciera el primero. Gol que descoloc\u00f3 a los verdiblancos, y que sobre todo aliment\u00f3 las ganas de un Madrid dispuesto a demostrar quien es y quien va a ser este a\u00f1o. El segundo, obra del propio James tras un latigazo en una falta lateral en la que mat\u00f3 el partido y casi cerr\u00f3 la victoria.<\/p>\n<p>&nbsp;<\/p>\n<figure id=\"attachment_5753\" aria-describedby=\"caption-attachment-5753\" style=\"width: 680px\" class=\"wp-caption aligncenter\"><a href=\"https:\/\/i0.wp.com\/www.manquepierda.com\/futbolandia\/files\/2015\/08\/Benzema-spanish_opt.jpg\"><img data-recalc-dims=\"1\" loading=\"lazy\" decoding=\"async\" data-attachment-id=\"5753\" data-permalink=\"https:\/\/www.manquepierda.com\/futbolandia\/la-sequia-goleadora-preocupa-en-concha-espina\/benzema-spanish_opt\/\" data-orig-file=\"https:\/\/i0.wp.com\/www.manquepierda.com\/futbolandia\/files\/2015\/08\/Benzema-spanish_opt.jpg?fit=680%2C620&amp;ssl=1\" data-orig-size=\"680,620\" data-comments-opened=\"1\" data-image-meta=\"{&quot;aperture&quot;:&quot;0&quot;,&quot;credit&quot;:&quot;&quot;,&quot;camera&quot;:&quot;&quot;,&quot;caption&quot;:&quot;&quot;,&quot;created_timestamp&quot;:&quot;0&quot;,&quot;copyright&quot;:&quot;&quot;,&quot;focal_length&quot;:&quot;0&quot;,&quot;iso&quot;:&quot;0&quot;,&quot;shutter_speed&quot;:&quot;0&quot;,&quot;title&quot;:&quot;&quot;,&quot;orientation&quot;:&quot;0&quot;}\" data-image-title=\"Benzema spanish_opt\" data-image-description=\"\" data-image-caption=\"&lt;p&gt;Imagen v\u00eda: spanish.xinhuanet.com&lt;\/p&gt;\n\" data-large-file=\"https:\/\/i0.wp.com\/www.manquepierda.com\/futbolandia\/files\/2015\/08\/Benzema-spanish_opt.jpg?fit=680%2C620&amp;ssl=1\" class=\"size-full wp-image-5753\" src=\"https:\/\/i0.wp.com\/www.manquepierda.com\/futbolandia\/files\/2015\/08\/Benzema-spanish_opt.jpg?resize=680%2C620\" alt=\"Imagen v\u00eda: spanish.xinhuanet.com\" width=\"680\" height=\"620\" srcset=\"https:\/\/i0.wp.com\/www.manquepierda.com\/futbolandia\/files\/2015\/08\/Benzema-spanish_opt.jpg?w=680&amp;ssl=1 680w, https:\/\/i0.wp.com\/www.manquepierda.com\/futbolandia\/files\/2015\/08\/Benzema-spanish_opt.jpg?resize=300%2C274&amp;ssl=1 300w\" sizes=\"auto, (max-width: 680px) 100vw, 680px\" \/><\/a><figcaption id=\"caption-attachment-5753\" class=\"wp-caption-text\">Imagen v\u00eda: spanish.xinhuanet.com<\/figcaption><\/figure>\n<p>Victoria que cerrar\u00eda el otro hombre que no andaba en Gij\u00f3n, Karim Benzema. Le achacan al franco-argelino que es un diez m\u00e1s que un nueve, y lo cierto es que maneja a la perfecci\u00f3n ambos roles. Remat\u00f3 a las mallas un centro de Bale. Infravalorado en la capital de Espa\u00f1a anda el delantero m\u00e1s elegante de los \u00faltimos a\u00f1os.<\/p>\n<p>Apenas tres minutos despu\u00e9s llegar\u00eda la segunda obra cumbre del 10 cafetero. Enganch\u00f3 en el borde del \u00e1rea chica una chilena que dej\u00f3 boquiabierto al grader\u00edo del Bernab\u00e9u. Dos goles de crack y llamado a ser el <i>trequartista<\/i> titular por obligaci\u00f3n de los merengues.<\/p>\n<p>Para cerrar la fiesta apareci\u00f3 de nuevo Gareth Bale, que con un soberbio disparo en l\u00ednea de tres cuartos ajustado y tocando el palo, silenci\u00f3 en cierta manera las cr\u00edticas que recibe.<\/p>\n<p>Tres jugadores que sin estar sumisos a jugar para Cristiano demostraron que tienen m\u00e1s f\u00fatbol del que habitualmente ense\u00f1an. Uno demostr\u00f3 que tiene mimbres de sobra para ser uno de los mejores del mundo, James; el otro mediapunta, Bale, demostr\u00f3 ser un jugador vers\u00e1til cuando es libre en el campo; y Benzema, poco que decir de \u00e9l, sin riesgo a equivocaci\u00f3n, el segundo mejor delantero del mundo, o el mejor quiz\u00e1s.<\/p>\n<p>El Madrid de Ben\u00edtez. Un Madrid no supeditado a los quehaceres ofensivos de Cristiano en la banda, en el medio, o la posici\u00f3n que ocupe en ataque. Mucho m\u00e1s f\u00fatbol cuando los cuatro reman a favor: James, Bale, Benzema y Cristiano. Y se habla de sequ\u00eda goleadora.<\/p>\n","protected":false},"excerpt":{"rendered":"<p>Con solo un partido oficial disputado en esta nueva temporada, dec\u00edan que el Madrid de Ben\u00edtez no carburaba, se aten\u00edan a que los resultados de pretemporada no hab\u00edan sido los esperados y a que en el debut liguero empat\u00f3 en El Molin\u00f3n. Hasta que se estren\u00f3 en casa y acall\u00f3 hip\u00f3tesis sin fundamentos. De esta&#8230;<\/p>\n","protected":false},"author":430,"featured_media":5752,"comment_status":"open","ping_status":"open","sticky":false,"template":"","format":"standard","meta":{"_kad_post_transparent":"","_kad_post_title":"","_kad_post_layout":"","_kad_post_sidebar_id":"","_kad_post_content_style":"","_kad_post_vertical_padding":"","_kad_post_feature":"","_kad_post_feature_position":"","_kad_post_header":false,"_kad_post_footer":false,"_kad_post_classname":"","_jetpack_memberships_contains_paid_content":false,"footnotes":"","jetpack_publicize_message":"","jetpack_publicize_feature_enabled":true,"jetpack_social_post_already_shared":true,"jetpack_social_options":{"image_generator_settings":{"template":"highway","default_image_id":0,"font":"","enabled":false},"version":2}},"categories":[1,1368,10],"tags":[2059,1196,649,30,1955,12,2060,1088,1318,24,2061],"class_list":["post-5751","post","type-post","status-publish","format-standard","has-post-thumbnail","hentry","category-liga-bbva-futbol-espanol","category-ligas-mundo","category-portada","tag-adan","tag-bale","tag-benitez","tag-benzema","tag-bernabeu","tag-betis","tag-concha-espina","tag-cristiano","tag-james","tag-real-madrid","tag-sequia-goleadora"],"yoast_head":"<!-- This site is optimized with the Yoast SEO plugin v27.5 - https:\/\/yoast.com\/product\/yoast-seo-wordpress\/ -->\n<title>La sequ\u00eda goleadora preocupa en Concha Espina &#8211; Futbolandia<\/title>\n<meta name=\"description\" content=\"El Madrid de Ben\u00edtez ofrece en el estreno en el Bernab\u00e9u su mejor versi\u00f3n goleadora comandada por James Rodr\u00edguez, Gareth Bale y Karim Benzema.\" \/>\n<meta name=\"robots\" content=\"index, follow, max-snippet:-1, max-image-preview:large, max-video-preview:-1\" \/>\n<link rel=\"canonical\" href=\"https:\/\/www.manquepierda.com\/futbolandia\/la-sequia-goleadora-preocupa-en-concha-espina\/\" \/>\n<meta property=\"og:locale\" content=\"es_ES\" \/>\n<meta property=\"og:type\" content=\"article\" \/>\n<meta property=\"og:title\" content=\"La sequ\u00eda goleadora preocupa en Concha Espina &#8211; Futbolandia\" \/>\n<meta property=\"og:description\" content=\"El Madrid de Ben\u00edtez ofrece en el estreno en el Bernab\u00e9u su mejor versi\u00f3n goleadora comandada por James Rodr\u00edguez, Gareth Bale y Karim Benzema.\" \/>\n<meta property=\"og:url\" content=\"https:\/\/www.manquepierda.com\/futbolandia\/la-sequia-goleadora-preocupa-en-concha-espina\/\" \/>\n<meta property=\"og:site_name\" content=\"Futbolandia\" \/>\n<meta property=\"article:published_time\" content=\"2015-08-30T21:05:30+00:00\" \/>\n<meta property=\"article:modified_time\" content=\"2015-08-30T21:10:18+00:00\" \/>\n<meta property=\"og:image\" content=\"https:\/\/i0.wp.com\/www.manquepierda.com\/futbolandia\/files\/2015\/08\/James-Rodr\u00edguez-deportesrcn_opt.jpg?fit=680%2C383&ssl=1\" \/>\n\t<meta property=\"og:image:width\" content=\"680\" \/>\n\t<meta property=\"og:image:height\" content=\"383\" \/>\n\t<meta property=\"og:image:type\" content=\"image\/jpeg\" \/>\n<meta name=\"author\" content=\"Alejandro M\u00e9rida Fern\u00e1ndez\" \/>\n<meta name=\"twitter:label1\" content=\"Escrito por\" \/>\n\t<meta name=\"twitter:data1\" content=\"Alejandro M\u00e9rida Fern\u00e1ndez\" \/>\n\t<meta name=\"twitter:label2\" content=\"Tiempo de lectura\" \/>\n\t<meta name=\"twitter:data2\" content=\"3 minutos\" \/>\n<script type=\"application\/ld+json\" class=\"yoast-schema-graph\">{\"@context\":\"https:\\\/\\\/schema.org\",\"@graph\":[{\"@type\":\"Article\",\"@id\":\"https:\\\/\\\/www.manquepierda.com\\\/futbolandia\\\/la-sequia-goleadora-preocupa-en-concha-espina\\\/#article\",\"isPartOf\":{\"@id\":\"https:\\\/\\\/www.manquepierda.com\\\/futbolandia\\\/la-sequia-goleadora-preocupa-en-concha-espina\\\/\"},\"author\":{\"name\":\"Alejandro M\u00e9rida Fern\u00e1ndez\",\"@id\":\"https:\\\/\\\/www.manquepierda.com\\\/futbolandia\\\/#\\\/schema\\\/person\\\/dc27cb5dd6ac5baefec693d659720377\"},\"headline\":\"La sequ\u00eda goleadora preocupa en Concha Espina\",\"datePublished\":\"2015-08-30T21:05:30+00:00\",\"dateModified\":\"2015-08-30T21:10:18+00:00\",\"mainEntityOfPage\":{\"@id\":\"https:\\\/\\\/www.manquepierda.com\\\/futbolandia\\\/la-sequia-goleadora-preocupa-en-concha-espina\\\/\"},\"wordCount\":670,\"commentCount\":0,\"image\":{\"@id\":\"https:\\\/\\\/www.manquepierda.com\\\/futbolandia\\\/la-sequia-goleadora-preocupa-en-concha-espina\\\/#primaryimage\"},\"thumbnailUrl\":\"https:\\\/\\\/i0.wp.com\\\/www.manquepierda.com\\\/futbolandia\\\/files\\\/2015\\\/08\\\/James-Rodr%C3%ADguez-deportesrcn_opt.jpg?fit=680%2C383&ssl=1\",\"keywords\":[\"ad\u00e1n\",\"Bale\",\"benitez\",\"Benzema\",\"Bernab\u00e9u\",\"Betis\",\"concha espina\",\"cristiano\",\"james\",\"Real Madrid\",\"sequ\u00eda goleadora\"],\"articleSection\":[\"Liga BBVA - F\u00fatbol Espa\u00f1ol\",\"Ligas del Mundo\",\"Portada\"],\"inLanguage\":\"es\",\"potentialAction\":[{\"@type\":\"CommentAction\",\"name\":\"Comment\",\"target\":[\"https:\\\/\\\/www.manquepierda.com\\\/futbolandia\\\/la-sequia-goleadora-preocupa-en-concha-espina\\\/#respond\"]}]},{\"@type\":\"WebPage\",\"@id\":\"https:\\\/\\\/www.manquepierda.com\\\/futbolandia\\\/la-sequia-goleadora-preocupa-en-concha-espina\\\/\",\"url\":\"https:\\\/\\\/www.manquepierda.com\\\/futbolandia\\\/la-sequia-goleadora-preocupa-en-concha-espina\\\/\",\"name\":\"La sequ\u00eda goleadora preocupa en Concha Espina &#8211; Futbolandia\",\"isPartOf\":{\"@id\":\"https:\\\/\\\/www.manquepierda.com\\\/futbolandia\\\/#website\"},\"primaryImageOfPage\":{\"@id\":\"https:\\\/\\\/www.manquepierda.com\\\/futbolandia\\\/la-sequia-goleadora-preocupa-en-concha-espina\\\/#primaryimage\"},\"image\":{\"@id\":\"https:\\\/\\\/www.manquepierda.com\\\/futbolandia\\\/la-sequia-goleadora-preocupa-en-concha-espina\\\/#primaryimage\"},\"thumbnailUrl\":\"https:\\\/\\\/i0.wp.com\\\/www.manquepierda.com\\\/futbolandia\\\/files\\\/2015\\\/08\\\/James-Rodr%C3%ADguez-deportesrcn_opt.jpg?fit=680%2C383&ssl=1\",\"datePublished\":\"2015-08-30T21:05:30+00:00\",\"dateModified\":\"2015-08-30T21:10:18+00:00\",\"author\":{\"@id\":\"https:\\\/\\\/www.manquepierda.com\\\/futbolandia\\\/#\\\/schema\\\/person\\\/dc27cb5dd6ac5baefec693d659720377\"},\"description\":\"El Madrid de Ben\u00edtez ofrece en el estreno en el Bernab\u00e9u su mejor versi\u00f3n goleadora comandada por James Rodr\u00edguez, Gareth Bale y Karim Benzema.\",\"breadcrumb\":{\"@id\":\"https:\\\/\\\/www.manquepierda.com\\\/futbolandia\\\/la-sequia-goleadora-preocupa-en-concha-espina\\\/#breadcrumb\"},\"inLanguage\":\"es\",\"potentialAction\":[{\"@type\":\"ReadAction\",\"target\":[\"https:\\\/\\\/www.manquepierda.com\\\/futbolandia\\\/la-sequia-goleadora-preocupa-en-concha-espina\\\/\"]}]},{\"@type\":\"ImageObject\",\"inLanguage\":\"es\",\"@id\":\"https:\\\/\\\/www.manquepierda.com\\\/futbolandia\\\/la-sequia-goleadora-preocupa-en-concha-espina\\\/#primaryimage\",\"url\":\"https:\\\/\\\/i0.wp.com\\\/www.manquepierda.com\\\/futbolandia\\\/files\\\/2015\\\/08\\\/James-Rodr%C3%ADguez-deportesrcn_opt.jpg?fit=680%2C383&ssl=1\",\"contentUrl\":\"https:\\\/\\\/i0.wp.com\\\/www.manquepierda.com\\\/futbolandia\\\/files\\\/2015\\\/08\\\/James-Rodr%C3%ADguez-deportesrcn_opt.jpg?fit=680%2C383&ssl=1\",\"width\":680,\"height\":383,\"caption\":\"Imagen v\u00eda: deportesrcn\"},{\"@type\":\"BreadcrumbList\",\"@id\":\"https:\\\/\\\/www.manquepierda.com\\\/futbolandia\\\/la-sequia-goleadora-preocupa-en-concha-espina\\\/#breadcrumb\",\"itemListElement\":[{\"@type\":\"ListItem\",\"position\":1,\"name\":\"Portada\",\"item\":\"https:\\\/\\\/www.manquepierda.com\\\/futbolandia\\\/\"},{\"@type\":\"ListItem\",\"position\":2,\"name\":\"La sequ\u00eda goleadora preocupa en Concha Espina\"}]},{\"@type\":\"WebSite\",\"@id\":\"https:\\\/\\\/www.manquepierda.com\\\/futbolandia\\\/#website\",\"url\":\"https:\\\/\\\/www.manquepierda.com\\\/futbolandia\\\/\",\"name\":\"Futbolandia\",\"description\":\"Reportajes e informaci\u00f3n sobre f\u00fatbol mundial y j\u00f3venes promesas\",\"potentialAction\":[{\"@type\":\"SearchAction\",\"target\":{\"@type\":\"EntryPoint\",\"urlTemplate\":\"https:\\\/\\\/www.manquepierda.com\\\/futbolandia\\\/?s={search_term_string}\"},\"query-input\":{\"@type\":\"PropertyValueSpecification\",\"valueRequired\":true,\"valueName\":\"search_term_string\"}}],\"inLanguage\":\"es\"},{\"@type\":\"Person\",\"@id\":\"https:\\\/\\\/www.manquepierda.com\\\/futbolandia\\\/#\\\/schema\\\/person\\\/dc27cb5dd6ac5baefec693d659720377\",\"name\":\"Alejandro M\u00e9rida Fern\u00e1ndez\",\"image\":{\"@type\":\"ImageObject\",\"inLanguage\":\"es\",\"@id\":\"https:\\\/\\\/secure.gravatar.com\\\/avatar\\\/e7ad59319dbe32283700c2c59a60641c534d308a03af9206579d35fdf5e96cb4?s=96&d=mm&r=g\",\"url\":\"https:\\\/\\\/secure.gravatar.com\\\/avatar\\\/e7ad59319dbe32283700c2c59a60641c534d308a03af9206579d35fdf5e96cb4?s=96&d=mm&r=g\",\"contentUrl\":\"https:\\\/\\\/secure.gravatar.com\\\/avatar\\\/e7ad59319dbe32283700c2c59a60641c534d308a03af9206579d35fdf5e96cb4?s=96&d=mm&r=g\",\"caption\":\"Alejandro M\u00e9rida Fern\u00e1ndez\"},\"url\":\"https:\\\/\\\/www.manquepierda.com\\\/futbolandia\\\/author\\\/alexmerida26\\\/\"}]}<\/script>\n<!-- \/ Yoast SEO plugin. -->","yoast_head_json":{"title":"La sequ\u00eda goleadora preocupa en Concha Espina &#8211; Futbolandia","description":"El Madrid de Ben\u00edtez ofrece en el estreno en el Bernab\u00e9u su mejor versi\u00f3n goleadora comandada por James Rodr\u00edguez, Gareth Bale y Karim Benzema.","robots":{"index":"index","follow":"follow","max-snippet":"max-snippet:-1","max-image-preview":"max-image-preview:large","max-video-preview":"max-video-preview:-1"},"canonical":"https:\/\/www.manquepierda.com\/futbolandia\/la-sequia-goleadora-preocupa-en-concha-espina\/","og_locale":"es_ES","og_type":"article","og_title":"La sequ\u00eda goleadora preocupa en Concha Espina &#8211; Futbolandia","og_description":"El Madrid de Ben\u00edtez ofrece en el estreno en el Bernab\u00e9u su mejor versi\u00f3n goleadora comandada por James Rodr\u00edguez, Gareth Bale y Karim Benzema.","og_url":"https:\/\/www.manquepierda.com\/futbolandia\/la-sequia-goleadora-preocupa-en-concha-espina\/","og_site_name":"Futbolandia","article_published_time":"2015-08-30T21:05:30+00:00","article_modified_time":"2015-08-30T21:10:18+00:00","og_image":[{"width":680,"height":383,"url":"https:\/\/i0.wp.com\/www.manquepierda.com\/futbolandia\/files\/2015\/08\/James-Rodr\u00edguez-deportesrcn_opt.jpg?fit=680%2C383&ssl=1","type":"image\/jpeg"}],"author":"Alejandro M\u00e9rida Fern\u00e1ndez","twitter_misc":{"Escrito por":"Alejandro M\u00e9rida Fern\u00e1ndez","Tiempo de lectura":"3 minutos"},"schema":{"@context":"https:\/\/schema.org","@graph":[{"@type":"Article","@id":"https:\/\/www.manquepierda.com\/futbolandia\/la-sequia-goleadora-preocupa-en-concha-espina\/#article","isPartOf":{"@id":"https:\/\/www.manquepierda.com\/futbolandia\/la-sequia-goleadora-preocupa-en-concha-espina\/"},"author":{"name":"Alejandro M\u00e9rida Fern\u00e1ndez","@id":"https:\/\/www.manquepierda.com\/futbolandia\/#\/schema\/person\/dc27cb5dd6ac5baefec693d659720377"},"headline":"La sequ\u00eda goleadora preocupa en Concha Espina","datePublished":"2015-08-30T21:05:30+00:00","dateModified":"2015-08-30T21:10:18+00:00","mainEntityOfPage":{"@id":"https:\/\/www.manquepierda.com\/futbolandia\/la-sequia-goleadora-preocupa-en-concha-espina\/"},"wordCount":670,"commentCount":0,"image":{"@id":"https:\/\/www.manquepierda.com\/futbolandia\/la-sequia-goleadora-preocupa-en-concha-espina\/#primaryimage"},"thumbnailUrl":"https:\/\/i0.wp.com\/www.manquepierda.com\/futbolandia\/files\/2015\/08\/James-Rodr%C3%ADguez-deportesrcn_opt.jpg?fit=680%2C383&ssl=1","keywords":["ad\u00e1n","Bale","benitez","Benzema","Bernab\u00e9u","Betis","concha espina","cristiano","james","Real Madrid","sequ\u00eda goleadora"],"articleSection":["Liga BBVA - F\u00fatbol Espa\u00f1ol","Ligas del Mundo","Portada"],"inLanguage":"es","potentialAction":[{"@type":"CommentAction","name":"Comment","target":["https:\/\/www.manquepierda.com\/futbolandia\/la-sequia-goleadora-preocupa-en-concha-espina\/#respond"]}]},{"@type":"WebPage","@id":"https:\/\/www.manquepierda.com\/futbolandia\/la-sequia-goleadora-preocupa-en-concha-espina\/","url":"https:\/\/www.manquepierda.com\/futbolandia\/la-sequia-goleadora-preocupa-en-concha-espina\/","name":"La sequ\u00eda goleadora preocupa en Concha Espina &#8211; Futbolandia","isPartOf":{"@id":"https:\/\/www.manquepierda.com\/futbolandia\/#website"},"primaryImageOfPage":{"@id":"https:\/\/www.manquepierda.com\/futbolandia\/la-sequia-goleadora-preocupa-en-concha-espina\/#primaryimage"},"image":{"@id":"https:\/\/www.manquepierda.com\/futbolandia\/la-sequia-goleadora-preocupa-en-concha-espina\/#primaryimage"},"thumbnailUrl":"https:\/\/i0.wp.com\/www.manquepierda.com\/futbolandia\/files\/2015\/08\/James-Rodr%C3%ADguez-deportesrcn_opt.jpg?fit=680%2C383&ssl=1","datePublished":"2015-08-30T21:05:30+00:00","dateModified":"2015-08-30T21:10:18+00:00","author":{"@id":"https:\/\/www.manquepierda.com\/futbolandia\/#\/schema\/person\/dc27cb5dd6ac5baefec693d659720377"},"description":"El Madrid de Ben\u00edtez ofrece en el estreno en el Bernab\u00e9u su mejor versi\u00f3n goleadora comandada por James Rodr\u00edguez, Gareth Bale y Karim Benzema.","breadcrumb":{"@id":"https:\/\/www.manquepierda.com\/futbolandia\/la-sequia-goleadora-preocupa-en-concha-espina\/#breadcrumb"},"inLanguage":"es","potentialAction":[{"@type":"ReadAction","target":["https:\/\/www.manquepierda.com\/futbolandia\/la-sequia-goleadora-preocupa-en-concha-espina\/"]}]},{"@type":"ImageObject","inLanguage":"es","@id":"https:\/\/www.manquepierda.com\/futbolandia\/la-sequia-goleadora-preocupa-en-concha-espina\/#primaryimage","url":"https:\/\/i0.wp.com\/www.manquepierda.com\/futbolandia\/files\/2015\/08\/James-Rodr%C3%ADguez-deportesrcn_opt.jpg?fit=680%2C383&ssl=1","contentUrl":"https:\/\/i0.wp.com\/www.manquepierda.com\/futbolandia\/files\/2015\/08\/James-Rodr%C3%ADguez-deportesrcn_opt.jpg?fit=680%2C383&ssl=1","width":680,"height":383,"caption":"Imagen v\u00eda: deportesrcn"},{"@type":"BreadcrumbList","@id":"https:\/\/www.manquepierda.com\/futbolandia\/la-sequia-goleadora-preocupa-en-concha-espina\/#breadcrumb","itemListElement":[{"@type":"ListItem","position":1,"name":"Portada","item":"https:\/\/www.manquepierda.com\/futbolandia\/"},{"@type":"ListItem","position":2,"name":"La sequ\u00eda goleadora preocupa en Concha Espina"}]},{"@type":"WebSite","@id":"https:\/\/www.manquepierda.com\/futbolandia\/#website","url":"https:\/\/www.manquepierda.com\/futbolandia\/","name":"Futbolandia","description":"Reportajes e informaci\u00f3n sobre f\u00fatbol mundial y j\u00f3venes promesas","potentialAction":[{"@type":"SearchAction","target":{"@type":"EntryPoint","urlTemplate":"https:\/\/www.manquepierda.com\/futbolandia\/?s={search_term_string}"},"query-input":{"@type":"PropertyValueSpecification","valueRequired":true,"valueName":"search_term_string"}}],"inLanguage":"es"},{"@type":"Person","@id":"https:\/\/www.manquepierda.com\/futbolandia\/#\/schema\/person\/dc27cb5dd6ac5baefec693d659720377","name":"Alejandro M\u00e9rida Fern\u00e1ndez","image":{"@type":"ImageObject","inLanguage":"es","@id":"https:\/\/secure.gravatar.com\/avatar\/e7ad59319dbe32283700c2c59a60641c534d308a03af9206579d35fdf5e96cb4?s=96&d=mm&r=g","url":"https:\/\/secure.gravatar.com\/avatar\/e7ad59319dbe32283700c2c59a60641c534d308a03af9206579d35fdf5e96cb4?s=96&d=mm&r=g","contentUrl":"https:\/\/secure.gravatar.com\/avatar\/e7ad59319dbe32283700c2c59a60641c534d308a03af9206579d35fdf5e96cb4?s=96&d=mm&r=g","caption":"Alejandro M\u00e9rida Fern\u00e1ndez"},"url":"https:\/\/www.manquepierda.com\/futbolandia\/author\/alexmerida26\/"}]}},"jetpack_publicize_connections":[],"jetpack_featured_media_url":"https:\/\/i0.wp.com\/www.manquepierda.com\/futbolandia\/files\/2015\/08\/James-Rodr%C3%ADguez-deportesrcn_opt.jpg?fit=680%2C383&ssl=1","jetpack_shortlink":"https:\/\/wp.me\/p1THIg-1uL","jetpack_sharing_enabled":true,"_links":{"self":[{"href":"https:\/\/www.manquepierda.com\/futbolandia\/wp-json\/wp\/v2\/posts\/5751","targetHints":{"allow":["GET"]}}],"collection":[{"href":"https:\/\/www.manquepierda.com\/futbolandia\/wp-json\/wp\/v2\/posts"}],"about":[{"href":"https:\/\/www.manquepierda.com\/futbolandia\/wp-json\/wp\/v2\/types\/post"}],"author":[{"embeddable":true,"href":"https:\/\/www.manquepierda.com\/futbolandia\/wp-json\/wp\/v2\/users\/430"}],"replies":[{"embeddable":true,"href":"https:\/\/www.manquepierda.com\/futbolandia\/wp-json\/wp\/v2\/comments?post=5751"}],"version-history":[{"count":0,"href":"https:\/\/www.manquepierda.com\/futbolandia\/wp-json\/wp\/v2\/posts\/5751\/revisions"}],"wp:featuredmedia":[{"embeddable":true,"href":"https:\/\/www.manquepierda.com\/futbolandia\/wp-json\/wp\/v2\/media\/5752"}],"wp:attachment":[{"href":"https:\/\/www.manquepierda.com\/futbolandia\/wp-json\/wp\/v2\/media?parent=5751"}],"wp:term":[{"taxonomy":"category","embeddable":true,"href":"https:\/\/www.manquepierda.com\/futbolandia\/wp-json\/wp\/v2\/categories?post=5751"},{"taxonomy":"post_tag","embeddable":true,"href":"https:\/\/www.manquepierda.com\/futbolandia\/wp-json\/wp\/v2\/tags?post=5751"}],"curies":[{"name":"wp","href":"https:\/\/api.w.org\/{rel}","templated":true}]}}