{"id":5779,"date":"2015-09-21T14:26:14","date_gmt":"2015-09-21T12:26:14","guid":{"rendered":"http:\/\/www.manquepierda.com\/futbolandia\/?p=5779"},"modified":"2015-09-21T14:26:14","modified_gmt":"2015-09-21T12:26:14","slug":"totti-300-el-ultimo-gladiador-romano","status":"publish","type":"post","link":"https:\/\/www.manquepierda.com\/futbolandia\/totti-300-el-ultimo-gladiador-romano\/","title":{"rendered":"TOTTI 300. El \u00faltimo gladiador romano"},"content":{"rendered":"<p>Ha llovido mucho desde aquel d\u00eda en que un chico de tan solo 16 a\u00f1os debutaba en el siempre dif\u00edcil Calcio italiano con el equipo de su vida. <strong>Francesco debut\u00f3 un 28 de marzo de hace 22 a\u00f1os frente al Brescia con victoria de la <em>&#8216;squadra giallorossa&#8217;<\/em> pero no fue hasta un a\u00f1o m\u00e1s tarde cuando Totti consigui\u00f3 marcar su primer gol.<\/strong> Fue ante el <strong>Foggia<\/strong>, un 4 de Septiembre de 1994, y igual que su gol 300 s\u00f3lo sirvi\u00f3 para que la Roma pudiera llevarse un punto. Esto signific\u00f3 un punto de inflexi\u00f3n en la vida del joven Francesco donde empez\u00f3 a tener minutos, empez\u00f3 a tener trascendencia en el juego de su equipo y evidentemente Totti respondi\u00f3 con goles. <strong>Con 20 a\u00f1os le nombraron\u00a0capit\u00e1n de la Roma y jam\u00e1s se lleg\u00f3 a pensar que un chico tan joven podr\u00eda llegar a convertirse en alguien tan importante y trascendental para la instituci\u00f3n romanista.<\/strong><sup id=\"cite_ref-10\" class=\"reference\"><\/sup><\/p>\n<figure style=\"width: 591px\" class=\"wp-caption aligncenter\"><img loading=\"lazy\" decoding=\"async\" src=\"http:\/\/www.ilcatenaccio.es\/es\/wp-content\/themes\/stylebook\/timthumb.php?src=http%3A%2F%2Fwww.ilcatenaccio.es%2Fes%2Fwp-content%2Fuploads%2F2013%2F03%2Ftotti-esordio.jpg&amp;q=90&amp;w=795&amp;zc=1\" alt=\"\" width=\"591\" height=\"560\" \/><figcaption class=\"wp-caption-text\">Un jovenc\u00edsimo Francesco Totti el d\u00eda de su debut con la Roma (FOTO: www.ilcatenaccio.es)<\/figcaption><\/figure>\n<p>Francesco Totti nos ha dejado por el camino <strong>verdaderas obras de arte<\/strong> dignas de ser expuestas en un museo, desde la volea que le marca a la Juventus por toda la escuadra hasta el gol que le hizo a Joe Hart en la fase de grupos de la Uefa Champions League el a\u00f1o pasado compartiendo grupo con Bayern M\u00fcnchen y CSKA. Y como olvidar el &#8216;selfie&#8217; que se hizo la temporada pasada en el derbi romano frente a la Lazio. O la vaselina al Inter de Mil\u00e1n en San Siro. <em>Tantas y tantas cosas de Francesco Totti que no acabar\u00edamos nunca<\/em>. Cierto\u00a0es que el tiempo pasa para todo el mundo, Totti est\u00e1 cerca de los 39 a\u00f1os y su papel en el conjunto giallorossi ha ido decayendo con el paso de los a\u00f1os hasta convertirse en un <strong>actor con un papel secundario<\/strong> dejando pas\u00f3 a los j\u00f3venes y a otras opciones como por ejemplo Salah, Dzeko o Gervinho. Pocas ocasiones son las que vemos a <em>&#8216;Il Capitano&#8217;<\/em> de titular, Rudi Garc\u00eda tiene otros planes como el, ve a la bandera romanista como un revulsivo, alguien que ayude a desatascar partidos desde la experiencia. 22 a\u00f1os en la \u00e9lite nada m\u00e1s y nada menos, casi nada vamos&#8230;<\/p>\n<figure style=\"width: 333px\" class=\"wp-caption aligncenter\"><img data-recalc-dims=\"1\" loading=\"lazy\" decoding=\"async\" src=\"https:\/\/i0.wp.com\/spd.fotolog.com\/photo\/61\/61\/61\/asr10\/1202135410_f.jpg?resize=333%2C500\" alt=\"\" width=\"333\" height=\"500\" \/><figcaption class=\"wp-caption-text\">Francesco Totti fue Bota de Oro 06\/07 con 26 goles anotados superando a otro mito como Ruud Van Nistelrooy. (FOTO: www.taringa.net)<\/figcaption><\/figure>\n<p>Pero aunque pasen los a\u00f1os y el final est\u00e9 cada vez m\u00e1s cerca Totti siempre ser\u00e1 el l\u00edder absoluto, la pasi\u00f3n y el emblema de esta Roma independientemente de que est\u00e9 en la cancha o fuera de ella. <strong>Con casi 39 a\u00f1os, Totti continua d\u00e1ndole vida a la historia de la Roma, continua haciendo historia, una historia infinita y eterna, como \u00e9l.<\/strong> Llevamos 20 a\u00f1os disfrutando del l\u00edder indiscutible de esta Roma y espero que sea por muchos a\u00f1os porque el d\u00eda de decida colgar las botas una parte de nosotros se ir\u00e1 con \u00e9l, igual que cuando se retir\u00f3 Javier Zanetti y igual que cuando se retire Gigi Buffon. Leyendas del futbol italiano que a\u00fan nos hacen creer que para algunos el f\u00fatbol no es un negocio y que aun hay futbolistas que creen que el amor a unos colores est\u00e1 por encima del dinero o \u00a0porque no decirlo,del \u00e9xito.<\/p>\n<p><strong>Francesco Totti, aquel jugador que no cambio la Roma por nadie y que seguir\u00e1 haciendo historia hasta que decida retirarse. Por muchos a\u00f1os Francesco, sigue formando parte de la historia de la Roma, del Calcio y del f\u00fatbol mundial.<\/strong><\/p>\n<p>Aqui os dejo un video que resume lo que ha sido Francesco Totti durante estas dos d\u00e9cadas: visi\u00f3n de juego, descaro, altruismo y sobre todo GOL.<\/p>\n<p>https:\/\/www.youtube.com\/watch?v=v430rOreCwg<\/p>\n<p>&nbsp;<\/p>\n","protected":false},"excerpt":{"rendered":"<p>Ha llovido mucho desde aquel d\u00eda en que un chico de tan solo 16 a\u00f1os debutaba en el siempre dif\u00edcil Calcio italiano con el equipo de su vida. Francesco debut\u00f3 un 28 de marzo de hace 22 a\u00f1os frente al Brescia con victoria de la &#8216;squadra giallorossa&#8217; pero no fue hasta un a\u00f1o m\u00e1s tarde&#8230;<\/p>\n","protected":false},"author":442,"featured_media":5780,"comment_status":"open","ping_status":"open","sticky":false,"template":"","format":"standard","meta":{"_kad_post_transparent":"","_kad_post_title":"","_kad_post_layout":"","_kad_post_sidebar_id":"","_kad_post_content_style":"","_kad_post_vertical_padding":"","_kad_post_feature":"","_kad_post_feature_position":"","_kad_post_header":false,"_kad_post_footer":false,"_kad_post_classname":"","_jetpack_memberships_contains_paid_content":false,"footnotes":"","jetpack_publicize_message":"","jetpack_publicize_feature_enabled":true,"jetpack_social_post_already_shared":true,"jetpack_social_options":{"image_generator_settings":{"template":"highway","default_image_id":0,"font":"","enabled":false},"version":2}},"categories":[7,10,1370],"tags":[1697,2076,2078,131,2075,2077],"class_list":["post-5779","post","type-post","status-publish","format-standard","has-post-thumbnail","hentry","category-opinion","category-portada","category-serie-a-futbol-italiano","tag-as-roma","tag-capitano","tag-leyenda","tag-serie-a","tag-totti","tag-totti-300"],"yoast_head":"<!-- This site is optimized with the Yoast SEO plugin v27.5 - https:\/\/yoast.com\/product\/yoast-seo-wordpress\/ -->\n<title>TOTTI 300. El \u00faltimo gladiador romano &#8211; Futbolandia<\/title>\n<meta name=\"robots\" content=\"index, follow, max-snippet:-1, max-image-preview:large, max-video-preview:-1\" \/>\n<link rel=\"canonical\" href=\"https:\/\/www.manquepierda.com\/futbolandia\/totti-300-el-ultimo-gladiador-romano\/\" \/>\n<meta property=\"og:locale\" content=\"es_ES\" \/>\n<meta property=\"og:type\" content=\"article\" \/>\n<meta property=\"og:title\" content=\"TOTTI 300. El \u00faltimo gladiador romano &#8211; Futbolandia\" \/>\n<meta property=\"og:description\" content=\"Ha llovido mucho desde aquel d\u00eda en que un chico de tan solo 16 a\u00f1os debutaba en el siempre dif\u00edcil Calcio italiano con el equipo de su vida. Francesco debut\u00f3 un 28 de marzo de hace 22 a\u00f1os frente al Brescia con victoria de la &#8216;squadra giallorossa&#8217; pero no fue hasta un a\u00f1o m\u00e1s tarde...\" \/>\n<meta property=\"og:url\" content=\"https:\/\/www.manquepierda.com\/futbolandia\/totti-300-el-ultimo-gladiador-romano\/\" \/>\n<meta property=\"og:site_name\" content=\"Futbolandia\" \/>\n<meta property=\"article:published_time\" content=\"2015-09-21T12:26:14+00:00\" \/>\n<meta property=\"og:image\" content=\"https:\/\/i1.wp.com\/www.manquepierda.com\/futbolandia\/files\/2015\/09\/0012073433.jpg?fit=770%2C433&ssl=1\" \/>\n\t<meta property=\"og:image:width\" content=\"770\" \/>\n\t<meta property=\"og:image:height\" content=\"433\" \/>\n\t<meta property=\"og:image:type\" content=\"image\/jpeg\" \/>\n<meta name=\"author\" content=\"Jordi Bernal Albiol\" \/>\n<meta name=\"twitter:label1\" content=\"Escrito por\" \/>\n\t<meta name=\"twitter:data1\" content=\"Jordi Bernal Albiol\" \/>\n\t<meta name=\"twitter:label2\" content=\"Tiempo de lectura\" \/>\n\t<meta name=\"twitter:data2\" content=\"3 minutos\" \/>\n<script type=\"application\/ld+json\" class=\"yoast-schema-graph\">{\"@context\":\"https:\\\/\\\/schema.org\",\"@graph\":[{\"@type\":\"Article\",\"@id\":\"https:\\\/\\\/www.manquepierda.com\\\/futbolandia\\\/totti-300-el-ultimo-gladiador-romano\\\/#article\",\"isPartOf\":{\"@id\":\"https:\\\/\\\/www.manquepierda.com\\\/futbolandia\\\/totti-300-el-ultimo-gladiador-romano\\\/\"},\"author\":{\"name\":\"Jordi Bernal Albiol\",\"@id\":\"https:\\\/\\\/www.manquepierda.com\\\/futbolandia\\\/#\\\/schema\\\/person\\\/847db99271dc4c2cf3ad9f27f06c67ca\"},\"headline\":\"TOTTI 300. El \u00faltimo gladiador romano\",\"datePublished\":\"2015-09-21T12:26:14+00:00\",\"mainEntityOfPage\":{\"@id\":\"https:\\\/\\\/www.manquepierda.com\\\/futbolandia\\\/totti-300-el-ultimo-gladiador-romano\\\/\"},\"wordCount\":672,\"commentCount\":0,\"image\":{\"@id\":\"https:\\\/\\\/www.manquepierda.com\\\/futbolandia\\\/totti-300-el-ultimo-gladiador-romano\\\/#primaryimage\"},\"thumbnailUrl\":\"https:\\\/\\\/i0.wp.com\\\/www.manquepierda.com\\\/futbolandia\\\/files\\\/2015\\\/09\\\/0012073433.jpg?fit=770%2C433&ssl=1\",\"keywords\":[\"AS Roma\",\"Capitano\",\"leyenda\",\"Serie A\",\"totti\",\"Totti 300\"],\"articleSection\":[\"Opini\u00f3n\",\"Portada\",\"Serie A - F\u00fatbol Italiano\"],\"inLanguage\":\"es\",\"potentialAction\":[{\"@type\":\"CommentAction\",\"name\":\"Comment\",\"target\":[\"https:\\\/\\\/www.manquepierda.com\\\/futbolandia\\\/totti-300-el-ultimo-gladiador-romano\\\/#respond\"]}]},{\"@type\":\"WebPage\",\"@id\":\"https:\\\/\\\/www.manquepierda.com\\\/futbolandia\\\/totti-300-el-ultimo-gladiador-romano\\\/\",\"url\":\"https:\\\/\\\/www.manquepierda.com\\\/futbolandia\\\/totti-300-el-ultimo-gladiador-romano\\\/\",\"name\":\"TOTTI 300. El \u00faltimo gladiador romano &#8211; Futbolandia\",\"isPartOf\":{\"@id\":\"https:\\\/\\\/www.manquepierda.com\\\/futbolandia\\\/#website\"},\"primaryImageOfPage\":{\"@id\":\"https:\\\/\\\/www.manquepierda.com\\\/futbolandia\\\/totti-300-el-ultimo-gladiador-romano\\\/#primaryimage\"},\"image\":{\"@id\":\"https:\\\/\\\/www.manquepierda.com\\\/futbolandia\\\/totti-300-el-ultimo-gladiador-romano\\\/#primaryimage\"},\"thumbnailUrl\":\"https:\\\/\\\/i0.wp.com\\\/www.manquepierda.com\\\/futbolandia\\\/files\\\/2015\\\/09\\\/0012073433.jpg?fit=770%2C433&ssl=1\",\"datePublished\":\"2015-09-21T12:26:14+00:00\",\"author\":{\"@id\":\"https:\\\/\\\/www.manquepierda.com\\\/futbolandia\\\/#\\\/schema\\\/person\\\/847db99271dc4c2cf3ad9f27f06c67ca\"},\"breadcrumb\":{\"@id\":\"https:\\\/\\\/www.manquepierda.com\\\/futbolandia\\\/totti-300-el-ultimo-gladiador-romano\\\/#breadcrumb\"},\"inLanguage\":\"es\",\"potentialAction\":[{\"@type\":\"ReadAction\",\"target\":[\"https:\\\/\\\/www.manquepierda.com\\\/futbolandia\\\/totti-300-el-ultimo-gladiador-romano\\\/\"]}]},{\"@type\":\"ImageObject\",\"inLanguage\":\"es\",\"@id\":\"https:\\\/\\\/www.manquepierda.com\\\/futbolandia\\\/totti-300-el-ultimo-gladiador-romano\\\/#primaryimage\",\"url\":\"https:\\\/\\\/i0.wp.com\\\/www.manquepierda.com\\\/futbolandia\\\/files\\\/2015\\\/09\\\/0012073433.jpg?fit=770%2C433&ssl=1\",\"contentUrl\":\"https:\\\/\\\/i0.wp.com\\\/www.manquepierda.com\\\/futbolandia\\\/files\\\/2015\\\/09\\\/0012073433.jpg?fit=770%2C433&ssl=1\",\"width\":770,\"height\":433},{\"@type\":\"BreadcrumbList\",\"@id\":\"https:\\\/\\\/www.manquepierda.com\\\/futbolandia\\\/totti-300-el-ultimo-gladiador-romano\\\/#breadcrumb\",\"itemListElement\":[{\"@type\":\"ListItem\",\"position\":1,\"name\":\"Portada\",\"item\":\"https:\\\/\\\/www.manquepierda.com\\\/futbolandia\\\/\"},{\"@type\":\"ListItem\",\"position\":2,\"name\":\"TOTTI 300. El \u00faltimo gladiador romano\"}]},{\"@type\":\"WebSite\",\"@id\":\"https:\\\/\\\/www.manquepierda.com\\\/futbolandia\\\/#website\",\"url\":\"https:\\\/\\\/www.manquepierda.com\\\/futbolandia\\\/\",\"name\":\"Futbolandia\",\"description\":\"Reportajes e informaci\u00f3n sobre f\u00fatbol mundial y j\u00f3venes promesas\",\"potentialAction\":[{\"@type\":\"SearchAction\",\"target\":{\"@type\":\"EntryPoint\",\"urlTemplate\":\"https:\\\/\\\/www.manquepierda.com\\\/futbolandia\\\/?s={search_term_string}\"},\"query-input\":{\"@type\":\"PropertyValueSpecification\",\"valueRequired\":true,\"valueName\":\"search_term_string\"}}],\"inLanguage\":\"es\"},{\"@type\":\"Person\",\"@id\":\"https:\\\/\\\/www.manquepierda.com\\\/futbolandia\\\/#\\\/schema\\\/person\\\/847db99271dc4c2cf3ad9f27f06c67ca\",\"name\":\"Jordi Bernal Albiol\",\"image\":{\"@type\":\"ImageObject\",\"inLanguage\":\"es\",\"@id\":\"https:\\\/\\\/secure.gravatar.com\\\/avatar\\\/2c59041c60fd565cf17d2e4ef56218fa69ea488942909d24a0f08383d09f4570?s=96&d=mm&r=g\",\"url\":\"https:\\\/\\\/secure.gravatar.com\\\/avatar\\\/2c59041c60fd565cf17d2e4ef56218fa69ea488942909d24a0f08383d09f4570?s=96&d=mm&r=g\",\"contentUrl\":\"https:\\\/\\\/secure.gravatar.com\\\/avatar\\\/2c59041c60fd565cf17d2e4ef56218fa69ea488942909d24a0f08383d09f4570?s=96&d=mm&r=g\",\"caption\":\"Jordi Bernal Albiol\"},\"description\":\"Graduado en ADE.De Castell\u00f3n de la Plana. De los que piensan que el f\u00fatbol es una forma de vida de aislarse de la vida misma. Aficionado al f\u00fatbol internacional sobre todo Premier y Bundesliga. Y lo m\u00e1s importante enamorado de mi equipo, el F\u00fatbol Club Barcelona. Me podr\u00e9is encontrar en twitter: @jba_jordi\",\"url\":\"https:\\\/\\\/www.manquepierda.com\\\/futbolandia\\\/author\\\/jordi93cs\\\/\"}]}<\/script>\n<!-- \/ Yoast SEO plugin. -->","yoast_head_json":{"title":"TOTTI 300. El \u00faltimo gladiador romano &#8211; Futbolandia","robots":{"index":"index","follow":"follow","max-snippet":"max-snippet:-1","max-image-preview":"max-image-preview:large","max-video-preview":"max-video-preview:-1"},"canonical":"https:\/\/www.manquepierda.com\/futbolandia\/totti-300-el-ultimo-gladiador-romano\/","og_locale":"es_ES","og_type":"article","og_title":"TOTTI 300. El \u00faltimo gladiador romano &#8211; Futbolandia","og_description":"Ha llovido mucho desde aquel d\u00eda en que un chico de tan solo 16 a\u00f1os debutaba en el siempre dif\u00edcil Calcio italiano con el equipo de su vida. Francesco debut\u00f3 un 28 de marzo de hace 22 a\u00f1os frente al Brescia con victoria de la &#8216;squadra giallorossa&#8217; pero no fue hasta un a\u00f1o m\u00e1s tarde...","og_url":"https:\/\/www.manquepierda.com\/futbolandia\/totti-300-el-ultimo-gladiador-romano\/","og_site_name":"Futbolandia","article_published_time":"2015-09-21T12:26:14+00:00","og_image":[{"width":770,"height":433,"url":"https:\/\/i1.wp.com\/www.manquepierda.com\/futbolandia\/files\/2015\/09\/0012073433.jpg?fit=770%2C433&ssl=1","type":"image\/jpeg"}],"author":"Jordi Bernal Albiol","twitter_misc":{"Escrito por":"Jordi Bernal Albiol","Tiempo de lectura":"3 minutos"},"schema":{"@context":"https:\/\/schema.org","@graph":[{"@type":"Article","@id":"https:\/\/www.manquepierda.com\/futbolandia\/totti-300-el-ultimo-gladiador-romano\/#article","isPartOf":{"@id":"https:\/\/www.manquepierda.com\/futbolandia\/totti-300-el-ultimo-gladiador-romano\/"},"author":{"name":"Jordi Bernal Albiol","@id":"https:\/\/www.manquepierda.com\/futbolandia\/#\/schema\/person\/847db99271dc4c2cf3ad9f27f06c67ca"},"headline":"TOTTI 300. El \u00faltimo gladiador romano","datePublished":"2015-09-21T12:26:14+00:00","mainEntityOfPage":{"@id":"https:\/\/www.manquepierda.com\/futbolandia\/totti-300-el-ultimo-gladiador-romano\/"},"wordCount":672,"commentCount":0,"image":{"@id":"https:\/\/www.manquepierda.com\/futbolandia\/totti-300-el-ultimo-gladiador-romano\/#primaryimage"},"thumbnailUrl":"https:\/\/i0.wp.com\/www.manquepierda.com\/futbolandia\/files\/2015\/09\/0012073433.jpg?fit=770%2C433&ssl=1","keywords":["AS Roma","Capitano","leyenda","Serie A","totti","Totti 300"],"articleSection":["Opini\u00f3n","Portada","Serie A - F\u00fatbol Italiano"],"inLanguage":"es","potentialAction":[{"@type":"CommentAction","name":"Comment","target":["https:\/\/www.manquepierda.com\/futbolandia\/totti-300-el-ultimo-gladiador-romano\/#respond"]}]},{"@type":"WebPage","@id":"https:\/\/www.manquepierda.com\/futbolandia\/totti-300-el-ultimo-gladiador-romano\/","url":"https:\/\/www.manquepierda.com\/futbolandia\/totti-300-el-ultimo-gladiador-romano\/","name":"TOTTI 300. El \u00faltimo gladiador romano &#8211; Futbolandia","isPartOf":{"@id":"https:\/\/www.manquepierda.com\/futbolandia\/#website"},"primaryImageOfPage":{"@id":"https:\/\/www.manquepierda.com\/futbolandia\/totti-300-el-ultimo-gladiador-romano\/#primaryimage"},"image":{"@id":"https:\/\/www.manquepierda.com\/futbolandia\/totti-300-el-ultimo-gladiador-romano\/#primaryimage"},"thumbnailUrl":"https:\/\/i0.wp.com\/www.manquepierda.com\/futbolandia\/files\/2015\/09\/0012073433.jpg?fit=770%2C433&ssl=1","datePublished":"2015-09-21T12:26:14+00:00","author":{"@id":"https:\/\/www.manquepierda.com\/futbolandia\/#\/schema\/person\/847db99271dc4c2cf3ad9f27f06c67ca"},"breadcrumb":{"@id":"https:\/\/www.manquepierda.com\/futbolandia\/totti-300-el-ultimo-gladiador-romano\/#breadcrumb"},"inLanguage":"es","potentialAction":[{"@type":"ReadAction","target":["https:\/\/www.manquepierda.com\/futbolandia\/totti-300-el-ultimo-gladiador-romano\/"]}]},{"@type":"ImageObject","inLanguage":"es","@id":"https:\/\/www.manquepierda.com\/futbolandia\/totti-300-el-ultimo-gladiador-romano\/#primaryimage","url":"https:\/\/i0.wp.com\/www.manquepierda.com\/futbolandia\/files\/2015\/09\/0012073433.jpg?fit=770%2C433&ssl=1","contentUrl":"https:\/\/i0.wp.com\/www.manquepierda.com\/futbolandia\/files\/2015\/09\/0012073433.jpg?fit=770%2C433&ssl=1","width":770,"height":433},{"@type":"BreadcrumbList","@id":"https:\/\/www.manquepierda.com\/futbolandia\/totti-300-el-ultimo-gladiador-romano\/#breadcrumb","itemListElement":[{"@type":"ListItem","position":1,"name":"Portada","item":"https:\/\/www.manquepierda.com\/futbolandia\/"},{"@type":"ListItem","position":2,"name":"TOTTI 300. El \u00faltimo gladiador romano"}]},{"@type":"WebSite","@id":"https:\/\/www.manquepierda.com\/futbolandia\/#website","url":"https:\/\/www.manquepierda.com\/futbolandia\/","name":"Futbolandia","description":"Reportajes e informaci\u00f3n sobre f\u00fatbol mundial y j\u00f3venes promesas","potentialAction":[{"@type":"SearchAction","target":{"@type":"EntryPoint","urlTemplate":"https:\/\/www.manquepierda.com\/futbolandia\/?s={search_term_string}"},"query-input":{"@type":"PropertyValueSpecification","valueRequired":true,"valueName":"search_term_string"}}],"inLanguage":"es"},{"@type":"Person","@id":"https:\/\/www.manquepierda.com\/futbolandia\/#\/schema\/person\/847db99271dc4c2cf3ad9f27f06c67ca","name":"Jordi Bernal Albiol","image":{"@type":"ImageObject","inLanguage":"es","@id":"https:\/\/secure.gravatar.com\/avatar\/2c59041c60fd565cf17d2e4ef56218fa69ea488942909d24a0f08383d09f4570?s=96&d=mm&r=g","url":"https:\/\/secure.gravatar.com\/avatar\/2c59041c60fd565cf17d2e4ef56218fa69ea488942909d24a0f08383d09f4570?s=96&d=mm&r=g","contentUrl":"https:\/\/secure.gravatar.com\/avatar\/2c59041c60fd565cf17d2e4ef56218fa69ea488942909d24a0f08383d09f4570?s=96&d=mm&r=g","caption":"Jordi Bernal Albiol"},"description":"Graduado en ADE.De Castell\u00f3n de la Plana. De los que piensan que el f\u00fatbol es una forma de vida de aislarse de la vida misma. Aficionado al f\u00fatbol internacional sobre todo Premier y Bundesliga. Y lo m\u00e1s importante enamorado de mi equipo, el F\u00fatbol Club Barcelona. Me podr\u00e9is encontrar en twitter: @jba_jordi","url":"https:\/\/www.manquepierda.com\/futbolandia\/author\/jordi93cs\/"}]}},"jetpack_publicize_connections":[],"jetpack_featured_media_url":"https:\/\/i0.wp.com\/www.manquepierda.com\/futbolandia\/files\/2015\/09\/0012073433.jpg?fit=770%2C433&ssl=1","jetpack_shortlink":"https:\/\/wp.me\/p1THIg-1vd","jetpack_sharing_enabled":true,"_links":{"self":[{"href":"https:\/\/www.manquepierda.com\/futbolandia\/wp-json\/wp\/v2\/posts\/5779","targetHints":{"allow":["GET"]}}],"collection":[{"href":"https:\/\/www.manquepierda.com\/futbolandia\/wp-json\/wp\/v2\/posts"}],"about":[{"href":"https:\/\/www.manquepierda.com\/futbolandia\/wp-json\/wp\/v2\/types\/post"}],"author":[{"embeddable":true,"href":"https:\/\/www.manquepierda.com\/futbolandia\/wp-json\/wp\/v2\/users\/442"}],"replies":[{"embeddable":true,"href":"https:\/\/www.manquepierda.com\/futbolandia\/wp-json\/wp\/v2\/comments?post=5779"}],"version-history":[{"count":0,"href":"https:\/\/www.manquepierda.com\/futbolandia\/wp-json\/wp\/v2\/posts\/5779\/revisions"}],"wp:featuredmedia":[{"embeddable":true,"href":"https:\/\/www.manquepierda.com\/futbolandia\/wp-json\/wp\/v2\/media\/5780"}],"wp:attachment":[{"href":"https:\/\/www.manquepierda.com\/futbolandia\/wp-json\/wp\/v2\/media?parent=5779"}],"wp:term":[{"taxonomy":"category","embeddable":true,"href":"https:\/\/www.manquepierda.com\/futbolandia\/wp-json\/wp\/v2\/categories?post=5779"},{"taxonomy":"post_tag","embeddable":true,"href":"https:\/\/www.manquepierda.com\/futbolandia\/wp-json\/wp\/v2\/tags?post=5779"}],"curies":[{"name":"wp","href":"https:\/\/api.w.org\/{rel}","templated":true}]}}