{"id":5795,"date":"2015-10-20T12:13:26","date_gmt":"2015-10-20T10:13:26","guid":{"rendered":"http:\/\/www.manquepierda.com\/futbolandia\/?p=5795"},"modified":"2015-10-20T13:40:44","modified_gmt":"2015-10-20T11:40:44","slug":"ben-arfa-su-ultima-oportunidad-y-su-niza-letal-enamoran-a-francia","status":"publish","type":"post","link":"https:\/\/www.manquepierda.com\/futbolandia\/ben-arfa-su-ultima-oportunidad-y-su-niza-letal-enamoran-a-francia\/","title":{"rendered":"Ben Arfa, su \u00faltima oportunidad y su Niza letal enamoran a Francia"},"content":{"rendered":"<figure id=\"attachment_5801\" aria-describedby=\"caption-attachment-5801\" style=\"width: 521px\" class=\"wp-caption alignleft\"><a href=\"https:\/\/i0.wp.com\/www.manquepierda.com\/futbolandia\/files\/2015\/10\/Ben-Arfa-Niza.jpg\"><img data-recalc-dims=\"1\" loading=\"lazy\" decoding=\"async\" data-attachment-id=\"5801\" data-permalink=\"https:\/\/www.manquepierda.com\/futbolandia\/ben-arfa-su-ultima-oportunidad-y-su-niza-letal-enamoran-a-francia\/ben-arfa-niza\/\" data-orig-file=\"https:\/\/i0.wp.com\/www.manquepierda.com\/futbolandia\/files\/2015\/10\/Ben-Arfa-Niza.jpg?fit=647%2C340&amp;ssl=1\" data-orig-size=\"647,340\" data-comments-opened=\"1\" data-image-meta=\"{&quot;aperture&quot;:&quot;0&quot;,&quot;credit&quot;:&quot;&quot;,&quot;camera&quot;:&quot;&quot;,&quot;caption&quot;:&quot;&quot;,&quot;created_timestamp&quot;:&quot;0&quot;,&quot;copyright&quot;:&quot;&quot;,&quot;focal_length&quot;:&quot;0&quot;,&quot;iso&quot;:&quot;0&quot;,&quot;shutter_speed&quot;:&quot;0&quot;,&quot;title&quot;:&quot;&quot;,&quot;orientation&quot;:&quot;0&quot;}\" data-image-title=\"Ben Arfa Niza\" data-image-description=\"\" data-image-caption=\"&lt;p&gt;Foto: joe.co.uk&lt;\/p&gt;\n\" data-large-file=\"https:\/\/i0.wp.com\/www.manquepierda.com\/futbolandia\/files\/2015\/10\/Ben-Arfa-Niza.jpg?fit=647%2C340&amp;ssl=1\" class=\" wp-image-5801\" src=\"https:\/\/i0.wp.com\/www.manquepierda.com\/futbolandia\/files\/2015\/10\/Ben-Arfa-Niza.jpg?resize=521%2C274\" alt=\"Foto: joe.co.uk\" width=\"521\" height=\"274\" srcset=\"https:\/\/i0.wp.com\/www.manquepierda.com\/futbolandia\/files\/2015\/10\/Ben-Arfa-Niza.jpg?w=647&amp;ssl=1 647w, https:\/\/i0.wp.com\/www.manquepierda.com\/futbolandia\/files\/2015\/10\/Ben-Arfa-Niza.jpg?resize=300%2C158&amp;ssl=1 300w\" sizes=\"auto, (max-width: 521px) 100vw, 521px\" \/><\/a><figcaption id=\"caption-attachment-5801\" class=\"wp-caption-text\">Foto: joe.co.uk<\/figcaption><\/figure>\n<p><strong>No ser\u00eda justo comenzar este escrito hablando del Niza como la gran revelaci\u00f3n de la Ligue 1 porque no lo es<\/strong>. La liga en Francia est\u00e1 muy bonita en estos inicios porque clubes modestos como el reci\u00e9n ascendido Angers o el Caen, que ya el a\u00f1o pasado dej\u00f3 buenas pinceladas de f\u00fatbol est\u00e1n siendo aut\u00e9nticas revelaciones que nadie esperaba y que han entrado en la zona alta de la tabla desplazando a otros\u00a0como Olympique Lyonnais, AS M\u00f3naco u Olympique de Marseille. Sabiendo de antemano que el PSG es el rival a batir y probablemente acabe de nuevo levantando el t\u00edtulo de liga salvo sorpresa, en esta lucha por los puestos altos y por Europa, a\u00fan en estas fases iniciales de la liga, est\u00e1 lo bonito en el pa\u00eds galo.<\/p>\n<p>Y si por Caen y Angers se lo est\u00e1n pasando bien, no os queremos ni contar como lo est\u00e1n viviendo en Niza. Los de Claude Puel est\u00e1n a un nivel espectacular y lo que es mejor, dando espect\u00e1culo, que al fin y al cabo es de lo que se trata. <em>Las \u00e1guilas<\/em> ya son el equipo m\u00e1s goleador de la Ligue 1 y arrasan con todo cuanto les sale a su paso. <strong>En los cuatro \u00faltimos partidos de liga suma diecisiete goles a favor \u00a1una media de m\u00e1s de cuatro goles por partido!<\/strong><\/p>\n<p>Ya gole\u00f3 al Bordeaux por 6-1 y derrot\u00f3 en su propio estadio al Saint-Etienne por 1-4 en un partido que termin\u00f3 con dos futbolistas menos. Y siendo el ASSE uno de los clubes que mejor f\u00fatbol viene haciendo en este inicio en Francia. \u00bfPero cual es el secreto de este Niza? Sin duda un f\u00fatbol vertical, directo, lleno de velocidad, desequilibrio y gol, mucho gol. <strong>El equipo de Claude Puel es finalizador de jugadas y con espacios, a la contra, es letal. Y para ser letal, cuenta con una figura que ha recuperado para el f\u00fatbol, el d\u00edscolo pero genial Ben Arfa.<\/strong><\/p>\n<p>Antes de esta temporada cuando pens\u00e1bamos en Hatem Ben Arfa lo hac\u00edamos en su trayectoria, manchada de temas extradeportivos que de una u otra forma ha acabado marcando su carrera para mal. Como apareci\u00f3 en Lyon como un ni\u00f1o prodigio para el f\u00fatbol y como su personalidad fue cre\u00e1ndole problemas. Su enfrentamiento con Squillaci y su mala salida del O. Lyonnais hacia su m\u00e1ximo rival, el Olympique de Marsella. Tambi\u00e9n all\u00ed tuvo problemas con compa\u00f1eros de equipo. Se enfrent\u00f3 con Djibril Ciss\u00e9 y m\u00e1s tarde lo har\u00eda con M&#8217;Bami. <strong>Su fama de problem\u00e1tico acab\u00f3 eclipsando a su f\u00fatbol y su f\u00fatbol se acab\u00f3 resintiendo de su fama.<\/strong><\/p>\n<p>Se march\u00f3 a Inglaterra buscando en la Premier un cambio de aires. Newcastle fue su destino pero entre otras cosas, unas lesiones que no le permitieron encontrar continuidad acabaron torpedeando su estancia en el pa\u00eds brit\u00e1nico. Eso y de nuevo su marcado car\u00e1cter, como demostr\u00f3 con su enfrentamiento con Steve Bruce, t\u00e9cnico que sentenci\u00f3 y resumi\u00f3 su carrera con la frase <em>\u00abtiene un comportamiento que no le lleva a ning\u00fan sitio\u00bb<\/em>.<\/p>\n<p><strong>Diez a\u00f1os despu\u00e9s de su debut en Lyon, con una carrera m\u00e1s llena de sombras que luces, repleta de lesiones y enfrentamientos, Ben Arfa cierra el c\u00edrculo.<\/strong> Lo hizo este fin de semana, vistiendo la camiseta del equipo ante el que debut\u00f3 hace diez a\u00f1os, el Niza, y marcando al equipo frente al que jug\u00f3 su primer partido como titular,\u00a0el Rennes. Hoy Ben Arfa se siente feliz en Niza, ha vuelto a encontrarse con el f\u00fatbol, es la estrella de un equipo joven, valiente y descarado. Un equipo valiente, como \u00e9l. Un equipo que ahora enamora a Francia, y el franc\u00e9s de origen tunecino ya sue\u00f1a con la Eurocopa.<\/p>\n<p>Verlo jugar es un espect\u00e1culo. No lo estropees esta vez. Por si acaso, nosotros seguiremos disfrutando de este Niza y sus tsunamis goleadores que ya arrasan en Ligue 1. <strong>Hoy vuelve a ser ese ni\u00f1o genial que se destapaba, que sal\u00eda de lo com\u00fan y corriente, que te dejaba en la retina algo especial<\/strong> que te hac\u00eda pensar en lo bien invertido que estaba el dinero de tu entrada. Hoy ha vuelto y no queremos que se vaya hasta que la edad abra la puerta de salida.<\/p>\n","protected":false},"excerpt":{"rendered":"<p>No ser\u00eda justo comenzar este escrito hablando del Niza como la gran revelaci\u00f3n de la Ligue 1 porque no lo es. La liga en Francia est\u00e1 muy bonita en estos inicios porque clubes modestos como el reci\u00e9n ascendido Angers o el Caen, que ya el a\u00f1o pasado dej\u00f3 buenas pinceladas de f\u00fatbol est\u00e1n siendo aut\u00e9nticas&#8230;<\/p>\n","protected":false},"author":93,"featured_media":5800,"comment_status":"open","ping_status":"open","sticky":false,"template":"","format":"standard","meta":{"_kad_post_transparent":"","_kad_post_title":"","_kad_post_layout":"","_kad_post_sidebar_id":"","_kad_post_content_style":"","_kad_post_vertical_padding":"","_kad_post_feature":"","_kad_post_feature_position":"","_kad_post_header":false,"_kad_post_footer":false,"_kad_post_classname":"","_jetpack_memberships_contains_paid_content":false,"footnotes":"","jetpack_publicize_message":"","jetpack_publicize_feature_enabled":true,"jetpack_social_post_already_shared":true,"jetpack_social_options":{"image_generator_settings":{"template":"highway","default_image_id":0,"font":"","enabled":false},"version":2}},"categories":[1368,1392,10],"tags":[2081,2083,420,102,2082],"class_list":["post-5795","post","type-post","status-publish","format-standard","has-post-thumbnail","hentry","category-ligas-mundo","category-otras-ligas","category-portada","tag-ben-arfa","tag-claude-puel","tag-francia","tag-ligue-1","tag-niza"],"yoast_head":"<!-- This site is optimized with the Yoast SEO plugin v27.5 - https:\/\/yoast.com\/product\/yoast-seo-wordpress\/ -->\n<title>Ben Arfa, su \u00faltima oportunidad y su Niza letal enamoran a Francia &#8211; Futbolandia<\/title>\n<meta name=\"robots\" content=\"index, follow, max-snippet:-1, max-image-preview:large, max-video-preview:-1\" \/>\n<link rel=\"canonical\" href=\"https:\/\/www.manquepierda.com\/futbolandia\/ben-arfa-su-ultima-oportunidad-y-su-niza-letal-enamoran-a-francia\/\" \/>\n<meta property=\"og:locale\" content=\"es_ES\" \/>\n<meta property=\"og:type\" content=\"article\" \/>\n<meta property=\"og:title\" content=\"Ben Arfa, su \u00faltima oportunidad y su Niza letal enamoran a Francia &#8211; Futbolandia\" \/>\n<meta property=\"og:description\" content=\"No ser\u00eda justo comenzar este escrito hablando del Niza como la gran revelaci\u00f3n de la Ligue 1 porque no lo es. La liga en Francia est\u00e1 muy bonita en estos inicios porque clubes modestos como el reci\u00e9n ascendido Angers o el Caen, que ya el a\u00f1o pasado dej\u00f3 buenas pinceladas de f\u00fatbol est\u00e1n siendo aut\u00e9nticas...\" \/>\n<meta property=\"og:url\" content=\"https:\/\/www.manquepierda.com\/futbolandia\/ben-arfa-su-ultima-oportunidad-y-su-niza-letal-enamoran-a-francia\/\" \/>\n<meta property=\"og:site_name\" content=\"Futbolandia\" \/>\n<meta property=\"article:published_time\" content=\"2015-10-20T10:13:26+00:00\" \/>\n<meta property=\"article:modified_time\" content=\"2015-10-20T11:40:44+00:00\" \/>\n<meta property=\"og:image\" content=\"https:\/\/i0.wp.com\/www.manquepierda.com\/futbolandia\/files\/2015\/10\/Ben-Arfa.jpg?fit=1000%2C558&ssl=1\" \/>\n\t<meta property=\"og:image:width\" content=\"1000\" \/>\n\t<meta property=\"og:image:height\" content=\"558\" \/>\n\t<meta property=\"og:image:type\" content=\"image\/jpeg\" \/>\n<meta name=\"author\" content=\"Jorge M. Gonz\u00e1lez\" \/>\n<meta name=\"twitter:label1\" content=\"Escrito por\" \/>\n\t<meta name=\"twitter:data1\" content=\"Jorge M. Gonz\u00e1lez\" \/>\n\t<meta name=\"twitter:label2\" content=\"Tiempo de lectura\" \/>\n\t<meta name=\"twitter:data2\" content=\"4 minutos\" \/>\n<script type=\"application\/ld+json\" class=\"yoast-schema-graph\">{\"@context\":\"https:\\\/\\\/schema.org\",\"@graph\":[{\"@type\":\"Article\",\"@id\":\"https:\\\/\\\/www.manquepierda.com\\\/futbolandia\\\/ben-arfa-su-ultima-oportunidad-y-su-niza-letal-enamoran-a-francia\\\/#article\",\"isPartOf\":{\"@id\":\"https:\\\/\\\/www.manquepierda.com\\\/futbolandia\\\/ben-arfa-su-ultima-oportunidad-y-su-niza-letal-enamoran-a-francia\\\/\"},\"author\":{\"name\":\"Jorge M. Gonz\u00e1lez\",\"@id\":\"https:\\\/\\\/www.manquepierda.com\\\/futbolandia\\\/#\\\/schema\\\/person\\\/fdb4eabc3c2e0e717a790a4ce10cd2b3\"},\"headline\":\"Ben Arfa, su \u00faltima oportunidad y su Niza letal enamoran a Francia\",\"datePublished\":\"2015-10-20T10:13:26+00:00\",\"dateModified\":\"2015-10-20T11:40:44+00:00\",\"mainEntityOfPage\":{\"@id\":\"https:\\\/\\\/www.manquepierda.com\\\/futbolandia\\\/ben-arfa-su-ultima-oportunidad-y-su-niza-letal-enamoran-a-francia\\\/\"},\"wordCount\":773,\"commentCount\":0,\"image\":{\"@id\":\"https:\\\/\\\/www.manquepierda.com\\\/futbolandia\\\/ben-arfa-su-ultima-oportunidad-y-su-niza-letal-enamoran-a-francia\\\/#primaryimage\"},\"thumbnailUrl\":\"https:\\\/\\\/i0.wp.com\\\/www.manquepierda.com\\\/futbolandia\\\/files\\\/2015\\\/10\\\/Ben-Arfa.jpg?fit=1000%2C558&ssl=1\",\"keywords\":[\"ben arfa\",\"claude puel\",\"Francia\",\"Ligue 1\",\"niza\"],\"articleSection\":[\"Ligas del Mundo\",\"Otras ligas\",\"Portada\"],\"inLanguage\":\"es\",\"potentialAction\":[{\"@type\":\"CommentAction\",\"name\":\"Comment\",\"target\":[\"https:\\\/\\\/www.manquepierda.com\\\/futbolandia\\\/ben-arfa-su-ultima-oportunidad-y-su-niza-letal-enamoran-a-francia\\\/#respond\"]}]},{\"@type\":\"WebPage\",\"@id\":\"https:\\\/\\\/www.manquepierda.com\\\/futbolandia\\\/ben-arfa-su-ultima-oportunidad-y-su-niza-letal-enamoran-a-francia\\\/\",\"url\":\"https:\\\/\\\/www.manquepierda.com\\\/futbolandia\\\/ben-arfa-su-ultima-oportunidad-y-su-niza-letal-enamoran-a-francia\\\/\",\"name\":\"Ben Arfa, su \u00faltima oportunidad y su Niza letal enamoran a Francia &#8211; Futbolandia\",\"isPartOf\":{\"@id\":\"https:\\\/\\\/www.manquepierda.com\\\/futbolandia\\\/#website\"},\"primaryImageOfPage\":{\"@id\":\"https:\\\/\\\/www.manquepierda.com\\\/futbolandia\\\/ben-arfa-su-ultima-oportunidad-y-su-niza-letal-enamoran-a-francia\\\/#primaryimage\"},\"image\":{\"@id\":\"https:\\\/\\\/www.manquepierda.com\\\/futbolandia\\\/ben-arfa-su-ultima-oportunidad-y-su-niza-letal-enamoran-a-francia\\\/#primaryimage\"},\"thumbnailUrl\":\"https:\\\/\\\/i0.wp.com\\\/www.manquepierda.com\\\/futbolandia\\\/files\\\/2015\\\/10\\\/Ben-Arfa.jpg?fit=1000%2C558&ssl=1\",\"datePublished\":\"2015-10-20T10:13:26+00:00\",\"dateModified\":\"2015-10-20T11:40:44+00:00\",\"author\":{\"@id\":\"https:\\\/\\\/www.manquepierda.com\\\/futbolandia\\\/#\\\/schema\\\/person\\\/fdb4eabc3c2e0e717a790a4ce10cd2b3\"},\"breadcrumb\":{\"@id\":\"https:\\\/\\\/www.manquepierda.com\\\/futbolandia\\\/ben-arfa-su-ultima-oportunidad-y-su-niza-letal-enamoran-a-francia\\\/#breadcrumb\"},\"inLanguage\":\"es\",\"potentialAction\":[{\"@type\":\"ReadAction\",\"target\":[\"https:\\\/\\\/www.manquepierda.com\\\/futbolandia\\\/ben-arfa-su-ultima-oportunidad-y-su-niza-letal-enamoran-a-francia\\\/\"]}]},{\"@type\":\"ImageObject\",\"inLanguage\":\"es\",\"@id\":\"https:\\\/\\\/www.manquepierda.com\\\/futbolandia\\\/ben-arfa-su-ultima-oportunidad-y-su-niza-letal-enamoran-a-francia\\\/#primaryimage\",\"url\":\"https:\\\/\\\/i0.wp.com\\\/www.manquepierda.com\\\/futbolandia\\\/files\\\/2015\\\/10\\\/Ben-Arfa.jpg?fit=1000%2C558&ssl=1\",\"contentUrl\":\"https:\\\/\\\/i0.wp.com\\\/www.manquepierda.com\\\/futbolandia\\\/files\\\/2015\\\/10\\\/Ben-Arfa.jpg?fit=1000%2C558&ssl=1\",\"width\":1000,\"height\":558,\"caption\":\"Foto: francetvinfo.fr\"},{\"@type\":\"BreadcrumbList\",\"@id\":\"https:\\\/\\\/www.manquepierda.com\\\/futbolandia\\\/ben-arfa-su-ultima-oportunidad-y-su-niza-letal-enamoran-a-francia\\\/#breadcrumb\",\"itemListElement\":[{\"@type\":\"ListItem\",\"position\":1,\"name\":\"Portada\",\"item\":\"https:\\\/\\\/www.manquepierda.com\\\/futbolandia\\\/\"},{\"@type\":\"ListItem\",\"position\":2,\"name\":\"Ben Arfa, su \u00faltima oportunidad y su Niza letal enamoran a Francia\"}]},{\"@type\":\"WebSite\",\"@id\":\"https:\\\/\\\/www.manquepierda.com\\\/futbolandia\\\/#website\",\"url\":\"https:\\\/\\\/www.manquepierda.com\\\/futbolandia\\\/\",\"name\":\"Futbolandia\",\"description\":\"Reportajes e informaci\u00f3n sobre f\u00fatbol mundial y j\u00f3venes promesas\",\"potentialAction\":[{\"@type\":\"SearchAction\",\"target\":{\"@type\":\"EntryPoint\",\"urlTemplate\":\"https:\\\/\\\/www.manquepierda.com\\\/futbolandia\\\/?s={search_term_string}\"},\"query-input\":{\"@type\":\"PropertyValueSpecification\",\"valueRequired\":true,\"valueName\":\"search_term_string\"}}],\"inLanguage\":\"es\"},{\"@type\":\"Person\",\"@id\":\"https:\\\/\\\/www.manquepierda.com\\\/futbolandia\\\/#\\\/schema\\\/person\\\/fdb4eabc3c2e0e717a790a4ce10cd2b3\",\"name\":\"Jorge M. Gonz\u00e1lez\",\"image\":{\"@type\":\"ImageObject\",\"inLanguage\":\"es\",\"@id\":\"https:\\\/\\\/secure.gravatar.com\\\/avatar\\\/40fe62083e523c4134f75fb1d06ea73b4503d9162f3c6e89800e90f1bbd7f262?s=96&d=mm&r=g\",\"url\":\"https:\\\/\\\/secure.gravatar.com\\\/avatar\\\/40fe62083e523c4134f75fb1d06ea73b4503d9162f3c6e89800e90f1bbd7f262?s=96&d=mm&r=g\",\"contentUrl\":\"https:\\\/\\\/secure.gravatar.com\\\/avatar\\\/40fe62083e523c4134f75fb1d06ea73b4503d9162f3c6e89800e90f1bbd7f262?s=96&d=mm&r=g\",\"caption\":\"Jorge M. Gonz\u00e1lez\"},\"description\":\"Apasionado del f\u00fatbol internacional y Social Media Manager. Me gusta seguir ligas extranjeras y a las j\u00f3venes promesas de todo el mundo. S\u00edgueme en twitter para compartir afici\u00f3n: @jorgegonex\",\"sameAs\":[\"http:\\\/\\\/manquepierda.com\\\/\",\"https:\\\/\\\/x.com\\\/https:\\\/\\\/twitter.com\\\/jorgegonex\",\"https:\\\/\\\/www.youtube.com\\\/user\\\/FutbolandiaMQP\"],\"url\":\"https:\\\/\\\/www.manquepierda.com\\\/futbolandia\\\/author\\\/jorgegonzalez\\\/\"}]}<\/script>\n<!-- \/ Yoast SEO plugin. -->","yoast_head_json":{"title":"Ben Arfa, su \u00faltima oportunidad y su Niza letal enamoran a Francia &#8211; Futbolandia","robots":{"index":"index","follow":"follow","max-snippet":"max-snippet:-1","max-image-preview":"max-image-preview:large","max-video-preview":"max-video-preview:-1"},"canonical":"https:\/\/www.manquepierda.com\/futbolandia\/ben-arfa-su-ultima-oportunidad-y-su-niza-letal-enamoran-a-francia\/","og_locale":"es_ES","og_type":"article","og_title":"Ben Arfa, su \u00faltima oportunidad y su Niza letal enamoran a Francia &#8211; Futbolandia","og_description":"No ser\u00eda justo comenzar este escrito hablando del Niza como la gran revelaci\u00f3n de la Ligue 1 porque no lo es. La liga en Francia est\u00e1 muy bonita en estos inicios porque clubes modestos como el reci\u00e9n ascendido Angers o el Caen, que ya el a\u00f1o pasado dej\u00f3 buenas pinceladas de f\u00fatbol est\u00e1n siendo aut\u00e9nticas...","og_url":"https:\/\/www.manquepierda.com\/futbolandia\/ben-arfa-su-ultima-oportunidad-y-su-niza-letal-enamoran-a-francia\/","og_site_name":"Futbolandia","article_published_time":"2015-10-20T10:13:26+00:00","article_modified_time":"2015-10-20T11:40:44+00:00","og_image":[{"width":1000,"height":558,"url":"https:\/\/i0.wp.com\/www.manquepierda.com\/futbolandia\/files\/2015\/10\/Ben-Arfa.jpg?fit=1000%2C558&ssl=1","type":"image\/jpeg"}],"author":"Jorge M. Gonz\u00e1lez","twitter_misc":{"Escrito por":"Jorge M. Gonz\u00e1lez","Tiempo de lectura":"4 minutos"},"schema":{"@context":"https:\/\/schema.org","@graph":[{"@type":"Article","@id":"https:\/\/www.manquepierda.com\/futbolandia\/ben-arfa-su-ultima-oportunidad-y-su-niza-letal-enamoran-a-francia\/#article","isPartOf":{"@id":"https:\/\/www.manquepierda.com\/futbolandia\/ben-arfa-su-ultima-oportunidad-y-su-niza-letal-enamoran-a-francia\/"},"author":{"name":"Jorge M. Gonz\u00e1lez","@id":"https:\/\/www.manquepierda.com\/futbolandia\/#\/schema\/person\/fdb4eabc3c2e0e717a790a4ce10cd2b3"},"headline":"Ben Arfa, su \u00faltima oportunidad y su Niza letal enamoran a Francia","datePublished":"2015-10-20T10:13:26+00:00","dateModified":"2015-10-20T11:40:44+00:00","mainEntityOfPage":{"@id":"https:\/\/www.manquepierda.com\/futbolandia\/ben-arfa-su-ultima-oportunidad-y-su-niza-letal-enamoran-a-francia\/"},"wordCount":773,"commentCount":0,"image":{"@id":"https:\/\/www.manquepierda.com\/futbolandia\/ben-arfa-su-ultima-oportunidad-y-su-niza-letal-enamoran-a-francia\/#primaryimage"},"thumbnailUrl":"https:\/\/i0.wp.com\/www.manquepierda.com\/futbolandia\/files\/2015\/10\/Ben-Arfa.jpg?fit=1000%2C558&ssl=1","keywords":["ben arfa","claude puel","Francia","Ligue 1","niza"],"articleSection":["Ligas del Mundo","Otras ligas","Portada"],"inLanguage":"es","potentialAction":[{"@type":"CommentAction","name":"Comment","target":["https:\/\/www.manquepierda.com\/futbolandia\/ben-arfa-su-ultima-oportunidad-y-su-niza-letal-enamoran-a-francia\/#respond"]}]},{"@type":"WebPage","@id":"https:\/\/www.manquepierda.com\/futbolandia\/ben-arfa-su-ultima-oportunidad-y-su-niza-letal-enamoran-a-francia\/","url":"https:\/\/www.manquepierda.com\/futbolandia\/ben-arfa-su-ultima-oportunidad-y-su-niza-letal-enamoran-a-francia\/","name":"Ben Arfa, su \u00faltima oportunidad y su Niza letal enamoran a Francia &#8211; Futbolandia","isPartOf":{"@id":"https:\/\/www.manquepierda.com\/futbolandia\/#website"},"primaryImageOfPage":{"@id":"https:\/\/www.manquepierda.com\/futbolandia\/ben-arfa-su-ultima-oportunidad-y-su-niza-letal-enamoran-a-francia\/#primaryimage"},"image":{"@id":"https:\/\/www.manquepierda.com\/futbolandia\/ben-arfa-su-ultima-oportunidad-y-su-niza-letal-enamoran-a-francia\/#primaryimage"},"thumbnailUrl":"https:\/\/i0.wp.com\/www.manquepierda.com\/futbolandia\/files\/2015\/10\/Ben-Arfa.jpg?fit=1000%2C558&ssl=1","datePublished":"2015-10-20T10:13:26+00:00","dateModified":"2015-10-20T11:40:44+00:00","author":{"@id":"https:\/\/www.manquepierda.com\/futbolandia\/#\/schema\/person\/fdb4eabc3c2e0e717a790a4ce10cd2b3"},"breadcrumb":{"@id":"https:\/\/www.manquepierda.com\/futbolandia\/ben-arfa-su-ultima-oportunidad-y-su-niza-letal-enamoran-a-francia\/#breadcrumb"},"inLanguage":"es","potentialAction":[{"@type":"ReadAction","target":["https:\/\/www.manquepierda.com\/futbolandia\/ben-arfa-su-ultima-oportunidad-y-su-niza-letal-enamoran-a-francia\/"]}]},{"@type":"ImageObject","inLanguage":"es","@id":"https:\/\/www.manquepierda.com\/futbolandia\/ben-arfa-su-ultima-oportunidad-y-su-niza-letal-enamoran-a-francia\/#primaryimage","url":"https:\/\/i0.wp.com\/www.manquepierda.com\/futbolandia\/files\/2015\/10\/Ben-Arfa.jpg?fit=1000%2C558&ssl=1","contentUrl":"https:\/\/i0.wp.com\/www.manquepierda.com\/futbolandia\/files\/2015\/10\/Ben-Arfa.jpg?fit=1000%2C558&ssl=1","width":1000,"height":558,"caption":"Foto: francetvinfo.fr"},{"@type":"BreadcrumbList","@id":"https:\/\/www.manquepierda.com\/futbolandia\/ben-arfa-su-ultima-oportunidad-y-su-niza-letal-enamoran-a-francia\/#breadcrumb","itemListElement":[{"@type":"ListItem","position":1,"name":"Portada","item":"https:\/\/www.manquepierda.com\/futbolandia\/"},{"@type":"ListItem","position":2,"name":"Ben Arfa, su \u00faltima oportunidad y su Niza letal enamoran a Francia"}]},{"@type":"WebSite","@id":"https:\/\/www.manquepierda.com\/futbolandia\/#website","url":"https:\/\/www.manquepierda.com\/futbolandia\/","name":"Futbolandia","description":"Reportajes e informaci\u00f3n sobre f\u00fatbol mundial y j\u00f3venes promesas","potentialAction":[{"@type":"SearchAction","target":{"@type":"EntryPoint","urlTemplate":"https:\/\/www.manquepierda.com\/futbolandia\/?s={search_term_string}"},"query-input":{"@type":"PropertyValueSpecification","valueRequired":true,"valueName":"search_term_string"}}],"inLanguage":"es"},{"@type":"Person","@id":"https:\/\/www.manquepierda.com\/futbolandia\/#\/schema\/person\/fdb4eabc3c2e0e717a790a4ce10cd2b3","name":"Jorge M. Gonz\u00e1lez","image":{"@type":"ImageObject","inLanguage":"es","@id":"https:\/\/secure.gravatar.com\/avatar\/40fe62083e523c4134f75fb1d06ea73b4503d9162f3c6e89800e90f1bbd7f262?s=96&d=mm&r=g","url":"https:\/\/secure.gravatar.com\/avatar\/40fe62083e523c4134f75fb1d06ea73b4503d9162f3c6e89800e90f1bbd7f262?s=96&d=mm&r=g","contentUrl":"https:\/\/secure.gravatar.com\/avatar\/40fe62083e523c4134f75fb1d06ea73b4503d9162f3c6e89800e90f1bbd7f262?s=96&d=mm&r=g","caption":"Jorge M. Gonz\u00e1lez"},"description":"Apasionado del f\u00fatbol internacional y Social Media Manager. Me gusta seguir ligas extranjeras y a las j\u00f3venes promesas de todo el mundo. S\u00edgueme en twitter para compartir afici\u00f3n: @jorgegonex","sameAs":["http:\/\/manquepierda.com\/","https:\/\/x.com\/https:\/\/twitter.com\/jorgegonex","https:\/\/www.youtube.com\/user\/FutbolandiaMQP"],"url":"https:\/\/www.manquepierda.com\/futbolandia\/author\/jorgegonzalez\/"}]}},"jetpack_publicize_connections":[],"jetpack_featured_media_url":"https:\/\/i0.wp.com\/www.manquepierda.com\/futbolandia\/files\/2015\/10\/Ben-Arfa.jpg?fit=1000%2C558&ssl=1","jetpack_shortlink":"https:\/\/wp.me\/p1THIg-1vt","jetpack_sharing_enabled":true,"_links":{"self":[{"href":"https:\/\/www.manquepierda.com\/futbolandia\/wp-json\/wp\/v2\/posts\/5795","targetHints":{"allow":["GET"]}}],"collection":[{"href":"https:\/\/www.manquepierda.com\/futbolandia\/wp-json\/wp\/v2\/posts"}],"about":[{"href":"https:\/\/www.manquepierda.com\/futbolandia\/wp-json\/wp\/v2\/types\/post"}],"author":[{"embeddable":true,"href":"https:\/\/www.manquepierda.com\/futbolandia\/wp-json\/wp\/v2\/users\/93"}],"replies":[{"embeddable":true,"href":"https:\/\/www.manquepierda.com\/futbolandia\/wp-json\/wp\/v2\/comments?post=5795"}],"version-history":[{"count":0,"href":"https:\/\/www.manquepierda.com\/futbolandia\/wp-json\/wp\/v2\/posts\/5795\/revisions"}],"wp:featuredmedia":[{"embeddable":true,"href":"https:\/\/www.manquepierda.com\/futbolandia\/wp-json\/wp\/v2\/media\/5800"}],"wp:attachment":[{"href":"https:\/\/www.manquepierda.com\/futbolandia\/wp-json\/wp\/v2\/media?parent=5795"}],"wp:term":[{"taxonomy":"category","embeddable":true,"href":"https:\/\/www.manquepierda.com\/futbolandia\/wp-json\/wp\/v2\/categories?post=5795"},{"taxonomy":"post_tag","embeddable":true,"href":"https:\/\/www.manquepierda.com\/futbolandia\/wp-json\/wp\/v2\/tags?post=5795"}],"curies":[{"name":"wp","href":"https:\/\/api.w.org\/{rel}","templated":true}]}}