{"id":744,"date":"2012-02-11T16:48:53","date_gmt":"2012-02-11T14:48:53","guid":{"rendered":"http:\/\/www.manquepierda.com\/futbolandia\/?p=744"},"modified":"2013-07-07T19:06:39","modified_gmt":"2013-07-07T17:06:39","slug":"robin-van-persie-nuevo-caso-neymar-en-marca","status":"publish","type":"post","link":"https:\/\/www.manquepierda.com\/futbolandia\/robin-van-persie-nuevo-caso-neymar-en-marca\/","title":{"rendered":"Robin Van Persie: \u00bfNuevo Caso Neymar en Marca?"},"content":{"rendered":"<figure id=\"attachment_499\" aria-describedby=\"caption-attachment-499\" style=\"width: 561px\" class=\"wp-caption aligncenter\"><a href=\"https:\/\/i0.wp.com\/www.manquepierda.com\/futbolandia\/files\/2011\/10\/Van_Persie_destroza_Chelsea.jpg\"><img data-recalc-dims=\"1\" loading=\"lazy\" decoding=\"async\" data-attachment-id=\"499\" data-permalink=\"https:\/\/www.manquepierda.com\/futbolandia\/van_persie_destroza_chelsea\/\" data-orig-file=\"https:\/\/i0.wp.com\/www.manquepierda.com\/futbolandia\/files\/2011\/10\/Van_Persie_destroza_Chelsea.jpg?fit=995%2C666&amp;ssl=1\" data-orig-size=\"995,666\" data-comments-opened=\"1\" data-image-meta=\"{&quot;aperture&quot;:&quot;0&quot;,&quot;credit&quot;:&quot;&quot;,&quot;camera&quot;:&quot;&quot;,&quot;caption&quot;:&quot;&quot;,&quot;created_timestamp&quot;:&quot;0&quot;,&quot;copyright&quot;:&quot;&quot;,&quot;focal_length&quot;:&quot;0&quot;,&quot;iso&quot;:&quot;0&quot;,&quot;shutter_speed&quot;:&quot;0&quot;,&quot;title&quot;:&quot;&quot;}\" data-image-title=\"Van_Persie_destroza_Chelsea\" data-image-description=\"\" data-image-caption=\"&lt;p&gt;Foto: mirrorfootball.co.uk&lt;\/p&gt;\n\" data-large-file=\"https:\/\/i0.wp.com\/www.manquepierda.com\/futbolandia\/files\/2011\/10\/Van_Persie_destroza_Chelsea.jpg?fit=995%2C666&amp;ssl=1\" class=\" wp-image-499\" alt=\"\" src=\"https:\/\/i0.wp.com\/www.manquepierda.com\/futbolandia\/files\/2011\/10\/Van_Persie_destroza_Chelsea.jpg?resize=561%2C375\" width=\"561\" height=\"375\" srcset=\"https:\/\/i0.wp.com\/www.manquepierda.com\/futbolandia\/files\/2011\/10\/Van_Persie_destroza_Chelsea.jpg?w=995&amp;ssl=1 995w, https:\/\/i0.wp.com\/www.manquepierda.com\/futbolandia\/files\/2011\/10\/Van_Persie_destroza_Chelsea.jpg?resize=300%2C200&amp;ssl=1 300w\" sizes=\"auto, (max-width: 561px) 100vw, 561px\" \/><\/a><figcaption id=\"caption-attachment-499\" class=\"wp-caption-text\">Foto: mirrorfootball.co.uk<\/figcaption><\/figure>\n<p align=\"JUSTIFY\">\u00bfRecuerdan el verano que nos hizo pasar Marca con el brasile\u00f1o? Pero no solo fue el verano, no contento con esta tortura medi\u00e1tica durante esos meses volvieron a la carga con el tema en invierno, con menos fuerza eso si gracias al presidente del Santos, que zanjo los rumores con una millonaria renovaci\u00f3n Se sigui\u00f3 con exactitud cada actuaci\u00f3n del crack carioca, cada jugada, cada gol. Pero no solo en el campo, tambi\u00e9n sus apariciones fuera de ella, hasta fue noticia que llevase un pijama de Bob Esponja, lo que es periodismo puro y duro.<\/p>\n<p align=\"JUSTIFY\">Pero no solo ha sido Neymar, tambi\u00e9n ocurri\u00f3 con Cristiano Ronaldo, quiz\u00e1s estos dos sean los casos de cansineo mas sangrantes de la historia de Marca. Esta semana le toco el turno al holand\u00e9s Van Persie, uno de los mejores delanteros de la Premier League y que termina contrato en 2013, por lo que si no renueva con los \u201cgunners\u201d tendr\u00edan que venderlo en el mercado navide\u00f1o o abandonar\u00eda el conjunto dirigido por Arsene Wenger en junio de 2013 y sin que el Arsenal perciba ni un euro. Ni corto ni perezoso en Marca vieron el fil\u00f3n \u00bfPor que no otro caso Neymar o CR7?<\/p>\n<p align=\"JUSTIFY\">Lo primero que habia que hacer era hablar con el propio Van Persie, cuya respuesta fue clara: \u201cMe apetece mucho jugar en el Madrid\u201d, estas supuestas declaraciones personales abrieron la veda y a partir de ah\u00ed empez\u00f3 el asedio. En esta semana tambi\u00e9n se consiguieron las declaraciones del m\u00edster Arsene Wenger, seg\u00fan Marca esta \u201cmosca\u201d, nervioso, y no le gusta en absoluto lo publicado por el diario deportivo de la capital. Estamos a s\u00e1bado y el final de semana se acerca. \u00bfVeremos la semana que viene a la madre del crack holand\u00e9s suplicando que dejen ir a su hijo al Real Madrid? \u00bfSeria del Madrid desde peque\u00f1o?<\/p>\n<p align=\"JUSTIFY\">Todos estos rumores deber\u00edan ser silenciados con la \u00fanica declaraci\u00f3n que me creo hasta ahora de este asunto, la del propio Van Persie en su twitter. Esto dijo el holand\u00e9s hace 17 horas:<\/p>\n<p align=\"JUSTIFY\">\u201cContrary to reports in Spain I have NEVER spoken to Marca newspaper and never gave any interview. Enjoy your day \u201c<\/p>\n<p align=\"JUSTIFY\">( \u201cAl contrario de lo que dicen en Espa\u00f1a NUNCA he hablado con el diario Marca y nunca he dado ninguna entrevista. Disfrutad el d\u00eda\u201d ).<\/p>\n<p align=\"JUSTIFY\">\u00bfFin del debate? Con este articulo no digo que el se\u00f1or Robin Van Persie no vaya a vestir nunca la camiseta merengue, pero lo que esta claro es que la informaci\u00f3n es falsa y hay que decirlo, como lo dijo en su d\u00eda Pep Guardiola: \u201cMarca miente\u201d. Con estas falsas noticias utilizadas para vender peri\u00f3dicos \u00fanicamente lo \u00fanico que consiguen es que cada vez menos personas crean este tipo de noticias. \u00bfCreen que no habr\u00e1 gente que despu\u00e9s de esto no se crea la noticia si en el futuro Van Persie y Real Madrid negocian el traspaso? Curiosamente los medios catalanes tambi\u00e9n publicaron el inter\u00e9s del Bar\u00e7a por el holand\u00e9s, aunque de manera mas tibia. Veremos si en un futuro contamos con la presencia de este gran jugador, pero de momento todo invenciones.<\/p>\n<p align=\"JUSTIFY\">Adri\u00e1n Bedia<\/p>\n<p align=\"JUSTIFY\">@Abp1993<\/p>\n","protected":false},"excerpt":{"rendered":"<p>\u00bfRecuerdan el verano que nos hizo pasar Marca con el brasile\u00f1o? Pero no solo fue el verano, no contento con esta tortura medi\u00e1tica durante esos meses volvieron a la carga con el tema en invierno, con menos fuerza eso si gracias al presidente del Santos, que zanjo los rumores con una millonaria renovaci\u00f3n Se sigui\u00f3&#8230;<\/p>\n","protected":false},"author":100,"featured_media":499,"comment_status":"open","ping_status":"open","sticky":false,"template":"","format":"standard","meta":{"_kad_post_transparent":"","_kad_post_title":"","_kad_post_layout":"","_kad_post_sidebar_id":"","_kad_post_content_style":"","_kad_post_vertical_padding":"","_kad_post_feature":"","_kad_post_feature_position":"","_kad_post_header":false,"_kad_post_footer":false,"_kad_post_classname":"","_jetpack_memberships_contains_paid_content":false,"footnotes":"","jetpack_publicize_message":"","jetpack_publicize_feature_enabled":true,"jetpack_social_post_already_shared":false,"jetpack_social_options":{"image_generator_settings":{"template":"highway","default_image_id":0,"font":"","enabled":false},"version":2}},"categories":[7,10],"tags":[],"class_list":["post-744","post","type-post","status-publish","format-standard","has-post-thumbnail","hentry","category-opinion","category-portada"],"yoast_head":"<!-- This site is optimized with the Yoast SEO plugin v27.5 - https:\/\/yoast.com\/product\/yoast-seo-wordpress\/ -->\n<title>Robin Van Persie: \u00bfNuevo Caso Neymar en Marca? &#8211; Futbolandia<\/title>\n<meta name=\"robots\" content=\"index, follow, max-snippet:-1, max-image-preview:large, max-video-preview:-1\" \/>\n<link rel=\"canonical\" href=\"https:\/\/www.manquepierda.com\/futbolandia\/robin-van-persie-nuevo-caso-neymar-en-marca\/\" \/>\n<meta property=\"og:locale\" content=\"es_ES\" \/>\n<meta property=\"og:type\" content=\"article\" \/>\n<meta property=\"og:title\" content=\"Robin Van Persie: \u00bfNuevo Caso Neymar en Marca? &#8211; Futbolandia\" \/>\n<meta property=\"og:description\" content=\"\u00bfRecuerdan el verano que nos hizo pasar Marca con el brasile\u00f1o? Pero no solo fue el verano, no contento con esta tortura medi\u00e1tica durante esos meses volvieron a la carga con el tema en invierno, con menos fuerza eso si gracias al presidente del Santos, que zanjo los rumores con una millonaria renovaci\u00f3n Se sigui\u00f3...\" \/>\n<meta property=\"og:url\" content=\"https:\/\/www.manquepierda.com\/futbolandia\/robin-van-persie-nuevo-caso-neymar-en-marca\/\" \/>\n<meta property=\"og:site_name\" content=\"Futbolandia\" \/>\n<meta property=\"article:published_time\" content=\"2012-02-11T14:48:53+00:00\" \/>\n<meta property=\"article:modified_time\" content=\"2013-07-07T17:06:39+00:00\" \/>\n<meta property=\"og:image\" content=\"https:\/\/i2.wp.com\/www.manquepierda.com\/futbolandia\/files\/2011\/10\/Van_Persie_destroza_Chelsea.jpg?fit=995%2C666&ssl=1\" \/>\n\t<meta property=\"og:image:width\" content=\"995\" \/>\n\t<meta property=\"og:image:height\" content=\"666\" \/>\n\t<meta property=\"og:image:type\" content=\"image\/jpeg\" \/>\n<meta name=\"author\" content=\"Adri\u00e1n Bedia Puerto\" \/>\n<meta name=\"twitter:label1\" content=\"Escrito por\" \/>\n\t<meta name=\"twitter:data1\" content=\"Adri\u00e1n Bedia Puerto\" \/>\n\t<meta name=\"twitter:label2\" content=\"Tiempo de lectura\" \/>\n\t<meta name=\"twitter:data2\" content=\"3 minutos\" \/>\n<script type=\"application\/ld+json\" class=\"yoast-schema-graph\">{\"@context\":\"https:\\\/\\\/schema.org\",\"@graph\":[{\"@type\":\"Article\",\"@id\":\"https:\\\/\\\/www.manquepierda.com\\\/futbolandia\\\/robin-van-persie-nuevo-caso-neymar-en-marca\\\/#article\",\"isPartOf\":{\"@id\":\"https:\\\/\\\/www.manquepierda.com\\\/futbolandia\\\/robin-van-persie-nuevo-caso-neymar-en-marca\\\/\"},\"author\":{\"name\":\"Adri\u00e1n Bedia Puerto\",\"@id\":\"https:\\\/\\\/www.manquepierda.com\\\/futbolandia\\\/#\\\/schema\\\/person\\\/f2133132be9857df14a26e2f116bbe94\"},\"headline\":\"Robin Van Persie: \u00bfNuevo Caso Neymar en Marca?\",\"datePublished\":\"2012-02-11T14:48:53+00:00\",\"dateModified\":\"2013-07-07T17:06:39+00:00\",\"mainEntityOfPage\":{\"@id\":\"https:\\\/\\\/www.manquepierda.com\\\/futbolandia\\\/robin-van-persie-nuevo-caso-neymar-en-marca\\\/\"},\"wordCount\":569,\"commentCount\":0,\"image\":{\"@id\":\"https:\\\/\\\/www.manquepierda.com\\\/futbolandia\\\/robin-van-persie-nuevo-caso-neymar-en-marca\\\/#primaryimage\"},\"thumbnailUrl\":\"https:\\\/\\\/i0.wp.com\\\/www.manquepierda.com\\\/futbolandia\\\/files\\\/2011\\\/10\\\/Van_Persie_destroza_Chelsea.jpg?fit=995%2C666&ssl=1\",\"articleSection\":[\"Opini\u00f3n\",\"Portada\"],\"inLanguage\":\"es\",\"potentialAction\":[{\"@type\":\"CommentAction\",\"name\":\"Comment\",\"target\":[\"https:\\\/\\\/www.manquepierda.com\\\/futbolandia\\\/robin-van-persie-nuevo-caso-neymar-en-marca\\\/#respond\"]}]},{\"@type\":\"WebPage\",\"@id\":\"https:\\\/\\\/www.manquepierda.com\\\/futbolandia\\\/robin-van-persie-nuevo-caso-neymar-en-marca\\\/\",\"url\":\"https:\\\/\\\/www.manquepierda.com\\\/futbolandia\\\/robin-van-persie-nuevo-caso-neymar-en-marca\\\/\",\"name\":\"Robin Van Persie: \u00bfNuevo Caso Neymar en Marca? &#8211; Futbolandia\",\"isPartOf\":{\"@id\":\"https:\\\/\\\/www.manquepierda.com\\\/futbolandia\\\/#website\"},\"primaryImageOfPage\":{\"@id\":\"https:\\\/\\\/www.manquepierda.com\\\/futbolandia\\\/robin-van-persie-nuevo-caso-neymar-en-marca\\\/#primaryimage\"},\"image\":{\"@id\":\"https:\\\/\\\/www.manquepierda.com\\\/futbolandia\\\/robin-van-persie-nuevo-caso-neymar-en-marca\\\/#primaryimage\"},\"thumbnailUrl\":\"https:\\\/\\\/i0.wp.com\\\/www.manquepierda.com\\\/futbolandia\\\/files\\\/2011\\\/10\\\/Van_Persie_destroza_Chelsea.jpg?fit=995%2C666&ssl=1\",\"datePublished\":\"2012-02-11T14:48:53+00:00\",\"dateModified\":\"2013-07-07T17:06:39+00:00\",\"author\":{\"@id\":\"https:\\\/\\\/www.manquepierda.com\\\/futbolandia\\\/#\\\/schema\\\/person\\\/f2133132be9857df14a26e2f116bbe94\"},\"breadcrumb\":{\"@id\":\"https:\\\/\\\/www.manquepierda.com\\\/futbolandia\\\/robin-van-persie-nuevo-caso-neymar-en-marca\\\/#breadcrumb\"},\"inLanguage\":\"es\",\"potentialAction\":[{\"@type\":\"ReadAction\",\"target\":[\"https:\\\/\\\/www.manquepierda.com\\\/futbolandia\\\/robin-van-persie-nuevo-caso-neymar-en-marca\\\/\"]}]},{\"@type\":\"ImageObject\",\"inLanguage\":\"es\",\"@id\":\"https:\\\/\\\/www.manquepierda.com\\\/futbolandia\\\/robin-van-persie-nuevo-caso-neymar-en-marca\\\/#primaryimage\",\"url\":\"https:\\\/\\\/i0.wp.com\\\/www.manquepierda.com\\\/futbolandia\\\/files\\\/2011\\\/10\\\/Van_Persie_destroza_Chelsea.jpg?fit=995%2C666&ssl=1\",\"contentUrl\":\"https:\\\/\\\/i0.wp.com\\\/www.manquepierda.com\\\/futbolandia\\\/files\\\/2011\\\/10\\\/Van_Persie_destroza_Chelsea.jpg?fit=995%2C666&ssl=1\",\"width\":\"995\",\"height\":\"666\",\"caption\":\"Foto: mirrorfootball.co.uk\"},{\"@type\":\"BreadcrumbList\",\"@id\":\"https:\\\/\\\/www.manquepierda.com\\\/futbolandia\\\/robin-van-persie-nuevo-caso-neymar-en-marca\\\/#breadcrumb\",\"itemListElement\":[{\"@type\":\"ListItem\",\"position\":1,\"name\":\"Portada\",\"item\":\"https:\\\/\\\/www.manquepierda.com\\\/futbolandia\\\/\"},{\"@type\":\"ListItem\",\"position\":2,\"name\":\"Robin Van Persie: \u00bfNuevo Caso Neymar en Marca?\"}]},{\"@type\":\"WebSite\",\"@id\":\"https:\\\/\\\/www.manquepierda.com\\\/futbolandia\\\/#website\",\"url\":\"https:\\\/\\\/www.manquepierda.com\\\/futbolandia\\\/\",\"name\":\"Futbolandia\",\"description\":\"Reportajes e informaci\u00f3n sobre f\u00fatbol mundial y j\u00f3venes promesas\",\"potentialAction\":[{\"@type\":\"SearchAction\",\"target\":{\"@type\":\"EntryPoint\",\"urlTemplate\":\"https:\\\/\\\/www.manquepierda.com\\\/futbolandia\\\/?s={search_term_string}\"},\"query-input\":{\"@type\":\"PropertyValueSpecification\",\"valueRequired\":true,\"valueName\":\"search_term_string\"}}],\"inLanguage\":\"es\"},{\"@type\":\"Person\",\"@id\":\"https:\\\/\\\/www.manquepierda.com\\\/futbolandia\\\/#\\\/schema\\\/person\\\/f2133132be9857df14a26e2f116bbe94\",\"name\":\"Adri\u00e1n Bedia Puerto\",\"image\":{\"@type\":\"ImageObject\",\"inLanguage\":\"es\",\"@id\":\"https:\\\/\\\/secure.gravatar.com\\\/avatar\\\/dea43547063ac034552de9ba24b2ce5dd1cf7bf2de4f05263cfbf331d51d3c5c?s=96&d=mm&r=g\",\"url\":\"https:\\\/\\\/secure.gravatar.com\\\/avatar\\\/dea43547063ac034552de9ba24b2ce5dd1cf7bf2de4f05263cfbf331d51d3c5c?s=96&d=mm&r=g\",\"contentUrl\":\"https:\\\/\\\/secure.gravatar.com\\\/avatar\\\/dea43547063ac034552de9ba24b2ce5dd1cf7bf2de4f05263cfbf331d51d3c5c?s=96&d=mm&r=g\",\"caption\":\"Adri\u00e1n Bedia Puerto\"},\"sameAs\":[\"http:\\\/\\\/minimessisyzidanes.blogspot.com\",\"https:\\\/\\\/x.com\\\/http:\\\/\\\/twitter.com\\\/Abp1993\"],\"url\":\"https:\\\/\\\/www.manquepierda.com\\\/futbolandia\\\/author\\\/abp1993\\\/\"}]}<\/script>\n<!-- \/ Yoast SEO plugin. -->","yoast_head_json":{"title":"Robin Van Persie: \u00bfNuevo Caso Neymar en Marca? &#8211; Futbolandia","robots":{"index":"index","follow":"follow","max-snippet":"max-snippet:-1","max-image-preview":"max-image-preview:large","max-video-preview":"max-video-preview:-1"},"canonical":"https:\/\/www.manquepierda.com\/futbolandia\/robin-van-persie-nuevo-caso-neymar-en-marca\/","og_locale":"es_ES","og_type":"article","og_title":"Robin Van Persie: \u00bfNuevo Caso Neymar en Marca? &#8211; Futbolandia","og_description":"\u00bfRecuerdan el verano que nos hizo pasar Marca con el brasile\u00f1o? Pero no solo fue el verano, no contento con esta tortura medi\u00e1tica durante esos meses volvieron a la carga con el tema en invierno, con menos fuerza eso si gracias al presidente del Santos, que zanjo los rumores con una millonaria renovaci\u00f3n Se sigui\u00f3...","og_url":"https:\/\/www.manquepierda.com\/futbolandia\/robin-van-persie-nuevo-caso-neymar-en-marca\/","og_site_name":"Futbolandia","article_published_time":"2012-02-11T14:48:53+00:00","article_modified_time":"2013-07-07T17:06:39+00:00","og_image":[{"width":995,"height":666,"url":"https:\/\/i2.wp.com\/www.manquepierda.com\/futbolandia\/files\/2011\/10\/Van_Persie_destroza_Chelsea.jpg?fit=995%2C666&ssl=1","type":"image\/jpeg"}],"author":"Adri\u00e1n Bedia Puerto","twitter_misc":{"Escrito por":"Adri\u00e1n Bedia Puerto","Tiempo de lectura":"3 minutos"},"schema":{"@context":"https:\/\/schema.org","@graph":[{"@type":"Article","@id":"https:\/\/www.manquepierda.com\/futbolandia\/robin-van-persie-nuevo-caso-neymar-en-marca\/#article","isPartOf":{"@id":"https:\/\/www.manquepierda.com\/futbolandia\/robin-van-persie-nuevo-caso-neymar-en-marca\/"},"author":{"name":"Adri\u00e1n Bedia Puerto","@id":"https:\/\/www.manquepierda.com\/futbolandia\/#\/schema\/person\/f2133132be9857df14a26e2f116bbe94"},"headline":"Robin Van Persie: \u00bfNuevo Caso Neymar en Marca?","datePublished":"2012-02-11T14:48:53+00:00","dateModified":"2013-07-07T17:06:39+00:00","mainEntityOfPage":{"@id":"https:\/\/www.manquepierda.com\/futbolandia\/robin-van-persie-nuevo-caso-neymar-en-marca\/"},"wordCount":569,"commentCount":0,"image":{"@id":"https:\/\/www.manquepierda.com\/futbolandia\/robin-van-persie-nuevo-caso-neymar-en-marca\/#primaryimage"},"thumbnailUrl":"https:\/\/i0.wp.com\/www.manquepierda.com\/futbolandia\/files\/2011\/10\/Van_Persie_destroza_Chelsea.jpg?fit=995%2C666&ssl=1","articleSection":["Opini\u00f3n","Portada"],"inLanguage":"es","potentialAction":[{"@type":"CommentAction","name":"Comment","target":["https:\/\/www.manquepierda.com\/futbolandia\/robin-van-persie-nuevo-caso-neymar-en-marca\/#respond"]}]},{"@type":"WebPage","@id":"https:\/\/www.manquepierda.com\/futbolandia\/robin-van-persie-nuevo-caso-neymar-en-marca\/","url":"https:\/\/www.manquepierda.com\/futbolandia\/robin-van-persie-nuevo-caso-neymar-en-marca\/","name":"Robin Van Persie: \u00bfNuevo Caso Neymar en Marca? &#8211; Futbolandia","isPartOf":{"@id":"https:\/\/www.manquepierda.com\/futbolandia\/#website"},"primaryImageOfPage":{"@id":"https:\/\/www.manquepierda.com\/futbolandia\/robin-van-persie-nuevo-caso-neymar-en-marca\/#primaryimage"},"image":{"@id":"https:\/\/www.manquepierda.com\/futbolandia\/robin-van-persie-nuevo-caso-neymar-en-marca\/#primaryimage"},"thumbnailUrl":"https:\/\/i0.wp.com\/www.manquepierda.com\/futbolandia\/files\/2011\/10\/Van_Persie_destroza_Chelsea.jpg?fit=995%2C666&ssl=1","datePublished":"2012-02-11T14:48:53+00:00","dateModified":"2013-07-07T17:06:39+00:00","author":{"@id":"https:\/\/www.manquepierda.com\/futbolandia\/#\/schema\/person\/f2133132be9857df14a26e2f116bbe94"},"breadcrumb":{"@id":"https:\/\/www.manquepierda.com\/futbolandia\/robin-van-persie-nuevo-caso-neymar-en-marca\/#breadcrumb"},"inLanguage":"es","potentialAction":[{"@type":"ReadAction","target":["https:\/\/www.manquepierda.com\/futbolandia\/robin-van-persie-nuevo-caso-neymar-en-marca\/"]}]},{"@type":"ImageObject","inLanguage":"es","@id":"https:\/\/www.manquepierda.com\/futbolandia\/robin-van-persie-nuevo-caso-neymar-en-marca\/#primaryimage","url":"https:\/\/i0.wp.com\/www.manquepierda.com\/futbolandia\/files\/2011\/10\/Van_Persie_destroza_Chelsea.jpg?fit=995%2C666&ssl=1","contentUrl":"https:\/\/i0.wp.com\/www.manquepierda.com\/futbolandia\/files\/2011\/10\/Van_Persie_destroza_Chelsea.jpg?fit=995%2C666&ssl=1","width":"995","height":"666","caption":"Foto: mirrorfootball.co.uk"},{"@type":"BreadcrumbList","@id":"https:\/\/www.manquepierda.com\/futbolandia\/robin-van-persie-nuevo-caso-neymar-en-marca\/#breadcrumb","itemListElement":[{"@type":"ListItem","position":1,"name":"Portada","item":"https:\/\/www.manquepierda.com\/futbolandia\/"},{"@type":"ListItem","position":2,"name":"Robin Van Persie: \u00bfNuevo Caso Neymar en Marca?"}]},{"@type":"WebSite","@id":"https:\/\/www.manquepierda.com\/futbolandia\/#website","url":"https:\/\/www.manquepierda.com\/futbolandia\/","name":"Futbolandia","description":"Reportajes e informaci\u00f3n sobre f\u00fatbol mundial y j\u00f3venes promesas","potentialAction":[{"@type":"SearchAction","target":{"@type":"EntryPoint","urlTemplate":"https:\/\/www.manquepierda.com\/futbolandia\/?s={search_term_string}"},"query-input":{"@type":"PropertyValueSpecification","valueRequired":true,"valueName":"search_term_string"}}],"inLanguage":"es"},{"@type":"Person","@id":"https:\/\/www.manquepierda.com\/futbolandia\/#\/schema\/person\/f2133132be9857df14a26e2f116bbe94","name":"Adri\u00e1n Bedia Puerto","image":{"@type":"ImageObject","inLanguage":"es","@id":"https:\/\/secure.gravatar.com\/avatar\/dea43547063ac034552de9ba24b2ce5dd1cf7bf2de4f05263cfbf331d51d3c5c?s=96&d=mm&r=g","url":"https:\/\/secure.gravatar.com\/avatar\/dea43547063ac034552de9ba24b2ce5dd1cf7bf2de4f05263cfbf331d51d3c5c?s=96&d=mm&r=g","contentUrl":"https:\/\/secure.gravatar.com\/avatar\/dea43547063ac034552de9ba24b2ce5dd1cf7bf2de4f05263cfbf331d51d3c5c?s=96&d=mm&r=g","caption":"Adri\u00e1n Bedia Puerto"},"sameAs":["http:\/\/minimessisyzidanes.blogspot.com","https:\/\/x.com\/http:\/\/twitter.com\/Abp1993"],"url":"https:\/\/www.manquepierda.com\/futbolandia\/author\/abp1993\/"}]}},"jetpack_publicize_connections":[],"jetpack_featured_media_url":"https:\/\/i0.wp.com\/www.manquepierda.com\/futbolandia\/files\/2011\/10\/Van_Persie_destroza_Chelsea.jpg?fit=995%2C666&ssl=1","jetpack_shortlink":"https:\/\/wp.me\/p1THIg-c0","jetpack_sharing_enabled":true,"_links":{"self":[{"href":"https:\/\/www.manquepierda.com\/futbolandia\/wp-json\/wp\/v2\/posts\/744","targetHints":{"allow":["GET"]}}],"collection":[{"href":"https:\/\/www.manquepierda.com\/futbolandia\/wp-json\/wp\/v2\/posts"}],"about":[{"href":"https:\/\/www.manquepierda.com\/futbolandia\/wp-json\/wp\/v2\/types\/post"}],"author":[{"embeddable":true,"href":"https:\/\/www.manquepierda.com\/futbolandia\/wp-json\/wp\/v2\/users\/100"}],"replies":[{"embeddable":true,"href":"https:\/\/www.manquepierda.com\/futbolandia\/wp-json\/wp\/v2\/comments?post=744"}],"version-history":[{"count":0,"href":"https:\/\/www.manquepierda.com\/futbolandia\/wp-json\/wp\/v2\/posts\/744\/revisions"}],"wp:featuredmedia":[{"embeddable":true,"href":"https:\/\/www.manquepierda.com\/futbolandia\/wp-json\/wp\/v2\/media\/499"}],"wp:attachment":[{"href":"https:\/\/www.manquepierda.com\/futbolandia\/wp-json\/wp\/v2\/media?parent=744"}],"wp:term":[{"taxonomy":"category","embeddable":true,"href":"https:\/\/www.manquepierda.com\/futbolandia\/wp-json\/wp\/v2\/categories?post=744"},{"taxonomy":"post_tag","embeddable":true,"href":"https:\/\/www.manquepierda.com\/futbolandia\/wp-json\/wp\/v2\/tags?post=744"}],"curies":[{"name":"wp","href":"https:\/\/api.w.org\/{rel}","templated":true}]}}