{"id":894,"date":"2012-02-16T21:47:38","date_gmt":"2012-02-16T19:47:38","guid":{"rendered":"http:\/\/www.manquepierda.com\/futbolandia\/?p=894"},"modified":"2013-07-07T19:05:27","modified_gmt":"2013-07-07T17:05:27","slug":"liberte-egalite-egocentrique-por-adrian-bedia","status":"publish","type":"post","link":"https:\/\/www.manquepierda.com\/futbolandia\/liberte-egalite-egocentrique-por-adrian-bedia\/","title":{"rendered":"Libert\u00e9, egalit\u00e9, \u00e9gocentrique!"},"content":{"rendered":"<p align=\"JUSTIFY\">Este lunes el presidente del Sevilla F.C volv\u00eda a hacer de las suyas y, dando gala de su egocentrismo y obsesi\u00f3n por ser siempre el centro de atenci\u00f3n, se le ocurri\u00f3 una de sus ideas. Aprovechando todo el revuelo que han causado los gui\u00f1oles franceses a ra\u00edz del caso Contador. Los once jugadores del equipo del reci\u00e9n llegado Michel saltaban al c\u00e9sped de Anoeta con la indumentaria visitante, pero con un particular sponsor. En el pecho de todos los jugadores rezaba la frase \u00abLibert\u00e9, egalit\u00e9, superioridad !<\/p>\n<p align=\"JUSTIFY\">De los creadores del le\u00f3n y el rabo en Bilbao y los pepinos y el orgullo Andaluz llega una nueva entrega del show de Del Nido. Es listo, y sabe siempre como aprovechar los temas del momento o simplemente alguna declaraci\u00f3n para salir a la palestra y volver a estar en todos los focos. Es victima de un egocentrismo casi enfermizo. Ahora que ya no se esconde, y digno del otrora dictador b\u00e9tico Manuel Ruiz de Lopera, es jefe del estado sevillista y hace y deshace lo que quiere sin oposici\u00f3n. Que el equipo no juega a nada y no se acierta con los fichajes, renuevo a Monchi cinco a\u00f1os, que a Contador le han sancionado y los gui\u00f1oles se han burlado, entro al trapo sin venir a cuento con las camisetas. Los defensores a ultranza de Del Nido ver\u00e1n esta medida como muy buena, pero cada vez son mas sevillistas que ,ni les gusta su reciente gesti\u00f3n, ni le gusta este tipo de acciones.<\/p>\n<p>&nbsp;<\/p>\n<figure style=\"width: 567px\" class=\"wp-caption aligncenter\"><img data-recalc-dims=\"1\" loading=\"lazy\" decoding=\"async\" alt=\"\" src=\"https:\/\/i0.wp.com\/estaticos01.marca.com\/imagenes\/2011\/07\/13\/futbol\/equipos\/sevilla\/1310576284_extras_noticia_foton_7_2.jpg?resize=567%2C522\" width=\"567\" height=\"522\" \/><figcaption class=\"wp-caption-text\">Del Nido y los pepinos &#8211; Foto: Marca.com<\/figcaption><\/figure>\n<p align=\"JUSTIFY\">Vayamos un poco mas all\u00e1, como les sent\u00f3 a jugadores como Kanoute y sobre todo Escude, ponerse una camiseta que menospreciaba a su pa\u00eds, a toda Francia con ese mensaje. Estos gestos pueden parecer \u00ednfimos, pero molestan. Leyendo en twitter y en otras redes sociales he visto pocos comentarios positivos acerca de este tema, casi todos coinciden en que sobra. Es err\u00f3neo insultar a la totalidad de la poblaci\u00f3n francesa con ese lema por una decisi\u00f3n adoptada por un grupo de personas (TAS) y la posterior burla de los gui\u00f1oles. Personajes franceses con cierta relevancia como por ejemplo Alain Aflelou han censurado a estos \u00faltimos y ha decidido retirar sus anuncios de Canal + Francia. Como el habr\u00e1 personas, que aunque sean desconocidas, opinaran igual que el \u00f3ptico franc\u00e9s<\/p>\n<p>&nbsp;<\/p>\n<figure style=\"width: 591px\" class=\"wp-caption aligncenter\"><img data-recalc-dims=\"1\" loading=\"lazy\" decoding=\"async\" alt=\"\" src=\"https:\/\/i0.wp.com\/www.intereconomia.com\/sites\/default\/files\/imagecache\/ancho668\/39359\/cck_images\/camiseta-sevilla-camp-nou-orgullosos-de-ser-andalucia.jpg?resize=591%2C419\" width=\"591\" height=\"419\" \/><figcaption class=\"wp-caption-text\">Javi Varas mostrando la nueva idea de Del Nido &#8211; Foto: Intereconomia.com<\/figcaption><\/figure>\n<p align=\"JUSTIFY\">Es la costumbre de estar siempre en temas ajenos solo para buscar minutos en los medios. Con el tema de los pepinos y Alemania tambi\u00e9n lo aprovecho y estampo en la manga el lema \u00bb I love pepinos \u00ab, una iniciativa que no tenia sentido, ya que no es el f\u00fatbol el sitio adecuado para reivindicar este tipo de cosas. Tambi\u00e9n lo vimos en el Camp Nou con el lema \u00abOrgullosos de ser Andaluz\u00bb. El se\u00f1or Del Nido debe comprender que los Andaluces lo somos siempre, no solo cuando nos menosprecian o cuando su equipo se pone lemas pro-andalucistas. Siempre quiere su medallita, y aunque se lleve criticas siempre va a conseguir sus minutos en los medios, que es lo que en definitiva busca.<\/p>\n<p align=\"JUSTIFY\">Viendo la situaci\u00f3n en la que esta el actual presidente del Sevilla le convendr\u00eda estar callado y dedicarse a sus labores de presidente y a preparar los juicios que tiene pendientes, no en estas tonter\u00edas No sera la ultima vez que veamos este tipo de acciones \u00abMade in Del Nido\u00bb.<\/p>\n<p>&nbsp;<\/p>\n<p style=\"text-align: justify\">Adri\u00e1n Bedia Puerto<\/p>\n<p style=\"text-align: justify\">@Abp1993<\/p>\n<p align=\"JUSTIFY\">Es la costumbre de estar siempre en temas ajenos solo para buscar minutos en los medios. Con el tema de los pepinos y Alemania tambi\u00e9n lo aprovecho y estampo en la manga el lema \u00bb I love pepinos \u00ab, una iniciativa que no tenia sentido, ya que no es el f\u00fatbol el sitio adecuado para reivindicar este tipo de cosas. Tambi\u00e9n lo vimos en el Camp Nou con el lema \u00abOrgullosos de ser Andaluz\u00bb. El se\u00f1or Del Nido debe comprender que los Andaluces lo somos siempre, no solo cuando nos menosprecian o cuando su equipo se pone lemas pro-andalucistas. Siempre quiere su medallita, y aunque se lleve criticas siempre va a conseguir sus minutos en los medios, que es lo que en definitiva busca.<\/p>\n<p align=\"JUSTIFY\">Viendo la situaci\u00f3n en la que esta el actual presidente del Sevilla le convendr\u00eda estar callado y dedicarse a sus labores de presidente y a preparar los juicios que tiene pendientes, no en estas tonter\u00edas No sera la ultima vez que veamos este tipo de acciones \u00abMade in Del Nido\u00bb.<\/p>\n","protected":false},"excerpt":{"rendered":"<p>Este lunes el presidente del Sevilla F.C volv\u00eda a hacer de las suyas y, dando gala de su egocentrismo y obsesi\u00f3n por ser siempre el centro de atenci\u00f3n, se le ocurri\u00f3 una de sus ideas. Aprovechando todo el revuelo que han causado los gui\u00f1oles franceses a ra\u00edz del caso Contador. Los once jugadores del equipo&#8230;<\/p>\n","protected":false},"author":100,"featured_media":895,"comment_status":"open","ping_status":"open","sticky":false,"template":"","format":"standard","meta":{"_kad_post_transparent":"","_kad_post_title":"","_kad_post_layout":"","_kad_post_sidebar_id":"","_kad_post_content_style":"","_kad_post_vertical_padding":"","_kad_post_feature":"","_kad_post_feature_position":"","_kad_post_header":false,"_kad_post_footer":false,"_kad_post_classname":"","_jetpack_memberships_contains_paid_content":false,"footnotes":"","jetpack_publicize_message":"","jetpack_publicize_feature_enabled":true,"jetpack_social_post_already_shared":false,"jetpack_social_options":{"image_generator_settings":{"template":"highway","default_image_id":0,"font":"","enabled":false},"version":2}},"categories":[7,10],"tags":[458,456,457,455],"class_list":["post-894","post","type-post","status-publish","format-standard","has-post-thumbnail","hentry","category-opinion","category-portada","tag-camiseta","tag-del","tag-nido","tag-opinion-2"],"yoast_head":"<!-- This site is optimized with the Yoast SEO plugin v27.5 - https:\/\/yoast.com\/product\/yoast-seo-wordpress\/ -->\n<title>Libert\u00e9, egalit\u00e9, \u00e9gocentrique! &#8211; Futbolandia<\/title>\n<meta name=\"robots\" content=\"index, follow, max-snippet:-1, max-image-preview:large, max-video-preview:-1\" \/>\n<link rel=\"canonical\" href=\"https:\/\/www.manquepierda.com\/futbolandia\/liberte-egalite-egocentrique-por-adrian-bedia\/\" \/>\n<meta property=\"og:locale\" content=\"es_ES\" \/>\n<meta property=\"og:type\" content=\"article\" \/>\n<meta property=\"og:title\" content=\"Libert\u00e9, egalit\u00e9, \u00e9gocentrique! &#8211; Futbolandia\" \/>\n<meta property=\"og:description\" content=\"Este lunes el presidente del Sevilla F.C volv\u00eda a hacer de las suyas y, dando gala de su egocentrismo y obsesi\u00f3n por ser siempre el centro de atenci\u00f3n, se le ocurri\u00f3 una de sus ideas. Aprovechando todo el revuelo que han causado los gui\u00f1oles franceses a ra\u00edz del caso Contador. Los once jugadores del equipo...\" \/>\n<meta property=\"og:url\" content=\"https:\/\/www.manquepierda.com\/futbolandia\/liberte-egalite-egocentrique-por-adrian-bedia\/\" \/>\n<meta property=\"og:site_name\" content=\"Futbolandia\" \/>\n<meta property=\"article:published_time\" content=\"2012-02-16T19:47:38+00:00\" \/>\n<meta property=\"article:modified_time\" content=\"2013-07-07T17:05:27+00:00\" \/>\n<meta property=\"og:image\" content=\"https:\/\/i2.wp.com\/www.manquepierda.com\/futbolandia\/files\/2012\/02\/Egalite-Fraternite-superiorida_54253717034_54115221152_960_640.jpg?fit=959%2C640&ssl=1\" \/>\n\t<meta property=\"og:image:width\" content=\"959\" \/>\n\t<meta property=\"og:image:height\" content=\"640\" \/>\n\t<meta property=\"og:image:type\" content=\"image\/jpeg\" \/>\n<meta name=\"author\" content=\"Adri\u00e1n Bedia Puerto\" \/>\n<meta name=\"twitter:label1\" content=\"Escrito por\" \/>\n\t<meta name=\"twitter:data1\" content=\"Adri\u00e1n Bedia Puerto\" \/>\n\t<meta name=\"twitter:label2\" content=\"Tiempo de lectura\" \/>\n\t<meta name=\"twitter:data2\" content=\"4 minutos\" \/>\n<script type=\"application\/ld+json\" class=\"yoast-schema-graph\">{\"@context\":\"https:\\\/\\\/schema.org\",\"@graph\":[{\"@type\":\"Article\",\"@id\":\"https:\\\/\\\/www.manquepierda.com\\\/futbolandia\\\/liberte-egalite-egocentrique-por-adrian-bedia\\\/#article\",\"isPartOf\":{\"@id\":\"https:\\\/\\\/www.manquepierda.com\\\/futbolandia\\\/liberte-egalite-egocentrique-por-adrian-bedia\\\/\"},\"author\":{\"name\":\"Adri\u00e1n Bedia Puerto\",\"@id\":\"https:\\\/\\\/www.manquepierda.com\\\/futbolandia\\\/#\\\/schema\\\/person\\\/f2133132be9857df14a26e2f116bbe94\"},\"headline\":\"Libert\u00e9, egalit\u00e9, \u00e9gocentrique!\",\"datePublished\":\"2012-02-16T19:47:38+00:00\",\"dateModified\":\"2013-07-07T17:05:27+00:00\",\"mainEntityOfPage\":{\"@id\":\"https:\\\/\\\/www.manquepierda.com\\\/futbolandia\\\/liberte-egalite-egocentrique-por-adrian-bedia\\\/\"},\"wordCount\":804,\"commentCount\":0,\"image\":{\"@id\":\"https:\\\/\\\/www.manquepierda.com\\\/futbolandia\\\/liberte-egalite-egocentrique-por-adrian-bedia\\\/#primaryimage\"},\"thumbnailUrl\":\"https:\\\/\\\/i0.wp.com\\\/www.manquepierda.com\\\/futbolandia\\\/files\\\/2012\\\/02\\\/Egalite-Fraternite-superiorida_54253717034_54115221152_960_640.jpg?fit=959%2C640&ssl=1\",\"keywords\":[\"Camiseta\",\"Del\",\"Nido\",\"Opinion\"],\"articleSection\":[\"Opini\u00f3n\",\"Portada\"],\"inLanguage\":\"es\",\"potentialAction\":[{\"@type\":\"CommentAction\",\"name\":\"Comment\",\"target\":[\"https:\\\/\\\/www.manquepierda.com\\\/futbolandia\\\/liberte-egalite-egocentrique-por-adrian-bedia\\\/#respond\"]}]},{\"@type\":\"WebPage\",\"@id\":\"https:\\\/\\\/www.manquepierda.com\\\/futbolandia\\\/liberte-egalite-egocentrique-por-adrian-bedia\\\/\",\"url\":\"https:\\\/\\\/www.manquepierda.com\\\/futbolandia\\\/liberte-egalite-egocentrique-por-adrian-bedia\\\/\",\"name\":\"Libert\u00e9, egalit\u00e9, \u00e9gocentrique! &#8211; Futbolandia\",\"isPartOf\":{\"@id\":\"https:\\\/\\\/www.manquepierda.com\\\/futbolandia\\\/#website\"},\"primaryImageOfPage\":{\"@id\":\"https:\\\/\\\/www.manquepierda.com\\\/futbolandia\\\/liberte-egalite-egocentrique-por-adrian-bedia\\\/#primaryimage\"},\"image\":{\"@id\":\"https:\\\/\\\/www.manquepierda.com\\\/futbolandia\\\/liberte-egalite-egocentrique-por-adrian-bedia\\\/#primaryimage\"},\"thumbnailUrl\":\"https:\\\/\\\/i0.wp.com\\\/www.manquepierda.com\\\/futbolandia\\\/files\\\/2012\\\/02\\\/Egalite-Fraternite-superiorida_54253717034_54115221152_960_640.jpg?fit=959%2C640&ssl=1\",\"datePublished\":\"2012-02-16T19:47:38+00:00\",\"dateModified\":\"2013-07-07T17:05:27+00:00\",\"author\":{\"@id\":\"https:\\\/\\\/www.manquepierda.com\\\/futbolandia\\\/#\\\/schema\\\/person\\\/f2133132be9857df14a26e2f116bbe94\"},\"breadcrumb\":{\"@id\":\"https:\\\/\\\/www.manquepierda.com\\\/futbolandia\\\/liberte-egalite-egocentrique-por-adrian-bedia\\\/#breadcrumb\"},\"inLanguage\":\"es\",\"potentialAction\":[{\"@type\":\"ReadAction\",\"target\":[\"https:\\\/\\\/www.manquepierda.com\\\/futbolandia\\\/liberte-egalite-egocentrique-por-adrian-bedia\\\/\"]}]},{\"@type\":\"ImageObject\",\"inLanguage\":\"es\",\"@id\":\"https:\\\/\\\/www.manquepierda.com\\\/futbolandia\\\/liberte-egalite-egocentrique-por-adrian-bedia\\\/#primaryimage\",\"url\":\"https:\\\/\\\/i0.wp.com\\\/www.manquepierda.com\\\/futbolandia\\\/files\\\/2012\\\/02\\\/Egalite-Fraternite-superiorida_54253717034_54115221152_960_640.jpg?fit=959%2C640&ssl=1\",\"contentUrl\":\"https:\\\/\\\/i0.wp.com\\\/www.manquepierda.com\\\/futbolandia\\\/files\\\/2012\\\/02\\\/Egalite-Fraternite-superiorida_54253717034_54115221152_960_640.jpg?fit=959%2C640&ssl=1\",\"width\":\"959\",\"height\":\"640\"},{\"@type\":\"BreadcrumbList\",\"@id\":\"https:\\\/\\\/www.manquepierda.com\\\/futbolandia\\\/liberte-egalite-egocentrique-por-adrian-bedia\\\/#breadcrumb\",\"itemListElement\":[{\"@type\":\"ListItem\",\"position\":1,\"name\":\"Portada\",\"item\":\"https:\\\/\\\/www.manquepierda.com\\\/futbolandia\\\/\"},{\"@type\":\"ListItem\",\"position\":2,\"name\":\"Libert\u00e9, egalit\u00e9, \u00e9gocentrique!\"}]},{\"@type\":\"WebSite\",\"@id\":\"https:\\\/\\\/www.manquepierda.com\\\/futbolandia\\\/#website\",\"url\":\"https:\\\/\\\/www.manquepierda.com\\\/futbolandia\\\/\",\"name\":\"Futbolandia\",\"description\":\"Reportajes e informaci\u00f3n sobre f\u00fatbol mundial y j\u00f3venes promesas\",\"potentialAction\":[{\"@type\":\"SearchAction\",\"target\":{\"@type\":\"EntryPoint\",\"urlTemplate\":\"https:\\\/\\\/www.manquepierda.com\\\/futbolandia\\\/?s={search_term_string}\"},\"query-input\":{\"@type\":\"PropertyValueSpecification\",\"valueRequired\":true,\"valueName\":\"search_term_string\"}}],\"inLanguage\":\"es\"},{\"@type\":\"Person\",\"@id\":\"https:\\\/\\\/www.manquepierda.com\\\/futbolandia\\\/#\\\/schema\\\/person\\\/f2133132be9857df14a26e2f116bbe94\",\"name\":\"Adri\u00e1n Bedia Puerto\",\"image\":{\"@type\":\"ImageObject\",\"inLanguage\":\"es\",\"@id\":\"https:\\\/\\\/secure.gravatar.com\\\/avatar\\\/dea43547063ac034552de9ba24b2ce5dd1cf7bf2de4f05263cfbf331d51d3c5c?s=96&d=mm&r=g\",\"url\":\"https:\\\/\\\/secure.gravatar.com\\\/avatar\\\/dea43547063ac034552de9ba24b2ce5dd1cf7bf2de4f05263cfbf331d51d3c5c?s=96&d=mm&r=g\",\"contentUrl\":\"https:\\\/\\\/secure.gravatar.com\\\/avatar\\\/dea43547063ac034552de9ba24b2ce5dd1cf7bf2de4f05263cfbf331d51d3c5c?s=96&d=mm&r=g\",\"caption\":\"Adri\u00e1n Bedia Puerto\"},\"sameAs\":[\"http:\\\/\\\/minimessisyzidanes.blogspot.com\",\"https:\\\/\\\/x.com\\\/http:\\\/\\\/twitter.com\\\/Abp1993\"],\"url\":\"https:\\\/\\\/www.manquepierda.com\\\/futbolandia\\\/author\\\/abp1993\\\/\"}]}<\/script>\n<!-- \/ Yoast SEO plugin. -->","yoast_head_json":{"title":"Libert\u00e9, egalit\u00e9, \u00e9gocentrique! &#8211; Futbolandia","robots":{"index":"index","follow":"follow","max-snippet":"max-snippet:-1","max-image-preview":"max-image-preview:large","max-video-preview":"max-video-preview:-1"},"canonical":"https:\/\/www.manquepierda.com\/futbolandia\/liberte-egalite-egocentrique-por-adrian-bedia\/","og_locale":"es_ES","og_type":"article","og_title":"Libert\u00e9, egalit\u00e9, \u00e9gocentrique! &#8211; Futbolandia","og_description":"Este lunes el presidente del Sevilla F.C volv\u00eda a hacer de las suyas y, dando gala de su egocentrismo y obsesi\u00f3n por ser siempre el centro de atenci\u00f3n, se le ocurri\u00f3 una de sus ideas. Aprovechando todo el revuelo que han causado los gui\u00f1oles franceses a ra\u00edz del caso Contador. Los once jugadores del equipo...","og_url":"https:\/\/www.manquepierda.com\/futbolandia\/liberte-egalite-egocentrique-por-adrian-bedia\/","og_site_name":"Futbolandia","article_published_time":"2012-02-16T19:47:38+00:00","article_modified_time":"2013-07-07T17:05:27+00:00","og_image":[{"width":959,"height":640,"url":"https:\/\/i2.wp.com\/www.manquepierda.com\/futbolandia\/files\/2012\/02\/Egalite-Fraternite-superiorida_54253717034_54115221152_960_640.jpg?fit=959%2C640&ssl=1","type":"image\/jpeg"}],"author":"Adri\u00e1n Bedia Puerto","twitter_misc":{"Escrito por":"Adri\u00e1n Bedia Puerto","Tiempo de lectura":"4 minutos"},"schema":{"@context":"https:\/\/schema.org","@graph":[{"@type":"Article","@id":"https:\/\/www.manquepierda.com\/futbolandia\/liberte-egalite-egocentrique-por-adrian-bedia\/#article","isPartOf":{"@id":"https:\/\/www.manquepierda.com\/futbolandia\/liberte-egalite-egocentrique-por-adrian-bedia\/"},"author":{"name":"Adri\u00e1n Bedia Puerto","@id":"https:\/\/www.manquepierda.com\/futbolandia\/#\/schema\/person\/f2133132be9857df14a26e2f116bbe94"},"headline":"Libert\u00e9, egalit\u00e9, \u00e9gocentrique!","datePublished":"2012-02-16T19:47:38+00:00","dateModified":"2013-07-07T17:05:27+00:00","mainEntityOfPage":{"@id":"https:\/\/www.manquepierda.com\/futbolandia\/liberte-egalite-egocentrique-por-adrian-bedia\/"},"wordCount":804,"commentCount":0,"image":{"@id":"https:\/\/www.manquepierda.com\/futbolandia\/liberte-egalite-egocentrique-por-adrian-bedia\/#primaryimage"},"thumbnailUrl":"https:\/\/i0.wp.com\/www.manquepierda.com\/futbolandia\/files\/2012\/02\/Egalite-Fraternite-superiorida_54253717034_54115221152_960_640.jpg?fit=959%2C640&ssl=1","keywords":["Camiseta","Del","Nido","Opinion"],"articleSection":["Opini\u00f3n","Portada"],"inLanguage":"es","potentialAction":[{"@type":"CommentAction","name":"Comment","target":["https:\/\/www.manquepierda.com\/futbolandia\/liberte-egalite-egocentrique-por-adrian-bedia\/#respond"]}]},{"@type":"WebPage","@id":"https:\/\/www.manquepierda.com\/futbolandia\/liberte-egalite-egocentrique-por-adrian-bedia\/","url":"https:\/\/www.manquepierda.com\/futbolandia\/liberte-egalite-egocentrique-por-adrian-bedia\/","name":"Libert\u00e9, egalit\u00e9, \u00e9gocentrique! &#8211; Futbolandia","isPartOf":{"@id":"https:\/\/www.manquepierda.com\/futbolandia\/#website"},"primaryImageOfPage":{"@id":"https:\/\/www.manquepierda.com\/futbolandia\/liberte-egalite-egocentrique-por-adrian-bedia\/#primaryimage"},"image":{"@id":"https:\/\/www.manquepierda.com\/futbolandia\/liberte-egalite-egocentrique-por-adrian-bedia\/#primaryimage"},"thumbnailUrl":"https:\/\/i0.wp.com\/www.manquepierda.com\/futbolandia\/files\/2012\/02\/Egalite-Fraternite-superiorida_54253717034_54115221152_960_640.jpg?fit=959%2C640&ssl=1","datePublished":"2012-02-16T19:47:38+00:00","dateModified":"2013-07-07T17:05:27+00:00","author":{"@id":"https:\/\/www.manquepierda.com\/futbolandia\/#\/schema\/person\/f2133132be9857df14a26e2f116bbe94"},"breadcrumb":{"@id":"https:\/\/www.manquepierda.com\/futbolandia\/liberte-egalite-egocentrique-por-adrian-bedia\/#breadcrumb"},"inLanguage":"es","potentialAction":[{"@type":"ReadAction","target":["https:\/\/www.manquepierda.com\/futbolandia\/liberte-egalite-egocentrique-por-adrian-bedia\/"]}]},{"@type":"ImageObject","inLanguage":"es","@id":"https:\/\/www.manquepierda.com\/futbolandia\/liberte-egalite-egocentrique-por-adrian-bedia\/#primaryimage","url":"https:\/\/i0.wp.com\/www.manquepierda.com\/futbolandia\/files\/2012\/02\/Egalite-Fraternite-superiorida_54253717034_54115221152_960_640.jpg?fit=959%2C640&ssl=1","contentUrl":"https:\/\/i0.wp.com\/www.manquepierda.com\/futbolandia\/files\/2012\/02\/Egalite-Fraternite-superiorida_54253717034_54115221152_960_640.jpg?fit=959%2C640&ssl=1","width":"959","height":"640"},{"@type":"BreadcrumbList","@id":"https:\/\/www.manquepierda.com\/futbolandia\/liberte-egalite-egocentrique-por-adrian-bedia\/#breadcrumb","itemListElement":[{"@type":"ListItem","position":1,"name":"Portada","item":"https:\/\/www.manquepierda.com\/futbolandia\/"},{"@type":"ListItem","position":2,"name":"Libert\u00e9, egalit\u00e9, \u00e9gocentrique!"}]},{"@type":"WebSite","@id":"https:\/\/www.manquepierda.com\/futbolandia\/#website","url":"https:\/\/www.manquepierda.com\/futbolandia\/","name":"Futbolandia","description":"Reportajes e informaci\u00f3n sobre f\u00fatbol mundial y j\u00f3venes promesas","potentialAction":[{"@type":"SearchAction","target":{"@type":"EntryPoint","urlTemplate":"https:\/\/www.manquepierda.com\/futbolandia\/?s={search_term_string}"},"query-input":{"@type":"PropertyValueSpecification","valueRequired":true,"valueName":"search_term_string"}}],"inLanguage":"es"},{"@type":"Person","@id":"https:\/\/www.manquepierda.com\/futbolandia\/#\/schema\/person\/f2133132be9857df14a26e2f116bbe94","name":"Adri\u00e1n Bedia Puerto","image":{"@type":"ImageObject","inLanguage":"es","@id":"https:\/\/secure.gravatar.com\/avatar\/dea43547063ac034552de9ba24b2ce5dd1cf7bf2de4f05263cfbf331d51d3c5c?s=96&d=mm&r=g","url":"https:\/\/secure.gravatar.com\/avatar\/dea43547063ac034552de9ba24b2ce5dd1cf7bf2de4f05263cfbf331d51d3c5c?s=96&d=mm&r=g","contentUrl":"https:\/\/secure.gravatar.com\/avatar\/dea43547063ac034552de9ba24b2ce5dd1cf7bf2de4f05263cfbf331d51d3c5c?s=96&d=mm&r=g","caption":"Adri\u00e1n Bedia Puerto"},"sameAs":["http:\/\/minimessisyzidanes.blogspot.com","https:\/\/x.com\/http:\/\/twitter.com\/Abp1993"],"url":"https:\/\/www.manquepierda.com\/futbolandia\/author\/abp1993\/"}]}},"jetpack_publicize_connections":[],"jetpack_featured_media_url":"https:\/\/i0.wp.com\/www.manquepierda.com\/futbolandia\/files\/2012\/02\/Egalite-Fraternite-superiorida_54253717034_54115221152_960_640.jpg?fit=959%2C640&ssl=1","jetpack_shortlink":"https:\/\/wp.me\/p1THIg-eq","jetpack_sharing_enabled":true,"_links":{"self":[{"href":"https:\/\/www.manquepierda.com\/futbolandia\/wp-json\/wp\/v2\/posts\/894","targetHints":{"allow":["GET"]}}],"collection":[{"href":"https:\/\/www.manquepierda.com\/futbolandia\/wp-json\/wp\/v2\/posts"}],"about":[{"href":"https:\/\/www.manquepierda.com\/futbolandia\/wp-json\/wp\/v2\/types\/post"}],"author":[{"embeddable":true,"href":"https:\/\/www.manquepierda.com\/futbolandia\/wp-json\/wp\/v2\/users\/100"}],"replies":[{"embeddable":true,"href":"https:\/\/www.manquepierda.com\/futbolandia\/wp-json\/wp\/v2\/comments?post=894"}],"version-history":[{"count":0,"href":"https:\/\/www.manquepierda.com\/futbolandia\/wp-json\/wp\/v2\/posts\/894\/revisions"}],"wp:featuredmedia":[{"embeddable":true,"href":"https:\/\/www.manquepierda.com\/futbolandia\/wp-json\/wp\/v2\/media\/895"}],"wp:attachment":[{"href":"https:\/\/www.manquepierda.com\/futbolandia\/wp-json\/wp\/v2\/media?parent=894"}],"wp:term":[{"taxonomy":"category","embeddable":true,"href":"https:\/\/www.manquepierda.com\/futbolandia\/wp-json\/wp\/v2\/categories?post=894"},{"taxonomy":"post_tag","embeddable":true,"href":"https:\/\/www.manquepierda.com\/futbolandia\/wp-json\/wp\/v2\/tags?post=894"}],"curies":[{"name":"wp","href":"https:\/\/api.w.org\/{rel}","templated":true}]}}