{"id":900,"date":"2012-02-17T14:16:34","date_gmt":"2012-02-17T12:16:34","guid":{"rendered":"http:\/\/www.manquepierda.com\/futbolandia\/?p=900"},"modified":"2013-07-07T19:05:06","modified_gmt":"2013-07-07T17:05:06","slug":"que-fue-de-amunike-por-juanal-martinez","status":"publish","type":"post","link":"https:\/\/www.manquepierda.com\/futbolandia\/que-fue-de-amunike-por-juanal-martinez\/","title":{"rendered":"Qu\u00e9 fue de&#8230;.? Amunike"},"content":{"rendered":"<p><strong><\/strong>Esta secci\u00f3n va destinada a rendir un peque\u00f1o homenaje a todos aquellos deportistas que los aficionados a\u00fan guardamos en nuestro recuerdo, en ocasiones bueno y en otras malo, pero que ahora al retirarse de su profesion viven casi en el anonimato. Estrenamos nuestra seccion con un jugador que pese a contar con un gran palmares, no demostr\u00f3 su valor econ\u00f3mico y todo su potencial en el FC. Barcelona, este no es otro que el nigeriano Emmanuel Amunike. <img data-recalc-dims=\"1\" loading=\"lazy\" decoding=\"async\" class=\"alignleft\" style=\"border: 10px white;margin: 10px\" alt=\"http:\/\/1.bp.blogspot.com\/__P1GdKRiSso\/TBByEeaNw4I\/AAAAAAAAFNU\/SxMV-0uNmeg\/s320\/amunike+94.JPG\" src=\"https:\/\/i0.wp.com\/1.bp.blogspot.com\/__P1GdKRiSso\/TBByEeaNw4I\/AAAAAAAAFNU\/SxMV-0uNmeg\/s320\/amunike%2B94.JPG?resize=246%2C305\" width=\"246\" height=\"305\" \/><\/p>\n<p style=\"text-align: justify\">Nacido el d\u00eda de Navidad de 1970 en Eze Obodo debe de ser recordado por formar parte de una de las mejores generaciones del f\u00fatbol africano (que participo en el Mundial de EEUU de 1994), pero como a tantos otros jugadores solo se le recordara por su escasa aportaci\u00f3n al club catal\u00e1n.<br \/>\nInicio su carrera en su pa\u00eds natal y Egipto lugares donde gano varias ligas, y tras el gran papel de su selecci\u00f3n en el Mundial de EEUU fue traspasado al Sporting de Lisboa, donde su popularidad subi\u00f3 como la espuma debido a un gol al m\u00e1ximo rival hist\u00f3rico de los lisboetas (SL. Benfica).<\/p>\n<p style=\"text-align: justify\">Su etapa m\u00e1s recordada por todos los aficionados a este deporte la vivi\u00f3 en Barcelona que acometi\u00f3 su fichaje por aproximadamente 3 Mill. de Pesetas en la temporada 1996\/1997, pero \u00fanicamente pudo completar una temporada en el conjunto cul\u00e9 antes de lesionarse, lesiones que continuar\u00eda arrastrando a lo largo de su carrera.<\/p>\n<p style=\"text-align: justify\">Tras disputar varias temporadas en el Albacete Balompi\u00e9 cuelga las botas definitivamente en el a\u00f1o 2004 en Jordania (Al-Wihdat).<\/p>\n<p style=\"text-align: justify\">Al finalizar su carrera regres\u00f3 a Espa\u00f1a, para formarse como entrenador. En la actualidad reside en Santander, donde dirige a un equipo modesto.<\/p>\n<div align=\"center\"><span style=\"text-decoration: underline\"><strong>PALMARES<\/strong><\/span><\/div>\n<div align=\"center\"><\/div>\n<div><strong>Sporting de Portugal:<\/strong><br \/>\n&#8211;\u00a0\u00a0\u00a0 Copa Portugal (1994-1995).<\/div>\n<p><strong>FC. Barcelona:<\/strong><br \/>\n&#8211;\u00a0\u00a0\u00a0 2 T\u00edtulos de Liga (1998\/1999).<br \/>\n&#8211;\u00a0\u00a0\u00a0 2 Copas del Rey (1997\/1998).<br \/>\n&#8211;\u00a0\u00a0\u00a0 Recopa de Europa (1997).<br \/>\n&#8211;\u00a0\u00a0\u00a0 Supercopa de Europa (1997).<\/p>\n<div align=\"center\"><span style=\"text-decoration: underline\"><strong>CURIOSIDADES<\/strong><\/span><\/div>\n<div align=\"center\"><\/div>\n<p>&#8211; Su nombre real a pesar de lo que todos pensamos es Amuneke.<br \/>\n&#8211; Tiene dos hermanos jugando a nivel profesional en Suecia. Ambos son internacionales.<br \/>\n&#8211; Elegido mejor jugador africano en 2004.<br \/>\n&#8211; Recordado su anuncio de <a href=\"http:\/\/www.youtube.com\/watch?v=CX9IQy-Awyw\" target=\"_blank\">Renault Kangoo.<\/a><br \/>\n&#8211; Adjuntamos el\u00a0<a href=\"http:\/\/www.youtube.com\/watch?v=DJXbfo_sIfc\" target=\"_blank\">gol<\/a> q le dio a la Selecci\u00f3n Nigeriana el t\u00edtulo de campeona ol\u00edmpica.<\/p>\n","protected":false},"excerpt":{"rendered":"<p>Esta secci\u00f3n va destinada a rendir un peque\u00f1o homenaje a todos aquellos deportistas que los aficionados a\u00fan guardamos en nuestro recuerdo, en ocasiones bueno y en otras malo, pero que ahora al retirarse de su profesion viven casi en el anonimato. Estrenamos nuestra seccion con un jugador que pese a contar con un gran palmares,&#8230;<\/p>\n","protected":false},"author":100,"featured_media":905,"comment_status":"open","ping_status":"open","sticky":false,"template":"","format":"standard","meta":{"_kad_post_transparent":"","_kad_post_title":"","_kad_post_layout":"","_kad_post_sidebar_id":"","_kad_post_content_style":"","_kad_post_vertical_padding":"","_kad_post_feature":"","_kad_post_feature_position":"","_kad_post_header":false,"_kad_post_footer":false,"_kad_post_classname":"","_jetpack_memberships_contains_paid_content":false,"footnotes":"","jetpack_publicize_message":"","jetpack_publicize_feature_enabled":true,"jetpack_social_post_already_shared":false,"jetpack_social_options":{"image_generator_settings":{"template":"highway","default_image_id":0,"font":"","enabled":false},"version":2}},"categories":[1,10],"tags":[464,463,462,461],"class_list":["post-900","post","type-post","status-publish","format-standard","has-post-thumbnail","hentry","category-liga-bbva-futbol-espanol","category-portada","tag-amunike","tag-de","tag-fue","tag-que"],"yoast_head":"<!-- This site is optimized with the Yoast SEO plugin v27.5 - https:\/\/yoast.com\/product\/yoast-seo-wordpress\/ -->\n<title>Qu\u00e9 fue de....? Amunike &#8211; Futbolandia<\/title>\n<meta name=\"robots\" content=\"index, follow, max-snippet:-1, max-image-preview:large, max-video-preview:-1\" \/>\n<link rel=\"canonical\" href=\"https:\/\/www.manquepierda.com\/futbolandia\/que-fue-de-amunike-por-juanal-martinez\/\" \/>\n<meta property=\"og:locale\" content=\"es_ES\" \/>\n<meta property=\"og:type\" content=\"article\" \/>\n<meta property=\"og:title\" content=\"Qu\u00e9 fue de....? Amunike &#8211; Futbolandia\" \/>\n<meta property=\"og:description\" content=\"Esta secci\u00f3n va destinada a rendir un peque\u00f1o homenaje a todos aquellos deportistas que los aficionados a\u00fan guardamos en nuestro recuerdo, en ocasiones bueno y en otras malo, pero que ahora al retirarse de su profesion viven casi en el anonimato. Estrenamos nuestra seccion con un jugador que pese a contar con un gran palmares,...\" \/>\n<meta property=\"og:url\" content=\"https:\/\/www.manquepierda.com\/futbolandia\/que-fue-de-amunike-por-juanal-martinez\/\" \/>\n<meta property=\"og:site_name\" content=\"Futbolandia\" \/>\n<meta property=\"article:published_time\" content=\"2012-02-17T12:16:34+00:00\" \/>\n<meta property=\"article:modified_time\" content=\"2013-07-07T17:05:06+00:00\" \/>\n<meta property=\"og:image\" content=\"https:\/\/i2.wp.com\/www.manquepierda.com\/futbolandia\/files\/2012\/02\/n_real_zaragoza_varios-13920.jpg?fit=400%2C321&ssl=1\" \/>\n\t<meta property=\"og:image:width\" content=\"400\" \/>\n\t<meta property=\"og:image:height\" content=\"321\" \/>\n\t<meta property=\"og:image:type\" content=\"image\/jpeg\" \/>\n<meta name=\"author\" content=\"Adri\u00e1n Bedia Puerto\" \/>\n<meta name=\"twitter:label1\" content=\"Escrito por\" \/>\n\t<meta name=\"twitter:data1\" content=\"Adri\u00e1n Bedia Puerto\" \/>\n\t<meta name=\"twitter:label2\" content=\"Tiempo de lectura\" \/>\n\t<meta name=\"twitter:data2\" content=\"2 minutos\" \/>\n<script type=\"application\/ld+json\" class=\"yoast-schema-graph\">{\"@context\":\"https:\\\/\\\/schema.org\",\"@graph\":[{\"@type\":\"Article\",\"@id\":\"https:\\\/\\\/www.manquepierda.com\\\/futbolandia\\\/que-fue-de-amunike-por-juanal-martinez\\\/#article\",\"isPartOf\":{\"@id\":\"https:\\\/\\\/www.manquepierda.com\\\/futbolandia\\\/que-fue-de-amunike-por-juanal-martinez\\\/\"},\"author\":{\"name\":\"Adri\u00e1n Bedia Puerto\",\"@id\":\"https:\\\/\\\/www.manquepierda.com\\\/futbolandia\\\/#\\\/schema\\\/person\\\/f2133132be9857df14a26e2f116bbe94\"},\"headline\":\"Qu\u00e9 fue de&#8230;.? Amunike\",\"datePublished\":\"2012-02-17T12:16:34+00:00\",\"dateModified\":\"2013-07-07T17:05:06+00:00\",\"mainEntityOfPage\":{\"@id\":\"https:\\\/\\\/www.manquepierda.com\\\/futbolandia\\\/que-fue-de-amunike-por-juanal-martinez\\\/\"},\"wordCount\":377,\"commentCount\":1,\"image\":{\"@id\":\"https:\\\/\\\/www.manquepierda.com\\\/futbolandia\\\/que-fue-de-amunike-por-juanal-martinez\\\/#primaryimage\"},\"thumbnailUrl\":\"https:\\\/\\\/i0.wp.com\\\/www.manquepierda.com\\\/futbolandia\\\/files\\\/2012\\\/02\\\/n_real_zaragoza_varios-13920.jpg?fit=400%2C321&ssl=1\",\"keywords\":[\"Amunike\",\"de\",\"fue\",\"Que\"],\"articleSection\":[\"Liga BBVA - F\u00fatbol Espa\u00f1ol\",\"Portada\"],\"inLanguage\":\"es\",\"potentialAction\":[{\"@type\":\"CommentAction\",\"name\":\"Comment\",\"target\":[\"https:\\\/\\\/www.manquepierda.com\\\/futbolandia\\\/que-fue-de-amunike-por-juanal-martinez\\\/#respond\"]}]},{\"@type\":\"WebPage\",\"@id\":\"https:\\\/\\\/www.manquepierda.com\\\/futbolandia\\\/que-fue-de-amunike-por-juanal-martinez\\\/\",\"url\":\"https:\\\/\\\/www.manquepierda.com\\\/futbolandia\\\/que-fue-de-amunike-por-juanal-martinez\\\/\",\"name\":\"Qu\u00e9 fue de....? Amunike &#8211; Futbolandia\",\"isPartOf\":{\"@id\":\"https:\\\/\\\/www.manquepierda.com\\\/futbolandia\\\/#website\"},\"primaryImageOfPage\":{\"@id\":\"https:\\\/\\\/www.manquepierda.com\\\/futbolandia\\\/que-fue-de-amunike-por-juanal-martinez\\\/#primaryimage\"},\"image\":{\"@id\":\"https:\\\/\\\/www.manquepierda.com\\\/futbolandia\\\/que-fue-de-amunike-por-juanal-martinez\\\/#primaryimage\"},\"thumbnailUrl\":\"https:\\\/\\\/i0.wp.com\\\/www.manquepierda.com\\\/futbolandia\\\/files\\\/2012\\\/02\\\/n_real_zaragoza_varios-13920.jpg?fit=400%2C321&ssl=1\",\"datePublished\":\"2012-02-17T12:16:34+00:00\",\"dateModified\":\"2013-07-07T17:05:06+00:00\",\"author\":{\"@id\":\"https:\\\/\\\/www.manquepierda.com\\\/futbolandia\\\/#\\\/schema\\\/person\\\/f2133132be9857df14a26e2f116bbe94\"},\"breadcrumb\":{\"@id\":\"https:\\\/\\\/www.manquepierda.com\\\/futbolandia\\\/que-fue-de-amunike-por-juanal-martinez\\\/#breadcrumb\"},\"inLanguage\":\"es\",\"potentialAction\":[{\"@type\":\"ReadAction\",\"target\":[\"https:\\\/\\\/www.manquepierda.com\\\/futbolandia\\\/que-fue-de-amunike-por-juanal-martinez\\\/\"]}]},{\"@type\":\"ImageObject\",\"inLanguage\":\"es\",\"@id\":\"https:\\\/\\\/www.manquepierda.com\\\/futbolandia\\\/que-fue-de-amunike-por-juanal-martinez\\\/#primaryimage\",\"url\":\"https:\\\/\\\/i0.wp.com\\\/www.manquepierda.com\\\/futbolandia\\\/files\\\/2012\\\/02\\\/n_real_zaragoza_varios-13920.jpg?fit=400%2C321&ssl=1\",\"contentUrl\":\"https:\\\/\\\/i0.wp.com\\\/www.manquepierda.com\\\/futbolandia\\\/files\\\/2012\\\/02\\\/n_real_zaragoza_varios-13920.jpg?fit=400%2C321&ssl=1\",\"width\":\"400\",\"height\":\"321\"},{\"@type\":\"BreadcrumbList\",\"@id\":\"https:\\\/\\\/www.manquepierda.com\\\/futbolandia\\\/que-fue-de-amunike-por-juanal-martinez\\\/#breadcrumb\",\"itemListElement\":[{\"@type\":\"ListItem\",\"position\":1,\"name\":\"Portada\",\"item\":\"https:\\\/\\\/www.manquepierda.com\\\/futbolandia\\\/\"},{\"@type\":\"ListItem\",\"position\":2,\"name\":\"Qu\u00e9 fue de&#8230;.? Amunike\"}]},{\"@type\":\"WebSite\",\"@id\":\"https:\\\/\\\/www.manquepierda.com\\\/futbolandia\\\/#website\",\"url\":\"https:\\\/\\\/www.manquepierda.com\\\/futbolandia\\\/\",\"name\":\"Futbolandia\",\"description\":\"Reportajes e informaci\u00f3n sobre f\u00fatbol mundial y j\u00f3venes promesas\",\"potentialAction\":[{\"@type\":\"SearchAction\",\"target\":{\"@type\":\"EntryPoint\",\"urlTemplate\":\"https:\\\/\\\/www.manquepierda.com\\\/futbolandia\\\/?s={search_term_string}\"},\"query-input\":{\"@type\":\"PropertyValueSpecification\",\"valueRequired\":true,\"valueName\":\"search_term_string\"}}],\"inLanguage\":\"es\"},{\"@type\":\"Person\",\"@id\":\"https:\\\/\\\/www.manquepierda.com\\\/futbolandia\\\/#\\\/schema\\\/person\\\/f2133132be9857df14a26e2f116bbe94\",\"name\":\"Adri\u00e1n Bedia Puerto\",\"image\":{\"@type\":\"ImageObject\",\"inLanguage\":\"es\",\"@id\":\"https:\\\/\\\/secure.gravatar.com\\\/avatar\\\/dea43547063ac034552de9ba24b2ce5dd1cf7bf2de4f05263cfbf331d51d3c5c?s=96&d=mm&r=g\",\"url\":\"https:\\\/\\\/secure.gravatar.com\\\/avatar\\\/dea43547063ac034552de9ba24b2ce5dd1cf7bf2de4f05263cfbf331d51d3c5c?s=96&d=mm&r=g\",\"contentUrl\":\"https:\\\/\\\/secure.gravatar.com\\\/avatar\\\/dea43547063ac034552de9ba24b2ce5dd1cf7bf2de4f05263cfbf331d51d3c5c?s=96&d=mm&r=g\",\"caption\":\"Adri\u00e1n Bedia Puerto\"},\"sameAs\":[\"http:\\\/\\\/minimessisyzidanes.blogspot.com\",\"https:\\\/\\\/x.com\\\/http:\\\/\\\/twitter.com\\\/Abp1993\"],\"url\":\"https:\\\/\\\/www.manquepierda.com\\\/futbolandia\\\/author\\\/abp1993\\\/\"}]}<\/script>\n<!-- \/ Yoast SEO plugin. -->","yoast_head_json":{"title":"Qu\u00e9 fue de....? Amunike &#8211; Futbolandia","robots":{"index":"index","follow":"follow","max-snippet":"max-snippet:-1","max-image-preview":"max-image-preview:large","max-video-preview":"max-video-preview:-1"},"canonical":"https:\/\/www.manquepierda.com\/futbolandia\/que-fue-de-amunike-por-juanal-martinez\/","og_locale":"es_ES","og_type":"article","og_title":"Qu\u00e9 fue de....? Amunike &#8211; Futbolandia","og_description":"Esta secci\u00f3n va destinada a rendir un peque\u00f1o homenaje a todos aquellos deportistas que los aficionados a\u00fan guardamos en nuestro recuerdo, en ocasiones bueno y en otras malo, pero que ahora al retirarse de su profesion viven casi en el anonimato. Estrenamos nuestra seccion con un jugador que pese a contar con un gran palmares,...","og_url":"https:\/\/www.manquepierda.com\/futbolandia\/que-fue-de-amunike-por-juanal-martinez\/","og_site_name":"Futbolandia","article_published_time":"2012-02-17T12:16:34+00:00","article_modified_time":"2013-07-07T17:05:06+00:00","og_image":[{"width":400,"height":321,"url":"https:\/\/i2.wp.com\/www.manquepierda.com\/futbolandia\/files\/2012\/02\/n_real_zaragoza_varios-13920.jpg?fit=400%2C321&ssl=1","type":"image\/jpeg"}],"author":"Adri\u00e1n Bedia Puerto","twitter_misc":{"Escrito por":"Adri\u00e1n Bedia Puerto","Tiempo de lectura":"2 minutos"},"schema":{"@context":"https:\/\/schema.org","@graph":[{"@type":"Article","@id":"https:\/\/www.manquepierda.com\/futbolandia\/que-fue-de-amunike-por-juanal-martinez\/#article","isPartOf":{"@id":"https:\/\/www.manquepierda.com\/futbolandia\/que-fue-de-amunike-por-juanal-martinez\/"},"author":{"name":"Adri\u00e1n Bedia Puerto","@id":"https:\/\/www.manquepierda.com\/futbolandia\/#\/schema\/person\/f2133132be9857df14a26e2f116bbe94"},"headline":"Qu\u00e9 fue de&#8230;.? Amunike","datePublished":"2012-02-17T12:16:34+00:00","dateModified":"2013-07-07T17:05:06+00:00","mainEntityOfPage":{"@id":"https:\/\/www.manquepierda.com\/futbolandia\/que-fue-de-amunike-por-juanal-martinez\/"},"wordCount":377,"commentCount":1,"image":{"@id":"https:\/\/www.manquepierda.com\/futbolandia\/que-fue-de-amunike-por-juanal-martinez\/#primaryimage"},"thumbnailUrl":"https:\/\/i0.wp.com\/www.manquepierda.com\/futbolandia\/files\/2012\/02\/n_real_zaragoza_varios-13920.jpg?fit=400%2C321&ssl=1","keywords":["Amunike","de","fue","Que"],"articleSection":["Liga BBVA - F\u00fatbol Espa\u00f1ol","Portada"],"inLanguage":"es","potentialAction":[{"@type":"CommentAction","name":"Comment","target":["https:\/\/www.manquepierda.com\/futbolandia\/que-fue-de-amunike-por-juanal-martinez\/#respond"]}]},{"@type":"WebPage","@id":"https:\/\/www.manquepierda.com\/futbolandia\/que-fue-de-amunike-por-juanal-martinez\/","url":"https:\/\/www.manquepierda.com\/futbolandia\/que-fue-de-amunike-por-juanal-martinez\/","name":"Qu\u00e9 fue de....? Amunike &#8211; Futbolandia","isPartOf":{"@id":"https:\/\/www.manquepierda.com\/futbolandia\/#website"},"primaryImageOfPage":{"@id":"https:\/\/www.manquepierda.com\/futbolandia\/que-fue-de-amunike-por-juanal-martinez\/#primaryimage"},"image":{"@id":"https:\/\/www.manquepierda.com\/futbolandia\/que-fue-de-amunike-por-juanal-martinez\/#primaryimage"},"thumbnailUrl":"https:\/\/i0.wp.com\/www.manquepierda.com\/futbolandia\/files\/2012\/02\/n_real_zaragoza_varios-13920.jpg?fit=400%2C321&ssl=1","datePublished":"2012-02-17T12:16:34+00:00","dateModified":"2013-07-07T17:05:06+00:00","author":{"@id":"https:\/\/www.manquepierda.com\/futbolandia\/#\/schema\/person\/f2133132be9857df14a26e2f116bbe94"},"breadcrumb":{"@id":"https:\/\/www.manquepierda.com\/futbolandia\/que-fue-de-amunike-por-juanal-martinez\/#breadcrumb"},"inLanguage":"es","potentialAction":[{"@type":"ReadAction","target":["https:\/\/www.manquepierda.com\/futbolandia\/que-fue-de-amunike-por-juanal-martinez\/"]}]},{"@type":"ImageObject","inLanguage":"es","@id":"https:\/\/www.manquepierda.com\/futbolandia\/que-fue-de-amunike-por-juanal-martinez\/#primaryimage","url":"https:\/\/i0.wp.com\/www.manquepierda.com\/futbolandia\/files\/2012\/02\/n_real_zaragoza_varios-13920.jpg?fit=400%2C321&ssl=1","contentUrl":"https:\/\/i0.wp.com\/www.manquepierda.com\/futbolandia\/files\/2012\/02\/n_real_zaragoza_varios-13920.jpg?fit=400%2C321&ssl=1","width":"400","height":"321"},{"@type":"BreadcrumbList","@id":"https:\/\/www.manquepierda.com\/futbolandia\/que-fue-de-amunike-por-juanal-martinez\/#breadcrumb","itemListElement":[{"@type":"ListItem","position":1,"name":"Portada","item":"https:\/\/www.manquepierda.com\/futbolandia\/"},{"@type":"ListItem","position":2,"name":"Qu\u00e9 fue de&#8230;.? Amunike"}]},{"@type":"WebSite","@id":"https:\/\/www.manquepierda.com\/futbolandia\/#website","url":"https:\/\/www.manquepierda.com\/futbolandia\/","name":"Futbolandia","description":"Reportajes e informaci\u00f3n sobre f\u00fatbol mundial y j\u00f3venes promesas","potentialAction":[{"@type":"SearchAction","target":{"@type":"EntryPoint","urlTemplate":"https:\/\/www.manquepierda.com\/futbolandia\/?s={search_term_string}"},"query-input":{"@type":"PropertyValueSpecification","valueRequired":true,"valueName":"search_term_string"}}],"inLanguage":"es"},{"@type":"Person","@id":"https:\/\/www.manquepierda.com\/futbolandia\/#\/schema\/person\/f2133132be9857df14a26e2f116bbe94","name":"Adri\u00e1n Bedia Puerto","image":{"@type":"ImageObject","inLanguage":"es","@id":"https:\/\/secure.gravatar.com\/avatar\/dea43547063ac034552de9ba24b2ce5dd1cf7bf2de4f05263cfbf331d51d3c5c?s=96&d=mm&r=g","url":"https:\/\/secure.gravatar.com\/avatar\/dea43547063ac034552de9ba24b2ce5dd1cf7bf2de4f05263cfbf331d51d3c5c?s=96&d=mm&r=g","contentUrl":"https:\/\/secure.gravatar.com\/avatar\/dea43547063ac034552de9ba24b2ce5dd1cf7bf2de4f05263cfbf331d51d3c5c?s=96&d=mm&r=g","caption":"Adri\u00e1n Bedia Puerto"},"sameAs":["http:\/\/minimessisyzidanes.blogspot.com","https:\/\/x.com\/http:\/\/twitter.com\/Abp1993"],"url":"https:\/\/www.manquepierda.com\/futbolandia\/author\/abp1993\/"}]}},"jetpack_publicize_connections":[],"jetpack_featured_media_url":"https:\/\/i0.wp.com\/www.manquepierda.com\/futbolandia\/files\/2012\/02\/n_real_zaragoza_varios-13920.jpg?fit=400%2C321&ssl=1","jetpack_shortlink":"https:\/\/wp.me\/p1THIg-ew","jetpack_sharing_enabled":true,"_links":{"self":[{"href":"https:\/\/www.manquepierda.com\/futbolandia\/wp-json\/wp\/v2\/posts\/900","targetHints":{"allow":["GET"]}}],"collection":[{"href":"https:\/\/www.manquepierda.com\/futbolandia\/wp-json\/wp\/v2\/posts"}],"about":[{"href":"https:\/\/www.manquepierda.com\/futbolandia\/wp-json\/wp\/v2\/types\/post"}],"author":[{"embeddable":true,"href":"https:\/\/www.manquepierda.com\/futbolandia\/wp-json\/wp\/v2\/users\/100"}],"replies":[{"embeddable":true,"href":"https:\/\/www.manquepierda.com\/futbolandia\/wp-json\/wp\/v2\/comments?post=900"}],"version-history":[{"count":0,"href":"https:\/\/www.manquepierda.com\/futbolandia\/wp-json\/wp\/v2\/posts\/900\/revisions"}],"wp:featuredmedia":[{"embeddable":true,"href":"https:\/\/www.manquepierda.com\/futbolandia\/wp-json\/wp\/v2\/media\/905"}],"wp:attachment":[{"href":"https:\/\/www.manquepierda.com\/futbolandia\/wp-json\/wp\/v2\/media?parent=900"}],"wp:term":[{"taxonomy":"category","embeddable":true,"href":"https:\/\/www.manquepierda.com\/futbolandia\/wp-json\/wp\/v2\/categories?post=900"},{"taxonomy":"post_tag","embeddable":true,"href":"https:\/\/www.manquepierda.com\/futbolandia\/wp-json\/wp\/v2\/tags?post=900"}],"curies":[{"name":"wp","href":"https:\/\/api.w.org\/{rel}","templated":true}]}}