{"id":100221,"date":"2024-10-14T11:00:00","date_gmt":"2024-10-14T09:00:00","guid":{"rendered":"https:\/\/www.manquepierda.com\/historiarealbetis\/?p=100221"},"modified":"2024-10-12T10:45:44","modified_gmt":"2024-10-12T08:45:44","slug":"entrevista-antonio-benitez-1974","status":"publish","type":"post","link":"https:\/\/www.manquepierda.com\/historiarealbetis\/entrevista-antonio-benitez-1974\/","title":{"rendered":"Entrevista Antonio Ben\u00edtez 1974."},"content":{"rendered":"<div class=\"wp-block-image\">\n<figure class=\"aligncenter size-full\"><img data-recalc-dims=\"1\" loading=\"lazy\" decoding=\"async\" width=\"464\" height=\"698\" src=\"https:\/\/i0.wp.com\/www.manquepierda.com\/historiarealbetis\/files\/2024\/10\/Benitez-75.jpg?resize=464%2C698&#038;ssl=1\" alt=\"\" class=\"wp-image-100222\" srcset=\"https:\/\/i0.wp.com\/www.manquepierda.com\/historiarealbetis\/files\/2024\/10\/Benitez-75.jpg?w=464&amp;ssl=1 464w, https:\/\/i0.wp.com\/www.manquepierda.com\/historiarealbetis\/files\/2024\/10\/Benitez-75.jpg?resize=399%2C600&amp;ssl=1 399w, https:\/\/i0.wp.com\/www.manquepierda.com\/historiarealbetis\/files\/2024\/10\/Benitez-75.jpg?resize=146%2C220&amp;ssl=1 146w\" sizes=\"auto, (max-width: 464px) 100vw, 464px\" \/><\/figure>\n<\/div>\n\n<p>\u00a0<\/p>\n<p>Hace 50 a\u00f1os, como ya vimos <a href=\"https:\/\/www.manquepierda.com\/historiarealbetis\/benitez-debuta-con-la-seleccion\/\"><strong>aqu\u00ed,<\/strong><\/a> debut\u00f3 como internacional con la selecci\u00f3n absoluta Antonio Ben\u00edtez. Lo hizo en el estadio de River Plate frente a Argentina.<\/p>\n<p>El joven extremo jerezano, 23 a\u00f1os y sexta temporada en las filas b\u00e9ticas, no hizo un buen papel en su debut, acusando mucho los nervios y siendo sustituido en el minuto 68 por Garc\u00eda Soriano, por entonces jugador del Murcia.\u00a0<\/p>\n<p>Unos d\u00edas m\u00e1s tarde Antonio Ben\u00edtez fue entrevistado para el diario deportivo Marca por el periodista Mart\u00edn Benito, su corresponsal en Sevilla.<\/p>\n<p><span style=\"color: #008000\"><em>El Ben\u00edtez que los aficionados sevillanos vieron en la peque\u00f1a pantalla frente a Argentina no se pareci\u00f3 en nada al que act\u00faa en el Benito Villamar\u00edn. El extremo b\u00e9tico no rindi\u00f3 en la medida de sus posibilidades, ni de su gran momento. Se ha comentado que, posiblemente, se debi\u00f3 a los nervios, a no cumplir la misma misi\u00f3n en la selecci\u00f3n que en el Betis. No luci\u00f3 ni su rapidez, ni la facilidad de regate, ni el cambio desconcertante de ritmo. El jugador no quiere culpas para nadie.<\/em><\/span><\/p>\n<ul>\n<li><span style=\"color: #008000\"><em>Pas\u00e9 el peor rato de mi vida en el viaje de regreso desde Buenos Aires a Madrid. Estoy muy contento de mi debut como internacional absoluto, pero o de mi rendimiento personal, que no fue bueno<\/em><\/span><\/li>\n<li><span style=\"color: #008000\"><em>\u00bfUna gran decepci\u00f3n?<\/em><\/span><\/li>\n<li><span style=\"color: #008000\"><em>Mejor una gran experiencia. No me volver\u00e1 a ocurrir. Mi floja actuaci\u00f3n me ha impresionado, como a todos, porque lo que uno desea es jugar bien pero la responsabilidad siempre pesa y los nervios no dejan hacer las cosas como uno sabe<\/em><\/span><\/li>\n<li><span style=\"color: #008000\"><em>Pero no actu\u00f3 como en su equipo<\/em><\/span><\/li>\n<li><span style=\"color: #008000\"><em>Eso es evidente, pero yo no achaco mi rendimiento a nada de esto. Sencillamente, las cosas no me salieron bien. Yo no puedo jugar como Pirri o Claramunt, que ya llevan muchos partidos en la selecci\u00f3n y se entienden perfectamente. La novatada parece que hay que pagarla<\/em><\/span><\/li>\n<li><span style=\"color: #008000\"><em>\u00bfTeme que Kubala ya no vuelva a acordarse de usted?<\/em><\/span><\/li>\n<li><span style=\"color: #008000\"><em>Eso no puedo saberlo, pero lo que s\u00ed puedo afirmar es que se port\u00f3 fenomenalmente despu\u00e9s del encuentro. De verdad, fenomenal. Me dijo que lo que me hab\u00eda ocurrido era algo normal, producto de los nervios y que siguiese luchando, porque pensaba contar conmigo para pr\u00f3ximos encuentros. Despu\u00e9s, lo he visto publicado refiri\u00e9ndose a Villar y a m\u00ed, y lo ha vuelto a decir<\/em><\/span><\/li>\n<\/ul>\n<p><span style=\"color: #008000\"><em>La internacionalidad para hombres j\u00f3venes como Ben\u00edtez puede ser arma de doble filo para su trayectoria futura, especialmente en la etapa posterior. Una actuaci\u00f3n brillante eleva la moral, mientas que la desmoralizaci\u00f3n est\u00e1 a la vuelta de la esquina si no se ha rendido.<\/em><\/span><\/p>\n<ul>\n<li><span style=\"color: #008000\"><em>\u00bfLe afectar\u00e1 el fracaso con la selecci\u00f3n?<\/em><\/span><\/li>\n<li><span style=\"color: #008000\"><em>Espero que no ocurra. Por lo pronto yo, el domingo, saldr\u00e9 a jugar contra el Granada lo mejor posible y a tratar de olvidar el partido de Buenos Aires<\/em><\/span><\/li>\n<\/ul>\n<p><span style=\"color: #008000\"><em>Lo m\u00e1s probable es que la presencia de Ben\u00edtez sea acogida por los seguidores b\u00e9ticos con aplausos de aliento. El entrenador trata de salvar tambi\u00e9n el peligro de desmoralizaci\u00f3n; Szusza cuida al m\u00e1ximo cualquier circunstancia que puede afectar a sus disc\u00edpulos. Cuando le preguntamos sobre la actuaci\u00f3n de Ben\u00edtez frente a Argentina nos ha contestado que \u201cera normal que los nervios aparezcan en la primera vez que se debuta representando al pa\u00eds, y que Ben\u00edtez puede mejorar en mucho lo que hizo, cosa que hubiese ocurrido si el encuentro se hubiera disputado en Espa\u00f1a. Fuera siempre es dif\u00edcil para los hombres punta, que suelen encontrarse en desventaja con los defensores. Tampoco puedo juzgar lo ocurrido, porque para un t\u00e9cnico resulta dif\u00edcil sacar conclusiones por la peque\u00f1a pantalla, en la que no se aprecia la evoluci\u00f3n de los jugadores en el campo, pues s\u00f3lo se ve al jugador que lleva el bal\u00f3n\u201d. <\/em><\/span><\/p>\n<ul>\n<li><span style=\"color: #008000\"><em>\u00bfLa ha dicho algo el entrenador?<\/em><\/span><\/li>\n<li><span style=\"color: #008000\"><em>Que no me preocupase y que siguiera animado, que no pasaba nada porque \u00e9l, en su primera actuaci\u00f3n como internacional, tambi\u00e9n estuvo mal. No s\u00e9 si ser\u00e1 verdad o por darme \u00e1nimos<\/em><\/span><\/li>\n<\/ul>\n<p><span style=\"color: #008000\"><em>Ben\u00edtez est\u00e1 jugando con contrato prorrogado. No hay caso con el club.<\/em><\/span><\/p>\n<ul>\n<li><span style=\"color: #008000\"><em>\u00bfLe supondr\u00e1 algo, econ\u00f3micamente, la internacionalidad?<\/em><\/span><\/li>\n<li><span style=\"color: #008000\"><em>Yo llegu\u00e9 a un acuerdo con el Betis antes de ser internacional y espero renovar esta misma semana. Es algo sin importancia<\/em><\/span><\/li>\n<li><span style=\"color: #008000\"><em>\u00bfHubo diferencias, negociaciones largas?<\/em><\/span><\/li>\n<li><span style=\"color: #008000\"><em> Yo he pedido lo que creo que debo ganar<\/em><\/span><\/li>\n<\/ul>\n<p><span style=\"color: #008000\"><em>Ahora vuelve la lucha de cada domingo, cuando se acumulan m\u00e9ritos para estar entre los mejores. El Granada ser\u00e1 el pr\u00f3ximo adversario del Betis.<\/em><\/span><\/p>\n<ul>\n<li><span style=\"color: #008000\"><em>\u00bfC\u00f3mo ve el partido del domingo?<\/em><\/span><\/li>\n<li><span style=\"color: #008000\"><em>El Granada es un equipo muy s\u00f3lido ante el que tendremos que luchar mucho para vencer. Nosotros andamos muy bien y conf\u00edo en el triunfo<\/em><\/span><\/li>\n<\/ul>\n<p><span style=\"color: #008000\"><em>Lo del estadio del River Plate qued\u00f3 atr\u00e1s, aunque est\u00e9n por ver las secuelas que puede haber dejado en el animo de Ben\u00edtez. El \u00faltimo internacional de Kubala. \u00a0\u00a0\u00a0\u00a0\u00a0\u00a0<\/em><\/span><\/p>","protected":false},"excerpt":{"rendered":"<p>\u00a0 Hace 50 a\u00f1os, como ya vimos aqu\u00ed, debut\u00f3 como internacional con la selecci\u00f3n absoluta Antonio Ben\u00edtez. Lo hizo en el estadio de River Plate frente a Argentina. El joven extremo jerezano, 23 a\u00f1os y sexta temporada en las filas b\u00e9ticas, no hizo un buen papel en su debut, acusando mucho los nervios y siendo&#8230;<\/p>\n","protected":false},"author":5,"featured_media":100222,"comment_status":"open","ping_status":"open","sticky":false,"template":"","format":"standard","meta":{"_kad_post_transparent":"","_kad_post_title":"","_kad_post_layout":"","_kad_post_sidebar_id":"","_kad_post_content_style":"","_kad_post_vertical_padding":"","_kad_post_feature":"","_kad_post_feature_position":"","_kad_post_header":false,"_kad_post_footer":false,"_kad_post_classname":"","_jetpack_memberships_contains_paid_content":false,"footnotes":"","jetpack_publicize_message":"","jetpack_publicize_feature_enabled":true,"jetpack_social_post_already_shared":true,"jetpack_social_options":{"image_generator_settings":{"template":"highway","default_image_id":0,"font":"","enabled":false},"version":2}},"categories":[903,893,1],"tags":[57,2507,1120,13406],"class_list":["post-100221","post","type-post","status-publish","format-standard","has-post-thumbnail","hentry","category-1970-1979","category-jugadores-temas","category-portada","tag-57","tag-1974-75","tag-antonio-benitez","tag-martin-benito"],"jetpack_publicize_connections":[],"jetpack_featured_media_url":"https:\/\/i0.wp.com\/www.manquepierda.com\/historiarealbetis\/files\/2024\/10\/Benitez-75.jpg?fit=464%2C698&ssl=1","jetpack_sharing_enabled":true,"jetpack_shortlink":"https:\/\/wp.me\/p1ij08-q4t","jetpack-related-posts":[],"_links":{"self":[{"href":"https:\/\/www.manquepierda.com\/historiarealbetis\/wp-json\/wp\/v2\/posts\/100221","targetHints":{"allow":["GET"]}}],"collection":[{"href":"https:\/\/www.manquepierda.com\/historiarealbetis\/wp-json\/wp\/v2\/posts"}],"about":[{"href":"https:\/\/www.manquepierda.com\/historiarealbetis\/wp-json\/wp\/v2\/types\/post"}],"author":[{"embeddable":true,"href":"https:\/\/www.manquepierda.com\/historiarealbetis\/wp-json\/wp\/v2\/users\/5"}],"replies":[{"embeddable":true,"href":"https:\/\/www.manquepierda.com\/historiarealbetis\/wp-json\/wp\/v2\/comments?post=100221"}],"version-history":[{"count":1,"href":"https:\/\/www.manquepierda.com\/historiarealbetis\/wp-json\/wp\/v2\/posts\/100221\/revisions"}],"predecessor-version":[{"id":100223,"href":"https:\/\/www.manquepierda.com\/historiarealbetis\/wp-json\/wp\/v2\/posts\/100221\/revisions\/100223"}],"wp:featuredmedia":[{"embeddable":true,"href":"https:\/\/www.manquepierda.com\/historiarealbetis\/wp-json\/wp\/v2\/media\/100222"}],"wp:attachment":[{"href":"https:\/\/www.manquepierda.com\/historiarealbetis\/wp-json\/wp\/v2\/media?parent=100221"}],"wp:term":[{"taxonomy":"category","embeddable":true,"href":"https:\/\/www.manquepierda.com\/historiarealbetis\/wp-json\/wp\/v2\/categories?post=100221"},{"taxonomy":"post_tag","embeddable":true,"href":"https:\/\/www.manquepierda.com\/historiarealbetis\/wp-json\/wp\/v2\/tags?post=100221"}],"curies":[{"name":"wp","href":"https:\/\/api.w.org\/{rel}","templated":true}]}}