{"id":100266,"date":"2024-10-24T13:00:00","date_gmt":"2024-10-24T11:00:00","guid":{"rendered":"https:\/\/www.manquepierda.com\/historiarealbetis\/?p=100266"},"modified":"2024-10-13T10:13:19","modified_gmt":"2024-10-13T08:13:19","slug":"hoy-hace-70-anos-nace-fernando-vazquez","status":"publish","type":"post","link":"https:\/\/www.manquepierda.com\/historiarealbetis\/hoy-hace-70-anos-nace-fernando-vazquez\/","title":{"rendered":"Hoy hace 70 a\u00f1os. Nace Fernando V\u00e1zquez."},"content":{"rendered":"<div class=\"wp-block-image\">\n<figure class=\"aligncenter size-full\"><img data-recalc-dims=\"1\" loading=\"lazy\" decoding=\"async\" width=\"660\" height=\"439\" src=\"https:\/\/i0.wp.com\/www.manquepierda.com\/historiarealbetis\/files\/2024\/10\/24-1954-Nace-Fernando-Vazquez.jpg?resize=660%2C439&#038;ssl=1\" alt=\"\" class=\"wp-image-100267\" srcset=\"https:\/\/i0.wp.com\/www.manquepierda.com\/historiarealbetis\/files\/2024\/10\/24-1954-Nace-Fernando-Vazquez.jpg?w=660&amp;ssl=1 660w, https:\/\/i0.wp.com\/www.manquepierda.com\/historiarealbetis\/files\/2024\/10\/24-1954-Nace-Fernando-Vazquez.jpg?resize=220%2C146&amp;ssl=1 220w\" sizes=\"auto, (max-width: 660px) 100vw, 660px\" \/><\/figure>\n<\/div>\n\n<p>\u00a0<\/p>\n<p><span style=\"color: #008000\">El 24 de octubre de 1954 nace en Castrofeito (La Coru\u00f1a) Fernando V\u00e1zquez Pena, quien fuera entrenador del Real Betis Balompi\u00e9 en la temporada 2000-01.<\/span><\/p>\n<p><span style=\"color: #008000\">Dirigi\u00f3 al Betis desde julio de 2000 hasta el 18 de marzo de 2001 en que fue cesado, con un balance de 30 partidos oficiales (13 victorias, 10 empates y 7 derrotas).<\/span><\/p>\n<p><span style=\"color: #008000\">Su labor fue fundamental en la promoci\u00f3n de j\u00f3venes jugadores canteranos al primer equipo como Joaqu\u00edn, Arzu, Capi o Varela.<\/span><\/p>","protected":false},"excerpt":{"rendered":"<p>\u00a0 El 24 de octubre de 1954 nace en Castrofeito (La Coru\u00f1a) Fernando V\u00e1zquez Pena, quien fuera entrenador del Real Betis Balompi\u00e9 en la temporada 2000-01. Dirigi\u00f3 al Betis desde julio de 2000 hasta el 18 de marzo de 2001 en que fue cesado, con un balance de 30 partidos oficiales (13 victorias, 10 empates&#8230;<\/p>\n","protected":false},"author":5,"featured_media":100267,"comment_status":"open","ping_status":"open","sticky":false,"template":"","format":"standard","meta":{"_kad_post_transparent":"","_kad_post_title":"","_kad_post_layout":"","_kad_post_sidebar_id":"","_kad_post_content_style":"","_kad_post_vertical_padding":"","_kad_post_feature":"","_kad_post_feature_position":"","_kad_post_header":false,"_kad_post_footer":false,"_kad_post_classname":"","_jetpack_memberships_contains_paid_content":false,"footnotes":"","jetpack_publicize_message":"","jetpack_publicize_feature_enabled":true,"jetpack_social_post_already_shared":true,"jetpack_social_options":{"image_generator_settings":{"template":"highway","default_image_id":0,"font":"","enabled":false},"version":2}},"categories":[901,14583,1],"tags":[1088],"class_list":["post-100266","post","type-post","status-publish","format-standard","has-post-thumbnail","hentry","category-1950-1959","category-efemerides","category-portada","tag-fernando-vazquez"],"jetpack_publicize_connections":[],"jetpack_featured_media_url":"https:\/\/i0.wp.com\/www.manquepierda.com\/historiarealbetis\/files\/2024\/10\/24-1954-Nace-Fernando-Vazquez.jpg?fit=660%2C439&ssl=1","jetpack_sharing_enabled":true,"jetpack_shortlink":"https:\/\/wp.me\/p1ij08-q5c","jetpack-related-posts":[],"_links":{"self":[{"href":"https:\/\/www.manquepierda.com\/historiarealbetis\/wp-json\/wp\/v2\/posts\/100266","targetHints":{"allow":["GET"]}}],"collection":[{"href":"https:\/\/www.manquepierda.com\/historiarealbetis\/wp-json\/wp\/v2\/posts"}],"about":[{"href":"https:\/\/www.manquepierda.com\/historiarealbetis\/wp-json\/wp\/v2\/types\/post"}],"author":[{"embeddable":true,"href":"https:\/\/www.manquepierda.com\/historiarealbetis\/wp-json\/wp\/v2\/users\/5"}],"replies":[{"embeddable":true,"href":"https:\/\/www.manquepierda.com\/historiarealbetis\/wp-json\/wp\/v2\/comments?post=100266"}],"version-history":[{"count":1,"href":"https:\/\/www.manquepierda.com\/historiarealbetis\/wp-json\/wp\/v2\/posts\/100266\/revisions"}],"predecessor-version":[{"id":100268,"href":"https:\/\/www.manquepierda.com\/historiarealbetis\/wp-json\/wp\/v2\/posts\/100266\/revisions\/100268"}],"wp:featuredmedia":[{"embeddable":true,"href":"https:\/\/www.manquepierda.com\/historiarealbetis\/wp-json\/wp\/v2\/media\/100267"}],"wp:attachment":[{"href":"https:\/\/www.manquepierda.com\/historiarealbetis\/wp-json\/wp\/v2\/media?parent=100266"}],"wp:term":[{"taxonomy":"category","embeddable":true,"href":"https:\/\/www.manquepierda.com\/historiarealbetis\/wp-json\/wp\/v2\/categories?post=100266"},{"taxonomy":"post_tag","embeddable":true,"href":"https:\/\/www.manquepierda.com\/historiarealbetis\/wp-json\/wp\/v2\/tags?post=100266"}],"curies":[{"name":"wp","href":"https:\/\/api.w.org\/{rel}","templated":true}]}}