{"id":100275,"date":"2024-10-27T13:00:00","date_gmt":"2024-10-27T12:00:00","guid":{"rendered":"https:\/\/www.manquepierda.com\/historiarealbetis\/?p=100275"},"modified":"2024-10-13T10:44:31","modified_gmt":"2024-10-13T08:44:31","slug":"hoy-hace-50-anos-elche-2-betis-0","status":"publish","type":"post","link":"https:\/\/www.manquepierda.com\/historiarealbetis\/hoy-hace-50-anos-elche-2-betis-0\/","title":{"rendered":"Hoy hace 50 a\u00f1os. Elche 2 Betis 0."},"content":{"rendered":"<div class=\"wp-block-image\">\n<figure class=\"aligncenter size-full\"><img data-recalc-dims=\"1\" loading=\"lazy\" decoding=\"async\" width=\"703\" height=\"386\" src=\"https:\/\/i0.wp.com\/www.manquepierda.com\/historiarealbetis\/files\/2024\/10\/27-1974-Elche-2-Betis-0.jpg?resize=703%2C386&#038;ssl=1\" alt=\"\" class=\"wp-image-100276\" srcset=\"https:\/\/i0.wp.com\/www.manquepierda.com\/historiarealbetis\/files\/2024\/10\/27-1974-Elche-2-Betis-0.jpg?w=703&amp;ssl=1 703w, https:\/\/i0.wp.com\/www.manquepierda.com\/historiarealbetis\/files\/2024\/10\/27-1974-Elche-2-Betis-0.jpg?resize=680%2C373&amp;ssl=1 680w, https:\/\/i0.wp.com\/www.manquepierda.com\/historiarealbetis\/files\/2024\/10\/27-1974-Elche-2-Betis-0.jpg?resize=220%2C121&amp;ssl=1 220w\" sizes=\"auto, (max-width: 703px) 100vw, 703px\" \/><\/figure>\n<\/div>\n\n<p>\u00a0<\/p>\n<p><span style=\"color: #008000\">El 27 de octubre de 1974 en Altabix el Elche vence 2-0 al Betis en partido de la jornada 6 del Campeonato de Liga de Primera Divisi\u00f3n.<\/span><\/p>\n<p><span style=\"color: #008000\">En el minuto 62 Melench\u00f3n marc\u00f3 el primer tanto ilicitano, tras una mel\u00e9 formada en el \u00e1rea b\u00e9tica. \u00a0En el 86 una gran jugada de Sitj\u00e1, que dribla a dos defensas y al portero b\u00e9tico, dejando el bal\u00f3n a puerta vac\u00eda a Rub\u00e9n Cano, quien hizo el 2-0.<\/span><\/p>\n<p><span style=\"color: #008000\">El Elche, entrenado por N\u00e9stor Rossi, jug\u00f3 con Esteban; Nebot, Gonz\u00e1lez (89, Carrasco), Llompart, Can\u00f3s; Cano, Montero, G\u00f3mez Voglino; Rub\u00e9n Cano, Sitj\u00e1 y Melench\u00f3n.<\/span><\/p>\n<p><span style=\"color: #008000\">El Betis, dirigido por Ferenc Szusza, aline\u00f3 a Esnaola; Bizcocho, Iglesias, Sabat\u00e9, Cobo (60, Carde\u00f1osa); L\u00f3pez, Alabanda, Biosca; Del Pozo (60, Anzarda), Mendieta y Rogelio.<\/span> \u00a0\u00a0\u00a0<\/p>","protected":false},"excerpt":{"rendered":"<p>\u00a0 El 27 de octubre de 1974 en Altabix el Elche vence 2-0 al Betis en partido de la jornada 6 del Campeonato de Liga de Primera Divisi\u00f3n. En el minuto 62 Melench\u00f3n marc\u00f3 el primer tanto ilicitano, tras una mel\u00e9 formada en el \u00e1rea b\u00e9tica. \u00a0En el 86 una gran jugada de Sitj\u00e1, que&#8230;<\/p>\n","protected":false},"author":5,"featured_media":100276,"comment_status":"open","ping_status":"open","sticky":false,"template":"","format":"standard","meta":{"_kad_post_transparent":"","_kad_post_title":"","_kad_post_layout":"","_kad_post_sidebar_id":"","_kad_post_content_style":"","_kad_post_vertical_padding":"","_kad_post_feature":"","_kad_post_feature_position":"","_kad_post_header":false,"_kad_post_footer":false,"_kad_post_classname":"","_jetpack_memberships_contains_paid_content":false,"footnotes":"","jetpack_publicize_message":"","jetpack_publicize_feature_enabled":true,"jetpack_social_post_already_shared":true,"jetpack_social_options":{"image_generator_settings":{"template":"highway","default_image_id":0,"font":"","enabled":false},"version":2}},"categories":[903,14583,1],"tags":[57,1378,17877],"class_list":["post-100275","post","type-post","status-publish","format-standard","has-post-thumbnail","hentry","category-1970-1979","category-efemerides","category-portada","tag-57","tag-elche-cf","tag-liga-primera-1974-75"],"jetpack_publicize_connections":[],"jetpack_featured_media_url":"https:\/\/i0.wp.com\/www.manquepierda.com\/historiarealbetis\/files\/2024\/10\/27-1974-Elche-2-Betis-0.jpg?fit=703%2C386&ssl=1","jetpack_sharing_enabled":true,"jetpack_shortlink":"https:\/\/wp.me\/p1ij08-q5l","jetpack-related-posts":[],"_links":{"self":[{"href":"https:\/\/www.manquepierda.com\/historiarealbetis\/wp-json\/wp\/v2\/posts\/100275","targetHints":{"allow":["GET"]}}],"collection":[{"href":"https:\/\/www.manquepierda.com\/historiarealbetis\/wp-json\/wp\/v2\/posts"}],"about":[{"href":"https:\/\/www.manquepierda.com\/historiarealbetis\/wp-json\/wp\/v2\/types\/post"}],"author":[{"embeddable":true,"href":"https:\/\/www.manquepierda.com\/historiarealbetis\/wp-json\/wp\/v2\/users\/5"}],"replies":[{"embeddable":true,"href":"https:\/\/www.manquepierda.com\/historiarealbetis\/wp-json\/wp\/v2\/comments?post=100275"}],"version-history":[{"count":3,"href":"https:\/\/www.manquepierda.com\/historiarealbetis\/wp-json\/wp\/v2\/posts\/100275\/revisions"}],"predecessor-version":[{"id":100279,"href":"https:\/\/www.manquepierda.com\/historiarealbetis\/wp-json\/wp\/v2\/posts\/100275\/revisions\/100279"}],"wp:featuredmedia":[{"embeddable":true,"href":"https:\/\/www.manquepierda.com\/historiarealbetis\/wp-json\/wp\/v2\/media\/100276"}],"wp:attachment":[{"href":"https:\/\/www.manquepierda.com\/historiarealbetis\/wp-json\/wp\/v2\/media?parent=100275"}],"wp:term":[{"taxonomy":"category","embeddable":true,"href":"https:\/\/www.manquepierda.com\/historiarealbetis\/wp-json\/wp\/v2\/categories?post=100275"},{"taxonomy":"post_tag","embeddable":true,"href":"https:\/\/www.manquepierda.com\/historiarealbetis\/wp-json\/wp\/v2\/tags?post=100275"}],"curies":[{"name":"wp","href":"https:\/\/api.w.org\/{rel}","templated":true}]}}