{"id":100464,"date":"2024-11-03T13:00:00","date_gmt":"2024-11-03T12:00:00","guid":{"rendered":"https:\/\/www.manquepierda.com\/historiarealbetis\/?p=100464"},"modified":"2025-08-20T16:05:18","modified_gmt":"2025-08-20T14:05:18","slug":"hoy-hace-22-anos-betis-3-malaga-0","status":"publish","type":"post","link":"https:\/\/www.manquepierda.com\/historiarealbetis\/hoy-hace-22-anos-betis-3-malaga-0\/","title":{"rendered":"Hoy hace 22 a\u00f1os. Betis 3 M\u00e1laga 0."},"content":{"rendered":"<div class=\"wp-block-image\">\n<figure class=\"aligncenter size-full\"><img data-recalc-dims=\"1\" loading=\"lazy\" decoding=\"async\" width=\"432\" height=\"612\" src=\"https:\/\/i0.wp.com\/www.manquepierda.com\/historiarealbetis\/files\/2024\/10\/3-2002-Betis-3-Malaga-0.jpg?resize=432%2C612&#038;ssl=1\" alt=\"\" class=\"wp-image-100465\" srcset=\"https:\/\/i0.wp.com\/www.manquepierda.com\/historiarealbetis\/files\/2024\/10\/3-2002-Betis-3-Malaga-0.jpg?w=432&amp;ssl=1 432w, https:\/\/i0.wp.com\/www.manquepierda.com\/historiarealbetis\/files\/2024\/10\/3-2002-Betis-3-Malaga-0.jpg?resize=424%2C600&amp;ssl=1 424w, https:\/\/i0.wp.com\/www.manquepierda.com\/historiarealbetis\/files\/2024\/10\/3-2002-Betis-3-Malaga-0.jpg?resize=155%2C220&amp;ssl=1 155w\" sizes=\"auto, (max-width: 432px) 100vw, 432px\" \/><\/figure>\n<\/div>\n\n<p><span style=\"color: #008000\">El 3 de noviembre de 2002 en el Ruiz de Lopera el Betis derrota por 3-0 al M\u00e1laga en partido de la jornada 8 del Campeonato de Liga de Primera Divisi\u00f3n.<\/span><\/p>\n<p><span style=\"color: #008000\">En el minuto 49 Arzu abri\u00f3 el marcador aprovechando un rechace en el interior del \u00e1rea visitante. En el 58 un disparo de Casas repelido por los dos postes fue remachado por Fernando, y en el 76 Fernando marc\u00f3 de penalti cometido sobre Denilson.<\/span><\/p>\n<p><span style=\"color: #008000\">El Betis, dirigido por V\u00edctor Fern\u00e1ndez, aline\u00f3 a Prats; Arzu, Juanito, Rivas, Mingo (72, Melli); Ito, Fernando; Joaqu\u00edn, Capi, Denilson (80, Joao Tom\u00e1s) y Casas (65, Assun\u00e7ao).<\/span><\/p>\n<p><span style=\"color: #008000\">El M\u00e1laga, entrenado por Joaqu\u00edn Peir\u00f3, form\u00f3 con Contreras; Josemi, Litos, Fernando Sanz, Valcarce; Manu, Romero, Miguel \u00c1ngel (68, Sandro), Iznata (67, Musampa); Leko (57, Dely Vald\u00e9s) y Dar\u00edo Silva.<\/span> \u00a0<\/p>\n<p><span style=\"color: #008000\">En este partido debut\u00f3 en competici\u00f3n oficial con el Betis Juan Alberto Andreu \u00abMelli\u00bb.<\/span><\/p>","protected":false},"excerpt":{"rendered":"<p>El 3 de noviembre de 2002 en el Ruiz de Lopera el Betis derrota por 3-0 al M\u00e1laga en partido de la jornada 8 del Campeonato de Liga de Primera Divisi\u00f3n. En el minuto 49 Arzu abri\u00f3 el marcador aprovechando un rechace en el interior del \u00e1rea visitante. En el 58 un disparo de Casas&#8230;<\/p>\n","protected":false},"author":5,"featured_media":100465,"comment_status":"open","ping_status":"open","sticky":false,"template":"","format":"standard","meta":{"_kad_post_transparent":"","_kad_post_title":"","_kad_post_layout":"","_kad_post_sidebar_id":"","_kad_post_content_style":"","_kad_post_vertical_padding":"","_kad_post_feature":"","_kad_post_feature_position":"","_kad_post_header":false,"_kad_post_footer":false,"_kad_post_classname":"","_jetpack_memberships_contains_paid_content":false,"footnotes":"","jetpack_publicize_message":"","jetpack_publicize_feature_enabled":true,"jetpack_social_post_already_shared":true,"jetpack_social_options":{"image_generator_settings":{"template":"highway","default_image_id":0,"font":"","enabled":false},"version":2}},"categories":[4823,14583,1],"tags":[4824,1481,17930,3917],"class_list":["post-100464","post","type-post","status-publish","format-standard","has-post-thumbnail","hentry","category-2000-2009","category-efemerides","category-portada","tag-4824","tag-juan-alberto-andreu-melli","tag-liga-primera-2002-03","tag-malaga-cf"],"jetpack_publicize_connections":[],"jetpack_featured_media_url":"https:\/\/i0.wp.com\/www.manquepierda.com\/historiarealbetis\/files\/2024\/10\/3-2002-Betis-3-Malaga-0.jpg?fit=432%2C612&ssl=1","jetpack_sharing_enabled":true,"jetpack_shortlink":"https:\/\/wp.me\/p1ij08-q8o","jetpack-related-posts":[],"_links":{"self":[{"href":"https:\/\/www.manquepierda.com\/historiarealbetis\/wp-json\/wp\/v2\/posts\/100464","targetHints":{"allow":["GET"]}}],"collection":[{"href":"https:\/\/www.manquepierda.com\/historiarealbetis\/wp-json\/wp\/v2\/posts"}],"about":[{"href":"https:\/\/www.manquepierda.com\/historiarealbetis\/wp-json\/wp\/v2\/types\/post"}],"author":[{"embeddable":true,"href":"https:\/\/www.manquepierda.com\/historiarealbetis\/wp-json\/wp\/v2\/users\/5"}],"replies":[{"embeddable":true,"href":"https:\/\/www.manquepierda.com\/historiarealbetis\/wp-json\/wp\/v2\/comments?post=100464"}],"version-history":[{"count":2,"href":"https:\/\/www.manquepierda.com\/historiarealbetis\/wp-json\/wp\/v2\/posts\/100464\/revisions"}],"predecessor-version":[{"id":104509,"href":"https:\/\/www.manquepierda.com\/historiarealbetis\/wp-json\/wp\/v2\/posts\/100464\/revisions\/104509"}],"wp:featuredmedia":[{"embeddable":true,"href":"https:\/\/www.manquepierda.com\/historiarealbetis\/wp-json\/wp\/v2\/media\/100465"}],"wp:attachment":[{"href":"https:\/\/www.manquepierda.com\/historiarealbetis\/wp-json\/wp\/v2\/media?parent=100464"}],"wp:term":[{"taxonomy":"category","embeddable":true,"href":"https:\/\/www.manquepierda.com\/historiarealbetis\/wp-json\/wp\/v2\/categories?post=100464"},{"taxonomy":"post_tag","embeddable":true,"href":"https:\/\/www.manquepierda.com\/historiarealbetis\/wp-json\/wp\/v2\/tags?post=100464"}],"curies":[{"name":"wp","href":"https:\/\/api.w.org\/{rel}","templated":true}]}}