{"id":100481,"date":"2024-11-08T13:00:00","date_gmt":"2024-11-08T12:00:00","guid":{"rendered":"https:\/\/www.manquepierda.com\/historiarealbetis\/?p=100481"},"modified":"2024-10-20T11:02:42","modified_gmt":"2024-10-20T09:02:42","slug":"hoy-hace-15-anos-cadiz-2-betis-2","status":"publish","type":"post","link":"https:\/\/www.manquepierda.com\/historiarealbetis\/hoy-hace-15-anos-cadiz-2-betis-2\/","title":{"rendered":"Hoy hace 15 a\u00f1os. C\u00e1diz 2 Betis 2."},"content":{"rendered":"<div class=\"wp-block-image\">\n<figure class=\"aligncenter size-full\"><img data-recalc-dims=\"1\" loading=\"lazy\" decoding=\"async\" width=\"399\" height=\"500\" src=\"https:\/\/i0.wp.com\/www.manquepierda.com\/historiarealbetis\/files\/2024\/10\/8-2009-Cadiz-2-Betis-2-.jpg?resize=399%2C500&#038;ssl=1\" alt=\"\" class=\"wp-image-100482\" srcset=\"https:\/\/i0.wp.com\/www.manquepierda.com\/historiarealbetis\/files\/2024\/10\/8-2009-Cadiz-2-Betis-2-.jpg?w=399&amp;ssl=1 399w, https:\/\/i0.wp.com\/www.manquepierda.com\/historiarealbetis\/files\/2024\/10\/8-2009-Cadiz-2-Betis-2-.jpg?resize=176%2C220&amp;ssl=1 176w\" sizes=\"auto, (max-width: 399px) 100vw, 399px\" \/><\/figure>\n<\/div>\n\n<p>\u00a0<\/p>\n<p><span style=\"color: #008000\">El 8 de noviembre de 2009 en Carranza C\u00e1diz y Betis empatan a 2 en partido de la jornada 11 del Campeonato de Liga de Segunda Divisi\u00f3n.<\/span><\/p>\n<p><span style=\"color: #008000\">En el minuto 26 L\u00f3pez Silva marc\u00f3 para los locales tras una jugada personal; empat\u00f3 el Betis en el 57 con un remate de Rodri dentro del \u00e1rea, y se puso por delante en el 75 en un mano a mano de Pavone, aunque el C\u00e1diz logr\u00f3 el empate definitivo en el 92 con un remate de cabeza de Ogbeche.<\/span><\/p>\n<p><span style=\"color: #008000\">El C\u00e1diz, entrenado por Javi Gracia, jug\u00f3 con Casilla; Cristian, Silva, Dani, Fragoso; Cifuentes, Erice (75, Toedtli), Ormaz\u00e1bal, Enrique (71, Nano), L\u00f3pez Silva; Caballero y Diego Trist\u00e1n (60, Ogbeche).<\/span><\/p>\n<p><span style=\"color: #008000\">El Betis, dirigido por Antonio Tapia, aline\u00f3 a Goitia; Nelson, Carlos Garcia, Arzu, Dami\u00e1 (46, Vega); Iriney, Juande (46, Juanma), Rodri, Capi; Sergio Garc\u00eda y Pavone (88, Sunny).<\/span><\/p>","protected":false},"excerpt":{"rendered":"<p>\u00a0 El 8 de noviembre de 2009 en Carranza C\u00e1diz y Betis empatan a 2 en partido de la jornada 11 del Campeonato de Liga de Segunda Divisi\u00f3n. En el minuto 26 L\u00f3pez Silva marc\u00f3 para los locales tras una jugada personal; empat\u00f3 el Betis en el 57 con un remate de Rodri dentro del&#8230;<\/p>\n","protected":false},"author":5,"featured_media":100482,"comment_status":"open","ping_status":"open","sticky":false,"template":"","format":"standard","meta":{"_kad_post_transparent":"","_kad_post_title":"","_kad_post_layout":"","_kad_post_sidebar_id":"","_kad_post_content_style":"","_kad_post_vertical_padding":"","_kad_post_feature":"","_kad_post_feature_position":"","_kad_post_header":false,"_kad_post_footer":false,"_kad_post_classname":"","_jetpack_memberships_contains_paid_content":false,"footnotes":"","jetpack_publicize_message":"","jetpack_publicize_feature_enabled":true,"jetpack_social_post_already_shared":true,"jetpack_social_options":{"image_generator_settings":{"template":"highway","default_image_id":0,"font":"","enabled":false},"version":2}},"categories":[4823,14583,1],"tags":[8877,187,17948],"class_list":["post-100481","post","type-post","status-publish","format-standard","has-post-thumbnail","hentry","category-2000-2009","category-efemerides","category-portada","tag-8877","tag-cadiz-cf","tag-liga-segunda-2009-10"],"jetpack_publicize_connections":[],"jetpack_featured_media_url":"https:\/\/i0.wp.com\/www.manquepierda.com\/historiarealbetis\/files\/2024\/10\/8-2009-Cadiz-2-Betis-2-.jpg?fit=399%2C500&ssl=1","jetpack_sharing_enabled":true,"jetpack_shortlink":"https:\/\/wp.me\/p1ij08-q8F","jetpack-related-posts":[],"_links":{"self":[{"href":"https:\/\/www.manquepierda.com\/historiarealbetis\/wp-json\/wp\/v2\/posts\/100481","targetHints":{"allow":["GET"]}}],"collection":[{"href":"https:\/\/www.manquepierda.com\/historiarealbetis\/wp-json\/wp\/v2\/posts"}],"about":[{"href":"https:\/\/www.manquepierda.com\/historiarealbetis\/wp-json\/wp\/v2\/types\/post"}],"author":[{"embeddable":true,"href":"https:\/\/www.manquepierda.com\/historiarealbetis\/wp-json\/wp\/v2\/users\/5"}],"replies":[{"embeddable":true,"href":"https:\/\/www.manquepierda.com\/historiarealbetis\/wp-json\/wp\/v2\/comments?post=100481"}],"version-history":[{"count":1,"href":"https:\/\/www.manquepierda.com\/historiarealbetis\/wp-json\/wp\/v2\/posts\/100481\/revisions"}],"predecessor-version":[{"id":100483,"href":"https:\/\/www.manquepierda.com\/historiarealbetis\/wp-json\/wp\/v2\/posts\/100481\/revisions\/100483"}],"wp:featuredmedia":[{"embeddable":true,"href":"https:\/\/www.manquepierda.com\/historiarealbetis\/wp-json\/wp\/v2\/media\/100482"}],"wp:attachment":[{"href":"https:\/\/www.manquepierda.com\/historiarealbetis\/wp-json\/wp\/v2\/media?parent=100481"}],"wp:term":[{"taxonomy":"category","embeddable":true,"href":"https:\/\/www.manquepierda.com\/historiarealbetis\/wp-json\/wp\/v2\/categories?post=100481"},{"taxonomy":"post_tag","embeddable":true,"href":"https:\/\/www.manquepierda.com\/historiarealbetis\/wp-json\/wp\/v2\/tags?post=100481"}],"curies":[{"name":"wp","href":"https:\/\/api.w.org\/{rel}","templated":true}]}}