{"id":100510,"date":"2024-11-14T13:00:00","date_gmt":"2024-11-14T12:00:00","guid":{"rendered":"https:\/\/www.manquepierda.com\/historiarealbetis\/?p=100510"},"modified":"2024-10-21T19:18:06","modified_gmt":"2024-10-21T17:18:06","slug":"hoy-hace-70-anos-betis-3-sabadell-2","status":"publish","type":"post","link":"https:\/\/www.manquepierda.com\/historiarealbetis\/hoy-hace-70-anos-betis-3-sabadell-2\/","title":{"rendered":"Hoy hace 70 a\u00f1os. Betis 3 Sabadell 2."},"content":{"rendered":"<div class=\"wp-block-image\">\n<figure class=\"aligncenter size-large\"><img data-recalc-dims=\"1\" loading=\"lazy\" decoding=\"async\" width=\"448\" height=\"700\" src=\"https:\/\/i0.wp.com\/www.manquepierda.com\/historiarealbetis\/files\/2024\/10\/14-1954-Betis-3-Sabadell-2.jpg?resize=448%2C700&#038;ssl=1\" alt=\"\" class=\"wp-image-100511\" srcset=\"https:\/\/i0.wp.com\/www.manquepierda.com\/historiarealbetis\/files\/2024\/10\/14-1954-Betis-3-Sabadell-2.jpg?resize=448%2C700&amp;ssl=1 448w, https:\/\/i0.wp.com\/www.manquepierda.com\/historiarealbetis\/files\/2024\/10\/14-1954-Betis-3-Sabadell-2.jpg?resize=384%2C600&amp;ssl=1 384w, https:\/\/i0.wp.com\/www.manquepierda.com\/historiarealbetis\/files\/2024\/10\/14-1954-Betis-3-Sabadell-2.jpg?resize=141%2C220&amp;ssl=1 141w, https:\/\/i0.wp.com\/www.manquepierda.com\/historiarealbetis\/files\/2024\/10\/14-1954-Betis-3-Sabadell-2.jpg?w=465&amp;ssl=1 465w\" sizes=\"auto, (max-width: 448px) 100vw, 448px\" \/><\/figure>\n<\/div>\n\n<p>\u00a0<\/p>\n<p><span style=\"color: #008000\">El 14 de noviembre de 1954 en Heli\u00f3polis el Betis derrota 3-2 al Sabadell en partido de la jornada 10 del Campeonato de Liga de Segunda Divisi\u00f3n.<\/span><\/p>\n<p><span style=\"color: #008000\">En el minuto 5 se adelant\u00f3 el Betis con un remate de Flores tras jugada de Villota. En el 47 empat\u00f3 con un disparo cruzado Bolea; un remate de Marcos Mart\u00edn en el 63 tras una falta signific\u00f3 el 2-1, que este mismo jugador ampli\u00f3 de cabeza en el 73 en un c\u00f3rner sacado por Flores. Finalmente, en el 87 Mu\u00f1oz cerr\u00f3 el marcador.<\/span><\/p>\n<p><span style=\"color: #008000\">El Betis, dirigido por Francisco G\u00f3mez, aline\u00f3 a Gonz\u00e1lez; Portu, \u00d3scar, Cifuentes; Pe\u00f1afuerte, Aumesquet; Del Sol, Guerrero, Villota, Marcos Mart\u00edn y Flores.<\/span><\/p>\n<p><span style=\"color: #008000\">El Sabadell, entrenado por Zvonimir Monsider, jug\u00f3 con Santos; Cadena, Garc\u00eda, Rovira; G\u00e1miz, Segarra; Segura, Bolea, Sat\u00f3, Aguirre y Mu\u00f1oz. \u00a0<\/span><\/p>","protected":false},"excerpt":{"rendered":"<p>\u00a0 El 14 de noviembre de 1954 en Heli\u00f3polis el Betis derrota 3-2 al Sabadell en partido de la jornada 10 del Campeonato de Liga de Segunda Divisi\u00f3n. En el minuto 5 se adelant\u00f3 el Betis con un remate de Flores tras jugada de Villota. En el 47 empat\u00f3 con un disparo cruzado Bolea; un&#8230;<\/p>\n","protected":false},"author":5,"featured_media":100511,"comment_status":"open","ping_status":"open","sticky":false,"template":"","format":"standard","meta":{"_kad_post_transparent":"","_kad_post_title":"","_kad_post_layout":"","_kad_post_sidebar_id":"","_kad_post_content_style":"","_kad_post_vertical_padding":"","_kad_post_feature":"","_kad_post_feature_position":"","_kad_post_header":false,"_kad_post_footer":false,"_kad_post_classname":"","_jetpack_memberships_contains_paid_content":false,"footnotes":"","jetpack_publicize_message":"","jetpack_publicize_feature_enabled":true,"jetpack_social_post_already_shared":true,"jetpack_social_options":{"image_generator_settings":{"template":"highway","default_image_id":0,"font":"","enabled":false},"version":2}},"categories":[901,14583,1],"tags":[54,17047,17902],"class_list":["post-100510","post","type-post","status-publish","format-standard","has-post-thumbnail","hentry","category-1950-1959","category-efemerides","category-portada","tag-54","tag-ce-sabadell","tag-liga-segunda-1954-55"],"jetpack_publicize_connections":[],"jetpack_featured_media_url":"https:\/\/i0.wp.com\/www.manquepierda.com\/historiarealbetis\/files\/2024\/10\/14-1954-Betis-3-Sabadell-2.jpg?fit=465%2C726&ssl=1","jetpack_sharing_enabled":true,"jetpack_shortlink":"https:\/\/wp.me\/p1ij08-q98","jetpack-related-posts":[],"_links":{"self":[{"href":"https:\/\/www.manquepierda.com\/historiarealbetis\/wp-json\/wp\/v2\/posts\/100510","targetHints":{"allow":["GET"]}}],"collection":[{"href":"https:\/\/www.manquepierda.com\/historiarealbetis\/wp-json\/wp\/v2\/posts"}],"about":[{"href":"https:\/\/www.manquepierda.com\/historiarealbetis\/wp-json\/wp\/v2\/types\/post"}],"author":[{"embeddable":true,"href":"https:\/\/www.manquepierda.com\/historiarealbetis\/wp-json\/wp\/v2\/users\/5"}],"replies":[{"embeddable":true,"href":"https:\/\/www.manquepierda.com\/historiarealbetis\/wp-json\/wp\/v2\/comments?post=100510"}],"version-history":[{"count":1,"href":"https:\/\/www.manquepierda.com\/historiarealbetis\/wp-json\/wp\/v2\/posts\/100510\/revisions"}],"predecessor-version":[{"id":100512,"href":"https:\/\/www.manquepierda.com\/historiarealbetis\/wp-json\/wp\/v2\/posts\/100510\/revisions\/100512"}],"wp:featuredmedia":[{"embeddable":true,"href":"https:\/\/www.manquepierda.com\/historiarealbetis\/wp-json\/wp\/v2\/media\/100511"}],"wp:attachment":[{"href":"https:\/\/www.manquepierda.com\/historiarealbetis\/wp-json\/wp\/v2\/media?parent=100510"}],"wp:term":[{"taxonomy":"category","embeddable":true,"href":"https:\/\/www.manquepierda.com\/historiarealbetis\/wp-json\/wp\/v2\/categories?post=100510"},{"taxonomy":"post_tag","embeddable":true,"href":"https:\/\/www.manquepierda.com\/historiarealbetis\/wp-json\/wp\/v2\/tags?post=100510"}],"curies":[{"name":"wp","href":"https:\/\/api.w.org\/{rel}","templated":true}]}}