{"id":100561,"date":"2024-10-29T11:00:00","date_gmt":"2024-10-29T10:00:00","guid":{"rendered":"https:\/\/www.manquepierda.com\/historiarealbetis\/?p=100561"},"modified":"2024-10-24T07:48:36","modified_gmt":"2024-10-24T05:48:36","slug":"cordoba-betis-deportivo-liga-1984","status":"publish","type":"post","link":"https:\/\/www.manquepierda.com\/historiarealbetis\/cordoba-betis-deportivo-liga-1984\/","title":{"rendered":"C\u00f3rdoba-Betis Deportivo Liga 1984"},"content":{"rendered":"<div class=\"wp-block-image\">\n<figure class=\"aligncenter size-large\"><img data-recalc-dims=\"1\" loading=\"lazy\" decoding=\"async\" width=\"960\" height=\"540\" src=\"https:\/\/i0.wp.com\/www.manquepierda.com\/historiarealbetis\/files\/2024\/10\/Cordoba-Betis-Deportivo-Liga-1984.jpg?resize=960%2C540&#038;ssl=1\" alt=\"\" class=\"wp-image-100562\" srcset=\"https:\/\/i0.wp.com\/www.manquepierda.com\/historiarealbetis\/files\/2024\/10\/Cordoba-Betis-Deportivo-Liga-1984.jpg?resize=960%2C540&amp;ssl=1 960w, https:\/\/i0.wp.com\/www.manquepierda.com\/historiarealbetis\/files\/2024\/10\/Cordoba-Betis-Deportivo-Liga-1984.jpg?resize=680%2C383&amp;ssl=1 680w, https:\/\/i0.wp.com\/www.manquepierda.com\/historiarealbetis\/files\/2024\/10\/Cordoba-Betis-Deportivo-Liga-1984.jpg?resize=220%2C124&amp;ssl=1 220w, https:\/\/i0.wp.com\/www.manquepierda.com\/historiarealbetis\/files\/2024\/10\/Cordoba-Betis-Deportivo-Liga-1984.jpg?resize=768%2C432&amp;ssl=1 768w, https:\/\/i0.wp.com\/www.manquepierda.com\/historiarealbetis\/files\/2024\/10\/Cordoba-Betis-Deportivo-Liga-1984.jpg?w=1280&amp;ssl=1 1280w\" sizes=\"auto, (max-width: 960px) 100vw, 960px\" \/><\/figure>\n<\/div>\n\n<p>\u00a0<\/p>\n<p>9 de diciembre de 1984 en El Arc\u00e1ngel C\u00f3rdoba 0 Betis Deportivo 1; jornada 15 del Campeonato de Liga de Tercera Divisi\u00f3n.<\/p>\n<p>En la imagen el guardameta b\u00e9tico Torrano desbarata una oportunidad del equipo cordobesista, con la presencia del defensor b\u00e9tico Julio.<\/p>\n<p>El filial verdiblanco se impuso en terreno cordob\u00e9s con un tanto de Pedro Medina.<\/p>\n<p>Yosu Ortundo entrenaba al C\u00f3rdoba y Jos\u00e9 Enrique D\u00edaz al Betis Deportivo.\u00a0<\/p>\n<p>\u00a0\u00a0<\/p>","protected":false},"excerpt":{"rendered":"<p>\u00a0 9 de diciembre de 1984 en El Arc\u00e1ngel C\u00f3rdoba 0 Betis Deportivo 1; jornada 15 del Campeonato de Liga de Tercera Divisi\u00f3n. En la imagen el guardameta b\u00e9tico Torrano desbarata una oportunidad del equipo cordobesista, con la presencia del defensor b\u00e9tico Julio. El filial verdiblanco se impuso en terreno cordob\u00e9s con un tanto de&#8230;<\/p>\n","protected":false},"author":5,"featured_media":0,"comment_status":"open","ping_status":"open","sticky":false,"template":"","format":"standard","meta":{"_kad_post_transparent":"","_kad_post_title":"","_kad_post_layout":"","_kad_post_sidebar_id":"","_kad_post_content_style":"","_kad_post_vertical_padding":"","_kad_post_feature":"","_kad_post_feature_position":"","_kad_post_header":false,"_kad_post_footer":false,"_kad_post_classname":"","_jetpack_memberships_contains_paid_content":false,"footnotes":"","jetpack_publicize_message":"","jetpack_publicize_feature_enabled":true,"jetpack_social_post_already_shared":true,"jetpack_social_options":{"image_generator_settings":{"template":"highway","default_image_id":0,"font":"","enabled":false},"version":2}},"categories":[904,17191,1],"tags":[3115,3355,2110,1417,18143,2115],"class_list":["post-100561","post","type-post","status-publish","format-standard","hentry","category-1980-1989","category-cantera","category-portada","tag-3115","tag-betis-deportivo-balompie","tag-cordoba-cf","tag-julio-garcia","tag-liga-tercera-1984-85","tag-pedro-torrano"],"jetpack_publicize_connections":[],"jetpack_featured_media_url":"","jetpack_sharing_enabled":true,"jetpack_shortlink":"https:\/\/wp.me\/p1ij08-q9X","jetpack-related-posts":[],"_links":{"self":[{"href":"https:\/\/www.manquepierda.com\/historiarealbetis\/wp-json\/wp\/v2\/posts\/100561","targetHints":{"allow":["GET"]}}],"collection":[{"href":"https:\/\/www.manquepierda.com\/historiarealbetis\/wp-json\/wp\/v2\/posts"}],"about":[{"href":"https:\/\/www.manquepierda.com\/historiarealbetis\/wp-json\/wp\/v2\/types\/post"}],"author":[{"embeddable":true,"href":"https:\/\/www.manquepierda.com\/historiarealbetis\/wp-json\/wp\/v2\/users\/5"}],"replies":[{"embeddable":true,"href":"https:\/\/www.manquepierda.com\/historiarealbetis\/wp-json\/wp\/v2\/comments?post=100561"}],"version-history":[{"count":2,"href":"https:\/\/www.manquepierda.com\/historiarealbetis\/wp-json\/wp\/v2\/posts\/100561\/revisions"}],"predecessor-version":[{"id":100565,"href":"https:\/\/www.manquepierda.com\/historiarealbetis\/wp-json\/wp\/v2\/posts\/100561\/revisions\/100565"}],"wp:attachment":[{"href":"https:\/\/www.manquepierda.com\/historiarealbetis\/wp-json\/wp\/v2\/media?parent=100561"}],"wp:term":[{"taxonomy":"category","embeddable":true,"href":"https:\/\/www.manquepierda.com\/historiarealbetis\/wp-json\/wp\/v2\/categories?post=100561"},{"taxonomy":"post_tag","embeddable":true,"href":"https:\/\/www.manquepierda.com\/historiarealbetis\/wp-json\/wp\/v2\/tags?post=100561"}],"curies":[{"name":"wp","href":"https:\/\/api.w.org\/{rel}","templated":true}]}}