{"id":10093,"date":"2011-04-01T14:33:37","date_gmt":"2011-04-01T13:33:37","guid":{"rendered":"http:\/\/www.manquepierda.com\/historiarealbetis\/?p=10093"},"modified":"2024-09-22T19:57:15","modified_gmt":"2024-09-22T17:57:15","slug":"athletic-club-betis-final-copa-1931","status":"publish","type":"post","link":"https:\/\/www.manquepierda.com\/historiarealbetis\/athletic-club-betis-final-copa-1931\/","title":{"rendered":"Athletic Club-Betis Final Copa 1931"},"content":{"rendered":"<figure id=\"attachment_10094\" aria-describedby=\"caption-attachment-10094\" style=\"width: 811px\" class=\"wp-caption aligncenter\"><a class=\"lightbox\" title=\"Ath.Bilbao-Betis Copa 1931 (NMP) ABC 24-6-1931\" href=\"https:\/\/i0.wp.com\/www.manquepierda.com\/historiarealbetis\/files\/2011\/04\/Ath.Bilbao-Betis-Copa-1931-NMP-ABC-24-6-1931.jpg?ssl=1\"><img data-recalc-dims=\"1\" loading=\"lazy\" decoding=\"async\" class=\"size-full wp-image-10094\" src=\"https:\/\/i0.wp.com\/www.manquepierda.com\/historiarealbetis\/files\/2011\/04\/Ath.Bilbao-Betis-Copa-1931-NMP-ABC-24-6-1931.jpg?resize=811%2C860&#038;ssl=1\" alt=\"Fuente: ABC Madrid 24 de Junio de 1931 \" width=\"811\" height=\"860\" srcset=\"https:\/\/i0.wp.com\/www.manquepierda.com\/historiarealbetis\/files\/2011\/04\/Ath.Bilbao-Betis-Copa-1931-NMP-ABC-24-6-1931.jpg?w=811&amp;ssl=1 811w, https:\/\/i0.wp.com\/www.manquepierda.com\/historiarealbetis\/files\/2011\/04\/Ath.Bilbao-Betis-Copa-1931-NMP-ABC-24-6-1931.jpg?resize=282%2C300&amp;ssl=1 282w\" sizes=\"auto, (max-width: 811px) 100vw, 811px\" \/><\/a><figcaption id=\"caption-attachment-10094\" class=\"wp-caption-text\">Fuente: ABC Madrid 24 de Junio de 1931<\/figcaption><\/figure>\n<p>&nbsp;<\/p>\n<p>21 de Junio de 1931 en Chamart\u00edn\u00a0 Athletic Club de Bilbao\u00a0 3\u00a0\u00a0 Betis Balompi\u00e9 1; final de la Copa<\/p>\n<p>&nbsp;<\/p>\n<p>En la imagen el portero bilbaino Blasco se arroja a los pies un delantero b\u00e9tico; al fondo el bilba\u00edno Castellanos y el b\u00e9tico Timimi.<\/p>\n<p>&nbsp;<\/p>\n<p>El Athletic Club, que ya hab\u00eda ganado la Liga, se hac\u00eda con el doblete al vencer 3-1 con goles de Chirri, Roberto y Bata, mientras que Sanz hizo el tanto b\u00e9tico.\u00a0 A destacar que el Betis militaba a\u00fan en Segunda Divisi\u00f3n, siendo el primer equipo de esta categor\u00eda que alcanz\u00f3 una final de Copa.<\/p>\n<p>&nbsp;<\/p>\n","protected":false},"excerpt":{"rendered":"<p>&nbsp; 21 de Junio de 1931 en Chamart\u00edn\u00a0 Athletic Club de Bilbao\u00a0 3\u00a0\u00a0 Betis Balompi\u00e9 1; final de la Copa &nbsp; En la imagen el portero bilbaino Blasco se arroja a los pies un delantero b\u00e9tico; al fondo el bilba\u00edno Castellanos y el b\u00e9tico Timimi. &nbsp; El Athletic Club, que ya hab\u00eda ganado la Liga,&#8230;<\/p>\n","protected":false},"author":5,"featured_media":10094,"comment_status":"open","ping_status":"open","sticky":false,"template":"","format":"standard","meta":{"_kad_post_transparent":"","_kad_post_title":"","_kad_post_layout":"","_kad_post_sidebar_id":"","_kad_post_content_style":"","_kad_post_vertical_padding":"","_kad_post_feature":"","_kad_post_feature_position":"","_kad_post_header":false,"_kad_post_footer":false,"_kad_post_classname":"","_jetpack_memberships_contains_paid_content":false,"footnotes":"","jetpack_publicize_message":"","jetpack_publicize_feature_enabled":true,"jetpack_social_post_already_shared":false,"jetpack_social_options":{"image_generator_settings":{"template":"highway","default_image_id":0,"font":"","enabled":false},"version":2}},"categories":[899,1],"tags":[2925,1029,124,17885,16559,1113],"class_list":["post-10093","post","type-post","status-publish","format-standard","has-post-thumbnail","hentry","category-1930-1939","category-portada","tag-1930-31","tag-1029","tag-athletic-club","tag-copa-1930-31","tag-final-copa-1931","tag-pedro-gonzalez-timimi"],"jetpack_publicize_connections":[],"jetpack_featured_media_url":"https:\/\/i0.wp.com\/www.manquepierda.com\/historiarealbetis\/files\/2011\/04\/Ath.Bilbao-Betis-Copa-1931-NMP-ABC-24-6-1931.jpg?fit=811%2C860&ssl=1","jetpack_sharing_enabled":true,"jetpack_shortlink":"https:\/\/wp.me\/p1ij08-2CN","jetpack-related-posts":[],"_links":{"self":[{"href":"https:\/\/www.manquepierda.com\/historiarealbetis\/wp-json\/wp\/v2\/posts\/10093","targetHints":{"allow":["GET"]}}],"collection":[{"href":"https:\/\/www.manquepierda.com\/historiarealbetis\/wp-json\/wp\/v2\/posts"}],"about":[{"href":"https:\/\/www.manquepierda.com\/historiarealbetis\/wp-json\/wp\/v2\/types\/post"}],"author":[{"embeddable":true,"href":"https:\/\/www.manquepierda.com\/historiarealbetis\/wp-json\/wp\/v2\/users\/5"}],"replies":[{"embeddable":true,"href":"https:\/\/www.manquepierda.com\/historiarealbetis\/wp-json\/wp\/v2\/comments?post=10093"}],"version-history":[{"count":1,"href":"https:\/\/www.manquepierda.com\/historiarealbetis\/wp-json\/wp\/v2\/posts\/10093\/revisions"}],"predecessor-version":[{"id":97080,"href":"https:\/\/www.manquepierda.com\/historiarealbetis\/wp-json\/wp\/v2\/posts\/10093\/revisions\/97080"}],"wp:featuredmedia":[{"embeddable":true,"href":"https:\/\/www.manquepierda.com\/historiarealbetis\/wp-json\/wp\/v2\/media\/10094"}],"wp:attachment":[{"href":"https:\/\/www.manquepierda.com\/historiarealbetis\/wp-json\/wp\/v2\/media?parent=10093"}],"wp:term":[{"taxonomy":"category","embeddable":true,"href":"https:\/\/www.manquepierda.com\/historiarealbetis\/wp-json\/wp\/v2\/categories?post=10093"},{"taxonomy":"post_tag","embeddable":true,"href":"https:\/\/www.manquepierda.com\/historiarealbetis\/wp-json\/wp\/v2\/tags?post=10093"}],"curies":[{"name":"wp","href":"https:\/\/api.w.org\/{rel}","templated":true}]}}