{"id":100985,"date":"2024-11-19T11:00:00","date_gmt":"2024-11-19T10:00:00","guid":{"rendered":"https:\/\/www.manquepierda.com\/historiarealbetis\/?p=100985"},"modified":"2024-11-19T19:24:49","modified_gmt":"2024-11-19T18:24:49","slug":"entrevista-rafael-gordillo-2001","status":"publish","type":"post","link":"https:\/\/www.manquepierda.com\/historiarealbetis\/entrevista-rafael-gordillo-2001\/","title":{"rendered":"Entrevista Rafael Gordillo 2001"},"content":{"rendered":"<div class=\"wp-block-image\">\n<figure class=\"aligncenter size-large\"><img data-recalc-dims=\"1\" loading=\"lazy\" decoding=\"async\" width=\"463\" height=\"700\" src=\"https:\/\/i0.wp.com\/www.manquepierda.com\/historiarealbetis\/files\/2024\/11\/Gordillo-2.jpg?resize=463%2C700&#038;ssl=1\" alt=\"\" class=\"wp-image-100986\" srcset=\"https:\/\/i0.wp.com\/www.manquepierda.com\/historiarealbetis\/files\/2024\/11\/Gordillo-2.jpg?resize=463%2C700&amp;ssl=1 463w, https:\/\/i0.wp.com\/www.manquepierda.com\/historiarealbetis\/files\/2024\/11\/Gordillo-2.jpg?resize=397%2C600&amp;ssl=1 397w, https:\/\/i0.wp.com\/www.manquepierda.com\/historiarealbetis\/files\/2024\/11\/Gordillo-2.jpg?resize=146%2C220&amp;ssl=1 146w, https:\/\/i0.wp.com\/www.manquepierda.com\/historiarealbetis\/files\/2024\/11\/Gordillo-2.jpg?w=668&amp;ssl=1 668w\" sizes=\"auto, (max-width: 463px) 100vw, 463px\" \/><\/figure>\n<\/div>\n\n<p>Rafael Gordillo jug\u00f3 en el primer equipo b\u00e9tico en dos etapas; entre 1977 y 1985 y entre 1992 y 1995. M\u00e1s de 500 partidos con al verdiblanca avalan su trayectoria como uno de los futbolistas m\u00e1s importantes de la historia verdiblanca. Incorporado a la cantera b\u00e9tica en 1972, pas\u00f3 por todos los escalafones inferiores antes de debutar con el primer equipo.<\/p>\n<p>En esta entrevista de mayo del a\u00f1o 2001 con el periodista Manuel Fern\u00e1ndez de C\u00f3rdoba repasa su historia futbol\u00edstica y personal en los 20 a\u00f1os de su vida que dedic\u00f3 al mundo del f\u00fatbol.\u00a0<\/p>\n<p><span style=\"color: #008000\"><em>Naci\u00f3 en el Betis y al Betis volvi\u00f3 tras haber triunfado en verdiblanco de Heli\u00f3polis, en blanco de Bernab\u00e9u y en la selecci\u00f3n espa\u00f1ola. Pentacampe\u00f3n de Liga con el coloso madridista y leyenda permanente para el beticismo.<\/em><\/span><\/p>\n<p><span style=\"color: #008000\"><em>Y todos me dicen, Rafael, que eras el mejor.<\/em><\/span><\/p>\n<ul>\n<li><span style=\"color: #008000\"><em>Hombre, cuando dicen de uno que es el mejor, por supuesto que me gusta; pero llegar a cre\u00e9rmelo no me hubiese gustado nunca<\/em><\/span><\/li>\n<li><span style=\"color: #008000\"><em>Tambi\u00e9n coinciden muchos, y yo entre ellos, Rafa, en que a\u00fan eres mejor persona que futbolista<\/em><\/span><\/li>\n<li><span style=\"color: #008000\"><em>Mis fallos tendr\u00e9. Tambi\u00e9n es verdad que me lo han dicho muchas veces, pero tampoco es bueno cre\u00e9rselo. No he sido conflictivo, no he sido le\u00f1ero<\/em><\/span><\/li>\n<li><span style=\"color: #008000\"><em>A ti s\u00ed te daban le\u00f1a\u2026<\/em><\/span><\/li>\n<li><span style=\"color: #008000\"><em>Yo no la he dado porque no he sido de esa condici\u00f3n, pero tampoco la he dado porque no sab\u00eda darla. Las pocas tarjetas por este motivo que me sacaban era porque me picaba un poco y, como no sab\u00eda dar le\u00f1a, se me notaba la poquita que pudiera dar. Yo no sab\u00eda dar patadas<\/em><\/span><\/li>\n<li><span style=\"color: #008000\"><em>Adem\u00e1s, con las medias bajas era m\u00e1s f\u00e1cil darte. \u00bfPor qu\u00e9 lo de jugar con las medias bajadas?<\/em><\/span><\/li>\n<li><span style=\"color: #008000\"><em>Yo empec\u00e9 con los infantiles con las medias arriba, como todos los chavales. En los juveniles y amateur igual, pero all\u00ed empec\u00e9 a echarme las medias abajo porque un d\u00eda me encontr\u00e9 cansado, me baj\u00e9 las medias y vi que estaba m\u00e1s descansado y pod\u00eda correr m\u00e1s. Ya lo tom\u00e9 por norma. Primero fue por comodidad y, despu\u00e9s, como las cosas me rodaban bien, por superstici\u00f3n<\/em><\/span><\/li>\n<li><span style=\"color: #008000\"><em>Pero el riesgo era mayor\u2026<\/em><\/span><\/li>\n<li><span style=\"color: #008000\"><em>S\u00ed. Las dos o tres heridas que yo he tenido en las piernas se hubieran evitado con espinilleras, pero yo, en ese aspecto, por mi manera de jugar, era listo. Yo iba al choque, pero si pod\u00eda meter la punterita y saltar, la met\u00eda y saltaba; y si ten\u00eda que ir al choque fuerte, iba, pero con cuidado. Era listo y he tenido suerte en muchas entradas<\/em><\/span><\/li>\n<li><span style=\"color: #008000\"><em>Tu vida en el Betis<\/em><\/span><\/li>\n<li><span style=\"color: #008000\"><em>Yo llegu\u00e9 a los infantiles con quince a\u00f1os. Estaba jugando en el San Pablo el Trofeo Peral. All\u00ed me vieron del Betis Rafael Cruz, que era muy amigo de mi padre y habl\u00f3 con \u00e9l. As\u00ed entr\u00e9, con Melero de entrenador y como coordinador de todos esos escalafones Pedro Buenaventura. Estuve en juveniles, amateur, en Regional Preferente y Tercera Divisi\u00f3n. Estando Szusza en el Betis estuve entrenando un a\u00f1o entero con la primera plantilla, aunque jugaba en el filial con Esteban Areta. Despu\u00e9s lleg\u00f3 Iriondo y, en cuanto lleg\u00f3, nos baj\u00f3 a todos al filial. M\u00e1s tarde me vio jugar, porque \u00e9l ve\u00eda los partidos de la cantera, de extremo izquierda y un d\u00eda, por lo que se ve, le dijo a Esteban Areta que me pusiera de lateral. Fue en Almer\u00eda y nos metieron cinco. Cuando, en aquel partido, me dijo Esteban Areta que iba con el \u201ctres\u201d y de lateral, me sorprendi\u00f3. Y al final, acert\u00f3. Me vino bien. El Betis, en esa \u00e9poca, ten\u00eda muy buenos jugadores <\/em><\/span><\/li>\n<li><span style=\"color: #008000\"><em>Aquel Betis jugaba de memoria, Esnaola la sacaba y\u2026<\/em><\/span><\/li>\n<li><span style=\"color: #008000\"><em>Esnaola te la pon\u00eda como ning\u00fan portero he visto que te la ponga. Hab\u00eda, por ejemplo, un c\u00f3rner contra nosotros, la cog\u00eda Esnaola y yo sal\u00eda corriendo por la banda y muchos pensar\u00edan que estaba loco, pero es que sab\u00eda que la pelota me la iba a poner Esnaola en el sitio. Con el pie, Esnaola ha sido el mejor portero que he visto poni\u00e9ndola. Era buen\u00edsimo<\/em><\/span><\/li>\n<li><span style=\"color: #008000\"><em>M\u00e1s de veinte temporadas como profesional\u2026<\/em><\/span><\/li>\n<li><span style=\"color: #008000\"><em>Como profesional s\u00ed. Internacional he sido 75 en la selecci\u00f3n A. En total, 79. Yo ni me acordaba. He jugado en la ol\u00edmpica, 2 Mundiales y tres Eurocopas y cinco campeonatos de Liga con el Real Madrid<\/em><\/span><\/li>\n<li><span style=\"color: #008000\"><em>Y vuelves al Betis. Hay un antecedente que lo tienes bien cerca: Luis Del Sol <\/em><\/span><\/li>\n<li><span style=\"color: #008000\"><em>A Luis le pas\u00f3 igual, pero \u00e9l ha viajado m\u00e1s que yo, porque de Madrid se fue a Italia. \u00c9l estuvo m\u00e1s lejos que yo, que s\u00f3lo estaba a quinientos kil\u00f3metros, aunque me parec\u00eda lej\u00edsimos<\/em><\/span><\/li>\n<li><span style=\"color: #008000\"><em>Llega la vuelta a tu Betis\u2026<\/em><\/span><\/li>\n<li><span style=\"color: #008000\"><em>Yo ten\u00eda claro, como ocurre con muchos futbolistas, que en esos a\u00f1os me iba a tener que ir del Madrid. Juanito, Juan G\u00f3mez, antes de irse de viaje en el que se mat\u00f3, ten\u00eda casi apalabrado el Burgos, en Primera, y me dijo a m\u00ed que me fuera para all\u00e1. Le dije que con \u00e9l, encantado, pero si el Betis me quer\u00eda, el Betis era el primero. Yo no hab\u00eda hablado con nadie del Betis. Tambi\u00e9n estaba Camacho en el Rayo y me dijo igual. Comenzaron los contactos con el Betis. Estuve con M\u00e1rquez Medrano. Y sin ning\u00fan problema. Estuve el primer a\u00f1o en Segunda, hago el siguiente en Segunda, ascendemos, juego en Primera Divisi\u00f3n y me voy. Sal\u00ed del Betis con 38 a\u00f1os<\/em><\/span><\/li>\n<li><span style=\"color: #008000\"><em>Pero no te retiras, sino que te vas al \u00c9cija<\/em><\/span><\/li>\n<li><span style=\"color: #008000\"><em>Yo sab\u00eda que pod\u00eda hacer un a\u00f1o m\u00e1s, aunque no fuese en el Betis. All\u00ed jugu\u00e9 un a\u00f1o y si no llega ser por la lesi\u00f3n de espalda, todav\u00eda estar\u00eda jugando, aunque fuese en Segunda B, o como Diego Rodr\u00edguez que todav\u00eda est\u00e1 jugando. \u00bfPor qu\u00e9? Porque yo lo que quer\u00eda era jugar al f\u00fatbol. Eso es lo que hac\u00eda desde que ten\u00eda quince a\u00f1os y es lo que me gusta. Me hubiera retirado a los 42. Es que encanta. Pero no me dej\u00f3 la espalda. El segundo a\u00f1o del \u00c9cija no pod\u00eda correr. Diego la ten\u00eda, pero se fue a ver a un t\u00edo de Barcelona que le pinch\u00f3 y le quit\u00f3 el dolor. Y yo, cuando me enter\u00e9, le dije: si me hubieses avisado, todav\u00eda estar\u00edamos enfrent\u00e1ndonos. Pero eso me lo dijo el otro d\u00eda<\/em><\/span><\/li>\n<li><span style=\"color: #008000\"><em>De las dos bandas del campo del Betis, \u00bfcu\u00e1l te gustaba m\u00e1s? \u00bfLa de Fondo o la de Preferencia?<\/em><\/span><\/li>\n<li><span style=\"color: #008000\"><em>He hecho buenos partidos en las dos, pero quiz\u00e1s la mejor fuera la de Fondo, me gustaba m\u00e1s. No s\u00e9 si por el sol o por la gente, pero me gustaba m\u00e1s<\/em><\/span><\/li>\n<li><span style=\"color: #008000\"><em>En la banda, ahora de delegado, y cuando las cosas no iban bien, y te dec\u00edan \u201csal t\u00fa, Rafael\u201d\u2026<\/em><\/span><\/li>\n<li><span style=\"color: #008000\"><em>Ya no est\u00e1 uno para eso, pero gusta que la gente se acuerde de ti. Yo, pase lo que pase, siempre voy a estar contento con el Betis. Al Betis nunca le pude decir que no<\/em><\/span><\/li>\n<li><span style=\"color: #008000\"><em>O sea, b\u00e9tico para siempre<\/em><\/span><\/li>\n<li><span style=\"color: #008000\"><em>Eso no me lo puede quitar nadie, porque es m\u00edo desde que era chico. Desde que llevaba mi padre, tambi\u00e9n b\u00e9tico, desde chiquitito. Y eso lo ser\u00e1 siempre<\/em><\/span><\/li>\n<\/ul>\n<p><span style=\"color: #008000\"><em>Su futbolista m\u00e1s admirado era \u201csiempre lo he dicho y lo sigo diciendo Rogelio\u201d. Y como persona \u201cJuanito, Juan G\u00f3mez, era especial como talento, como rabia, como casta\u201d. Y cuando uno le comenta que ya lo hab\u00eda hecho todo en el Betis y que se iba al Real Madrid, Rafael puntualiza tan claro como el agua:<\/em><\/span><\/p>\n<ul>\n<li><span style=\"color: #008000\"><em>No es exactamente as\u00ed. Yo me quer\u00eda quedar en el Betis y a m\u00ed no me quisieron dejar en el Betis los que entonces estaban, Retamero y Salas Tirado. Yo, con veintiocho a\u00f1os, conoc\u00eda al Madrid por los compa\u00f1eros de la selecci\u00f3n, c\u00f3mo se viv\u00eda all\u00ed y c\u00f3mo se estaba all\u00ed. Pero a m\u00ed todo eso me daba igual. Yo quer\u00eda seguir en el Betis y vivir en Sevilla. Estuve negociando. No quer\u00eda irme, Y el Madrid, porque yo estaba libre, no quer\u00eda darle dinero al Betis. Yo les dije que, o le daban dinero al Betis o yo no firmaba por el Betis. Y as\u00ed fue<\/em><\/span><\/li>\n<li><span style=\"color: #008000\"><em>Por un lado, profesionalmente, te vino bien. Pero dejar Sevilla, tu gente\u2026<\/em><\/span><\/li>\n<li><span style=\"color: #008000\"><em>La gente no sabe el problema que fue para mi familia el salir de aqu\u00ed. Me llev\u00e9 tres meses bien jodido. No conoc\u00eda ni las calles. Pon\u00eda delante de m\u00ed un taxi y lo segu\u00eda. Viv\u00eda solo. Sin mi mujer, sin mi gente y yo no estaba acostumbrado a eso. Ya despu\u00e9s, cuando encontr\u00e9 casa y se vino toda mi familia, mis padres, mi hermano, mi mujer y mis ni\u00f1os, empec\u00e9 a adaptarme. Ya aquello fue distinto<\/em><\/span><\/li>\n<li><span style=\"color: #008000\"><em>El Madrid sab\u00eda lo que fichaba: al mejor. Aquel tobillo de goma a la hora de centrar balones\u2026<\/em><\/span><\/li>\n<li><span style=\"color: #008000\"><em>Mi trabajo me cost\u00f3. Szusza dec\u00eda que si no centraba bien y no tiraba, todo estaba mal en el f\u00fatbol. Entren\u00e9 much\u00edsmo. Si de diez centraba bien tres, al d\u00eda siguiente quer\u00eda que fuesen cuatro. Empec\u00e9 a acostumbrarme a centrar. Yo, al principio, no era un buen pasador. Pero con la experiencia, los a\u00f1os y los entrenadores fui mejorando\u2026 <\/em><\/span><\/li>\n<\/ul>","protected":false},"excerpt":{"rendered":"<p>Rafael Gordillo jug\u00f3 en el primer equipo b\u00e9tico en dos etapas; entre 1977 y 1985 y entre 1992 y 1995. M\u00e1s de 500 partidos con al verdiblanca avalan su trayectoria como uno de los futbolistas m\u00e1s importantes de la historia verdiblanca. Incorporado a la cantera b\u00e9tica en 1972, pas\u00f3 por todos los escalafones inferiores antes&#8230;<\/p>\n","protected":false},"author":5,"featured_media":100986,"comment_status":"open","ping_status":"open","sticky":false,"template":"","format":"standard","meta":{"_kad_post_transparent":"","_kad_post_title":"","_kad_post_layout":"","_kad_post_sidebar_id":"","_kad_post_content_style":"","_kad_post_vertical_padding":"","_kad_post_feature":"","_kad_post_feature_position":"","_kad_post_header":false,"_kad_post_footer":false,"_kad_post_classname":"","_jetpack_memberships_contains_paid_content":false,"footnotes":"","jetpack_publicize_message":"","jetpack_publicize_feature_enabled":true,"jetpack_social_post_already_shared":true,"jetpack_social_options":{"image_generator_settings":{"template":"highway","default_image_id":0,"font":"","enabled":false},"version":2}},"categories":[4823,893,1],"tags":[12767,1305],"class_list":["post-100985","post","type-post","status-publish","format-standard","has-post-thumbnail","hentry","category-2000-2009","category-jugadores-temas","category-portada","tag-manuel-fernandez-de-cordoba","tag-rafael-gordillo"],"jetpack_publicize_connections":[],"jetpack_featured_media_url":"https:\/\/i0.wp.com\/www.manquepierda.com\/historiarealbetis\/files\/2024\/11\/Gordillo-2.jpg?fit=668%2C1010&ssl=1","jetpack_sharing_enabled":true,"jetpack_shortlink":"https:\/\/wp.me\/p1ij08-qgN","jetpack-related-posts":[],"_links":{"self":[{"href":"https:\/\/www.manquepierda.com\/historiarealbetis\/wp-json\/wp\/v2\/posts\/100985","targetHints":{"allow":["GET"]}}],"collection":[{"href":"https:\/\/www.manquepierda.com\/historiarealbetis\/wp-json\/wp\/v2\/posts"}],"about":[{"href":"https:\/\/www.manquepierda.com\/historiarealbetis\/wp-json\/wp\/v2\/types\/post"}],"author":[{"embeddable":true,"href":"https:\/\/www.manquepierda.com\/historiarealbetis\/wp-json\/wp\/v2\/users\/5"}],"replies":[{"embeddable":true,"href":"https:\/\/www.manquepierda.com\/historiarealbetis\/wp-json\/wp\/v2\/comments?post=100985"}],"version-history":[{"count":3,"href":"https:\/\/www.manquepierda.com\/historiarealbetis\/wp-json\/wp\/v2\/posts\/100985\/revisions"}],"predecessor-version":[{"id":100989,"href":"https:\/\/www.manquepierda.com\/historiarealbetis\/wp-json\/wp\/v2\/posts\/100985\/revisions\/100989"}],"wp:featuredmedia":[{"embeddable":true,"href":"https:\/\/www.manquepierda.com\/historiarealbetis\/wp-json\/wp\/v2\/media\/100986"}],"wp:attachment":[{"href":"https:\/\/www.manquepierda.com\/historiarealbetis\/wp-json\/wp\/v2\/media?parent=100985"}],"wp:term":[{"taxonomy":"category","embeddable":true,"href":"https:\/\/www.manquepierda.com\/historiarealbetis\/wp-json\/wp\/v2\/categories?post=100985"},{"taxonomy":"post_tag","embeddable":true,"href":"https:\/\/www.manquepierda.com\/historiarealbetis\/wp-json\/wp\/v2\/tags?post=100985"}],"curies":[{"name":"wp","href":"https:\/\/api.w.org\/{rel}","templated":true}]}}