{"id":10105,"date":"2011-04-02T07:26:09","date_gmt":"2011-04-02T06:26:09","guid":{"rendered":"http:\/\/www.manquepierda.com\/historiarealbetis\/?p=10105"},"modified":"2024-09-07T11:53:41","modified_gmt":"2024-09-07T09:53:41","slug":"nos-visita-el-celta","status":"publish","type":"post","link":"https:\/\/www.manquepierda.com\/historiarealbetis\/nos-visita-el-celta\/","title":{"rendered":"Nos visita el Celta"},"content":{"rendered":"<figure id=\"attachment_10106\" aria-describedby=\"caption-attachment-10106\" style=\"width: 300px\" class=\"wp-caption aligncenter\"><a class=\"lightbox\" title=\"Celta 1969-70\" href=\"https:\/\/i0.wp.com\/www.manquepierda.com\/historiarealbetis\/files\/2011\/04\/Celta-1969-70.jpg?ssl=1\"><img data-recalc-dims=\"1\" loading=\"lazy\" decoding=\"async\" class=\"size-full wp-image-10106\" src=\"https:\/\/i0.wp.com\/www.manquepierda.com\/historiarealbetis\/files\/2011\/04\/Celta-1969-70.jpg?resize=300%2C200&#038;ssl=1\" alt=\"El Celta en la temporada 1969-70\" width=\"300\" height=\"200\" \/><\/a><figcaption id=\"caption-attachment-10106\" class=\"wp-caption-text\">El Celta en la temporada 1969-70<\/figcaption><\/figure>\n<p>El pr\u00f3ximo domingo a las 12 recibiremos en el Benito Villamar\u00edn al Real Club Celta de Vigo, club fundado en 1923 y que ha disputado 46 temporadas en Primera Divisi\u00f3n, 31 en Segunda, 1 en Segunda B y 1 en Tercera.<\/p>\n<p>Su primera visita a terreno b\u00e9tico tuvo lugar el 30 de Junio de 1929, cuando en el Patronato el equipo b\u00e9tico se impuso por 3 a 1 en partido de la jornada 18 del Campeonato de Segunda Divisi\u00f3n.\u00a0 Dos goles de Paco Le\u00f3n y 1 de Manol\u00edn por parte b\u00e9tica, siendo C\u00e1rdenas el autor del primer tanto celti\u00f1a en campo verdiblanco.<\/p>\n<p>En total han sido 31 las visitas del Real Club Celta, repartidas as\u00ed: 22 partidos de Primera Divisi\u00f3n ( 13 visctorias b\u00e9ticas, 4 empates y 5 victorias c\u00e9lticas), 6 en partidos en Segunda Divisi\u00f3n ( 5 victorias b\u00e9ticas y 1 empate) y 3 partidos de Copa, con 2 victorias b\u00e9ticas y 1 empate.<\/p>\n<p>&nbsp;<\/p>\n<p>Al partido de semifinales de Copa jugado el 25 de Marzo de 1997 corresponde la siguiente imagen, en la que vemos un intento de remate de Tom\u00e1s Ol\u00edas ante el portal c\u00e9ltico.<\/p>\n<p>&nbsp;<\/p>\n<figure id=\"attachment_10107\" aria-describedby=\"caption-attachment-10107\" style=\"width: 300px\" class=\"wp-caption aligncenter\"><a class=\"lightbox\" title=\"Betis-Celta Copa 1997 (NMP) ABC 26-3-1997\" href=\"https:\/\/i0.wp.com\/www.manquepierda.com\/historiarealbetis\/files\/2011\/04\/Betis-Celta-Copa-1997-NMP-ABC-26-3-1997.jpg?ssl=1\"><img data-recalc-dims=\"1\" loading=\"lazy\" decoding=\"async\" class=\"size-medium wp-image-10107\" src=\"https:\/\/i0.wp.com\/www.manquepierda.com\/historiarealbetis\/files\/2011\/04\/Betis-Celta-Copa-1997-NMP-ABC-26-3-1997.jpg?resize=300%2C174&#038;ssl=1\" alt=\"Fuente: ABC 26 de Marzo de 1997\" width=\"300\" height=\"174\" srcset=\"https:\/\/i0.wp.com\/www.manquepierda.com\/historiarealbetis\/files\/2011\/04\/Betis-Celta-Copa-1997-NMP-ABC-26-3-1997.jpg?resize=300%2C174&amp;ssl=1 300w, https:\/\/i0.wp.com\/www.manquepierda.com\/historiarealbetis\/files\/2011\/04\/Betis-Celta-Copa-1997-NMP-ABC-26-3-1997.jpg?w=823&amp;ssl=1 823w\" sizes=\"auto, (max-width: 300px) 100vw, 300px\" \/><\/a><figcaption id=\"caption-attachment-10107\" class=\"wp-caption-text\">Fuente: ABC 26 de Marzo de 1997<\/figcaption><\/figure>\n<p>&nbsp;<\/p>\n<p>Jugadores que han militado en ambos equipos son Tom\u00e1s Azpeitia, Balbino Clemente, Honorato L\u00f3pez \u201cCabezo\u201d, Modesto Gonz\u00e1lez \u201cCapesto\u201d, Jos\u00e9 Luis Diezma, Eduardo Schmidt \u201cEdu\u201d, Iriney Santos, Antonio Alvarez \u201cIto\u201d, Tom\u00e1s Muruaga, Jorge Otero, Julio Otero, Jos\u00e9 Pineda, Jos\u00e9 Manuel Pinto, Antonio Prats, Mariano Retamar, Rodolfo Dapena, Eduardo Sobrado,\u00a0 Angel Su\u00e1rez y Jos\u00e9 Carlos Su\u00e1rez.<\/p>\n<p>Entre los entrenadores comunes Jos\u00e9 Luis Garc\u00eda Traid, Luis Cid Carriega, Javier Irureta, Fernando V\u00e1zquez y V\u00edctor Fern\u00e1ndez.<\/p>\n","protected":false},"excerpt":{"rendered":"<p>El pr\u00f3ximo domingo a las 12 recibiremos en el Benito Villamar\u00edn al Real Club Celta de Vigo, club fundado en 1923 y que ha disputado 46 temporadas en Primera Divisi\u00f3n, 31 en Segunda, 1 en Segunda B y 1 en Tercera. Su primera visita a terreno b\u00e9tico tuvo lugar el 30 de Junio de 1929,&#8230;<\/p>\n","protected":false},"author":5,"featured_media":10106,"comment_status":"open","ping_status":"open","sticky":false,"template":"","format":"standard","meta":{"_kad_post_transparent":"","_kad_post_title":"","_kad_post_layout":"","_kad_post_sidebar_id":"","_kad_post_content_style":"","_kad_post_vertical_padding":"","_kad_post_feature":"","_kad_post_feature_position":"","_kad_post_header":false,"_kad_post_footer":false,"_kad_post_classname":"","_jetpack_memberships_contains_paid_content":false,"footnotes":"","jetpack_publicize_message":"","jetpack_publicize_feature_enabled":true,"jetpack_social_post_already_shared":false,"jetpack_social_options":{"image_generator_settings":{"template":"highway","default_image_id":0,"font":"","enabled":false},"version":2}},"categories":[895,1],"tags":[1084,1583,1072,1582,1607,1088,1094,1053,1087,1077,1085,1074,1098,1080,1079,1078,1391,1082,1581,13018,1083,1580,822,16815,1089],"class_list":["post-10105","post","type-post","status-publish","format-standard","has-post-thumbnail","hentry","category-los-rivales","category-portada","tag-angel-suarez","tag-antonio-alvarez-ito","tag-balbino-clemente","tag-eduardo-schmidt-edu","tag-eduardo-sobrado","tag-fernando-vazquez","tag-honorato-lopez-cabezo","tag-iriney-santos","tag-javier-irureta","tag-jorge-otero","tag-jose-carlos-suarez","tag-jose-luis-diezma","tag-jose-luis-garcia-traid","tag-jose-manuel-pinto","tag-jose-pineda","tag-julio-otero","tag-luis-carriega","tag-mariano-retamar","tag-modesto-gonzalez-capesto","tag-real-club-celta-de-vigo","tag-rodolfo-dapena","tag-tomas-azpeitia","tag-tomas-muruaga","tag-toni-prats","tag-victor-fernandez"],"jetpack_publicize_connections":[],"jetpack_featured_media_url":"https:\/\/i0.wp.com\/www.manquepierda.com\/historiarealbetis\/files\/2011\/04\/Celta-1969-70.jpg?fit=300%2C200&ssl=1","jetpack_sharing_enabled":true,"jetpack_shortlink":"https:\/\/wp.me\/p1ij08-2CZ","jetpack-related-posts":[],"_links":{"self":[{"href":"https:\/\/www.manquepierda.com\/historiarealbetis\/wp-json\/wp\/v2\/posts\/10105","targetHints":{"allow":["GET"]}}],"collection":[{"href":"https:\/\/www.manquepierda.com\/historiarealbetis\/wp-json\/wp\/v2\/posts"}],"about":[{"href":"https:\/\/www.manquepierda.com\/historiarealbetis\/wp-json\/wp\/v2\/types\/post"}],"author":[{"embeddable":true,"href":"https:\/\/www.manquepierda.com\/historiarealbetis\/wp-json\/wp\/v2\/users\/5"}],"replies":[{"embeddable":true,"href":"https:\/\/www.manquepierda.com\/historiarealbetis\/wp-json\/wp\/v2\/comments?post=10105"}],"version-history":[{"count":1,"href":"https:\/\/www.manquepierda.com\/historiarealbetis\/wp-json\/wp\/v2\/posts\/10105\/revisions"}],"predecessor-version":[{"id":96360,"href":"https:\/\/www.manquepierda.com\/historiarealbetis\/wp-json\/wp\/v2\/posts\/10105\/revisions\/96360"}],"wp:featuredmedia":[{"embeddable":true,"href":"https:\/\/www.manquepierda.com\/historiarealbetis\/wp-json\/wp\/v2\/media\/10106"}],"wp:attachment":[{"href":"https:\/\/www.manquepierda.com\/historiarealbetis\/wp-json\/wp\/v2\/media?parent=10105"}],"wp:term":[{"taxonomy":"category","embeddable":true,"href":"https:\/\/www.manquepierda.com\/historiarealbetis\/wp-json\/wp\/v2\/categories?post=10105"},{"taxonomy":"post_tag","embeddable":true,"href":"https:\/\/www.manquepierda.com\/historiarealbetis\/wp-json\/wp\/v2\/tags?post=10105"}],"curies":[{"name":"wp","href":"https:\/\/api.w.org\/{rel}","templated":true}]}}