{"id":101085,"date":"2024-12-13T13:00:00","date_gmt":"2024-12-13T12:00:00","guid":{"rendered":"https:\/\/www.manquepierda.com\/historiarealbetis\/?p=101085"},"modified":"2024-12-05T07:37:55","modified_gmt":"2024-12-05T06:37:55","slug":"hoy-hace-10-anos-debut-de-fabian-ruiz","status":"publish","type":"post","link":"https:\/\/www.manquepierda.com\/historiarealbetis\/hoy-hace-10-anos-debut-de-fabian-ruiz\/","title":{"rendered":"Hoy hace 10 a\u00f1os. Debut de Fabi\u00e1n Ruiz."},"content":{"rendered":"<div class=\"wp-block-image\">\n<figure class=\"aligncenter size-full\"><img data-recalc-dims=\"1\" loading=\"lazy\" decoding=\"async\" width=\"230\" height=\"400\" src=\"https:\/\/i0.wp.com\/www.manquepierda.com\/historiarealbetis\/files\/2024\/11\/13-2014-Debut-de-Fabian-Ruiz-.jpg?resize=230%2C400&#038;ssl=1\" alt=\"\" class=\"wp-image-101086\" srcset=\"https:\/\/i0.wp.com\/www.manquepierda.com\/historiarealbetis\/files\/2024\/11\/13-2014-Debut-de-Fabian-Ruiz-.jpg?w=230&amp;ssl=1 230w, https:\/\/i0.wp.com\/www.manquepierda.com\/historiarealbetis\/files\/2024\/11\/13-2014-Debut-de-Fabian-Ruiz-.jpg?resize=127%2C220&amp;ssl=1 127w\" sizes=\"auto, (max-width: 230px) 100vw, 230px\" \/><\/figure>\n<\/div>\n\n<p>\u00a0<\/p>\n<p><span style=\"color: #008000\">El 13 de diciembre de 2014 en el Anxo Carro de Lugo debuta con el primer equipo del Real Betis Balompi\u00e9 Fabi\u00e1n Ruiz Pe\u00f1a, en el encuentro de la jornada 17 del Campeonato de Liga de Segunda Divisi\u00f3n que enfrenta al conjunto b\u00e9tico con el CD Lugo.<\/span><\/p>\n<p><span style=\"color: #008000\">Fabi\u00e1n salt\u00f3 al campo en el minuto 51 sustituyendo a Xavi Torres.<\/span><\/p>\n<p><span style=\"color: #008000\">Cuando Fabi\u00e1n debut\u00f3 ten\u00eda 18 a\u00f1os y proced\u00eda del Betis B.<\/span><\/p>","protected":false},"excerpt":{"rendered":"<p>\u00a0 El 13 de diciembre de 2014 en el Anxo Carro de Lugo debuta con el primer equipo del Real Betis Balompi\u00e9 Fabi\u00e1n Ruiz Pe\u00f1a, en el encuentro de la jornada 17 del Campeonato de Liga de Segunda Divisi\u00f3n que enfrenta al conjunto b\u00e9tico con el CD Lugo. Fabi\u00e1n salt\u00f3 al campo en el minuto&#8230;<\/p>\n","protected":false},"author":5,"featured_media":101086,"comment_status":"open","ping_status":"open","sticky":false,"template":"","format":"standard","meta":{"_kad_post_transparent":"","_kad_post_title":"","_kad_post_layout":"","_kad_post_sidebar_id":"","_kad_post_content_style":"","_kad_post_vertical_padding":"","_kad_post_feature":"","_kad_post_feature_position":"","_kad_post_header":false,"_kad_post_footer":false,"_kad_post_classname":"","_jetpack_memberships_contains_paid_content":false,"footnotes":"","jetpack_publicize_message":"","jetpack_publicize_feature_enabled":true,"jetpack_social_post_already_shared":true,"jetpack_social_options":{"image_generator_settings":{"template":"highway","default_image_id":0,"font":"","enabled":false},"version":2}},"categories":[15447,14583,1],"tags":[16752,17457,18057],"class_list":["post-101085","post","type-post","status-publish","format-standard","has-post-thumbnail","hentry","category-2010-2019","category-efemerides","category-portada","tag-16752","tag-fabian-ruiz","tag-liga-segunda-2014-15"],"jetpack_publicize_connections":[],"jetpack_featured_media_url":"https:\/\/i0.wp.com\/www.manquepierda.com\/historiarealbetis\/files\/2024\/11\/13-2014-Debut-de-Fabian-Ruiz-.jpg?fit=230%2C400&ssl=1","jetpack_sharing_enabled":true,"jetpack_shortlink":"https:\/\/wp.me\/p1ij08-qip","jetpack-related-posts":[],"_links":{"self":[{"href":"https:\/\/www.manquepierda.com\/historiarealbetis\/wp-json\/wp\/v2\/posts\/101085","targetHints":{"allow":["GET"]}}],"collection":[{"href":"https:\/\/www.manquepierda.com\/historiarealbetis\/wp-json\/wp\/v2\/posts"}],"about":[{"href":"https:\/\/www.manquepierda.com\/historiarealbetis\/wp-json\/wp\/v2\/types\/post"}],"author":[{"embeddable":true,"href":"https:\/\/www.manquepierda.com\/historiarealbetis\/wp-json\/wp\/v2\/users\/5"}],"replies":[{"embeddable":true,"href":"https:\/\/www.manquepierda.com\/historiarealbetis\/wp-json\/wp\/v2\/comments?post=101085"}],"version-history":[{"count":1,"href":"https:\/\/www.manquepierda.com\/historiarealbetis\/wp-json\/wp\/v2\/posts\/101085\/revisions"}],"predecessor-version":[{"id":101087,"href":"https:\/\/www.manquepierda.com\/historiarealbetis\/wp-json\/wp\/v2\/posts\/101085\/revisions\/101087"}],"wp:featuredmedia":[{"embeddable":true,"href":"https:\/\/www.manquepierda.com\/historiarealbetis\/wp-json\/wp\/v2\/media\/101086"}],"wp:attachment":[{"href":"https:\/\/www.manquepierda.com\/historiarealbetis\/wp-json\/wp\/v2\/media?parent=101085"}],"wp:term":[{"taxonomy":"category","embeddable":true,"href":"https:\/\/www.manquepierda.com\/historiarealbetis\/wp-json\/wp\/v2\/categories?post=101085"},{"taxonomy":"post_tag","embeddable":true,"href":"https:\/\/www.manquepierda.com\/historiarealbetis\/wp-json\/wp\/v2\/tags?post=101085"}],"curies":[{"name":"wp","href":"https:\/\/api.w.org\/{rel}","templated":true}]}}