{"id":101109,"date":"2024-12-16T13:00:00","date_gmt":"2024-12-16T12:00:00","guid":{"rendered":"https:\/\/www.manquepierda.com\/historiarealbetis\/?p=101109"},"modified":"2024-11-28T20:40:09","modified_gmt":"2024-11-28T19:40:09","slug":"hoy-hace-40-anos-osasuna-1-betis-2","status":"publish","type":"post","link":"https:\/\/www.manquepierda.com\/historiarealbetis\/hoy-hace-40-anos-osasuna-1-betis-2\/","title":{"rendered":"Hoy hace 40 a\u00f1os. Osasuna 1 Betis 2."},"content":{"rendered":"<div class=\"wp-block-image\">\n<figure class=\"aligncenter size-full\"><img data-recalc-dims=\"1\" loading=\"lazy\" decoding=\"async\" width=\"822\" height=\"524\" src=\"https:\/\/i0.wp.com\/www.manquepierda.com\/historiarealbetis\/files\/2024\/11\/16-1984-Osasuna-1-Betis-2-1.jpg?resize=822%2C524&#038;ssl=1\" alt=\"\" class=\"wp-image-101111\" srcset=\"https:\/\/i0.wp.com\/www.manquepierda.com\/historiarealbetis\/files\/2024\/11\/16-1984-Osasuna-1-Betis-2-1.jpg?w=822&amp;ssl=1 822w, https:\/\/i0.wp.com\/www.manquepierda.com\/historiarealbetis\/files\/2024\/11\/16-1984-Osasuna-1-Betis-2-1.jpg?resize=680%2C433&amp;ssl=1 680w, https:\/\/i0.wp.com\/www.manquepierda.com\/historiarealbetis\/files\/2024\/11\/16-1984-Osasuna-1-Betis-2-1.jpg?resize=220%2C140&amp;ssl=1 220w, https:\/\/i0.wp.com\/www.manquepierda.com\/historiarealbetis\/files\/2024\/11\/16-1984-Osasuna-1-Betis-2-1.jpg?resize=768%2C490&amp;ssl=1 768w\" sizes=\"auto, (max-width: 822px) 100vw, 822px\" \/><\/figure>\n<\/div>\n\n<p>\u00a0<\/p>\n<p><span style=\"color: #008000\">El 16 de diciembre de 1984 en El Sadar el Betis vence 1-2 al Osasuna en partido de la jornada 16 del Campeonato de Liga de Primera Divisi\u00f3n.<\/span><\/p>\n<p><span style=\"color: #008000\">Se adelant\u00f3 el Betis en el minuto 7 con un tanto de Parra tras una jugada individual; en el 39 un lanzamiento de falta de Calleja supuso el 0-2. El Osasuna recort\u00f3 distancias en el 89 con un remate de Benito.<\/span><\/p>\n<p><span style=\"color: #008000\">El Osasuna, entrenado por Ivan Brzic, form\u00f3 con Biurrun; Bayona, Casta\u00f1eda, Mina, Esparza (82, P\u00e9rez Aguerri); Lumbreras, Dioni, Bustingorri; Echeverr\u00eda (68, Benito), Orejuela y Mart\u00edn.<\/span><\/p>\n<p><span style=\"color: #008000\">El Betis, dirigido por Pepe Alzate, aline\u00f3 a Esnaola; Calleja, Alex, Mantilla, Casado; Parra, Ortega, Su\u00e1rez, Reyes; Rinc\u00f3n (81, Valdo) y Calder\u00f3n (71, Paco).<\/span><\/p>","protected":false},"excerpt":{"rendered":"<p>\u00a0 El 16 de diciembre de 1984 en El Sadar el Betis vence 1-2 al Osasuna en partido de la jornada 16 del Campeonato de Liga de Primera Divisi\u00f3n. Se adelant\u00f3 el Betis en el minuto 7 con un tanto de Parra tras una jugada individual; en el 39 un lanzamiento de falta de Calleja&#8230;<\/p>\n","protected":false},"author":5,"featured_media":101111,"comment_status":"open","ping_status":"open","sticky":false,"template":"","format":"standard","meta":{"_kad_post_transparent":"","_kad_post_title":"","_kad_post_layout":"","_kad_post_sidebar_id":"","_kad_post_content_style":"","_kad_post_vertical_padding":"","_kad_post_feature":"","_kad_post_feature_position":"","_kad_post_header":false,"_kad_post_footer":false,"_kad_post_classname":"","_jetpack_memberships_contains_paid_content":false,"footnotes":"","jetpack_publicize_message":"","jetpack_publicize_feature_enabled":true,"jetpack_social_post_already_shared":true,"jetpack_social_options":{"image_generator_settings":{"template":"highway","default_image_id":0,"font":"","enabled":false},"version":2}},"categories":[904,14583,1],"tags":[3115,9867,17862],"class_list":["post-101109","post","type-post","status-publish","format-standard","has-post-thumbnail","hentry","category-1980-1989","category-efemerides","category-portada","tag-3115","tag-club-atletico-osasuna","tag-liga-primera-1984-85"],"jetpack_publicize_connections":[],"jetpack_featured_media_url":"https:\/\/i0.wp.com\/www.manquepierda.com\/historiarealbetis\/files\/2024\/11\/16-1984-Osasuna-1-Betis-2-1.jpg?fit=822%2C524&ssl=1","jetpack_sharing_enabled":true,"jetpack_shortlink":"https:\/\/wp.me\/p1ij08-qiN","jetpack-related-posts":[],"_links":{"self":[{"href":"https:\/\/www.manquepierda.com\/historiarealbetis\/wp-json\/wp\/v2\/posts\/101109","targetHints":{"allow":["GET"]}}],"collection":[{"href":"https:\/\/www.manquepierda.com\/historiarealbetis\/wp-json\/wp\/v2\/posts"}],"about":[{"href":"https:\/\/www.manquepierda.com\/historiarealbetis\/wp-json\/wp\/v2\/types\/post"}],"author":[{"embeddable":true,"href":"https:\/\/www.manquepierda.com\/historiarealbetis\/wp-json\/wp\/v2\/users\/5"}],"replies":[{"embeddable":true,"href":"https:\/\/www.manquepierda.com\/historiarealbetis\/wp-json\/wp\/v2\/comments?post=101109"}],"version-history":[{"count":3,"href":"https:\/\/www.manquepierda.com\/historiarealbetis\/wp-json\/wp\/v2\/posts\/101109\/revisions"}],"predecessor-version":[{"id":101114,"href":"https:\/\/www.manquepierda.com\/historiarealbetis\/wp-json\/wp\/v2\/posts\/101109\/revisions\/101114"}],"wp:featuredmedia":[{"embeddable":true,"href":"https:\/\/www.manquepierda.com\/historiarealbetis\/wp-json\/wp\/v2\/media\/101111"}],"wp:attachment":[{"href":"https:\/\/www.manquepierda.com\/historiarealbetis\/wp-json\/wp\/v2\/media?parent=101109"}],"wp:term":[{"taxonomy":"category","embeddable":true,"href":"https:\/\/www.manquepierda.com\/historiarealbetis\/wp-json\/wp\/v2\/categories?post=101109"},{"taxonomy":"post_tag","embeddable":true,"href":"https:\/\/www.manquepierda.com\/historiarealbetis\/wp-json\/wp\/v2\/tags?post=101109"}],"curies":[{"name":"wp","href":"https:\/\/api.w.org\/{rel}","templated":true}]}}