{"id":101129,"date":"2024-12-02T11:00:00","date_gmt":"2024-12-02T10:00:00","guid":{"rendered":"https:\/\/www.manquepierda.com\/historiarealbetis\/?p=101129"},"modified":"2024-12-01T12:04:39","modified_gmt":"2024-12-01T11:04:39","slug":"entrevista-benito-villamarin-1959-3","status":"publish","type":"post","link":"https:\/\/www.manquepierda.com\/historiarealbetis\/entrevista-benito-villamarin-1959-3\/","title":{"rendered":"Entrevista Benito Villamar\u00edn 1959."},"content":{"rendered":"<div class=\"wp-block-image\">\n<figure class=\"aligncenter size-large\"><img data-recalc-dims=\"1\" loading=\"lazy\" decoding=\"async\" width=\"526\" height=\"700\" src=\"https:\/\/i0.wp.com\/www.manquepierda.com\/historiarealbetis\/files\/2024\/11\/Benito-Villamarin-1959.jpg?resize=526%2C700&#038;ssl=1\" alt=\"\" class=\"wp-image-101130\" srcset=\"https:\/\/i0.wp.com\/www.manquepierda.com\/historiarealbetis\/files\/2024\/11\/Benito-Villamarin-1959.jpg?resize=526%2C700&amp;ssl=1 526w, https:\/\/i0.wp.com\/www.manquepierda.com\/historiarealbetis\/files\/2024\/11\/Benito-Villamarin-1959.jpg?resize=451%2C600&amp;ssl=1 451w, https:\/\/i0.wp.com\/www.manquepierda.com\/historiarealbetis\/files\/2024\/11\/Benito-Villamarin-1959.jpg?resize=165%2C220&amp;ssl=1 165w, https:\/\/i0.wp.com\/www.manquepierda.com\/historiarealbetis\/files\/2024\/11\/Benito-Villamarin-1959.jpg?w=605&amp;ssl=1 605w\" sizes=\"auto, (max-width: 526px) 100vw, 526px\" \/><\/figure>\n<\/div>\n\n<p>De finales de agosto de 1959 es esta entrevista que hoy traemos a Manquepierda. Se public\u00f3 en el diario Pueblo a cargo de su corresponsal en Sevilla Juan Tribuna, y el protagonista es el presidente b\u00e9tico Benito Villamar\u00edn.<\/p>\n<p>En ella Villamar\u00edn repasaba la actualidad verdiblanca a pocos d\u00edas de iniciarse la temporada oficial, que comenz\u00f3 ese a\u00f1o el 13 de septiembre con la visita al Bernab\u00e9u en el primer partido de Liga.\u00a0<\/p>\n<p>Unos d\u00edas antes, el 3 de septiembre, se ten\u00eda que celebrar la asamblea anual de compromisarios del club, en la que, como se avanza en la entrevista, se procedi\u00f3 a la renovaci\u00f3n de la junta directiva. El tema estrella de la asamblea fue el proyecto de compra del estadio de Heli\u00f3polis, lo que tambi\u00e9n se comentaba en esta entrevista.\u00a0\u00a0<\/p>\n<p>Otros temas tocados fueron la incorporaci\u00f3n de nuevos futbolistas, tras el fichaje del paraguayo \u00c1ngel Bernit, la ausencia del brasile\u00f1o Wilson Moreira, la negativa al traspaso de Luis Del Sol, el Trofeo Benito Villamar\u00edn, los impuestos que el Ayuntamiento quer\u00eda aplicar a los clubs sevillanos o el papel de Sabino Barinaga como secretario t\u00e9cnico y de Enrique Fern\u00e1ndez como entrenador de la primera plantilla.\u00a0 \u00a0<\/p>\n<p><span style=\"color: #008000\"><em>Para enterarse de las cosas del Betis no hay m\u00e1s que una soluci\u00f3n: ponerse a charlar con Benito Villamar\u00edn, presidente de hecho y derecho de la nace verdiblanca. Con Benito se puede hablar lisa y llanamente, en la seguridad de que no habr\u00e1 pregunta sin contestaci\u00f3n o problema sin resolver.<\/em><\/span><\/p>\n<ul>\n<li><span style=\"color: #008000\"><em>La primera cuesti\u00f3n a tratar era la asamblea. \u00bfSe puede conocer el tema principal de la misma?<\/em><\/span><\/li>\n<li><span style=\"color: #008000\"><em>No hay inconveniente. En la pr\u00f3xima asamblea se proceder\u00e1 a la renovaci\u00f3n de la junta directiva<\/em><\/span><\/li>\n<li><span style=\"color: #008000\"><em>\u00bfSe pueden anticipar nombres?<\/em><\/span><\/li>\n<li><span style=\"color: #008000\"><em>Ya eso no me parece correcto. Fundamentalmente, porque algunos de los consultados, los menos, a\u00fan no han dado su consentimiento. S\u00ed puedo anticipar que ser\u00e1n hombres de aut\u00e9ntico prestigio dentro de la familia b\u00e9tica, para entre todos afrontar la venidera etapa, en que el club tiene en proyecto varias ideas de gran envergadura<\/em><\/span><\/li>\n<li><span style=\"color: #008000\"><em>\u00bfLa principal de todas?<\/em><\/span><\/li>\n<li><span style=\"color: #008000\"><em>La compra de Heli\u00f3polis y de los terrenos inmediatos, para en ellos construir una zona deportiva con piscinas, pistas de atletismo, gimnasio, terrenos de baloncesto y tenis, etc<\/em><\/span><\/li>\n<li><span style=\"color: #008000\"><em>Heli\u00f3polis, \u00bfser\u00e1 ampliado?<\/em><\/span><\/li>\n<li><span style=\"color: #008000\"><em>Esa es mi pretensi\u00f3n. Cerrando a mayor altura las tribunas de gol y suplementando las tribunas de preferencia y fondo con sendos voladizos. La amplitud de los terrenos alrededor del estadio permite con relativa facilidad la reforma<\/em><\/span><\/li>\n<\/ul>\n<p><span style=\"color: #008000\"><em>Una vez aclarado plenamente el primer tema, pasamos al segundo punto del cuestionario: jugadores y equipo.<\/em><\/span><\/p>\n<ul>\n<li><span style=\"color: #008000\"><em>Una vez ultimado lo de Bernit, \u00bfvendr\u00e1 alg\u00fan jugador m\u00e1s?<\/em><\/span><\/li>\n<li><span style=\"color: #008000\"><em>La impresi\u00f3n de los t\u00e9cnicos sobre el paraguayo Bernit es cada vez m\u00e1s satisfactoria. Conf\u00edo adem\u00e1s en realizar dos nuevos fichajes, al margen de que se traer\u00edan los jugadores que fueran necesarios si en el transcurso de la temporada hicieran falta. Pero no lo creo, porque el Betis dispone de una buena plantilla<\/em><\/span><\/li>\n<li><span style=\"color: #008000\"><em>\u00bfNombres de esos dos posibles fichajes?<\/em><\/span><\/li>\n<li><span style=\"color: #008000\"><em>Me interesa no hacerlos p\u00fablicos. Uno es un delantero centro europeo. El otro, un delantero que juega indistintamente en los tres puestos de la vanguardia. Es hispanoamericano y ha estado jugando \u00faltimamente fuera de su pa\u00eds<\/em><\/span><\/li>\n<li><span style=\"color: #008000\"><em>\u00bfVendr\u00e1 o no vendr\u00e1 Moreira?<\/em><\/span><\/li>\n<li><span style=\"color: #008000\"><em>El Betis le ha dado un plazo hasta el 2 de septiembre para que se incorpore<\/em><\/span><\/li>\n<li><span style=\"color: #008000\"><em>Usted me ha dicho en varias ocasiones que Del Sol no ser\u00eda traspasado a ning\u00fan precio, que el Betis le necesitaba. Le ruego disculpe que vuelva a rozar el tema para preguntarle si fueron muy poderosas las razones del Madrid<\/em><\/span><\/li>\n<li><span style=\"color: #008000\"><em>Me ofrecieron diez millones de pesetas. Yo les ped\u00ed a Di St\u00e9fano y Gento. Con ello, naturalmente, quise dar a entender que Del Sol es intraspasable. Muy al contrario: si hay otro igual que \u00e9l, yo estoy dispuesto a ficharlo. El Betis tiene las mayores aspiraciones<\/em><\/span><\/li>\n<li><span style=\"color: #008000\"><em>Tercera cuesti\u00f3n: el Trofeo Benito Villamar\u00edn. \u00bfPor qu\u00e9 no se celebra ya?<\/em><\/span><\/li>\n<li><span style=\"color: #008000\"><em>Muy sencillo: porque hemos considerado oportuno llevarlo a efecto en alguna fecha libre del calendario, m\u00e1s avanzada la temporada. Deseamos ofrecer, adem\u00e1s del Borusia, a uno o dos equipos de aut\u00e9ntica talla. Y sobre todo porque me parece razonable que en esta estabilizaci\u00f3n general no nos precipitemos, para que la estabilizaci\u00f3n del esperado torneo sea absoluta tanto en el especto deportivo como en el econ\u00f3mico<\/em><\/span><\/li>\n<li><span style=\"color: #008000\"><em>El Ayuntamiento sevillano le quiere subir al Betis, duplicarle el impuesto del consumo de lujo, lo mismo que al Sevilla\u2026<\/em><\/span><\/li>\n<li><span style=\"color: #008000\"><em>Algo se ha dicho sobre ese particular. Pero quiz\u00e1s no sea popular ni conveniente que al esfuerzo magn\u00edfico del Sevilla de hacer uno de los mejores estadios espa\u00f1oles, a nuestro esfuerzo de querer remozar Heli\u00f3polis y completarlo con una ciudad deportiva, saneando con ello la renta meramente simb\u00f3lica del municipio, como ya digo, adem\u00e1s de lo expuesto, es una l\u00e1stima que el Ayuntamiento sevillano no premie y colabore con el inapreciable esfuerzo de los dos primeros clubs de la capital de Andaluc\u00eda.<\/em><\/span><\/li>\n<\/ul>\n<p><span style=\"color: #008000\"><em>Estas palabras de Benito Villamar\u00edn habr\u00eda que esculpirlas y conservarlas, para ejemplo de buena y constructiva diplomacia deportiva y ciudadana. Hay cosas que conviene \u201chacer\u201d, porque el no hacerlas puede provocar m\u00e1s quebraderos de cabeza que aparentes beneficios. Y este \u201cconsumo de lujo\u201d tiene\u2026 \u00a1pero que mucha guasa\u00a1<\/em><\/span><\/p>\n<ul>\n<li><span style=\"color: #008000\"><em>Para terminar, un par de aclaraciones. Primeramente, saber la misi\u00f3n de Sabino Barinaga<\/em><\/span><\/li>\n<li><span style=\"color: #008000\"><em>La de secretario t\u00e9cnico, que es el puesto que est\u00e1 desempe\u00f1ando en el Real Betis<\/em><\/span><\/li>\n<li><span style=\"color: #008000\"><em>En segundo lugar, la responsabilidad de Enrique Fern\u00e1ndez<\/em><\/span><\/li>\n<li><em><span style=\"color: #008000\">Plena y absoluta, ya que \u00e9l es el entrenador con plenas atribuciones<\/span> \u00a0\u00a0<\/em><\/li>\n<\/ul>","protected":false},"excerpt":{"rendered":"<p>De finales de agosto de 1959 es esta entrevista que hoy traemos a Manquepierda. Se public\u00f3 en el diario Pueblo a cargo de su corresponsal en Sevilla Juan Tribuna, y el protagonista es el presidente b\u00e9tico Benito Villamar\u00edn. En ella Villamar\u00edn repasaba la actualidad verdiblanca a pocos d\u00edas de iniciarse la temporada oficial, que comenz\u00f3&#8230;<\/p>\n","protected":false},"author":5,"featured_media":101130,"comment_status":"open","ping_status":"open","sticky":false,"template":"","format":"standard","meta":{"_kad_post_transparent":"","_kad_post_title":"","_kad_post_layout":"","_kad_post_sidebar_id":"","_kad_post_content_style":"","_kad_post_vertical_padding":"","_kad_post_feature":"","_kad_post_feature_position":"","_kad_post_header":false,"_kad_post_footer":false,"_kad_post_classname":"","_jetpack_memberships_contains_paid_content":false,"footnotes":"","jetpack_publicize_message":"","jetpack_publicize_feature_enabled":true,"jetpack_social_post_already_shared":true,"jetpack_social_options":{"image_generator_settings":{"template":"highway","default_image_id":0,"font":"","enabled":false},"version":2}},"categories":[901,891,1],"tags":[1538,2377,145,4643],"class_list":["post-101129","post","type-post","status-publish","format-standard","has-post-thumbnail","hentry","category-1950-1959","category-directivos-temas","category-portada","tag-1538","tag-1959-60","tag-benito-villamarin","tag-juan-tribuna"],"jetpack_publicize_connections":[],"jetpack_featured_media_url":"https:\/\/i0.wp.com\/www.manquepierda.com\/historiarealbetis\/files\/2024\/11\/Benito-Villamarin-1959.jpg?fit=605%2C805&ssl=1","jetpack_sharing_enabled":true,"jetpack_shortlink":"https:\/\/wp.me\/p1ij08-qj7","jetpack-related-posts":[],"_links":{"self":[{"href":"https:\/\/www.manquepierda.com\/historiarealbetis\/wp-json\/wp\/v2\/posts\/101129","targetHints":{"allow":["GET"]}}],"collection":[{"href":"https:\/\/www.manquepierda.com\/historiarealbetis\/wp-json\/wp\/v2\/posts"}],"about":[{"href":"https:\/\/www.manquepierda.com\/historiarealbetis\/wp-json\/wp\/v2\/types\/post"}],"author":[{"embeddable":true,"href":"https:\/\/www.manquepierda.com\/historiarealbetis\/wp-json\/wp\/v2\/users\/5"}],"replies":[{"embeddable":true,"href":"https:\/\/www.manquepierda.com\/historiarealbetis\/wp-json\/wp\/v2\/comments?post=101129"}],"version-history":[{"count":5,"href":"https:\/\/www.manquepierda.com\/historiarealbetis\/wp-json\/wp\/v2\/posts\/101129\/revisions"}],"predecessor-version":[{"id":101136,"href":"https:\/\/www.manquepierda.com\/historiarealbetis\/wp-json\/wp\/v2\/posts\/101129\/revisions\/101136"}],"wp:featuredmedia":[{"embeddable":true,"href":"https:\/\/www.manquepierda.com\/historiarealbetis\/wp-json\/wp\/v2\/media\/101130"}],"wp:attachment":[{"href":"https:\/\/www.manquepierda.com\/historiarealbetis\/wp-json\/wp\/v2\/media?parent=101129"}],"wp:term":[{"taxonomy":"category","embeddable":true,"href":"https:\/\/www.manquepierda.com\/historiarealbetis\/wp-json\/wp\/v2\/categories?post=101129"},{"taxonomy":"post_tag","embeddable":true,"href":"https:\/\/www.manquepierda.com\/historiarealbetis\/wp-json\/wp\/v2\/tags?post=101129"}],"curies":[{"name":"wp","href":"https:\/\/api.w.org\/{rel}","templated":true}]}}