{"id":101175,"date":"2024-12-17T13:00:00","date_gmt":"2024-12-17T12:00:00","guid":{"rendered":"https:\/\/www.manquepierda.com\/historiarealbetis\/?p=101175"},"modified":"2024-12-04T10:04:21","modified_gmt":"2024-12-04T09:04:21","slug":"hoy-hace-20-anos-fallece-andres-bosch","status":"publish","type":"post","link":"https:\/\/www.manquepierda.com\/historiarealbetis\/hoy-hace-20-anos-fallece-andres-bosch\/","title":{"rendered":"Hoy hace 20 a\u00f1os. Fallece Andr\u00e9s Bosch."},"content":{"rendered":"<div class=\"wp-block-image\">\n<figure class=\"aligncenter size-full\"><img data-recalc-dims=\"1\" loading=\"lazy\" decoding=\"async\" width=\"247\" height=\"406\" src=\"https:\/\/i0.wp.com\/www.manquepierda.com\/historiarealbetis\/files\/2024\/12\/17-2004-Fallece-Andres-Boch.jpg?resize=247%2C406&#038;ssl=1\" alt=\"\" class=\"wp-image-101176\" srcset=\"https:\/\/i0.wp.com\/www.manquepierda.com\/historiarealbetis\/files\/2024\/12\/17-2004-Fallece-Andres-Boch.jpg?w=247&amp;ssl=1 247w, https:\/\/i0.wp.com\/www.manquepierda.com\/historiarealbetis\/files\/2024\/12\/17-2004-Fallece-Andres-Boch.jpg?resize=134%2C220&amp;ssl=1 134w\" sizes=\"auto, (max-width: 247px) 100vw, 247px\" \/><\/figure>\n<\/div>\n\n<p>\u00a0<\/p>\n<p><span style=\"color: #008000\">El 17 de diciembre de 2004 fallece en Mollet del Vall\u00e9s a los 73 a\u00f1os de edad Andr\u00e9s Bosch Pujol, quien fuera jugador del Real Betis Balompi\u00e9 entre los a\u00f1os 1958 y 1965.<\/span><\/p>\n<p><span style=\"color: #008000\">Para saber m\u00e1s de su trayectoria b\u00e9tica ver <a href=\"https:\/\/www.manquepierda.com\/historiarealbetis\/andres-bosch\/\"><strong>aqu\u00ed.<\/strong><\/a><\/span><\/p>\n<p>\u00a0<\/p>","protected":false},"excerpt":{"rendered":"<p>\u00a0 El 17 de diciembre de 2004 fallece en Mollet del Vall\u00e9s a los 73 a\u00f1os de edad Andr\u00e9s Bosch Pujol, quien fuera jugador del Real Betis Balompi\u00e9 entre los a\u00f1os 1958 y 1965. Para saber m\u00e1s de su trayectoria b\u00e9tica ver aqu\u00ed. \u00a0<\/p>\n","protected":false},"author":5,"featured_media":101176,"comment_status":"open","ping_status":"open","sticky":false,"template":"","format":"standard","meta":{"_kad_post_transparent":"","_kad_post_title":"","_kad_post_layout":"","_kad_post_sidebar_id":"","_kad_post_content_style":"","_kad_post_vertical_padding":"","_kad_post_feature":"","_kad_post_feature_position":"","_kad_post_header":false,"_kad_post_footer":false,"_kad_post_classname":"","_jetpack_memberships_contains_paid_content":false,"footnotes":"","jetpack_publicize_message":"","jetpack_publicize_feature_enabled":true,"jetpack_social_post_already_shared":true,"jetpack_social_options":{"image_generator_settings":{"template":"highway","default_image_id":0,"font":"","enabled":false},"version":2}},"categories":[4823,14583,1],"tags":[1379],"class_list":["post-101175","post","type-post","status-publish","format-standard","has-post-thumbnail","hentry","category-2000-2009","category-efemerides","category-portada","tag-andres-bosch"],"jetpack_publicize_connections":[],"jetpack_featured_media_url":"https:\/\/i0.wp.com\/www.manquepierda.com\/historiarealbetis\/files\/2024\/12\/17-2004-Fallece-Andres-Boch.jpg?fit=247%2C406&ssl=1","jetpack_sharing_enabled":true,"jetpack_shortlink":"https:\/\/wp.me\/p1ij08-qjR","jetpack-related-posts":[],"_links":{"self":[{"href":"https:\/\/www.manquepierda.com\/historiarealbetis\/wp-json\/wp\/v2\/posts\/101175","targetHints":{"allow":["GET"]}}],"collection":[{"href":"https:\/\/www.manquepierda.com\/historiarealbetis\/wp-json\/wp\/v2\/posts"}],"about":[{"href":"https:\/\/www.manquepierda.com\/historiarealbetis\/wp-json\/wp\/v2\/types\/post"}],"author":[{"embeddable":true,"href":"https:\/\/www.manquepierda.com\/historiarealbetis\/wp-json\/wp\/v2\/users\/5"}],"replies":[{"embeddable":true,"href":"https:\/\/www.manquepierda.com\/historiarealbetis\/wp-json\/wp\/v2\/comments?post=101175"}],"version-history":[{"count":2,"href":"https:\/\/www.manquepierda.com\/historiarealbetis\/wp-json\/wp\/v2\/posts\/101175\/revisions"}],"predecessor-version":[{"id":101178,"href":"https:\/\/www.manquepierda.com\/historiarealbetis\/wp-json\/wp\/v2\/posts\/101175\/revisions\/101178"}],"wp:featuredmedia":[{"embeddable":true,"href":"https:\/\/www.manquepierda.com\/historiarealbetis\/wp-json\/wp\/v2\/media\/101176"}],"wp:attachment":[{"href":"https:\/\/www.manquepierda.com\/historiarealbetis\/wp-json\/wp\/v2\/media?parent=101175"}],"wp:term":[{"taxonomy":"category","embeddable":true,"href":"https:\/\/www.manquepierda.com\/historiarealbetis\/wp-json\/wp\/v2\/categories?post=101175"},{"taxonomy":"post_tag","embeddable":true,"href":"https:\/\/www.manquepierda.com\/historiarealbetis\/wp-json\/wp\/v2\/tags?post=101175"}],"curies":[{"name":"wp","href":"https:\/\/api.w.org\/{rel}","templated":true}]}}