{"id":101224,"date":"2024-12-31T13:00:00","date_gmt":"2024-12-31T12:00:00","guid":{"rendered":"https:\/\/www.manquepierda.com\/historiarealbetis\/?p=101224"},"modified":"2024-12-04T14:00:50","modified_gmt":"2024-12-04T13:00:50","slug":"hoy-hace-85-anos-barcelona-2-betis-0","status":"publish","type":"post","link":"https:\/\/www.manquepierda.com\/historiarealbetis\/hoy-hace-85-anos-barcelona-2-betis-0\/","title":{"rendered":"Hoy hace 85 a\u00f1os. Barcelona 2 Betis 0."},"content":{"rendered":"<div class=\"wp-block-image\">\n<figure class=\"aligncenter size-full\"><img data-recalc-dims=\"1\" loading=\"lazy\" decoding=\"async\" width=\"793\" height=\"498\" src=\"https:\/\/i0.wp.com\/www.manquepierda.com\/historiarealbetis\/files\/2024\/12\/31-1939-Barcelona-2-Betis-0.jpg?resize=793%2C498&#038;ssl=1\" alt=\"\" class=\"wp-image-101225\" srcset=\"https:\/\/i0.wp.com\/www.manquepierda.com\/historiarealbetis\/files\/2024\/12\/31-1939-Barcelona-2-Betis-0.jpg?w=793&amp;ssl=1 793w, https:\/\/i0.wp.com\/www.manquepierda.com\/historiarealbetis\/files\/2024\/12\/31-1939-Barcelona-2-Betis-0.jpg?resize=680%2C427&amp;ssl=1 680w, https:\/\/i0.wp.com\/www.manquepierda.com\/historiarealbetis\/files\/2024\/12\/31-1939-Barcelona-2-Betis-0.jpg?resize=220%2C138&amp;ssl=1 220w, https:\/\/i0.wp.com\/www.manquepierda.com\/historiarealbetis\/files\/2024\/12\/31-1939-Barcelona-2-Betis-0.jpg?resize=768%2C482&amp;ssl=1 768w\" sizes=\"auto, (max-width: 793px) 100vw, 793px\" \/><\/figure>\n<\/div>\n\n<p>\u00a0<\/p>\n<p><span style=\"color: #008000\">El 31 de diciembre de 1939 en Las Corts el Barcelona gana 2-0 al Betis en partido de la jornada 5 del Campeonato de Liga de Primera Divisi\u00f3n.<\/span><\/p>\n<p><span style=\"color: #008000\">Oliver en el minuto 20 y Herrerita en el 67 fueron los autores de la victoria local.<\/span><\/p>\n<p><span style=\"color: #008000\">El Barcelona, entrenado por Patrick O\u00b4Connell, jug\u00f3 con Nogu\u00e9s; Garcer\u00e1n, Riera; Soler, Rosalenc, Le\u00f3n; Homedes, Sospedra, Fuentes, Herrerita y Oliver.<\/span><\/p>\n<p><span style=\"color: #008000\">El Betis, dirigido por Andr\u00e9s Aranda, aline\u00f3 a Su\u00e1rez; Telech\u00eda, Cornejo; Peral, Fern\u00e1ndez, Tomas\u00edn; Saro, Caballero, Paquirri, Coll y Valera.<\/span><\/p>","protected":false},"excerpt":{"rendered":"<p>\u00a0 El 31 de diciembre de 1939 en Las Corts el Barcelona gana 2-0 al Betis en partido de la jornada 5 del Campeonato de Liga de Primera Divisi\u00f3n. Oliver en el minuto 20 y Herrerita en el 67 fueron los autores de la victoria local. El Barcelona, entrenado por Patrick O\u00b4Connell, jug\u00f3 con Nogu\u00e9s;&#8230;<\/p>\n","protected":false},"author":5,"featured_media":101225,"comment_status":"open","ping_status":"open","sticky":false,"template":"","format":"standard","meta":{"_kad_post_transparent":"","_kad_post_title":"","_kad_post_layout":"","_kad_post_sidebar_id":"","_kad_post_content_style":"","_kad_post_vertical_padding":"","_kad_post_feature":"","_kad_post_feature_position":"","_kad_post_header":false,"_kad_post_footer":false,"_kad_post_classname":"","_jetpack_memberships_contains_paid_content":false,"footnotes":"","jetpack_publicize_message":"","jetpack_publicize_feature_enabled":true,"jetpack_social_post_already_shared":true,"jetpack_social_options":{"image_generator_settings":{"template":"highway","default_image_id":0,"font":"","enabled":false},"version":2}},"categories":[899,14583,1],"tags":[47,1154,17867],"class_list":["post-101224","post","type-post","status-publish","format-standard","has-post-thumbnail","hentry","category-1930-1939","category-efemerides","category-portada","tag-47","tag-fc-barcelona","tag-liga-primera-1939-40"],"jetpack_publicize_connections":[],"jetpack_featured_media_url":"https:\/\/i0.wp.com\/www.manquepierda.com\/historiarealbetis\/files\/2024\/12\/31-1939-Barcelona-2-Betis-0.jpg?fit=793%2C498&ssl=1","jetpack_sharing_enabled":true,"jetpack_shortlink":"https:\/\/wp.me\/p1ij08-qkE","jetpack-related-posts":[],"_links":{"self":[{"href":"https:\/\/www.manquepierda.com\/historiarealbetis\/wp-json\/wp\/v2\/posts\/101224","targetHints":{"allow":["GET"]}}],"collection":[{"href":"https:\/\/www.manquepierda.com\/historiarealbetis\/wp-json\/wp\/v2\/posts"}],"about":[{"href":"https:\/\/www.manquepierda.com\/historiarealbetis\/wp-json\/wp\/v2\/types\/post"}],"author":[{"embeddable":true,"href":"https:\/\/www.manquepierda.com\/historiarealbetis\/wp-json\/wp\/v2\/users\/5"}],"replies":[{"embeddable":true,"href":"https:\/\/www.manquepierda.com\/historiarealbetis\/wp-json\/wp\/v2\/comments?post=101224"}],"version-history":[{"count":1,"href":"https:\/\/www.manquepierda.com\/historiarealbetis\/wp-json\/wp\/v2\/posts\/101224\/revisions"}],"predecessor-version":[{"id":101226,"href":"https:\/\/www.manquepierda.com\/historiarealbetis\/wp-json\/wp\/v2\/posts\/101224\/revisions\/101226"}],"wp:featuredmedia":[{"embeddable":true,"href":"https:\/\/www.manquepierda.com\/historiarealbetis\/wp-json\/wp\/v2\/media\/101225"}],"wp:attachment":[{"href":"https:\/\/www.manquepierda.com\/historiarealbetis\/wp-json\/wp\/v2\/media?parent=101224"}],"wp:term":[{"taxonomy":"category","embeddable":true,"href":"https:\/\/www.manquepierda.com\/historiarealbetis\/wp-json\/wp\/v2\/categories?post=101224"},{"taxonomy":"post_tag","embeddable":true,"href":"https:\/\/www.manquepierda.com\/historiarealbetis\/wp-json\/wp\/v2\/tags?post=101224"}],"curies":[{"name":"wp","href":"https:\/\/api.w.org\/{rel}","templated":true}]}}