{"id":101233,"date":"2024-12-26T11:00:00","date_gmt":"2024-12-26T10:00:00","guid":{"rendered":"https:\/\/www.manquepierda.com\/historiarealbetis\/?p=101233"},"modified":"2024-12-25T21:01:24","modified_gmt":"2024-12-25T20:01:24","slug":"alineacion-betis-sheffield-united-2019","status":"publish","type":"post","link":"https:\/\/www.manquepierda.com\/historiarealbetis\/alineacion-betis-sheffield-united-2019\/","title":{"rendered":"Alineaci\u00f3n Betis-Sheffield United 2019."},"content":{"rendered":"<div class=\"wp-block-image\">\n<figure class=\"aligncenter size-full\"><img data-recalc-dims=\"1\" loading=\"lazy\" decoding=\"async\" width=\"567\" height=\"313\" src=\"https:\/\/i0.wp.com\/www.manquepierda.com\/historiarealbetis\/files\/2024\/12\/Alineacion-Betis-Sheffield-United-Amistoso-2019.jpg?resize=567%2C313&#038;ssl=1\" alt=\"\" class=\"wp-image-101234\" srcset=\"https:\/\/i0.wp.com\/www.manquepierda.com\/historiarealbetis\/files\/2024\/12\/Alineacion-Betis-Sheffield-United-Amistoso-2019.jpg?w=567&amp;ssl=1 567w, https:\/\/i0.wp.com\/www.manquepierda.com\/historiarealbetis\/files\/2024\/12\/Alineacion-Betis-Sheffield-United-Amistoso-2019.jpg?resize=220%2C121&amp;ssl=1 220w\" sizes=\"auto, (max-width: 567px) 100vw, 567px\" \/><\/figure>\n<\/div>\n\n<p>12 de julio de 2019 en el estadio do Algarve en Faro Betis 0 Sheffield United 1; partido amistoso.<\/p>\n<p>En el primer encuentro de pretemporada el Betis cay\u00f3 derrotado con un gol en el minuto 63 de\u00a0 Mc Goldrick.<\/p>\n<p>En la imagen arriba Robles, Barrag\u00e1n, Bartra, Sidnei, Javi Garc\u00eda y Loren; abajo Canales, Camarasa, Joaqu\u00edn, Tello y Calder\u00f3n.<\/p>\n<p>Joan Francesc Ferrer \u00abRub\u00ed\u00bb entrenaba al Betis y Chris Wilder al Sheffield United.<\/p>\n\n\n<p><\/p>\n","protected":false},"excerpt":{"rendered":"<p>12 de julio de 2019 en el estadio do Algarve en Faro Betis 0 Sheffield United 1; partido amistoso. En el primer encuentro de pretemporada el Betis cay\u00f3 derrotado con un gol en el minuto 63 de\u00a0 Mc Goldrick. En la imagen arriba Robles, Barrag\u00e1n, Bartra, Sidnei, Javi Garc\u00eda y Loren; abajo Canales, Camarasa, Joaqu\u00edn,&#8230;<\/p>\n","protected":false},"author":5,"featured_media":101234,"comment_status":"open","ping_status":"open","sticky":false,"template":"","format":"standard","meta":{"_kad_post_transparent":"","_kad_post_title":"","_kad_post_layout":"","_kad_post_sidebar_id":"","_kad_post_content_style":"","_kad_post_vertical_padding":"","_kad_post_feature":"","_kad_post_feature_position":"","_kad_post_header":false,"_kad_post_footer":false,"_kad_post_classname":"","_jetpack_memberships_contains_paid_content":false,"footnotes":"","jetpack_publicize_message":"","jetpack_publicize_feature_enabled":true,"jetpack_social_post_already_shared":true,"jetpack_social_options":{"image_generator_settings":{"template":"highway","default_image_id":0,"font":"","enabled":false},"version":2}},"categories":[15447,14583,1],"tags":[17669,18577,16185,16234,16421,3912,16828,18578,18345,558,16817,16941,16854,16414],"class_list":["post-101233","post","type-post","status-publish","format-standard","has-post-thumbnail","hentry","category-2010-2019","category-efemerides","category-portada","tag-17669","tag-2019-20","tag-antonio-barragan","tag-cristian-tello","tag-javi-garcia","tag-joaquin-sanchez","tag-joel-robles","tag-jose-manuel-calderon","tag-lorenzo-moron-loren-2","tag-marc-bartra","tag-sergio-canales","tag-sheffield-united","tag-sidnei-da-silva","tag-victor-camarasa"],"jetpack_publicize_connections":[],"jetpack_featured_media_url":"https:\/\/i0.wp.com\/www.manquepierda.com\/historiarealbetis\/files\/2024\/12\/Alineacion-Betis-Sheffield-United-Amistoso-2019.jpg?fit=567%2C313&ssl=1","jetpack_sharing_enabled":true,"jetpack_shortlink":"https:\/\/wp.me\/p1ij08-qkN","jetpack-related-posts":[],"_links":{"self":[{"href":"https:\/\/www.manquepierda.com\/historiarealbetis\/wp-json\/wp\/v2\/posts\/101233","targetHints":{"allow":["GET"]}}],"collection":[{"href":"https:\/\/www.manquepierda.com\/historiarealbetis\/wp-json\/wp\/v2\/posts"}],"about":[{"href":"https:\/\/www.manquepierda.com\/historiarealbetis\/wp-json\/wp\/v2\/types\/post"}],"author":[{"embeddable":true,"href":"https:\/\/www.manquepierda.com\/historiarealbetis\/wp-json\/wp\/v2\/users\/5"}],"replies":[{"embeddable":true,"href":"https:\/\/www.manquepierda.com\/historiarealbetis\/wp-json\/wp\/v2\/comments?post=101233"}],"version-history":[{"count":2,"href":"https:\/\/www.manquepierda.com\/historiarealbetis\/wp-json\/wp\/v2\/posts\/101233\/revisions"}],"predecessor-version":[{"id":101511,"href":"https:\/\/www.manquepierda.com\/historiarealbetis\/wp-json\/wp\/v2\/posts\/101233\/revisions\/101511"}],"wp:featuredmedia":[{"embeddable":true,"href":"https:\/\/www.manquepierda.com\/historiarealbetis\/wp-json\/wp\/v2\/media\/101234"}],"wp:attachment":[{"href":"https:\/\/www.manquepierda.com\/historiarealbetis\/wp-json\/wp\/v2\/media?parent=101233"}],"wp:term":[{"taxonomy":"category","embeddable":true,"href":"https:\/\/www.manquepierda.com\/historiarealbetis\/wp-json\/wp\/v2\/categories?post=101233"},{"taxonomy":"post_tag","embeddable":true,"href":"https:\/\/www.manquepierda.com\/historiarealbetis\/wp-json\/wp\/v2\/tags?post=101233"}],"curies":[{"name":"wp","href":"https:\/\/api.w.org\/{rel}","templated":true}]}}