{"id":101237,"date":"2024-12-24T11:00:00","date_gmt":"2024-12-24T10:00:00","guid":{"rendered":"https:\/\/www.manquepierda.com\/historiarealbetis\/?p=101237"},"modified":"2024-12-04T22:35:05","modified_gmt":"2024-12-04T21:35:05","slug":"alineacion-oviedo-betis-liga-1968","status":"publish","type":"post","link":"https:\/\/www.manquepierda.com\/historiarealbetis\/alineacion-oviedo-betis-liga-1968\/","title":{"rendered":"Alineaci\u00f3n Oviedo-Betis Liga 1968."},"content":{"rendered":"<div class=\"wp-block-image\">\n<figure class=\"aligncenter size-medium\"><img data-recalc-dims=\"1\" loading=\"lazy\" decoding=\"async\" width=\"680\" height=\"509\" src=\"https:\/\/i0.wp.com\/www.manquepierda.com\/historiarealbetis\/files\/2024\/12\/Alineacion-Oviedo-Betis-Liga-1968.jpg?resize=680%2C509&#038;ssl=1\" alt=\"\" class=\"wp-image-101238\" srcset=\"https:\/\/i0.wp.com\/www.manquepierda.com\/historiarealbetis\/files\/2024\/12\/Alineacion-Oviedo-Betis-Liga-1968.jpg?resize=680%2C509&amp;ssl=1 680w, https:\/\/i0.wp.com\/www.manquepierda.com\/historiarealbetis\/files\/2024\/12\/Alineacion-Oviedo-Betis-Liga-1968.jpg?resize=935%2C700&amp;ssl=1 935w, https:\/\/i0.wp.com\/www.manquepierda.com\/historiarealbetis\/files\/2024\/12\/Alineacion-Oviedo-Betis-Liga-1968.jpg?resize=220%2C165&amp;ssl=1 220w, https:\/\/i0.wp.com\/www.manquepierda.com\/historiarealbetis\/files\/2024\/12\/Alineacion-Oviedo-Betis-Liga-1968.jpg?resize=768%2C575&amp;ssl=1 768w, https:\/\/i0.wp.com\/www.manquepierda.com\/historiarealbetis\/files\/2024\/12\/Alineacion-Oviedo-Betis-Liga-1968.jpg?w=1147&amp;ssl=1 1147w\" sizes=\"auto, (max-width: 680px) 100vw, 680px\" \/><\/figure>\n<\/div>\n\n<p>\u00a0<\/p>\n<p>6 de octubre de 1968 en el Carlos Tartiere Oviedo 0 Betis; jornada 5 del Campeonato de Liga de Segunda Divisi\u00f3n.<\/p>\n<p>En la imagen arriba Villanova, Ezequiel, Telech\u00eda, Pach\u00edn, Ant\u00f3n y Azc\u00e1rate; abajo Macario, Gonz\u00e1lez, Landa, Quino y Santi.<\/p>\n<p>Ram\u00f3n Cobo entrenaba al Oviedo y Sabino Barinaga al Betis.\u00a0 \u00a0\u00a0<\/p>","protected":false},"excerpt":{"rendered":"<p>\u00a0 6 de octubre de 1968 en el Carlos Tartiere Oviedo 0 Betis; jornada 5 del Campeonato de Liga de Segunda Divisi\u00f3n. En la imagen arriba Villanova, Ezequiel, Telech\u00eda, Pach\u00edn, Ant\u00f3n y Azc\u00e1rate; abajo Macario, Gonz\u00e1lez, Landa, Quino y Santi. Ram\u00f3n Cobo entrenaba al Oviedo y Sabino Barinaga al Betis.\u00a0 \u00a0\u00a0<\/p>\n","protected":false},"author":5,"featured_media":101238,"comment_status":"open","ping_status":"open","sticky":false,"template":"","format":"standard","meta":{"_kad_post_transparent":"","_kad_post_title":"","_kad_post_layout":"","_kad_post_sidebar_id":"","_kad_post_content_style":"","_kad_post_vertical_padding":"","_kad_post_feature":"","_kad_post_feature_position":"","_kad_post_header":false,"_kad_post_footer":false,"_kad_post_classname":"","_jetpack_memberships_contains_paid_content":false,"footnotes":"","jetpack_publicize_message":"","jetpack_publicize_feature_enabled":true,"jetpack_social_post_already_shared":true,"jetpack_social_options":{"image_generator_settings":{"template":"highway","default_image_id":0,"font":"","enabled":false},"version":2}},"categories":[902,1],"tags":[2083,4202,1617,3751,1394,2086,1368,1621,17792,1619,1050,1618,1040,14171,1434],"class_list":["post-101237","post","type-post","status-publish","format-standard","has-post-thumbnail","hentry","category-1960-1969","category-portada","tag-2083","tag-1968-69","tag-antonio-martinez-anton","tag-enrique-perez-pachin","tag-ezequiel-manaute","tag-francisco-telechia","tag-jesus-maria-landa","tag-joaquin-sierra-quino","tag-liga-segunda-1968-69","tag-manuel-perez-macario","tag-manuel-villanova","tag-miguel-azcarate","tag-pepe-gonzalez","tag-real-oviedo-cf","tag-santiago-guerrero-santi"],"jetpack_publicize_connections":[],"jetpack_featured_media_url":"https:\/\/i0.wp.com\/www.manquepierda.com\/historiarealbetis\/files\/2024\/12\/Alineacion-Oviedo-Betis-Liga-1968.jpg?fit=1147%2C859&ssl=1","jetpack_sharing_enabled":true,"jetpack_shortlink":"https:\/\/wp.me\/p1ij08-qkR","jetpack-related-posts":[],"_links":{"self":[{"href":"https:\/\/www.manquepierda.com\/historiarealbetis\/wp-json\/wp\/v2\/posts\/101237","targetHints":{"allow":["GET"]}}],"collection":[{"href":"https:\/\/www.manquepierda.com\/historiarealbetis\/wp-json\/wp\/v2\/posts"}],"about":[{"href":"https:\/\/www.manquepierda.com\/historiarealbetis\/wp-json\/wp\/v2\/types\/post"}],"author":[{"embeddable":true,"href":"https:\/\/www.manquepierda.com\/historiarealbetis\/wp-json\/wp\/v2\/users\/5"}],"replies":[{"embeddable":true,"href":"https:\/\/www.manquepierda.com\/historiarealbetis\/wp-json\/wp\/v2\/comments?post=101237"}],"version-history":[{"count":2,"href":"https:\/\/www.manquepierda.com\/historiarealbetis\/wp-json\/wp\/v2\/posts\/101237\/revisions"}],"predecessor-version":[{"id":101240,"href":"https:\/\/www.manquepierda.com\/historiarealbetis\/wp-json\/wp\/v2\/posts\/101237\/revisions\/101240"}],"wp:featuredmedia":[{"embeddable":true,"href":"https:\/\/www.manquepierda.com\/historiarealbetis\/wp-json\/wp\/v2\/media\/101238"}],"wp:attachment":[{"href":"https:\/\/www.manquepierda.com\/historiarealbetis\/wp-json\/wp\/v2\/media?parent=101237"}],"wp:term":[{"taxonomy":"category","embeddable":true,"href":"https:\/\/www.manquepierda.com\/historiarealbetis\/wp-json\/wp\/v2\/categories?post=101237"},{"taxonomy":"post_tag","embeddable":true,"href":"https:\/\/www.manquepierda.com\/historiarealbetis\/wp-json\/wp\/v2\/tags?post=101237"}],"curies":[{"name":"wp","href":"https:\/\/api.w.org\/{rel}","templated":true}]}}