{"id":10137,"date":"2012-08-05T16:18:11","date_gmt":"2012-08-05T15:18:11","guid":{"rendered":"http:\/\/www.manquepierda.com\/historiarealbetis\/?p=10137"},"modified":"2025-09-12T00:14:27","modified_gmt":"2025-09-11T22:14:27","slug":"serafin-aedo-y-su-marcha-del-betis-1936","status":"publish","type":"post","link":"https:\/\/www.manquepierda.com\/historiarealbetis\/serafin-aedo-y-su-marcha-del-betis-1936\/","title":{"rendered":"Seraf\u00edn Aedo y su marcha del Betis 1936"},"content":{"rendered":"<p><a class=\"lightbox\" title=\"Aedo-1\" href=\"https:\/\/i0.wp.com\/www.manquepierda.com\/historiarealbetis\/files\/2011\/04\/Aedo-1.jpg?ssl=1\"><img data-recalc-dims=\"1\" loading=\"lazy\" decoding=\"async\" class=\"aligncenter size-full wp-image-10138\" src=\"https:\/\/i0.wp.com\/www.manquepierda.com\/historiarealbetis\/files\/2011\/04\/Aedo-1.jpg?resize=229%2C271&#038;ssl=1\" alt=\"\" width=\"229\" height=\"271\" \/><\/a><\/p>\n<p>Seraf\u00edn Aedo fue uno de los puntales del equipo b\u00e9tico que conquist\u00f3 el t\u00edtulo de Liga en la temporada 1934-35.\u00a0 En la campa\u00f1a siguiente, la 35-36, se mantuvo tambi\u00e9n en un alto nivel, disputando los 22 encuentros de Liga sin faltar en ninguno.<\/p>\n<p>Tambi\u00e9n fue un asiduo integrante de la selecci\u00f3n, jugando 3 de los 4 encuentros que el equipo nacional disput\u00f3 esa temporada.<\/p>\n<figure id=\"attachment_10140\" aria-describedby=\"caption-attachment-10140\" style=\"width: 320px\" class=\"wp-caption aligncenter\"><a class=\"lightbox\" title=\"SELECCION REPUBLICA Suiza-1936\" href=\"https:\/\/i0.wp.com\/www.manquepierda.com\/historiarealbetis\/files\/2011\/04\/SELECCION-REPUBLICA-Suiza-1936.jpg?ssl=1\"><img data-recalc-dims=\"1\" loading=\"lazy\" decoding=\"async\" class=\"size-full wp-image-10140\" src=\"https:\/\/i0.wp.com\/www.manquepierda.com\/historiarealbetis\/files\/2011\/04\/SELECCION-REPUBLICA-Suiza-1936.jpg?resize=320%2C197&#038;ssl=1\" alt=\"Suiza-Espa\u00f1a 3 de Mayo de 1936\" width=\"320\" height=\"197\" srcset=\"https:\/\/i0.wp.com\/www.manquepierda.com\/historiarealbetis\/files\/2011\/04\/SELECCION-REPUBLICA-Suiza-1936.jpg?w=320&amp;ssl=1 320w, https:\/\/i0.wp.com\/www.manquepierda.com\/historiarealbetis\/files\/2011\/04\/SELECCION-REPUBLICA-Suiza-1936.jpg?resize=300%2C184&amp;ssl=1 300w\" sizes=\"auto, (max-width: 320px) 100vw, 320px\" \/><\/a><figcaption id=\"caption-attachment-10140\" class=\"wp-caption-text\">Suiza-Espa\u00f1a 3 de Mayo de 1936<\/figcaption><\/figure>\n<p>Aqu\u00ed lo podemos ver en el \u00faltimo partido que la selecci\u00f3n va a disputar en epoca republicana, concretamente en la localidad suiza de Berna, y donde el equipo espa\u00f1ol vence 0-2 con tantos de Isidro L\u00e1ngara y Sim\u00f3n Lecue. El portero que est\u00e1 a su izquierda en la imagen es el sevillista Guillermo Eizaguirre, portero suplente de la selecci\u00f3n.<\/p>\n<p>Cuando vuelve de Suiza Aedo se incorpora al equipo b\u00e9tico en Barcelona, donde el conjunto acaba de eliminar el Sabadell en los dieciseisavos de Copa, y espera el partido de ida de los octavos contra el Girona. Despu\u00e9s de eliminar al equipo catal\u00e1n disputa tambi\u00e9n los 2 encuentros de cuartos de final contra el Osasuna.\u00a0 El 31 de Mayo de 1936 en el campo pamplonica de San Juan\u00a0 el Betis pierde 3-1 y es eliminado. Seraf\u00edn Aedo desconoce que ha vestido por \u00faltima vez la camiseta verdiblanca.<\/p>\n<p>El Betis en esos momentos acaba de pasar una apurada situaci\u00f3n econ\u00f3mica, como consecuencia de los desfases que a lo largo de la temporada se han dado entre gastos e ingresos.\u00a0 Al principio la ayuda de unos pocos de forma desinteresada, y\u00a0 la movilizaci\u00f3n posterior despu\u00e9s de la masa de aficionados, consiguen enderezar la situaci\u00f3n econ\u00f3mica. Es necesario adem\u00e1s aligerar la n\u00f3mina de futbolistas y apostar por la cantera, lo que produce la salida del club de jugadores como Rancel \u00f3 G\u00f3mez, y el traspaso al Athletic Club de Unamuno y al Barcelona de Urquiaga.<\/p>\n<p>El Barcelona ha estado dirigido en esa temporada por Patrick O\u00b4Connell, quien ya cuenta entre sus filas con Pedro Areso. Ahora se ha hecho con el portero Joaqu\u00edn Urquiaga y tiene la pretensi\u00f3n de contar tambi\u00e9n con el \u00faltimo integrante del tr\u00edo defensivo con el que alcanz\u00f3 la Liga de 1935: Seraf\u00edn Aedo. El equipo blaugrana pasaba entonces por un largo\u00a0 periodo de sequ\u00eda de \u00e9xitos: desde que obtuvo la primera Liga en 1929 no ha ganado nada, y viene adem\u00e1s de perder la final de Copa en Mestalla contra el Madrid. Es un club poderoso econ\u00f3micamente y tiende todas sus redes para conseguir el fichaje.<\/p>\n<p>La directiva b\u00e9tica rechaza las ofertas barcelonistas y reafirma su voluntad de contar con el defensa.<\/p>\n<figure id=\"attachment_10143\" aria-describedby=\"caption-attachment-10143\" style=\"width: 427px\" class=\"wp-caption aligncenter\"><a class=\"lightbox\" title=\"Aedo Junio 36 (NMP) ABC 28-6-1936\" href=\"https:\/\/i0.wp.com\/www.manquepierda.com\/historiarealbetis\/files\/2011\/04\/Aedo-Junio-36-NMP-ABC-28-6-1936.jpg?ssl=1\"><img data-recalc-dims=\"1\" loading=\"lazy\" decoding=\"async\" class=\"size-full wp-image-10143\" src=\"https:\/\/i0.wp.com\/www.manquepierda.com\/historiarealbetis\/files\/2011\/04\/Aedo-Junio-36-NMP-ABC-28-6-1936.jpg?resize=427%2C253&#038;ssl=1\" alt=\"Fuente: ABC 28 de Junio de 1936\" width=\"427\" height=\"253\" srcset=\"https:\/\/i0.wp.com\/www.manquepierda.com\/historiarealbetis\/files\/2011\/04\/Aedo-Junio-36-NMP-ABC-28-6-1936.jpg?w=427&amp;ssl=1 427w, https:\/\/i0.wp.com\/www.manquepierda.com\/historiarealbetis\/files\/2011\/04\/Aedo-Junio-36-NMP-ABC-28-6-1936.jpg?resize=300%2C177&amp;ssl=1 300w\" sizes=\"auto, (max-width: 427px) 100vw, 427px\" \/><\/a><figcaption id=\"caption-attachment-10143\" class=\"wp-caption-text\">Fuente: ABC 28 de Junio de 1936<\/figcaption><\/figure>\n<p>Cuando finaliza la temporada Aedo marcha hacia su tierra natal de vacaciones, aunque el periodico barcelon\u00e9s El Mundo Deportivo nos informa de las gestiones que all\u00ed hace para el Betis .<\/p>\n<figure id=\"attachment_10144\" aria-describedby=\"caption-attachment-10144\" style=\"width: 378px\" class=\"wp-caption aligncenter\"><a class=\"lightbox\" title=\"Aedo Julio 1939 (NMP) EMD 8-7-1936\" href=\"https:\/\/i0.wp.com\/www.manquepierda.com\/historiarealbetis\/files\/2011\/04\/Aedo-Julio-1939-NMP-EMD-8-7-1936.jpg?ssl=1\"><img data-recalc-dims=\"1\" loading=\"lazy\" decoding=\"async\" class=\"size-full wp-image-10144\" src=\"https:\/\/i0.wp.com\/www.manquepierda.com\/historiarealbetis\/files\/2011\/04\/Aedo-Julio-1939-NMP-EMD-8-7-1936.jpg?resize=378%2C192&#038;ssl=1\" alt=\"Fuente: El Mundo Deportivo 8 de Julio de 1936\" width=\"378\" height=\"192\" srcset=\"https:\/\/i0.wp.com\/www.manquepierda.com\/historiarealbetis\/files\/2011\/04\/Aedo-Julio-1939-NMP-EMD-8-7-1936.jpg?w=378&amp;ssl=1 378w, https:\/\/i0.wp.com\/www.manquepierda.com\/historiarealbetis\/files\/2011\/04\/Aedo-Julio-1939-NMP-EMD-8-7-1936.jpg?resize=300%2C152&amp;ssl=1 300w\" sizes=\"auto, (max-width: 378px) 100vw, 378px\" \/><\/a><figcaption id=\"caption-attachment-10144\" class=\"wp-caption-text\">Fuente: El Mundo Deportivo 8 de Julio de 1936<\/figcaption><\/figure>\n<p>El estallido de la guerra civil s\u00f3lo 10 d\u00edas despu\u00e9s de la informaci\u00f3n posterior va a cambiarlo absolutamente todo.\u00a0 Todav\u00eda la prensa deportiva informaba el 19 de Julio de los planes b\u00e9ticos para la temporada siguiente, pues el Betis consegu\u00eda el arrendamiento del Estadio de la Exposici\u00f3n. Entre la informaci\u00f3n\u00a0 que da para el a\u00f1o siguiente destaca la\u00a0 de contar con Aedo como uno de los pilares b\u00e1sicos del equipo.<\/p>\n<figure id=\"attachment_10145\" aria-describedby=\"caption-attachment-10145\" style=\"width: 183px\" class=\"wp-caption aligncenter\"><a class=\"lightbox\" title=\"Aedo Julio 1936 ( NMP) EMD 19-7-1936\" href=\"https:\/\/i0.wp.com\/www.manquepierda.com\/historiarealbetis\/files\/2011\/04\/Aedo-Julio-1936-NMP-EMD-19-7-1936.jpg?ssl=1\"><img data-recalc-dims=\"1\" loading=\"lazy\" decoding=\"async\" class=\"size-full wp-image-10145\" src=\"https:\/\/i0.wp.com\/www.manquepierda.com\/historiarealbetis\/files\/2011\/04\/Aedo-Julio-1936-NMP-EMD-19-7-1936.jpg?resize=183%2C479&#038;ssl=1\" alt=\"Fuente: El Mundo Deportivo 19 de Julio de 1936\" width=\"183\" height=\"479\" \/><\/a><figcaption id=\"caption-attachment-10145\" class=\"wp-caption-text\">Fuente: El Mundo Deportivo 19 de Julio de 1936<\/figcaption><\/figure>\n<p>Como much\u00edsimos jugadores de esta \u00e9poca Aedo particip\u00f3 en los diversos encuentros de car\u00e1cter ben\u00e9fico que se disputaron tanto en la Espa\u00f1a republicana como en la franquista. As\u00ed sabemos que jug\u00f3 en Bilbao varios partidos organizados por los partidos vascos de car\u00e1cter nacionalista, como los que enfrentaron a los equipos del PNV y ANV. Tambi\u00e9n jug\u00f3 en los partidos entre las selecciones de Vizcaya y Guip\u00fazcoa.<\/p>\n<p>Form\u00f3 parte de la selecci\u00f3n vasca que se organiz\u00f3 en 1937 y que realiz\u00f3 una gira mundial en apoyo del campo republicano, llev\u00e1ndoles\u00a0 a Francia, Checoslovaquia, Polonia, Rusia, Finlandia, Noruega, Dinamarca, Francia, M\u00e9xico, Chile, Cuba y M\u00e9xico finalmente. Entre Abril de 1937 y Junio de 1939 disputaron un total de 52 partidos.<\/p>\n<p>Esta imagen corresponde al primero de los encuentros, el disputado el 25 de Abril de 1937 en Par\u00eds contra el Racing de Par\u00eds y en el que el equipo vasco venci\u00f3 0-3.<\/p>\n<p><a class=\"lightbox\" title=\"seleccion vasca 1937\" href=\"https:\/\/i0.wp.com\/www.manquepierda.com\/historiarealbetis\/files\/2011\/04\/seleccion-vasca-1937.jpg?ssl=1\"><img data-recalc-dims=\"1\" loading=\"lazy\" decoding=\"async\" class=\"aligncenter size-full wp-image-10146\" src=\"https:\/\/i0.wp.com\/www.manquepierda.com\/historiarealbetis\/files\/2011\/04\/seleccion-vasca-1937.jpg?resize=770%2C570&#038;ssl=1\" alt=\"\" width=\"770\" height=\"570\" srcset=\"https:\/\/i0.wp.com\/www.manquepierda.com\/historiarealbetis\/files\/2011\/04\/seleccion-vasca-1937.jpg?w=770&amp;ssl=1 770w, https:\/\/i0.wp.com\/www.manquepierda.com\/historiarealbetis\/files\/2011\/04\/seleccion-vasca-1937.jpg?resize=300%2C222&amp;ssl=1 300w\" sizes=\"auto, (max-width: 770px) 100vw, 770px\" \/><\/a>En la imagen aparece otro ex jugador b\u00e9tico: Pedro Areso, el primero a nuestra derecha.<\/p>\n<p>Al finalizar la guerra civil Seraf\u00edn Aedo permaneci\u00f3 exiliado en M\u00e9xico y Argentina, jugando al f\u00fatbol en el Espa\u00f1a de M\u00e9xico y en el River Plate.<\/p>\n<p>En 1986 el periodista Juli\u00e1n Garc\u00eda Candau lo entrevistaba en M\u00e9xico y recordaba su estancia en el equipo b\u00e9tico:<\/p>\n<p><em>\u00bb Aquel equipo era formidable y los jugadores eramos grandes amigos. El componente vasco era muy importante. Tanto que hasta lo eran algunos de los suplentes. Cuando lleg\u00f3 la guerra ya hab\u00eda entrado en crisis el club, pero estaba en condiciones de reaccionar. Siempre guardar\u00e9 un grato recuerdo de la ciudad y del Betis. A\u00fan ahora, en M\u00e9xico, estoy pendiente cada semana del resultado de mi equipo. Me hizo mucha ilusi\u00f3n cuando le gan\u00f3 la Copa al Athletic de Bilbao\u00bb<\/em><\/p>\n<p>Aclaraba adem\u00e1s las circunstancias en las que dej\u00f3 el equipo b\u00e9tico en Junio de 1936, al renovar el contrato sin poner cantidad alguna:\u00a0 \u00ab<em>P\u00f3nganme ustedes lo que merezco ganar\u00bb <\/em>Esta fue la despedida de Seraf\u00edn Aedo, que ya no volvi\u00f3 nunca al Betis ni al f\u00fatbol espa\u00f1ol.<em><br \/><\/em><\/p>\n<p>Como prueba adicional de su pertenencia al Betis durante la temporada 1936-37 que nunca se disput\u00f3, nada mejor que mostrar aqu\u00ed la licencia federativa, llamada com\u00fanmente \u00abla cartulina rosa\u00bb, firmada por el propio Seraf\u00edn Aedo con el Betis Balompi\u00e9 antes de marchar de vacaciones a su tierra en el verano de 1936.<\/p>\n\n\n<figure class=\"wp-block-image size-large\"><img data-recalc-dims=\"1\" loading=\"lazy\" decoding=\"async\" width=\"920\" height=\"669\" src=\"https:\/\/i0.wp.com\/www.manquepierda.com\/historiarealbetis\/files\/2012\/08\/1936-Licencia-de-Serafin-Aedo.jpg?resize=920%2C669&#038;ssl=1\" alt=\"\" class=\"wp-image-104918\" srcset=\"https:\/\/i0.wp.com\/www.manquepierda.com\/historiarealbetis\/files\/2012\/08\/1936-Licencia-de-Serafin-Aedo.jpg?resize=920%2C669&amp;ssl=1 920w, https:\/\/i0.wp.com\/www.manquepierda.com\/historiarealbetis\/files\/2012\/08\/1936-Licencia-de-Serafin-Aedo.jpg?resize=600%2C436&amp;ssl=1 600w, https:\/\/i0.wp.com\/www.manquepierda.com\/historiarealbetis\/files\/2012\/08\/1936-Licencia-de-Serafin-Aedo.jpg?resize=768%2C558&amp;ssl=1 768w, https:\/\/i0.wp.com\/www.manquepierda.com\/historiarealbetis\/files\/2012\/08\/1936-Licencia-de-Serafin-Aedo.jpg?resize=1536%2C1116&amp;ssl=1 1536w, https:\/\/i0.wp.com\/www.manquepierda.com\/historiarealbetis\/files\/2012\/08\/1936-Licencia-de-Serafin-Aedo.jpg?w=1600&amp;ssl=1 1600w\" sizes=\"auto, (max-width: 920px) 100vw, 920px\" \/><\/figure>\n\n\n<p>Seraf\u00edn Aedo falleci\u00f3 en Ciudad de M\u00e9xico el 15 de Octubre de 1988 casi a la edad de 80 a\u00f1os.<\/p>\n<p>Al d\u00eda siguiente en el Nou Camp en partido de Liga contra el FC Barcelona el Betis port\u00f3 brazalete negro en se\u00f1al de duelo.\u00a0<\/p>","protected":false},"excerpt":{"rendered":"<p>Seraf\u00edn Aedo fue uno de los puntales del equipo b\u00e9tico que conquist\u00f3 el t\u00edtulo de Liga en la temporada 1934-35.\u00a0 En la campa\u00f1a siguiente, la 35-36, se mantuvo tambi\u00e9n en un alto nivel, disputando los 22 encuentros de Liga sin faltar en ninguno. Tambi\u00e9n fue un asiduo integrante de la selecci\u00f3n, jugando 3 de los&#8230;<\/p>\n","protected":false},"author":5,"featured_media":10138,"comment_status":"open","ping_status":"open","sticky":false,"template":"","format":"standard","meta":{"_kad_post_transparent":"","_kad_post_title":"","_kad_post_layout":"","_kad_post_sidebar_id":"","_kad_post_content_style":"","_kad_post_vertical_padding":"","_kad_post_feature":"","_kad_post_feature_position":"","_kad_post_header":false,"_kad_post_footer":false,"_kad_post_classname":"","_jetpack_memberships_contains_paid_content":false,"footnotes":"","jetpack_publicize_message":"","jetpack_publicize_feature_enabled":true,"jetpack_social_post_already_shared":false,"jetpack_social_options":{"image_generator_settings":{"template":"highway","default_image_id":0,"font":"","enabled":false},"version":2}},"categories":[899,906,893,1],"tags":[1530,1513,421,1503,1608,642,1016,1586,1587,1017,1043],"class_list":["post-10137","post","type-post","status-publish","format-standard","has-post-thumbnail","hentry","category-1930-1939","category-investigacion-temas","category-jugadores-temas","category-portada","tag-1530","tag-estadio-de-la-exposicion","tag-guerra-civil","tag-guillermo-eizaguirre","tag-isidro-langara","tag-patrick-oconnell","tag-pedro-areso","tag-seleccion-espanola","tag-seleccion-euskadi","tag-serafin-aedo","tag-simon-lecue"],"jetpack_publicize_connections":[],"jetpack_featured_media_url":"https:\/\/i0.wp.com\/www.manquepierda.com\/historiarealbetis\/files\/2011\/04\/Aedo-1.jpg?fit=229%2C271&ssl=1","jetpack_sharing_enabled":true,"jetpack_shortlink":"https:\/\/wp.me\/p1ij08-2Dv","jetpack-related-posts":[],"_links":{"self":[{"href":"https:\/\/www.manquepierda.com\/historiarealbetis\/wp-json\/wp\/v2\/posts\/10137","targetHints":{"allow":["GET"]}}],"collection":[{"href":"https:\/\/www.manquepierda.com\/historiarealbetis\/wp-json\/wp\/v2\/posts"}],"about":[{"href":"https:\/\/www.manquepierda.com\/historiarealbetis\/wp-json\/wp\/v2\/types\/post"}],"author":[{"embeddable":true,"href":"https:\/\/www.manquepierda.com\/historiarealbetis\/wp-json\/wp\/v2\/users\/5"}],"replies":[{"embeddable":true,"href":"https:\/\/www.manquepierda.com\/historiarealbetis\/wp-json\/wp\/v2\/comments?post=10137"}],"version-history":[{"count":6,"href":"https:\/\/www.manquepierda.com\/historiarealbetis\/wp-json\/wp\/v2\/posts\/10137\/revisions"}],"predecessor-version":[{"id":104921,"href":"https:\/\/www.manquepierda.com\/historiarealbetis\/wp-json\/wp\/v2\/posts\/10137\/revisions\/104921"}],"wp:featuredmedia":[{"embeddable":true,"href":"https:\/\/www.manquepierda.com\/historiarealbetis\/wp-json\/wp\/v2\/media\/10138"}],"wp:attachment":[{"href":"https:\/\/www.manquepierda.com\/historiarealbetis\/wp-json\/wp\/v2\/media?parent=10137"}],"wp:term":[{"taxonomy":"category","embeddable":true,"href":"https:\/\/www.manquepierda.com\/historiarealbetis\/wp-json\/wp\/v2\/categories?post=10137"},{"taxonomy":"post_tag","embeddable":true,"href":"https:\/\/www.manquepierda.com\/historiarealbetis\/wp-json\/wp\/v2\/tags?post=10137"}],"curies":[{"name":"wp","href":"https:\/\/api.w.org\/{rel}","templated":true}]}}