{"id":101480,"date":"2025-01-12T13:00:00","date_gmt":"2025-01-12T12:00:00","guid":{"rendered":"https:\/\/www.manquepierda.com\/historiarealbetis\/?p=101480"},"modified":"2024-12-21T19:41:26","modified_gmt":"2024-12-21T18:41:26","slug":"hoy-hace-20-anos-mirandes-1-betis-3-en-copa","status":"publish","type":"post","link":"https:\/\/www.manquepierda.com\/historiarealbetis\/hoy-hace-20-anos-mirandes-1-betis-3-en-copa\/","title":{"rendered":"Hoy hace 20 a\u00f1os. Mirand\u00e9s 1 Betis 3 en Copa."},"content":{"rendered":"<div class=\"wp-block-image\">\n<figure class=\"aligncenter size-full\"><img data-recalc-dims=\"1\" loading=\"lazy\" decoding=\"async\" width=\"425\" height=\"462\" src=\"https:\/\/i0.wp.com\/www.manquepierda.com\/historiarealbetis\/files\/2024\/12\/12-2005-Mirandes-1-Betis3-.jpg?resize=425%2C462&#038;ssl=1\" alt=\"\" class=\"wp-image-101481\" srcset=\"https:\/\/i0.wp.com\/www.manquepierda.com\/historiarealbetis\/files\/2024\/12\/12-2005-Mirandes-1-Betis3-.jpg?w=425&amp;ssl=1 425w, https:\/\/i0.wp.com\/www.manquepierda.com\/historiarealbetis\/files\/2024\/12\/12-2005-Mirandes-1-Betis3-.jpg?resize=202%2C220&amp;ssl=1 202w\" sizes=\"auto, (max-width: 425px) 100vw, 425px\" \/><\/figure>\n<\/div>\n\n<p>\u00a0<\/p>\n<p><span style=\"color: #008000\">El 12 de enero de 2005 en Anduva el Betis se impone 1-3 al Mirand\u00e9s en el partido de ida de los octavos de final de la Copa.<\/span><\/p>\n<p><span style=\"color: #008000\">En el minuto 46 Rodri de falta directa puso por delante al equipo local. En el 74 Edu empat\u00f3 rematando un c\u00f3rner sacado por Joaqu\u00edn; en el 75 Oliveira de cabeza marc\u00f3 el 1-2 y en el 90 Israel marc\u00f3 a puerta vac\u00eda.<\/span><\/p>\n<p><span style=\"color: #008000\">El Mirand\u00e9s, entrenado por C\u00e1ndido Arroyo, form\u00f3 con Tito; Iker, Lago, Rodri, Eulate; Valero, Honorio (78, Ortiz), Rodrigo, Lasarte; Tino (46, Blanco) y Diego G\u00f3mez.<\/span><\/p>\n<p><span style=\"color: #008000\">El Betis, dirigido por Lorenzo Serra, aline\u00f3 a Contreras; Varela, Lembo, Rivas, Llano (76, Tais); Israel, Arzu (57, Assun\u00e7ao), Benjam\u00edn (57, Joaqu\u00edn); Edu, Oliveira y Alfonso.<\/span><\/p>","protected":false},"excerpt":{"rendered":"<p>\u00a0 El 12 de enero de 2005 en Anduva el Betis se impone 1-3 al Mirand\u00e9s en el partido de ida de los octavos de final de la Copa. En el minuto 46 Rodri de falta directa puso por delante al equipo local. En el 74 Edu empat\u00f3 rematando un c\u00f3rner sacado por Joaqu\u00edn; en&#8230;<\/p>\n","protected":false},"author":5,"featured_media":101481,"comment_status":"open","ping_status":"open","sticky":false,"template":"","format":"standard","meta":{"_kad_post_transparent":"","_kad_post_title":"","_kad_post_layout":"","_kad_post_sidebar_id":"","_kad_post_content_style":"","_kad_post_vertical_padding":"","_kad_post_feature":"","_kad_post_feature_position":"","_kad_post_header":false,"_kad_post_footer":false,"_kad_post_classname":"","_jetpack_memberships_contains_paid_content":false,"footnotes":"","jetpack_publicize_message":"","jetpack_publicize_feature_enabled":true,"jetpack_social_post_already_shared":true,"jetpack_social_options":{"image_generator_settings":{"template":"highway","default_image_id":0,"font":"","enabled":false},"version":2}},"categories":[4823,14583,1],"tags":[1630,11165,17840],"class_list":["post-101480","post","type-post","status-publish","format-standard","has-post-thumbnail","hentry","category-2000-2009","category-efemerides","category-portada","tag-1630","tag-cd-mirandes","tag-copa-2004-05"],"jetpack_publicize_connections":[],"jetpack_featured_media_url":"https:\/\/i0.wp.com\/www.manquepierda.com\/historiarealbetis\/files\/2024\/12\/12-2005-Mirandes-1-Betis3-.jpg?fit=425%2C462&ssl=1","jetpack_sharing_enabled":true,"jetpack_shortlink":"https:\/\/wp.me\/p1ij08-qoM","jetpack-related-posts":[],"_links":{"self":[{"href":"https:\/\/www.manquepierda.com\/historiarealbetis\/wp-json\/wp\/v2\/posts\/101480","targetHints":{"allow":["GET"]}}],"collection":[{"href":"https:\/\/www.manquepierda.com\/historiarealbetis\/wp-json\/wp\/v2\/posts"}],"about":[{"href":"https:\/\/www.manquepierda.com\/historiarealbetis\/wp-json\/wp\/v2\/types\/post"}],"author":[{"embeddable":true,"href":"https:\/\/www.manquepierda.com\/historiarealbetis\/wp-json\/wp\/v2\/users\/5"}],"replies":[{"embeddable":true,"href":"https:\/\/www.manquepierda.com\/historiarealbetis\/wp-json\/wp\/v2\/comments?post=101480"}],"version-history":[{"count":1,"href":"https:\/\/www.manquepierda.com\/historiarealbetis\/wp-json\/wp\/v2\/posts\/101480\/revisions"}],"predecessor-version":[{"id":101482,"href":"https:\/\/www.manquepierda.com\/historiarealbetis\/wp-json\/wp\/v2\/posts\/101480\/revisions\/101482"}],"wp:featuredmedia":[{"embeddable":true,"href":"https:\/\/www.manquepierda.com\/historiarealbetis\/wp-json\/wp\/v2\/media\/101481"}],"wp:attachment":[{"href":"https:\/\/www.manquepierda.com\/historiarealbetis\/wp-json\/wp\/v2\/media?parent=101480"}],"wp:term":[{"taxonomy":"category","embeddable":true,"href":"https:\/\/www.manquepierda.com\/historiarealbetis\/wp-json\/wp\/v2\/categories?post=101480"},{"taxonomy":"post_tag","embeddable":true,"href":"https:\/\/www.manquepierda.com\/historiarealbetis\/wp-json\/wp\/v2\/tags?post=101480"}],"curies":[{"name":"wp","href":"https:\/\/api.w.org\/{rel}","templated":true}]}}