{"id":101493,"date":"2025-01-10T11:00:00","date_gmt":"2025-01-10T10:00:00","guid":{"rendered":"https:\/\/www.manquepierda.com\/historiarealbetis\/?p=101493"},"modified":"2024-12-24T16:11:18","modified_gmt":"2024-12-24T15:11:18","slug":"alineacion-valladolid-betis-liga-2011","status":"publish","type":"post","link":"https:\/\/www.manquepierda.com\/historiarealbetis\/alineacion-valladolid-betis-liga-2011\/","title":{"rendered":"Alineaci\u00f3n Valladolid-Betis Liga 2011."},"content":{"rendered":"<div class=\"wp-block-image\">\n<figure class=\"aligncenter size-full\"><img data-recalc-dims=\"1\" loading=\"lazy\" decoding=\"async\" width=\"539\" height=\"378\" src=\"https:\/\/i0.wp.com\/www.manquepierda.com\/historiarealbetis\/files\/2024\/12\/Alineacion-Valladolid-Betis-Liga-2011.jpg?resize=539%2C378&#038;ssl=1\" alt=\"\" class=\"wp-image-101494\" srcset=\"https:\/\/i0.wp.com\/www.manquepierda.com\/historiarealbetis\/files\/2024\/12\/Alineacion-Valladolid-Betis-Liga-2011.jpg?w=539&amp;ssl=1 539w, https:\/\/i0.wp.com\/www.manquepierda.com\/historiarealbetis\/files\/2024\/12\/Alineacion-Valladolid-Betis-Liga-2011.jpg?resize=220%2C154&amp;ssl=1 220w\" sizes=\"auto, (max-width: 539px) 100vw, 539px\" \/><\/figure>\n<\/div>\n\n<p>\u00a0<\/p>\n<p>20 de febrero de 2011 en el Nuevo Zorrilla Valladolid 1 Betis 0; jornada 25 del Campeonato de Liga de Segunda Divisi\u00f3n.<\/p>\n<p>En la imagen arriba Eman\u00e1, Isidoro, Jorge Molina, Arzu, Dorado, Roversio y Casto; abajo Rub\u00e9n Castro, Iriney, Nacho y Salva Sevilla.<\/p>\n<p>Javi Guerra en el minuto 43 fue el autor del \u00fanico tanto del partido.<\/p>\n<p>Abel Resino entrenaba al Valladolid y Pepe Mel al Betis.\u00a0 \u00a0\u00a0<\/p>","protected":false},"excerpt":{"rendered":"<p>\u00a0 20 de febrero de 2011 en el Nuevo Zorrilla Valladolid 1 Betis 0; jornada 25 del Campeonato de Liga de Segunda Divisi\u00f3n. En la imagen arriba Eman\u00e1, Isidoro, Jorge Molina, Arzu, Dorado, Roversio y Casto; abajo Rub\u00e9n Castro, Iriney, Nacho y Salva Sevilla. Javi Guerra en el minuto 43 fue el autor del \u00fanico&#8230;<\/p>\n","protected":false},"author":5,"featured_media":101494,"comment_status":"open","ping_status":"open","sticky":false,"template":"","format":"standard","meta":{"_kad_post_transparent":"","_kad_post_title":"","_kad_post_layout":"","_kad_post_sidebar_id":"","_kad_post_content_style":"","_kad_post_vertical_padding":"","_kad_post_feature":"","_kad_post_feature_position":"","_kad_post_header":false,"_kad_post_footer":false,"_kad_post_classname":"","_jetpack_memberships_contains_paid_content":false,"footnotes":"","jetpack_publicize_message":"","jetpack_publicize_feature_enabled":true,"jetpack_social_post_already_shared":true,"jetpack_social_options":{"image_generator_settings":{"template":"highway","default_image_id":0,"font":"","enabled":false},"version":2}},"categories":[15447,1],"tags":[2236,16923,17582,1341,10995,1487,1053,448,474,2245,18085,1359,4065,748,1012],"class_list":["post-101493","post","type-post","status-publish","format-standard","has-post-thumbnail","hentry","category-2010-2019","category-portada","tag-2010-11","tag-16923","tag-achille-emana-2","tag-arturo-garcia-arzu","tag-casto-espinosa","tag-ignacio-perez-nacho","tag-iriney-santos","tag-isidoro-gomez","tag-jorge-molina","tag-jose-antonio-dorado","tag-liga-segunda-2010-11","tag-real-valladolid","tag-roversio-rodrigues","tag-ruben-castro","tag-salva-sevilla"],"jetpack_publicize_connections":[],"jetpack_featured_media_url":"https:\/\/i0.wp.com\/www.manquepierda.com\/historiarealbetis\/files\/2024\/12\/Alineacion-Valladolid-Betis-Liga-2011.jpg?fit=539%2C378&ssl=1","jetpack_sharing_enabled":true,"jetpack_shortlink":"https:\/\/wp.me\/p1ij08-qoZ","jetpack-related-posts":[],"_links":{"self":[{"href":"https:\/\/www.manquepierda.com\/historiarealbetis\/wp-json\/wp\/v2\/posts\/101493","targetHints":{"allow":["GET"]}}],"collection":[{"href":"https:\/\/www.manquepierda.com\/historiarealbetis\/wp-json\/wp\/v2\/posts"}],"about":[{"href":"https:\/\/www.manquepierda.com\/historiarealbetis\/wp-json\/wp\/v2\/types\/post"}],"author":[{"embeddable":true,"href":"https:\/\/www.manquepierda.com\/historiarealbetis\/wp-json\/wp\/v2\/users\/5"}],"replies":[{"embeddable":true,"href":"https:\/\/www.manquepierda.com\/historiarealbetis\/wp-json\/wp\/v2\/comments?post=101493"}],"version-history":[{"count":2,"href":"https:\/\/www.manquepierda.com\/historiarealbetis\/wp-json\/wp\/v2\/posts\/101493\/revisions"}],"predecessor-version":[{"id":101496,"href":"https:\/\/www.manquepierda.com\/historiarealbetis\/wp-json\/wp\/v2\/posts\/101493\/revisions\/101496"}],"wp:featuredmedia":[{"embeddable":true,"href":"https:\/\/www.manquepierda.com\/historiarealbetis\/wp-json\/wp\/v2\/media\/101494"}],"wp:attachment":[{"href":"https:\/\/www.manquepierda.com\/historiarealbetis\/wp-json\/wp\/v2\/media?parent=101493"}],"wp:term":[{"taxonomy":"category","embeddable":true,"href":"https:\/\/www.manquepierda.com\/historiarealbetis\/wp-json\/wp\/v2\/categories?post=101493"},{"taxonomy":"post_tag","embeddable":true,"href":"https:\/\/www.manquepierda.com\/historiarealbetis\/wp-json\/wp\/v2\/tags?post=101493"}],"curies":[{"name":"wp","href":"https:\/\/api.w.org\/{rel}","templated":true}]}}