{"id":101547,"date":"2025-01-12T11:00:00","date_gmt":"2025-01-12T10:00:00","guid":{"rendered":"https:\/\/www.manquepierda.com\/historiarealbetis\/?p=101547"},"modified":"2025-01-08T13:13:22","modified_gmt":"2025-01-08T12:13:22","slug":"impresiones-viajeras-valladolid-1985","status":"publish","type":"post","link":"https:\/\/www.manquepierda.com\/historiarealbetis\/impresiones-viajeras-valladolid-1985\/","title":{"rendered":"Impresiones viajeras. Valladolid 1985."},"content":{"rendered":"<div class=\"wp-block-image\">\n<figure class=\"aligncenter size-full\"><img data-recalc-dims=\"1\" loading=\"lazy\" decoding=\"async\" width=\"662\" height=\"372\" src=\"https:\/\/i0.wp.com\/www.manquepierda.com\/historiarealbetis\/files\/2025\/01\/Nuevo-Zorrilla-1982.jpg?resize=662%2C372&#038;ssl=1\" alt=\"\" class=\"wp-image-101548\" srcset=\"https:\/\/i0.wp.com\/www.manquepierda.com\/historiarealbetis\/files\/2025\/01\/Nuevo-Zorrilla-1982.jpg?w=662&amp;ssl=1 662w, https:\/\/i0.wp.com\/www.manquepierda.com\/historiarealbetis\/files\/2025\/01\/Nuevo-Zorrilla-1982.jpg?resize=220%2C124&amp;ssl=1 220w\" sizes=\"auto, (max-width: 662px) 100vw, 662px\" \/><\/figure>\n<\/div>\n\n<p>\u00a0<\/p>\n<p>En febrero de 1985 el Betis jug\u00f3 en el Nuevo Zorrilla de Valladolid en partido de la jornada 24 del Campeonato de Liga de Primera Divisi\u00f3n. Un partido que se resolvi\u00f3 con una derrota por 3 goles a 1, con S\u00e1nchez Vall\u00e9s, Jorge y Minguela como goleadores de los locales y Paco para el Betis.<\/p>\n<p>En las p\u00e1ginas de ABC el d\u00eda 12 el periodista Jos\u00e9 Antonio S\u00e1nchez Araujo dejaba esta cr\u00f3nica de algunos aspectos relacionados con el viaje a la ciudad castellana, como la existencia en ella de un Betis Club de F\u00fatbol desde 1942, la coincidencia con el equipo de baloncesto del Breog\u00e1n de Lugo o el pr\u00f3ximo nacimiento del hijo de Gabriel Humberto Calder\u00f3n.<\/p>\n<p><span style=\"color: #008000\"><em>Con las alforjas vac\u00edas volvi\u00f3 el Betis de Valladolid. Pero en los viajes siempre hay noticias para las alforjas del informador. Por ejemplo, ese equipo que existe en Valladolid con 43 a\u00f1os de historia que se llama Betis CF, cuya trayectoria, con ocho equipos en categor\u00edas inferiores, es important\u00edsima en la ciudad del Pisuerga. O tambi\u00e9n c\u00f3mo duermen los jugadores de un equipo de baloncesto cuando las camas son para personas de estaturas normales, y siguiendo con estas curiosidades los nombres que recibir\u00e1 el ne\u00f3fito del matrimonio Calder\u00f3n, para rematar dejando claro de una vez para siempre, los a\u00f1os que tiene Jos\u00e9 Ram\u00f3n Esnaola.<\/em><\/span><\/p>\n<p><span style=\"color: #008000\"><strong><em>El Betis CF de Valladolid. <\/em><\/strong><em>Cuarenta y tres a\u00f1os de existencia tiene el equipo vallisoletano Betis Club de F\u00fatbol. En la ma\u00f1ana del domingo el directivo delegado en el viaje, Juan Ruiz, y el delegado de relaciones p\u00fablicas, Gregorio Conejo, se personaron en la sede social del club, ubicada en la calle vallisoletana del Pr\u00edncipe. Un magn\u00edfico sal\u00f3n con bar, secretar\u00eda, sal\u00f3n de directivos y de jugadores dejaron gratamente impresionados a los directivos b\u00e9ticos que no esperaban esa realidad. \u201cEl Betis de Valladolid\u2014nos dec\u00edan sus directivos\u2014es el equipo m\u00e1s importante a nivel de categor\u00edas inferiores. En varias de ellas estamos clasificados por encima del Real Valladolid, y en la categor\u00eda de infantiles tenemos jugadores seleccionados, y seguro que estaremos en la fase nacional\u201d. Ocho equipos entre alevines, infantiles y juveniles tienen en competici\u00f3n y sus colores son los del Real Betis, con el escudo con las trece barras y en medio del mismo el indicativo de Valladolid. Seg\u00fan un directivo, el nombre le viene de \u201cesa frase del manquepierda, que fue la que hizo que le pusieran Betis al equipo\u201d.<\/em><\/span><\/p>\n<p><span style=\"color: #008000\"><strong><em>C\u00f3mo duermen los baloncestistas.<\/em><\/strong><em> El Breog\u00e1n de Lugo hab\u00eda jugado en la A-1 el s\u00e1bado, en Valladolid, y hab\u00eda perdido con el F\u00f3rum Filat\u00e9lico. Por segunda vez coincid\u00eda con el Betis este equipo, ya que tambi\u00e9n en el Hotel Calder\u00f3n de Barcelona, quince d\u00edas antes, hab\u00edan compartido la misma residencia. La curiosidad de saber c\u00f3mo duermen los jugadores de baloncesto en hoteles como el de Valladolid, donde las camas son normales, era enorme y, por fin, logramos satisfacer nuestra curiosidad. \u201cMire, ya hay hoteles en Espa\u00f1a que tienen para los equipos de baloncesto las camas con un suplemento para que podamos dormir sin problemas. En la mayor\u00eda de hoteles donde las camas son normales, echamos los colchones al suelo y nos las arreglamos como podemos\u201d. C\u00f3mo en Lugo hay \u00a0un baloncesto de esta categor\u00eda tambi\u00e9n nos lo explicaban los jugadores del Breog\u00e1n: \u201cAll\u00ed el baloncesto est\u00e1 muy por encima del f\u00fatbol. El equipo est\u00e1 en Tercera y nosotros en la m\u00e1xima categor\u00eda. El pabell\u00f3n se llena de forma impresionante, y con el sponsor que tenemos este a\u00f1o, Breog\u00e1n va a terminar con un super\u00e1vit de cinco millones de pesetas, a pesar de que es el equipo que tiene m\u00e1s gastos en desplazamientos\u201d. Los directivos del Betis, cuando escucharon lo del super\u00e1vit, se miraban con una tremenda extra\u00f1eza, y es que los tiempos cambian y el producto hay que saber venderlo.<\/em><\/span><\/p>\n<p><span style=\"color: #008000\"><strong><em>El hijo de Calder\u00f3n.<\/em><\/strong><em> Este verano quieren hacer un homenaje a Rafael Gordillo y a Rinc\u00f3n en Le\u00f3n. Claro que en vacaciones localizar a los futbolistas es algo dif\u00edcil. Calder\u00f3n, que hace unos d\u00edas cumpli\u00f3 veinticinco a\u00f1os, tiene pensados los nombres para ese reci\u00e9n nacido que espera el matrimonio a final del mes de marzo: \u201cSi es ni\u00f1o se llamar\u00e1 Cristian Gabriel, y si es ni\u00f1a el nombre ser\u00e1 el de Carolina\u201d. \u00a0Nunca pensaron en marchar a Argentina para el parto. \u201cSiempre quisimos que fuera en Sevilla. Ser\u00e1 en la Cruz Roja de Triana\u201d. Casi n\u00e1, sevillano y trianero. Un pasaporte para el mundo.<\/em><\/span><\/p>\n<p><span style=\"color: #008000\"><em>Anda disgustado Jos\u00e9 Ram\u00f3n Romo con la lesi\u00f3n que se produjo el domingo. \u201cHombre, es para estarlo. Coges el puesto, con lo dif\u00edcil que est\u00e1, y en una jugada sin importancia te lesionas. Es para estarlo\u201d.<\/em><\/span><\/p>\n<p><span style=\"color: #008000\"><em>Una aclaraci\u00f3n sobre la edad de Jos\u00e9 Ram\u00f3n Esnaola. Los treinta y nueve a\u00f1os los cumplir\u00e1 el pr\u00f3ximo treinta de junio. \u201cAs\u00ed que ahora\u2014me dice Esnaola\u2014s\u00f3lo tengo treinta y ocho\u201d. S\u00ed se\u00f1or, las matem\u00e1ticas son las matem\u00e1ticas, don Jos\u00e9 Ram\u00f3n.<\/em><\/span><\/p>\n<p><span style=\"color: #008000\"><em>\u00a0\u00a0\u00a0<\/em><\/span><\/p>","protected":false},"excerpt":{"rendered":"<p>\u00a0 En febrero de 1985 el Betis jug\u00f3 en el Nuevo Zorrilla de Valladolid en partido de la jornada 24 del Campeonato de Liga de Primera Divisi\u00f3n. Un partido que se resolvi\u00f3 con una derrota por 3 goles a 1, con S\u00e1nchez Vall\u00e9s, Jorge y Minguela como goleadores de los locales y Paco para el&#8230;<\/p>\n","protected":false},"author":5,"featured_media":101548,"comment_status":"open","ping_status":"open","sticky":false,"template":"","format":"standard","meta":{"_kad_post_transparent":"","_kad_post_title":"","_kad_post_layout":"","_kad_post_sidebar_id":"","_kad_post_content_style":"","_kad_post_vertical_padding":"","_kad_post_feature":"","_kad_post_feature_position":"","_kad_post_header":false,"_kad_post_footer":false,"_kad_post_classname":"","_jetpack_memberships_contains_paid_content":false,"footnotes":"","jetpack_publicize_message":"","jetpack_publicize_feature_enabled":true,"jetpack_social_post_already_shared":true,"jetpack_social_options":{"image_generator_settings":{"template":"highway","default_image_id":0,"font":"","enabled":false},"version":2}},"categories":[1,1176],"tags":[1539,12718,1359],"class_list":["post-101547","post","type-post","status-publish","format-standard","has-post-thumbnail","hentry","category-portada","category-relatos-de-futbol","tag-1539","tag-jose-antonio-sanchez-araujo","tag-real-valladolid"],"jetpack_publicize_connections":[],"jetpack_featured_media_url":"https:\/\/i0.wp.com\/www.manquepierda.com\/historiarealbetis\/files\/2025\/01\/Nuevo-Zorrilla-1982.jpg?fit=662%2C372&ssl=1","jetpack_sharing_enabled":true,"jetpack_shortlink":"https:\/\/wp.me\/p1ij08-qpR","jetpack-related-posts":[],"_links":{"self":[{"href":"https:\/\/www.manquepierda.com\/historiarealbetis\/wp-json\/wp\/v2\/posts\/101547","targetHints":{"allow":["GET"]}}],"collection":[{"href":"https:\/\/www.manquepierda.com\/historiarealbetis\/wp-json\/wp\/v2\/posts"}],"about":[{"href":"https:\/\/www.manquepierda.com\/historiarealbetis\/wp-json\/wp\/v2\/types\/post"}],"author":[{"embeddable":true,"href":"https:\/\/www.manquepierda.com\/historiarealbetis\/wp-json\/wp\/v2\/users\/5"}],"replies":[{"embeddable":true,"href":"https:\/\/www.manquepierda.com\/historiarealbetis\/wp-json\/wp\/v2\/comments?post=101547"}],"version-history":[{"count":2,"href":"https:\/\/www.manquepierda.com\/historiarealbetis\/wp-json\/wp\/v2\/posts\/101547\/revisions"}],"predecessor-version":[{"id":101550,"href":"https:\/\/www.manquepierda.com\/historiarealbetis\/wp-json\/wp\/v2\/posts\/101547\/revisions\/101550"}],"wp:featuredmedia":[{"embeddable":true,"href":"https:\/\/www.manquepierda.com\/historiarealbetis\/wp-json\/wp\/v2\/media\/101548"}],"wp:attachment":[{"href":"https:\/\/www.manquepierda.com\/historiarealbetis\/wp-json\/wp\/v2\/media?parent=101547"}],"wp:term":[{"taxonomy":"category","embeddable":true,"href":"https:\/\/www.manquepierda.com\/historiarealbetis\/wp-json\/wp\/v2\/categories?post=101547"},{"taxonomy":"post_tag","embeddable":true,"href":"https:\/\/www.manquepierda.com\/historiarealbetis\/wp-json\/wp\/v2\/tags?post=101547"}],"curies":[{"name":"wp","href":"https:\/\/api.w.org\/{rel}","templated":true}]}}