{"id":101769,"date":"2025-01-25T10:00:00","date_gmt":"2025-01-25T09:00:00","guid":{"rendered":"https:\/\/www.manquepierda.com\/historiarealbetis\/?p=101769"},"modified":"2025-01-21T13:24:35","modified_gmt":"2025-01-21T12:24:35","slug":"visitamos-al-real-mallorca-4","status":"publish","type":"post","link":"https:\/\/www.manquepierda.com\/historiarealbetis\/visitamos-al-real-mallorca-4\/","title":{"rendered":"Visitamos al Real Mallorca."},"content":{"rendered":"<div class=\"wp-block-image\">\n<figure class=\"aligncenter size-medium\"><img data-recalc-dims=\"1\" loading=\"lazy\" decoding=\"async\" width=\"680\" height=\"510\" src=\"https:\/\/i0.wp.com\/www.manquepierda.com\/historiarealbetis\/files\/2025\/01\/Son-Moix.jpg?resize=680%2C510&#038;ssl=1\" alt=\"\" class=\"wp-image-101770\" srcset=\"https:\/\/i0.wp.com\/www.manquepierda.com\/historiarealbetis\/files\/2025\/01\/Son-Moix.jpg?resize=680%2C510&amp;ssl=1 680w, https:\/\/i0.wp.com\/www.manquepierda.com\/historiarealbetis\/files\/2025\/01\/Son-Moix.jpg?resize=933%2C700&amp;ssl=1 933w, https:\/\/i0.wp.com\/www.manquepierda.com\/historiarealbetis\/files\/2025\/01\/Son-Moix.jpg?resize=220%2C165&amp;ssl=1 220w, https:\/\/i0.wp.com\/www.manquepierda.com\/historiarealbetis\/files\/2025\/01\/Son-Moix.jpg?resize=768%2C576&amp;ssl=1 768w, https:\/\/i0.wp.com\/www.manquepierda.com\/historiarealbetis\/files\/2025\/01\/Son-Moix.jpg?resize=1536%2C1152&amp;ssl=1 1536w, https:\/\/i0.wp.com\/www.manquepierda.com\/historiarealbetis\/files\/2025\/01\/Son-Moix.jpg?w=2048&amp;ssl=1 2048w\" sizes=\"auto, (max-width: 680px) 100vw, 680px\" \/><\/figure>\n<\/div>\n\n<p>\u00a0<\/p>\n<p>Hoy a las 14 horas visitamos Son Moix, el terreno del Real Club Deportivo Mallorca, club fundado en 1916 y que ha disputado 32 temporadas en Primera Divisi\u00f3n, 37 en Segunda, 3 en Segunda B y 12 en Tercera. Su \u00fanico t\u00edtulo nacional es una Copa del Rey conseguida en 2003 cuando derrot\u00f3 al Recreativo de Huelva en la final.<\/p>\n<p>La primera visita oficial del Betis a terreno mallorqu\u00edn tuvo lugar el 14 de enero de 1945, en partido de la jornada 15 del Campeonato de Liga de Segunda Divisi\u00f3n, y en que los locales se impusieron 4-2, siendo Jos\u00e9 Pineda el autor de los 2 tantos b\u00e9ticos.<\/p>\n<p>Han sido un total de 40 las visitas b\u00e9ticas al Mallorca en partido oficial, as\u00ed repartidas: 25 partidos en Primera (13 victorias del Mallorca, 5 empates y 7 victorias del Betis), 10 partidos en Segunda (4 victorias del Mallorca, 3 empates y 3 victorias del Betis) y 5 partidos de Copa (4 victorias locales y 1 empate).<\/p>\n<p>Estos 40 partidos se han disputado 1 en el campo de Buenos Aires, 2 en el Municipal de Es Fort\u00ed, 19 en el Luis Sitjar, 17 en Son Moix y 1 en el Miniestadi de Barcelona, donde se jug\u00f3 el partido de la temporada 1983-84 y en la que se impuso el club b\u00e9tico 0-1 con tanto de Alex, y que adem\u00e1s fue el gol 1.000 del conjunto b\u00e9tico en Primera Divisi\u00f3n.<\/p>\n<p>277 son los futbolistas que el Betis ha utilizado en estos 40 partidos, siendo Arzu y Juanito los que m\u00e1s lo han hecho en 8 ocasiones, seguidos por Prats en 7. 35 han sido los goleadores b\u00e9ticos en estos partidos, con Pineda con 4 tantos a la cabeza, seguido por Ansola, Borja Iglesias, Macario y Rogelio con 2. Y son 26 los entrenadores que han dirigido al Betis en terreno mallorquinista, con Francisco Chaparro, Fernando Daucik, Pepe Mel y Manuel Pellegrini con 3 partidos cada uno como los que m\u00e1s lo han hecho. \u00a0<\/p>\n<p>El t\u00e9cnico del Mallorca, Jagoba Arrasate, se ha enfrentado al Betis en 14 ocasiones (2 con la Real Sociedad, 11 con el Osasuna y 1 con el Mallorca). El balance es de 8 victorias b\u00e9ticas, 2 empates y 4 derrotas. \u00a0<\/p>\n<p>Entre los jugadores que han militado en ambos conjuntos podemos citar a Alex Alegr\u00eda, Alex Moreno, Gabriel Amato, Oscar Arp\u00f3n, Agust\u00edn Asenjo, Ram\u00f3n Blanco, Manuel Campos, Jos\u00e9 Cui\u00f1as, Santiago Chicharro, Dionisio G\u00f3mez \u201cDioni\u201d, Manuel Dom\u00ednguez, Fabricio Agosto, Finidi George, Francisco Frigols, Jos\u00e9 G\u00e1lvez, Mariano Garc\u00eda de la Puerta, Jos\u00e9 Gran\u00e9s, Iriney Santos, Isidoro Rodr\u00edguez, Jenaro Roig, Manuel Jim\u00e9nez, \u00a0Javier L\u00f3pez, Manuel P\u00e9rez \u201cMacario\u201d, Javier Mantilla, Melchor L\u00f3pez, Andr\u00e9s Molina, Francisco Jos\u00e9 Molinero, Jos\u00e9 Montalvo, Manuel Moreno, Antonio Navarro, Jos\u00e9 Nebot, Manuel Ordaz, Francisco Marqu\u00e9s \u201cPancho\u201d, Toni Prats, Jos\u00e9 Rancel, Ra\u00fal Omar Rodr\u00edguez, Mariano Retamar, Enrique Romero, Rufino Rodr\u00edguez, Jaume Sabat\u00e9, Salva Sevilla, Jos\u00e9 Luis D\u00edaz \u201cSelu\u201d, Vlada Stosic, Gabriel S\u00fa\u00f1er, Fernando Varela, Manuel Villanova y Yanko Daucik.<\/p>\n<p>Entre los entrenadores C\u00e9sar Rodr\u00edguez, Sabino Barinaga, Marcel Domingo, Serge Kresic, Lorenzo Serra, H\u00e9ctor C\u00faper, Fernando V\u00e1zquez y Luis Aragon\u00e9s<\/p>","protected":false},"excerpt":{"rendered":"<p>\u00a0 Hoy a las 14 horas visitamos Son Moix, el terreno del Real Club Deportivo Mallorca, club fundado en 1916 y que ha disputado 32 temporadas en Primera Divisi\u00f3n, 37 en Segunda, 3 en Segunda B y 12 en Tercera. Su \u00fanico t\u00edtulo nacional es una Copa del Rey conseguida en 2003 cuando derrot\u00f3 al&#8230;<\/p>\n","protected":false},"author":5,"featured_media":101770,"comment_status":"open","ping_status":"open","sticky":false,"template":"","format":"standard","meta":{"_kad_post_transparent":"","_kad_post_title":"","_kad_post_layout":"","_kad_post_sidebar_id":"","_kad_post_content_style":"","_kad_post_vertical_padding":"","_kad_post_feature":"","_kad_post_feature_position":"","_kad_post_header":false,"_kad_post_footer":false,"_kad_post_classname":"","_jetpack_memberships_contains_paid_content":false,"footnotes":"","jetpack_publicize_message":"","jetpack_publicize_feature_enabled":true,"jetpack_social_post_already_shared":true,"jetpack_social_options":{"image_generator_settings":{"template":"highway","default_image_id":0,"font":"","enabled":false},"version":2}},"categories":[895,1],"tags":[3965,16413,17736,1370,18067,1390,3277,3285,5797,374,1088,381,2457,11700,18305,3275,18360,3289,1053,3279,1304,1178,3281,3280,1566,3278,11699,18068,2628,3283,1482,1457,1456,1303,1125,8381,3282,1421,1619,1050,17754,1698,1082,1466,1306,1632,3284,2240,5235,1110,1012,3276,1491,16815,2462,1008],"class_list":["post-101769","post","type-post","status-publish","format-standard","has-post-thumbnail","hentry","category-los-rivales","category-portada","tag-agustin-asenjo","tag-alex-alegria","tag-alex-moreno","tag-andres-molina","tag-antonio-navarro","tag-cesar-rodriguez","tag-dionisio-gomez-dioni","tag-enrique-romero","tag-fabricio-agosto","tag-fernando-varela","tag-fernando-vazquez","tag-finidi-george","tag-francisco-frigols","tag-francisco-jose-molinero","tag-francisco-marques-pancho","tag-gabriel-amato","tag-gabriel-suner-2","tag-hector-cuper","tag-iriney-santos","tag-isidoro-rodriguez","tag-jaume-sabate","tag-javier-lopez","tag-javier-mantilla","tag-jenaro-roig","tag-jose-cuinas","tag-jose-galvez","tag-jose-granes","tag-jose-luis-diaz-selu-2","tag-jose-montalvo","tag-jose-nebot","tag-jose-rancel","tag-lorenzo-serra","tag-luis-aragones","tag-manuel-campos","tag-manuel-dominguez","tag-manuel-jimenez","tag-manuel-moreno","tag-manuel-ordaz","tag-manuel-perez-macario","tag-manuel-villanova","tag-marcel-domingo","tag-mariano-garcia-de-la-puerta","tag-mariano-retamar","tag-melchor-lopez","tag-oscar-arpon","tag-ramon-blanco","tag-raul-omar-rodriguez","tag-rcd-mallorca","tag-rufino-rodriguez","tag-sabino-barinaga","tag-salva-sevilla","tag-santiago-chicharro","tag-serge-kresic","tag-toni-prats","tag-vlada-stosic","tag-yanko-daucick"],"jetpack_publicize_connections":[],"jetpack_featured_media_url":"https:\/\/i0.wp.com\/www.manquepierda.com\/historiarealbetis\/files\/2025\/01\/Son-Moix.jpg?fit=2048%2C1536&ssl=1","jetpack_sharing_enabled":true,"jetpack_shortlink":"https:\/\/wp.me\/p1ij08-qtr","jetpack-related-posts":[],"_links":{"self":[{"href":"https:\/\/www.manquepierda.com\/historiarealbetis\/wp-json\/wp\/v2\/posts\/101769","targetHints":{"allow":["GET"]}}],"collection":[{"href":"https:\/\/www.manquepierda.com\/historiarealbetis\/wp-json\/wp\/v2\/posts"}],"about":[{"href":"https:\/\/www.manquepierda.com\/historiarealbetis\/wp-json\/wp\/v2\/types\/post"}],"author":[{"embeddable":true,"href":"https:\/\/www.manquepierda.com\/historiarealbetis\/wp-json\/wp\/v2\/users\/5"}],"replies":[{"embeddable":true,"href":"https:\/\/www.manquepierda.com\/historiarealbetis\/wp-json\/wp\/v2\/comments?post=101769"}],"version-history":[{"count":3,"href":"https:\/\/www.manquepierda.com\/historiarealbetis\/wp-json\/wp\/v2\/posts\/101769\/revisions"}],"predecessor-version":[{"id":101773,"href":"https:\/\/www.manquepierda.com\/historiarealbetis\/wp-json\/wp\/v2\/posts\/101769\/revisions\/101773"}],"wp:featuredmedia":[{"embeddable":true,"href":"https:\/\/www.manquepierda.com\/historiarealbetis\/wp-json\/wp\/v2\/media\/101770"}],"wp:attachment":[{"href":"https:\/\/www.manquepierda.com\/historiarealbetis\/wp-json\/wp\/v2\/media?parent=101769"}],"wp:term":[{"taxonomy":"category","embeddable":true,"href":"https:\/\/www.manquepierda.com\/historiarealbetis\/wp-json\/wp\/v2\/categories?post=101769"},{"taxonomy":"post_tag","embeddable":true,"href":"https:\/\/www.manquepierda.com\/historiarealbetis\/wp-json\/wp\/v2\/tags?post=101769"}],"curies":[{"name":"wp","href":"https:\/\/api.w.org\/{rel}","templated":true}]}}