{"id":101813,"date":"2025-02-02T13:00:00","date_gmt":"2025-02-02T12:00:00","guid":{"rendered":"https:\/\/www.manquepierda.com\/historiarealbetis\/?p=101813"},"modified":"2025-01-29T08:54:24","modified_gmt":"2025-01-29T07:54:24","slug":"hoy-hace-20-anos-betis-4-gramanet-3-en-copa","status":"publish","type":"post","link":"https:\/\/www.manquepierda.com\/historiarealbetis\/hoy-hace-20-anos-betis-4-gramanet-3-en-copa\/","title":{"rendered":"Hoy hace 20 a\u00f1os. Betis 4 Gramanet 3 en Copa."},"content":{"rendered":"<div class=\"wp-block-image\">\n<figure class=\"aligncenter size-full\"><img data-recalc-dims=\"1\" loading=\"lazy\" decoding=\"async\" width=\"612\" height=\"548\" src=\"https:\/\/i0.wp.com\/www.manquepierda.com\/historiarealbetis\/files\/2025\/01\/2-2005-Betis-4-Gramanet-3-.jpg?resize=612%2C548&#038;ssl=1\" alt=\"\" class=\"wp-image-101814\" srcset=\"https:\/\/i0.wp.com\/www.manquepierda.com\/historiarealbetis\/files\/2025\/01\/2-2005-Betis-4-Gramanet-3-.jpg?w=612&amp;ssl=1 612w, https:\/\/i0.wp.com\/www.manquepierda.com\/historiarealbetis\/files\/2025\/01\/2-2005-Betis-4-Gramanet-3-.jpg?resize=220%2C197&amp;ssl=1 220w\" sizes=\"auto, (max-width: 612px) 100vw, 612px\" \/><\/figure>\n<\/div>\n\n<p>\u00a0<\/p>\n<p><span style=\"color: #008000\">El 2 de febrero de 2005 el Betis derrota 4-3 a la Gramanet en el partido de vuelta de los cuartos de final de la Copa. Dado que una semana antes el Betis hab\u00eda empatado a 2 en Santa Coloma consegu\u00eda as\u00ed el pase a lase semifinales.<\/span><\/p>\n<p><span style=\"color: #008000\">Pero fue m\u00e1s complicado de lo esperado, dado que el equipo catal\u00e1n opuso una fuerte resistencia. Fernando, Rivas, Oliveira y Assun\u00e7ao marcaron para el Betis, y Miki, Rub\u00e9n Blaya y Aar\u00f3n para los visitantes.<\/span><\/p>\n<p><span style=\"color: #008000\">El Betis, dirigido por Lorenzo Serra, aline\u00f3 a Contreras; Varela, Melli, Rivas, Luis Fern\u00e1ndez; Benjam\u00edn (80, Ca\u00f1as), Assun\u00e7ao; Joaqu\u00edn, Fernando (55, Alfonso), Edu y Oliveira.<\/span><\/p>\n<p><span style=\"color: #008000\">La Gramanet, entrenada por Juli\u00e1 Garc\u00eda, form\u00f3 con Morales; Roberto, Moyano, David S\u00e1nchez, Edu; Gracia (72, Oll\u00e9s), Pons, Dimas (68, Carretero), Morillo (46, Miki), Rub\u00e9n Blaya y Aar\u00f3n.<\/span><\/p>","protected":false},"excerpt":{"rendered":"<p>\u00a0 El 2 de febrero de 2005 el Betis derrota 4-3 a la Gramanet en el partido de vuelta de los cuartos de final de la Copa. Dado que una semana antes el Betis hab\u00eda empatado a 2 en Santa Coloma consegu\u00eda as\u00ed el pase a lase semifinales. Pero fue m\u00e1s complicado de lo esperado,&#8230;<\/p>\n","protected":false},"author":5,"featured_media":101814,"comment_status":"open","ping_status":"open","sticky":false,"template":"","format":"standard","meta":{"_kad_post_transparent":"","_kad_post_title":"","_kad_post_layout":"","_kad_post_sidebar_id":"","_kad_post_content_style":"","_kad_post_vertical_padding":"","_kad_post_feature":"","_kad_post_feature_position":"","_kad_post_header":false,"_kad_post_footer":false,"_kad_post_classname":"","_jetpack_memberships_contains_paid_content":false,"footnotes":"","jetpack_publicize_message":"","jetpack_publicize_feature_enabled":true,"jetpack_social_post_already_shared":true,"jetpack_social_options":{"image_generator_settings":{"template":"highway","default_image_id":0,"font":"","enabled":false},"version":2}},"categories":[4823,14583,1],"tags":[1630,17840,18096],"class_list":["post-101813","post","type-post","status-publish","format-standard","has-post-thumbnail","hentry","category-2000-2009","category-efemerides","category-portada","tag-1630","tag-copa-2004-05","tag-uda-gramanet"],"jetpack_publicize_connections":[],"jetpack_featured_media_url":"https:\/\/i0.wp.com\/www.manquepierda.com\/historiarealbetis\/files\/2025\/01\/2-2005-Betis-4-Gramanet-3-.jpg?fit=612%2C548&ssl=1","jetpack_sharing_enabled":true,"jetpack_shortlink":"https:\/\/wp.me\/p1ij08-qu9","jetpack-related-posts":[],"_links":{"self":[{"href":"https:\/\/www.manquepierda.com\/historiarealbetis\/wp-json\/wp\/v2\/posts\/101813","targetHints":{"allow":["GET"]}}],"collection":[{"href":"https:\/\/www.manquepierda.com\/historiarealbetis\/wp-json\/wp\/v2\/posts"}],"about":[{"href":"https:\/\/www.manquepierda.com\/historiarealbetis\/wp-json\/wp\/v2\/types\/post"}],"author":[{"embeddable":true,"href":"https:\/\/www.manquepierda.com\/historiarealbetis\/wp-json\/wp\/v2\/users\/5"}],"replies":[{"embeddable":true,"href":"https:\/\/www.manquepierda.com\/historiarealbetis\/wp-json\/wp\/v2\/comments?post=101813"}],"version-history":[{"count":1,"href":"https:\/\/www.manquepierda.com\/historiarealbetis\/wp-json\/wp\/v2\/posts\/101813\/revisions"}],"predecessor-version":[{"id":101815,"href":"https:\/\/www.manquepierda.com\/historiarealbetis\/wp-json\/wp\/v2\/posts\/101813\/revisions\/101815"}],"wp:featuredmedia":[{"embeddable":true,"href":"https:\/\/www.manquepierda.com\/historiarealbetis\/wp-json\/wp\/v2\/media\/101814"}],"wp:attachment":[{"href":"https:\/\/www.manquepierda.com\/historiarealbetis\/wp-json\/wp\/v2\/media?parent=101813"}],"wp:term":[{"taxonomy":"category","embeddable":true,"href":"https:\/\/www.manquepierda.com\/historiarealbetis\/wp-json\/wp\/v2\/categories?post=101813"},{"taxonomy":"post_tag","embeddable":true,"href":"https:\/\/www.manquepierda.com\/historiarealbetis\/wp-json\/wp\/v2\/tags?post=101813"}],"curies":[{"name":"wp","href":"https:\/\/api.w.org\/{rel}","templated":true}]}}